{"id":61825,"date":"2025-06-08T14:16:05","date_gmt":"2025-06-08T20:16:05","guid":{"rendered":"https:\/\/diarioabcdemichoacan.com.mx\/lasnoticias\/?p=61825"},"modified":"2025-06-08T14:16:05","modified_gmt":"2025-06-08T20:16:05","slug":"creatividad-e-imaginacion-en-artesania-michoacana","status":"publish","type":"post","link":"https:\/\/diarioabcdemichoacan.com.mx\/lasnoticias\/creatividad-e-imaginacion-en-artesania-michoacana\/","title":{"rendered":"Creatividad e imaginaci\u00f3n en artesan\u00eda michoacana"},"content":{"rendered":"<h2>Inicia la XXX Feria del Gab\u00e1n este lunes.<\/h2>\n<p>&nbsp;<\/p>\n<hr \/>\n<p>Charapan, Mich.- En el marco de la edici\u00f3n XXX de la Feria del Gab\u00e1n, se realiz\u00f3 aqu\u00ed, el concurso regional de artesan\u00edas de la Meseta Purh\u00e9pecha, donde se expusieron obras llenas de creatividad e imaginaci\u00f3n, elaboradas por las manos m\u00e1gicas. La premiaci\u00f3n se har\u00e1 al t\u00e9rmino de la feria.<\/p>\n<p>Los premios fueron otorgados por la Casa de las Artesan\u00edas que dirige C\u00e1stor Estrada Robles y el Ayuntamiento de Charapan que encabeza Nancy Yuliana Torres Jer\u00f3nimo. En categor\u00eda de gabanes, los ganadores son, Ma. Magdalena Chuela Vicente, Mois\u00e9s Reyes Chuela y Nolverto Avil\u00e9s Avil\u00e9s.<\/p>\n<p><img loading=\"lazy\" decoding=\"async\" class=\"alignnone size-medium wp-image-61829\" src=\"https:\/\/diarioabcdemichoacan.com.mx\/lasnoticias\/wp-content\/uploads\/2025\/06\/Imagen-de-WhatsApp-2025-06-08-a-las-14.14.02_869a3149-500x318.jpg\" alt=\"\" width=\"500\" height=\"318\" srcset=\"https:\/\/diarioabcdemichoacan.com.mx\/lasnoticias\/wp-content\/uploads\/2025\/06\/Imagen-de-WhatsApp-2025-06-08-a-las-14.14.02_869a3149-500x318.jpg 500w, https:\/\/diarioabcdemichoacan.com.mx\/lasnoticias\/wp-content\/uploads\/2025\/06\/Imagen-de-WhatsApp-2025-06-08-a-las-14.14.02_869a3149-1024x651.jpg 1024w, https:\/\/diarioabcdemichoacan.com.mx\/lasnoticias\/wp-content\/uploads\/2025\/06\/Imagen-de-WhatsApp-2025-06-08-a-las-14.14.02_869a3149-768x488.jpg 768w, https:\/\/diarioabcdemichoacan.com.mx\/lasnoticias\/wp-content\/uploads\/2025\/06\/Imagen-de-WhatsApp-2025-06-08-a-las-14.14.02_869a3149-660x420.jpg 660w, https:\/\/diarioabcdemichoacan.com.mx\/lasnoticias\/wp-content\/uploads\/2025\/06\/Imagen-de-WhatsApp-2025-06-08-a-las-14.14.02_869a3149-150x95.jpg 150w, https:\/\/diarioabcdemichoacan.com.mx\/lasnoticias\/wp-content\/uploads\/2025\/06\/Imagen-de-WhatsApp-2025-06-08-a-las-14.14.02_869a3149-300x191.jpg 300w, https:\/\/diarioabcdemichoacan.com.mx\/lasnoticias\/wp-content\/uploads\/2025\/06\/Imagen-de-WhatsApp-2025-06-08-a-las-14.14.02_869a3149-696x443.jpg 696w, https:\/\/diarioabcdemichoacan.com.mx\/lasnoticias\/wp-content\/uploads\/2025\/06\/Imagen-de-WhatsApp-2025-06-08-a-las-14.14.02_869a3149-1068x679.jpg 1068w, https:\/\/diarioabcdemichoacan.com.mx\/lasnoticias\/wp-content\/uploads\/2025\/06\/Imagen-de-WhatsApp-2025-06-08-a-las-14.14.02_869a3149.jpg 1085w\" sizes=\"auto, (max-width: 500px) 100vw, 500px\" \/><\/p>\n<p>En rebozos, Reynalda Soto Amado, de Angahuan. Textil de algod\u00f3n, Alicia Govea Tom\u00e1s, de Tarecuato; Ana Bertha Bravo L\u00f3pez y Martha Jacobo Huendo, de Zac\u00e1n.<\/p>\n<p>En bordado innovaci\u00f3n, Mireya Hern\u00e1ndez Qui\u00f1ones y Esmeralda Bravo, de Zac\u00e1n. En bordado tradicional nuevos valores, Avilene Huendo Medina, de Zac\u00e1n. En bordado innovaci\u00f3n de nuevo valores. Ma. Socorro Ramos Salceda, de Zac\u00e1n.<\/p>\n<p><img loading=\"lazy\" decoding=\"async\" class=\"alignnone size-medium wp-image-61828\" src=\"https:\/\/diarioabcdemichoacan.com.mx\/lasnoticias\/wp-content\/uploads\/2025\/06\/Imagen-de-WhatsApp-2025-06-08-a-las-14.14.02_20ff33ef-500x317.jpg\" alt=\"\" width=\"500\" height=\"317\" srcset=\"https:\/\/diarioabcdemichoacan.com.mx\/lasnoticias\/wp-content\/uploads\/2025\/06\/Imagen-de-WhatsApp-2025-06-08-a-las-14.14.02_20ff33ef-500x317.jpg 500w, https:\/\/diarioabcdemichoacan.com.mx\/lasnoticias\/wp-content\/uploads\/2025\/06\/Imagen-de-WhatsApp-2025-06-08-a-las-14.14.02_20ff33ef-1024x650.jpg 1024w, https:\/\/diarioabcdemichoacan.com.mx\/lasnoticias\/wp-content\/uploads\/2025\/06\/Imagen-de-WhatsApp-2025-06-08-a-las-14.14.02_20ff33ef-768x488.jpg 768w, https:\/\/diarioabcdemichoacan.com.mx\/lasnoticias\/wp-content\/uploads\/2025\/06\/Imagen-de-WhatsApp-2025-06-08-a-las-14.14.02_20ff33ef-661x420.jpg 661w, https:\/\/diarioabcdemichoacan.com.mx\/lasnoticias\/wp-content\/uploads\/2025\/06\/Imagen-de-WhatsApp-2025-06-08-a-las-14.14.02_20ff33ef-150x95.jpg 150w, https:\/\/diarioabcdemichoacan.com.mx\/lasnoticias\/wp-content\/uploads\/2025\/06\/Imagen-de-WhatsApp-2025-06-08-a-las-14.14.02_20ff33ef-300x190.jpg 300w, https:\/\/diarioabcdemichoacan.com.mx\/lasnoticias\/wp-content\/uploads\/2025\/06\/Imagen-de-WhatsApp-2025-06-08-a-las-14.14.02_20ff33ef-696x442.jpg 696w, https:\/\/diarioabcdemichoacan.com.mx\/lasnoticias\/wp-content\/uploads\/2025\/06\/Imagen-de-WhatsApp-2025-06-08-a-las-14.14.02_20ff33ef-1068x678.jpg 1068w, https:\/\/diarioabcdemichoacan.com.mx\/lasnoticias\/wp-content\/uploads\/2025\/06\/Imagen-de-WhatsApp-2025-06-08-a-las-14.14.02_20ff33ef.jpg 1115w\" sizes=\"auto, (max-width: 500px) 100vw, 500px\" \/><\/p>\n<p>Deshilados, Rosalba Valdez Ram\u00edrez y deshilados nuevos valores, Raquel Campos Gonz\u00e1lez, ambas de San Felipe de los Herreros.<\/p>\n<p>Telar de cintura, innovaci\u00f3n y nuevos valores, Ricarda Bravo Bravo, Juana Bravo Soto y Ma. Rosa Ram\u00edrez Cacari, todas, de Angahuan.<\/p>\n<p>En categor\u00eda de patakua, Leticia Vargas Magdaleno, de Aranza.<\/p>\n<p>En m\u00e1scaras de madera, Jes\u00fas Nipita Rubio, de Charapan; Ma. Guadalupe Bacilio Campos, de Ocumicho y, Mart\u00edn Morales Montelongo, de Charapan.<\/p>\n","protected":false},"excerpt":{"rendered":"<p>Inicia la XXX Feria del Gab\u00e1n este lunes. &nbsp; Charapan, Mich.- En el marco de la edici\u00f3n XXX de la Feria del Gab\u00e1n, se realiz\u00f3 aqu\u00ed, el concurso regional de artesan\u00edas de la Meseta Purh\u00e9pecha, donde se expusieron obras llenas de creatividad e imaginaci\u00f3n, elaboradas por las manos m\u00e1gicas. La premiaci\u00f3n se har\u00e1 al t\u00e9rmino [&hellip;]<\/p>\n","protected":false},"author":9,"featured_media":61830,"comment_status":"closed","ping_status":"closed","sticky":false,"template":"","format":"standard","meta":{"footnotes":""},"categories":[30,31,27],"tags":[],"class_list":{"0":"post-61825","1":"post","2":"type-post","3":"status-publish","4":"format-standard","5":"has-post-thumbnail","7":"category-columnas","8":"category-economia-y-capital-humano","9":"category-slider"},"yoast_head":"<!-- This site is optimized with the Yoast SEO plugin v24.0 - https:\/\/yoast.com\/wordpress\/plugins\/seo\/ -->\n<title>Creatividad e imaginaci\u00f3n en artesan\u00eda michoacana - Diario ABC de Michoac\u00e1n<\/title>\n<meta name=\"robots\" content=\"index, follow, max-snippet:-1, max-image-preview:large, max-video-preview:-1\" \/>\n<link rel=\"canonical\" href=\"https:\/\/diarioabcdemichoacan.com.mx\/lasnoticias\/creatividad-e-imaginacion-en-artesania-michoacana\/\" \/>\n<meta property=\"og:locale\" content=\"es_ES\" \/>\n<meta property=\"og:type\" content=\"article\" \/>\n<meta property=\"og:title\" content=\"Creatividad e imaginaci\u00f3n en artesan\u00eda michoacana - Diario ABC de Michoac\u00e1n\" \/>\n<meta property=\"og:description\" content=\"Inicia la XXX Feria del Gab\u00e1n este lunes. &nbsp; Charapan, Mich.- En el marco de la edici\u00f3n XXX de la Feria del Gab\u00e1n, se realiz\u00f3 aqu\u00ed, el concurso regional de artesan\u00edas de la Meseta Purh\u00e9pecha, donde se expusieron obras llenas de creatividad e imaginaci\u00f3n, elaboradas por las manos m\u00e1gicas. La premiaci\u00f3n se har\u00e1 al t\u00e9rmino [&hellip;]\" \/>\n<meta property=\"og:url\" content=\"https:\/\/diarioabcdemichoacan.com.mx\/lasnoticias\/creatividad-e-imaginacion-en-artesania-michoacana\/\" \/>\n<meta property=\"og:site_name\" content=\"Diario ABC de Michoac\u00e1n\" \/>\n<meta property=\"article:published_time\" content=\"2025-06-08T20:16:05+00:00\" \/>\n<meta property=\"og:image\" content=\"https:\/\/diarioabcdemichoacan.com.mx\/lasnoticias\/wp-content\/uploads\/2025\/06\/Imagen-de-WhatsApp-2025-06-08-a-las-14.14.02_e626ebfc.jpg\" \/>\n\t<meta property=\"og:image:width\" content=\"1266\" \/>\n\t<meta property=\"og:image:height\" content=\"759\" \/>\n\t<meta property=\"og:image:type\" content=\"image\/jpeg\" \/>\n<meta name=\"author\" content=\"AR\" \/>\n<meta name=\"twitter:card\" content=\"summary_large_image\" \/>\n<meta name=\"twitter:label1\" content=\"Escrito por\" \/>\n\t<meta name=\"twitter:data1\" content=\"AR\" \/>\n\t<meta name=\"twitter:label2\" content=\"Tiempo de lectura\" \/>\n\t<meta name=\"twitter:data2\" content=\"2 minutos\" \/>\n<script type=\"application\/ld+json\" class=\"yoast-schema-graph\">{\"@context\":\"https:\/\/schema.org\",\"@graph\":[{\"@type\":\"WebPage\",\"@id\":\"https:\/\/diarioabcdemichoacan.com.mx\/lasnoticias\/creatividad-e-imaginacion-en-artesania-michoacana\/\",\"url\":\"https:\/\/diarioabcdemichoacan.com.mx\/lasnoticias\/creatividad-e-imaginacion-en-artesania-michoacana\/\",\"name\":\"Creatividad e imaginaci\u00f3n en artesan\u00eda michoacana - Diario ABC de Michoac\u00e1n\",\"isPartOf\":{\"@id\":\"https:\/\/diarioabcdemichoacan.com.mx\/lasnoticias\/#website\"},\"primaryImageOfPage\":{\"@id\":\"https:\/\/diarioabcdemichoacan.com.mx\/lasnoticias\/creatividad-e-imaginacion-en-artesania-michoacana\/#primaryimage\"},\"image\":{\"@id\":\"https:\/\/diarioabcdemichoacan.com.mx\/lasnoticias\/creatividad-e-imaginacion-en-artesania-michoacana\/#primaryimage\"},\"thumbnailUrl\":\"https:\/\/diarioabcdemichoacan.com.mx\/lasnoticias\/wp-content\/uploads\/2025\/06\/Imagen-de-WhatsApp-2025-06-08-a-las-14.14.02_e626ebfc.jpg\",\"datePublished\":\"2025-06-08T20:16:05+00:00\",\"dateModified\":\"2025-06-08T20:16:05+00:00\",\"author\":{\"@id\":\"https:\/\/diarioabcdemichoacan.com.mx\/lasnoticias\/#\/schema\/person\/19ae376040f6cbc489682ebdd8524852\"},\"breadcrumb\":{\"@id\":\"https:\/\/diarioabcdemichoacan.com.mx\/lasnoticias\/creatividad-e-imaginacion-en-artesania-michoacana\/#breadcrumb\"},\"inLanguage\":\"es\",\"potentialAction\":[{\"@type\":\"ReadAction\",\"target\":[\"https:\/\/diarioabcdemichoacan.com.mx\/lasnoticias\/creatividad-e-imaginacion-en-artesania-michoacana\/\"]}]},{\"@type\":\"ImageObject\",\"inLanguage\":\"es\",\"@id\":\"https:\/\/diarioabcdemichoacan.com.mx\/lasnoticias\/creatividad-e-imaginacion-en-artesania-michoacana\/#primaryimage\",\"url\":\"https:\/\/diarioabcdemichoacan.com.mx\/lasnoticias\/wp-content\/uploads\/2025\/06\/Imagen-de-WhatsApp-2025-06-08-a-las-14.14.02_e626ebfc.jpg\",\"contentUrl\":\"https:\/\/diarioabcdemichoacan.com.mx\/lasnoticias\/wp-content\/uploads\/2025\/06\/Imagen-de-WhatsApp-2025-06-08-a-las-14.14.02_e626ebfc.jpg\",\"width\":1266,\"height\":759},{\"@type\":\"BreadcrumbList\",\"@id\":\"https:\/\/diarioabcdemichoacan.com.mx\/lasnoticias\/creatividad-e-imaginacion-en-artesania-michoacana\/#breadcrumb\",\"itemListElement\":[{\"@type\":\"ListItem\",\"position\":1,\"name\":\"Portada\",\"item\":\"https:\/\/diarioabcdemichoacan.com.mx\/lasnoticias\/\"},{\"@type\":\"ListItem\",\"position\":2,\"name\":\"Creatividad e imaginaci\u00f3n en artesan\u00eda michoacana\"}]},{\"@type\":\"WebSite\",\"@id\":\"https:\/\/diarioabcdemichoacan.com.mx\/lasnoticias\/#website\",\"url\":\"https:\/\/diarioabcdemichoacan.com.mx\/lasnoticias\/\",\"name\":\"Diario ABC de Michoac\u00e1n\",\"description\":\"Las noticias al momento\",\"potentialAction\":[{\"@type\":\"SearchAction\",\"target\":{\"@type\":\"EntryPoint\",\"urlTemplate\":\"https:\/\/diarioabcdemichoacan.com.mx\/lasnoticias\/?s={search_term_string}\"},\"query-input\":{\"@type\":\"PropertyValueSpecification\",\"valueRequired\":true,\"valueName\":\"search_term_string\"}}],\"inLanguage\":\"es\"},{\"@type\":\"Person\",\"@id\":\"https:\/\/diarioabcdemichoacan.com.mx\/lasnoticias\/#\/schema\/person\/19ae376040f6cbc489682ebdd8524852\",\"name\":\"AR\",\"image\":{\"@type\":\"ImageObject\",\"inLanguage\":\"es\",\"@id\":\"https:\/\/diarioabcdemichoacan.com.mx\/lasnoticias\/#\/schema\/person\/image\/\",\"url\":\"https:\/\/secure.gravatar.com\/avatar\/44eca2ff970262234e20e1e082872af0?s=96&d=mm&r=g\",\"contentUrl\":\"https:\/\/secure.gravatar.com\/avatar\/44eca2ff970262234e20e1e082872af0?s=96&d=mm&r=g\",\"caption\":\"AR\"},\"url\":\"https:\/\/diarioabcdemichoacan.com.mx\/lasnoticias\/author\/adrian\/\"}]}<\/script>\n<!-- \/ Yoast SEO plugin. -->","yoast_head_json":{"title":"Creatividad e imaginaci\u00f3n en artesan\u00eda michoacana - Diario ABC de Michoac\u00e1n","robots":{"index":"index","follow":"follow","max-snippet":"max-snippet:-1","max-image-preview":"max-image-preview:large","max-video-preview":"max-video-preview:-1"},"canonical":"https:\/\/diarioabcdemichoacan.com.mx\/lasnoticias\/creatividad-e-imaginacion-en-artesania-michoacana\/","og_locale":"es_ES","og_type":"article","og_title":"Creatividad e imaginaci\u00f3n en artesan\u00eda michoacana - Diario ABC de Michoac\u00e1n","og_description":"Inicia la XXX Feria del Gab\u00e1n este lunes. &nbsp; Charapan, Mich.- En el marco de la edici\u00f3n XXX de la Feria del Gab\u00e1n, se realiz\u00f3 aqu\u00ed, el concurso regional de artesan\u00edas de la Meseta Purh\u00e9pecha, donde se expusieron obras llenas de creatividad e imaginaci\u00f3n, elaboradas por las manos m\u00e1gicas. La premiaci\u00f3n se har\u00e1 al t\u00e9rmino [&hellip;]","og_url":"https:\/\/diarioabcdemichoacan.com.mx\/lasnoticias\/creatividad-e-imaginacion-en-artesania-michoacana\/","og_site_name":"Diario ABC de Michoac\u00e1n","article_published_time":"2025-06-08T20:16:05+00:00","og_image":[{"width":1266,"height":759,"url":"https:\/\/diarioabcdemichoacan.com.mx\/lasnoticias\/wp-content\/uploads\/2025\/06\/Imagen-de-WhatsApp-2025-06-08-a-las-14.14.02_e626ebfc.jpg","type":"image\/jpeg"}],"author":"AR","twitter_card":"summary_large_image","twitter_misc":{"Escrito por":"AR","Tiempo de lectura":"2 minutos"},"schema":{"@context":"https:\/\/schema.org","@graph":[{"@type":"WebPage","@id":"https:\/\/diarioabcdemichoacan.com.mx\/lasnoticias\/creatividad-e-imaginacion-en-artesania-michoacana\/","url":"https:\/\/diarioabcdemichoacan.com.mx\/lasnoticias\/creatividad-e-imaginacion-en-artesania-michoacana\/","name":"Creatividad e imaginaci\u00f3n en artesan\u00eda michoacana - Diario ABC de Michoac\u00e1n","isPartOf":{"@id":"https:\/\/diarioabcdemichoacan.com.mx\/lasnoticias\/#website"},"primaryImageOfPage":{"@id":"https:\/\/diarioabcdemichoacan.com.mx\/lasnoticias\/creatividad-e-imaginacion-en-artesania-michoacana\/#primaryimage"},"image":{"@id":"https:\/\/diarioabcdemichoacan.com.mx\/lasnoticias\/creatividad-e-imaginacion-en-artesania-michoacana\/#primaryimage"},"thumbnailUrl":"https:\/\/diarioabcdemichoacan.com.mx\/lasnoticias\/wp-content\/uploads\/2025\/06\/Imagen-de-WhatsApp-2025-06-08-a-las-14.14.02_e626ebfc.jpg","datePublished":"2025-06-08T20:16:05+00:00","dateModified":"2025-06-08T20:16:05+00:00","author":{"@id":"https:\/\/diarioabcdemichoacan.com.mx\/lasnoticias\/#\/schema\/person\/19ae376040f6cbc489682ebdd8524852"},"breadcrumb":{"@id":"https:\/\/diarioabcdemichoacan.com.mx\/lasnoticias\/creatividad-e-imaginacion-en-artesania-michoacana\/#breadcrumb"},"inLanguage":"es","potentialAction":[{"@type":"ReadAction","target":["https:\/\/diarioabcdemichoacan.com.mx\/lasnoticias\/creatividad-e-imaginacion-en-artesania-michoacana\/"]}]},{"@type":"ImageObject","inLanguage":"es","@id":"https:\/\/diarioabcdemichoacan.com.mx\/lasnoticias\/creatividad-e-imaginacion-en-artesania-michoacana\/#primaryimage","url":"https:\/\/diarioabcdemichoacan.com.mx\/lasnoticias\/wp-content\/uploads\/2025\/06\/Imagen-de-WhatsApp-2025-06-08-a-las-14.14.02_e626ebfc.jpg","contentUrl":"https:\/\/diarioabcdemichoacan.com.mx\/lasnoticias\/wp-content\/uploads\/2025\/06\/Imagen-de-WhatsApp-2025-06-08-a-las-14.14.02_e626ebfc.jpg","width":1266,"height":759},{"@type":"BreadcrumbList","@id":"https:\/\/diarioabcdemichoacan.com.mx\/lasnoticias\/creatividad-e-imaginacion-en-artesania-michoacana\/#breadcrumb","itemListElement":[{"@type":"ListItem","position":1,"name":"Portada","item":"https:\/\/diarioabcdemichoacan.com.mx\/lasnoticias\/"},{"@type":"ListItem","position":2,"name":"Creatividad e imaginaci\u00f3n en artesan\u00eda michoacana"}]},{"@type":"WebSite","@id":"https:\/\/diarioabcdemichoacan.com.mx\/lasnoticias\/#website","url":"https:\/\/diarioabcdemichoacan.com.mx\/lasnoticias\/","name":"Diario ABC de Michoac\u00e1n","description":"Las noticias al momento","potentialAction":[{"@type":"SearchAction","target":{"@type":"EntryPoint","urlTemplate":"https:\/\/diarioabcdemichoacan.com.mx\/lasnoticias\/?s={search_term_string}"},"query-input":{"@type":"PropertyValueSpecification","valueRequired":true,"valueName":"search_term_string"}}],"inLanguage":"es"},{"@type":"Person","@id":"https:\/\/diarioabcdemichoacan.com.mx\/lasnoticias\/#\/schema\/person\/19ae376040f6cbc489682ebdd8524852","name":"AR","image":{"@type":"ImageObject","inLanguage":"es","@id":"https:\/\/diarioabcdemichoacan.com.mx\/lasnoticias\/#\/schema\/person\/image\/","url":"https:\/\/secure.gravatar.com\/avatar\/44eca2ff970262234e20e1e082872af0?s=96&d=mm&r=g","contentUrl":"https:\/\/secure.gravatar.com\/avatar\/44eca2ff970262234e20e1e082872af0?s=96&d=mm&r=g","caption":"AR"},"url":"https:\/\/diarioabcdemichoacan.com.mx\/lasnoticias\/author\/adrian\/"}]}},"_links":{"self":[{"href":"https:\/\/diarioabcdemichoacan.com.mx\/lasnoticias\/wp-json\/wp\/v2\/posts\/61825","targetHints":{"allow":["GET"]}}],"collection":[{"href":"https:\/\/diarioabcdemichoacan.com.mx\/lasnoticias\/wp-json\/wp\/v2\/posts"}],"about":[{"href":"https:\/\/diarioabcdemichoacan.com.mx\/lasnoticias\/wp-json\/wp\/v2\/types\/post"}],"author":[{"embeddable":true,"href":"https:\/\/diarioabcdemichoacan.com.mx\/lasnoticias\/wp-json\/wp\/v2\/users\/9"}],"replies":[{"embeddable":true,"href":"https:\/\/diarioabcdemichoacan.com.mx\/lasnoticias\/wp-json\/wp\/v2\/comments?post=61825"}],"version-history":[{"count":1,"href":"https:\/\/diarioabcdemichoacan.com.mx\/lasnoticias\/wp-json\/wp\/v2\/posts\/61825\/revisions"}],"predecessor-version":[{"id":61831,"href":"https:\/\/diarioabcdemichoacan.com.mx\/lasnoticias\/wp-json\/wp\/v2\/posts\/61825\/revisions\/61831"}],"wp:featuredmedia":[{"embeddable":true,"href":"https:\/\/diarioabcdemichoacan.com.mx\/lasnoticias\/wp-json\/wp\/v2\/media\/61830"}],"wp:attachment":[{"href":"https:\/\/diarioabcdemichoacan.com.mx\/lasnoticias\/wp-json\/wp\/v2\/media?parent=61825"}],"wp:term":[{"taxonomy":"category","embeddable":true,"href":"https:\/\/diarioabcdemichoacan.com.mx\/lasnoticias\/wp-json\/wp\/v2\/categories?post=61825"},{"taxonomy":"post_tag","embeddable":true,"href":"https:\/\/diarioabcdemichoacan.com.mx\/lasnoticias\/wp-json\/wp\/v2\/tags?post=61825"}],"curies":[{"name":"wp","href":"https:\/\/api.w.org\/{rel}","templated":true}]}}