{"id":61912,"date":"2025-06-09T11:49:39","date_gmt":"2025-06-09T17:49:39","guid":{"rendered":"https:\/\/diarioabcdemichoacan.com.mx\/lasnoticias\/?p=61912"},"modified":"2025-06-09T11:49:39","modified_gmt":"2025-06-09T17:49:39","slug":"reconocernos-para-fortalecernos-hecho-en-mexico-desde-michoacan-mtra-omega-vazquez","status":"publish","type":"post","link":"https:\/\/diarioabcdemichoacan.com.mx\/lasnoticias\/reconocernos-para-fortalecernos-hecho-en-mexico-desde-michoacan-mtra-omega-vazquez\/","title":{"rendered":"Reconocernos para fortalecernos: Hecho en M\u00e9xico desde Michoac\u00e1n Mtra. Omega V\u00e1zquez"},"content":{"rendered":"<h2>Recorriendo Michoac\u00e1n para integrar la econom\u00eda<\/h2>\n<ul>\n<li>Facilitadora del desarrollo econ\u00f3mico desde el territorio<\/li>\n<\/ul>\n<p>&nbsp;<\/p>\n<hr \/>\n<p>Hoy m\u00e1s que nunca toma relevancia reconocer qui\u00e9nes somos, qu\u00e9 hacemos y d\u00f3nde estamos. Solo as\u00ed podemos integrar verdaderas cadenas de valor, desde la producci\u00f3n hasta la proveedur\u00eda, bajo una poderosa premisa: Hecho en M\u00e9xico.<\/p>\n<p>El mundo vive un reacomodo geopol\u00edtico y comercial sin precedentes. La estabilidad de los acuerdos internacionales se tambalea y las reglas del comercio global est\u00e1n cambiando. Quien hoy dinamita el orden mundial es, parad\u00f3jicamente, nuestro vecino m\u00e1s influyente y a\u00fan una de las principales hegemon\u00edas econ\u00f3micas. M\u00e9xico debe prepararse y la mejor forma de hacerlo es fortaleciendo nuestras propias capacidades, reconociendo en nuestro territorio y en nuestra gente las mejores alianzas comerciales.<\/p>\n<p>Por eso no paro. Recorro Michoac\u00e1n todos los d\u00edas con una convicci\u00f3n firme: esta coordinaci\u00f3n no puede ser de escritorio, debe ser integradora y transformadora. Hace unos d\u00edas estuve en la Ci\u00e9nega, con f\u00e1bricas familiares que est\u00e1n listas para dar el gran salto hacia convertirse en industrias generadoras de cientos de empleos. Al d\u00eda siguiente, concretamos un acuerdo con CANACINTRA para que refuercen el programa federal de certificaci\u00f3n de la Secretar\u00eda de Econom\u00eda, promoviendo con fuerza el sello Hecho en M\u00e9xico.<\/p>\n<p>Poco despu\u00e9s me reun\u00ed con empresarios de la Tierra Caliente para fortalecer la industria de transformaci\u00f3n de alimentos b\u00e1sicos y dar paso a derivados de mayor valor agregado, que posicionen a Michoac\u00e1n en nuevos mercados nacionales e internacionales.<\/p>\n<p>Hoy ya estamos organizando la participaci\u00f3n de m\u00e1s de 20 productores y empresarios michoacanos en la feria agroalimentaria m\u00e1s importante del pa\u00eds, que este a\u00f1o tendr\u00e1 lugar en Mexicali y Baja California. All\u00ed, Michoac\u00e1n mostrar\u00e1 con orgullo su potencia productiva y su visi\u00f3n de futuro.<\/p>\n<p>No podemos detenernos. M\u00e9xico necesita servidores p\u00fablicos que act\u00faen, se vinculen y faciliten. Como bien lo ha dicho el secretario Marcelo Ebrard, debemos ser agentes que potencien la econom\u00eda en cada rinc\u00f3n del pa\u00eds. En Michoac\u00e1n lo estamos haciendo con trabajo, cercan\u00eda y visi\u00f3n.<\/p>\n<p>Les invito a seguir construyendo juntos. Porque cuando reconocemos nuestro valor, nuestra capacidad y nuestra tierra, no hay l\u00edmites. Michoac\u00e1n estar\u00e1 a la vanguardia, con orgullo y con fuerza.<\/p>\n","protected":false},"excerpt":{"rendered":"<p>Recorriendo Michoac\u00e1n para integrar la econom\u00eda Facilitadora del desarrollo econ\u00f3mico desde el territorio &nbsp; Hoy m\u00e1s que nunca toma relevancia reconocer qui\u00e9nes somos, qu\u00e9 hacemos y d\u00f3nde estamos. Solo as\u00ed podemos integrar verdaderas cadenas de valor, desde la producci\u00f3n hasta la proveedur\u00eda, bajo una poderosa premisa: Hecho en M\u00e9xico. El mundo vive un reacomodo geopol\u00edtico [&hellip;]<\/p>\n","protected":false},"author":9,"featured_media":61913,"comment_status":"closed","ping_status":"closed","sticky":false,"template":"","format":"standard","meta":{"footnotes":""},"categories":[30,10,11,28,27],"tags":[],"class_list":{"0":"post-61912","1":"post","2":"type-post","3":"status-publish","4":"format-standard","5":"has-post-thumbnail","7":"category-columnas","8":"category-estado","9":"category-nacional","10":"category-politica","11":"category-slider"},"yoast_head":"<!-- This site is optimized with the Yoast SEO plugin v24.0 - https:\/\/yoast.com\/wordpress\/plugins\/seo\/ -->\n<title>Reconocernos para fortalecernos: Hecho en M\u00e9xico desde Michoac\u00e1n Mtra. Omega V\u00e1zquez - Diario ABC de Michoac\u00e1n<\/title>\n<meta name=\"robots\" content=\"index, follow, max-snippet:-1, max-image-preview:large, max-video-preview:-1\" \/>\n<link rel=\"canonical\" href=\"https:\/\/diarioabcdemichoacan.com.mx\/lasnoticias\/reconocernos-para-fortalecernos-hecho-en-mexico-desde-michoacan-mtra-omega-vazquez\/\" \/>\n<meta property=\"og:locale\" content=\"es_ES\" \/>\n<meta property=\"og:type\" content=\"article\" \/>\n<meta property=\"og:title\" content=\"Reconocernos para fortalecernos: Hecho en M\u00e9xico desde Michoac\u00e1n Mtra. Omega V\u00e1zquez - Diario ABC de Michoac\u00e1n\" \/>\n<meta property=\"og:description\" content=\"Recorriendo Michoac\u00e1n para integrar la econom\u00eda Facilitadora del desarrollo econ\u00f3mico desde el territorio &nbsp; Hoy m\u00e1s que nunca toma relevancia reconocer qui\u00e9nes somos, qu\u00e9 hacemos y d\u00f3nde estamos. Solo as\u00ed podemos integrar verdaderas cadenas de valor, desde la producci\u00f3n hasta la proveedur\u00eda, bajo una poderosa premisa: Hecho en M\u00e9xico. El mundo vive un reacomodo geopol\u00edtico [&hellip;]\" \/>\n<meta property=\"og:url\" content=\"https:\/\/diarioabcdemichoacan.com.mx\/lasnoticias\/reconocernos-para-fortalecernos-hecho-en-mexico-desde-michoacan-mtra-omega-vazquez\/\" \/>\n<meta property=\"og:site_name\" content=\"Diario ABC de Michoac\u00e1n\" \/>\n<meta property=\"article:published_time\" content=\"2025-06-09T17:49:39+00:00\" \/>\n<meta property=\"og:image\" content=\"https:\/\/diarioabcdemichoacan.com.mx\/lasnoticias\/wp-content\/uploads\/2025\/06\/Imagen-de-WhatsApp-2025-06-09-a-las-11.05.56_b4de907b.jpg\" \/>\n\t<meta property=\"og:image:width\" content=\"1165\" \/>\n\t<meta property=\"og:image:height\" content=\"1334\" \/>\n\t<meta property=\"og:image:type\" content=\"image\/jpeg\" \/>\n<meta name=\"author\" content=\"AR\" \/>\n<meta name=\"twitter:card\" content=\"summary_large_image\" \/>\n<meta name=\"twitter:label1\" content=\"Escrito por\" \/>\n\t<meta name=\"twitter:data1\" content=\"AR\" \/>\n\t<meta name=\"twitter:label2\" content=\"Tiempo de lectura\" \/>\n\t<meta name=\"twitter:data2\" content=\"2 minutos\" \/>\n<script type=\"application\/ld+json\" class=\"yoast-schema-graph\">{\"@context\":\"https:\/\/schema.org\",\"@graph\":[{\"@type\":\"WebPage\",\"@id\":\"https:\/\/diarioabcdemichoacan.com.mx\/lasnoticias\/reconocernos-para-fortalecernos-hecho-en-mexico-desde-michoacan-mtra-omega-vazquez\/\",\"url\":\"https:\/\/diarioabcdemichoacan.com.mx\/lasnoticias\/reconocernos-para-fortalecernos-hecho-en-mexico-desde-michoacan-mtra-omega-vazquez\/\",\"name\":\"Reconocernos para fortalecernos: Hecho en M\u00e9xico desde Michoac\u00e1n Mtra. Omega V\u00e1zquez - Diario ABC de Michoac\u00e1n\",\"isPartOf\":{\"@id\":\"https:\/\/diarioabcdemichoacan.com.mx\/lasnoticias\/#website\"},\"primaryImageOfPage\":{\"@id\":\"https:\/\/diarioabcdemichoacan.com.mx\/lasnoticias\/reconocernos-para-fortalecernos-hecho-en-mexico-desde-michoacan-mtra-omega-vazquez\/#primaryimage\"},\"image\":{\"@id\":\"https:\/\/diarioabcdemichoacan.com.mx\/lasnoticias\/reconocernos-para-fortalecernos-hecho-en-mexico-desde-michoacan-mtra-omega-vazquez\/#primaryimage\"},\"thumbnailUrl\":\"https:\/\/diarioabcdemichoacan.com.mx\/lasnoticias\/wp-content\/uploads\/2025\/06\/Imagen-de-WhatsApp-2025-06-09-a-las-11.05.56_b4de907b.jpg\",\"datePublished\":\"2025-06-09T17:49:39+00:00\",\"dateModified\":\"2025-06-09T17:49:39+00:00\",\"author\":{\"@id\":\"https:\/\/diarioabcdemichoacan.com.mx\/lasnoticias\/#\/schema\/person\/19ae376040f6cbc489682ebdd8524852\"},\"breadcrumb\":{\"@id\":\"https:\/\/diarioabcdemichoacan.com.mx\/lasnoticias\/reconocernos-para-fortalecernos-hecho-en-mexico-desde-michoacan-mtra-omega-vazquez\/#breadcrumb\"},\"inLanguage\":\"es\",\"potentialAction\":[{\"@type\":\"ReadAction\",\"target\":[\"https:\/\/diarioabcdemichoacan.com.mx\/lasnoticias\/reconocernos-para-fortalecernos-hecho-en-mexico-desde-michoacan-mtra-omega-vazquez\/\"]}]},{\"@type\":\"ImageObject\",\"inLanguage\":\"es\",\"@id\":\"https:\/\/diarioabcdemichoacan.com.mx\/lasnoticias\/reconocernos-para-fortalecernos-hecho-en-mexico-desde-michoacan-mtra-omega-vazquez\/#primaryimage\",\"url\":\"https:\/\/diarioabcdemichoacan.com.mx\/lasnoticias\/wp-content\/uploads\/2025\/06\/Imagen-de-WhatsApp-2025-06-09-a-las-11.05.56_b4de907b.jpg\",\"contentUrl\":\"https:\/\/diarioabcdemichoacan.com.mx\/lasnoticias\/wp-content\/uploads\/2025\/06\/Imagen-de-WhatsApp-2025-06-09-a-las-11.05.56_b4de907b.jpg\",\"width\":1165,\"height\":1334},{\"@type\":\"BreadcrumbList\",\"@id\":\"https:\/\/diarioabcdemichoacan.com.mx\/lasnoticias\/reconocernos-para-fortalecernos-hecho-en-mexico-desde-michoacan-mtra-omega-vazquez\/#breadcrumb\",\"itemListElement\":[{\"@type\":\"ListItem\",\"position\":1,\"name\":\"Portada\",\"item\":\"https:\/\/diarioabcdemichoacan.com.mx\/lasnoticias\/\"},{\"@type\":\"ListItem\",\"position\":2,\"name\":\"Reconocernos para fortalecernos: Hecho en M\u00e9xico desde Michoac\u00e1n Mtra. Omega V\u00e1zquez\"}]},{\"@type\":\"WebSite\",\"@id\":\"https:\/\/diarioabcdemichoacan.com.mx\/lasnoticias\/#website\",\"url\":\"https:\/\/diarioabcdemichoacan.com.mx\/lasnoticias\/\",\"name\":\"Diario ABC de Michoac\u00e1n\",\"description\":\"Las noticias al momento\",\"potentialAction\":[{\"@type\":\"SearchAction\",\"target\":{\"@type\":\"EntryPoint\",\"urlTemplate\":\"https:\/\/diarioabcdemichoacan.com.mx\/lasnoticias\/?s={search_term_string}\"},\"query-input\":{\"@type\":\"PropertyValueSpecification\",\"valueRequired\":true,\"valueName\":\"search_term_string\"}}],\"inLanguage\":\"es\"},{\"@type\":\"Person\",\"@id\":\"https:\/\/diarioabcdemichoacan.com.mx\/lasnoticias\/#\/schema\/person\/19ae376040f6cbc489682ebdd8524852\",\"name\":\"AR\",\"image\":{\"@type\":\"ImageObject\",\"inLanguage\":\"es\",\"@id\":\"https:\/\/diarioabcdemichoacan.com.mx\/lasnoticias\/#\/schema\/person\/image\/\",\"url\":\"https:\/\/secure.gravatar.com\/avatar\/44eca2ff970262234e20e1e082872af0?s=96&d=mm&r=g\",\"contentUrl\":\"https:\/\/secure.gravatar.com\/avatar\/44eca2ff970262234e20e1e082872af0?s=96&d=mm&r=g\",\"caption\":\"AR\"},\"url\":\"https:\/\/diarioabcdemichoacan.com.mx\/lasnoticias\/author\/adrian\/\"}]}<\/script>\n<!-- \/ Yoast SEO plugin. -->","yoast_head_json":{"title":"Reconocernos para fortalecernos: Hecho en M\u00e9xico desde Michoac\u00e1n Mtra. Omega V\u00e1zquez - Diario ABC de Michoac\u00e1n","robots":{"index":"index","follow":"follow","max-snippet":"max-snippet:-1","max-image-preview":"max-image-preview:large","max-video-preview":"max-video-preview:-1"},"canonical":"https:\/\/diarioabcdemichoacan.com.mx\/lasnoticias\/reconocernos-para-fortalecernos-hecho-en-mexico-desde-michoacan-mtra-omega-vazquez\/","og_locale":"es_ES","og_type":"article","og_title":"Reconocernos para fortalecernos: Hecho en M\u00e9xico desde Michoac\u00e1n Mtra. Omega V\u00e1zquez - Diario ABC de Michoac\u00e1n","og_description":"Recorriendo Michoac\u00e1n para integrar la econom\u00eda Facilitadora del desarrollo econ\u00f3mico desde el territorio &nbsp; Hoy m\u00e1s que nunca toma relevancia reconocer qui\u00e9nes somos, qu\u00e9 hacemos y d\u00f3nde estamos. Solo as\u00ed podemos integrar verdaderas cadenas de valor, desde la producci\u00f3n hasta la proveedur\u00eda, bajo una poderosa premisa: Hecho en M\u00e9xico. El mundo vive un reacomodo geopol\u00edtico [&hellip;]","og_url":"https:\/\/diarioabcdemichoacan.com.mx\/lasnoticias\/reconocernos-para-fortalecernos-hecho-en-mexico-desde-michoacan-mtra-omega-vazquez\/","og_site_name":"Diario ABC de Michoac\u00e1n","article_published_time":"2025-06-09T17:49:39+00:00","og_image":[{"width":1165,"height":1334,"url":"https:\/\/diarioabcdemichoacan.com.mx\/lasnoticias\/wp-content\/uploads\/2025\/06\/Imagen-de-WhatsApp-2025-06-09-a-las-11.05.56_b4de907b.jpg","type":"image\/jpeg"}],"author":"AR","twitter_card":"summary_large_image","twitter_misc":{"Escrito por":"AR","Tiempo de lectura":"2 minutos"},"schema":{"@context":"https:\/\/schema.org","@graph":[{"@type":"WebPage","@id":"https:\/\/diarioabcdemichoacan.com.mx\/lasnoticias\/reconocernos-para-fortalecernos-hecho-en-mexico-desde-michoacan-mtra-omega-vazquez\/","url":"https:\/\/diarioabcdemichoacan.com.mx\/lasnoticias\/reconocernos-para-fortalecernos-hecho-en-mexico-desde-michoacan-mtra-omega-vazquez\/","name":"Reconocernos para fortalecernos: Hecho en M\u00e9xico desde Michoac\u00e1n Mtra. Omega V\u00e1zquez - Diario ABC de Michoac\u00e1n","isPartOf":{"@id":"https:\/\/diarioabcdemichoacan.com.mx\/lasnoticias\/#website"},"primaryImageOfPage":{"@id":"https:\/\/diarioabcdemichoacan.com.mx\/lasnoticias\/reconocernos-para-fortalecernos-hecho-en-mexico-desde-michoacan-mtra-omega-vazquez\/#primaryimage"},"image":{"@id":"https:\/\/diarioabcdemichoacan.com.mx\/lasnoticias\/reconocernos-para-fortalecernos-hecho-en-mexico-desde-michoacan-mtra-omega-vazquez\/#primaryimage"},"thumbnailUrl":"https:\/\/diarioabcdemichoacan.com.mx\/lasnoticias\/wp-content\/uploads\/2025\/06\/Imagen-de-WhatsApp-2025-06-09-a-las-11.05.56_b4de907b.jpg","datePublished":"2025-06-09T17:49:39+00:00","dateModified":"2025-06-09T17:49:39+00:00","author":{"@id":"https:\/\/diarioabcdemichoacan.com.mx\/lasnoticias\/#\/schema\/person\/19ae376040f6cbc489682ebdd8524852"},"breadcrumb":{"@id":"https:\/\/diarioabcdemichoacan.com.mx\/lasnoticias\/reconocernos-para-fortalecernos-hecho-en-mexico-desde-michoacan-mtra-omega-vazquez\/#breadcrumb"},"inLanguage":"es","potentialAction":[{"@type":"ReadAction","target":["https:\/\/diarioabcdemichoacan.com.mx\/lasnoticias\/reconocernos-para-fortalecernos-hecho-en-mexico-desde-michoacan-mtra-omega-vazquez\/"]}]},{"@type":"ImageObject","inLanguage":"es","@id":"https:\/\/diarioabcdemichoacan.com.mx\/lasnoticias\/reconocernos-para-fortalecernos-hecho-en-mexico-desde-michoacan-mtra-omega-vazquez\/#primaryimage","url":"https:\/\/diarioabcdemichoacan.com.mx\/lasnoticias\/wp-content\/uploads\/2025\/06\/Imagen-de-WhatsApp-2025-06-09-a-las-11.05.56_b4de907b.jpg","contentUrl":"https:\/\/diarioabcdemichoacan.com.mx\/lasnoticias\/wp-content\/uploads\/2025\/06\/Imagen-de-WhatsApp-2025-06-09-a-las-11.05.56_b4de907b.jpg","width":1165,"height":1334},{"@type":"BreadcrumbList","@id":"https:\/\/diarioabcdemichoacan.com.mx\/lasnoticias\/reconocernos-para-fortalecernos-hecho-en-mexico-desde-michoacan-mtra-omega-vazquez\/#breadcrumb","itemListElement":[{"@type":"ListItem","position":1,"name":"Portada","item":"https:\/\/diarioabcdemichoacan.com.mx\/lasnoticias\/"},{"@type":"ListItem","position":2,"name":"Reconocernos para fortalecernos: Hecho en M\u00e9xico desde Michoac\u00e1n Mtra. Omega V\u00e1zquez"}]},{"@type":"WebSite","@id":"https:\/\/diarioabcdemichoacan.com.mx\/lasnoticias\/#website","url":"https:\/\/diarioabcdemichoacan.com.mx\/lasnoticias\/","name":"Diario ABC de Michoac\u00e1n","description":"Las noticias al momento","potentialAction":[{"@type":"SearchAction","target":{"@type":"EntryPoint","urlTemplate":"https:\/\/diarioabcdemichoacan.com.mx\/lasnoticias\/?s={search_term_string}"},"query-input":{"@type":"PropertyValueSpecification","valueRequired":true,"valueName":"search_term_string"}}],"inLanguage":"es"},{"@type":"Person","@id":"https:\/\/diarioabcdemichoacan.com.mx\/lasnoticias\/#\/schema\/person\/19ae376040f6cbc489682ebdd8524852","name":"AR","image":{"@type":"ImageObject","inLanguage":"es","@id":"https:\/\/diarioabcdemichoacan.com.mx\/lasnoticias\/#\/schema\/person\/image\/","url":"https:\/\/secure.gravatar.com\/avatar\/44eca2ff970262234e20e1e082872af0?s=96&d=mm&r=g","contentUrl":"https:\/\/secure.gravatar.com\/avatar\/44eca2ff970262234e20e1e082872af0?s=96&d=mm&r=g","caption":"AR"},"url":"https:\/\/diarioabcdemichoacan.com.mx\/lasnoticias\/author\/adrian\/"}]}},"_links":{"self":[{"href":"https:\/\/diarioabcdemichoacan.com.mx\/lasnoticias\/wp-json\/wp\/v2\/posts\/61912","targetHints":{"allow":["GET"]}}],"collection":[{"href":"https:\/\/diarioabcdemichoacan.com.mx\/lasnoticias\/wp-json\/wp\/v2\/posts"}],"about":[{"href":"https:\/\/diarioabcdemichoacan.com.mx\/lasnoticias\/wp-json\/wp\/v2\/types\/post"}],"author":[{"embeddable":true,"href":"https:\/\/diarioabcdemichoacan.com.mx\/lasnoticias\/wp-json\/wp\/v2\/users\/9"}],"replies":[{"embeddable":true,"href":"https:\/\/diarioabcdemichoacan.com.mx\/lasnoticias\/wp-json\/wp\/v2\/comments?post=61912"}],"version-history":[{"count":1,"href":"https:\/\/diarioabcdemichoacan.com.mx\/lasnoticias\/wp-json\/wp\/v2\/posts\/61912\/revisions"}],"predecessor-version":[{"id":61914,"href":"https:\/\/diarioabcdemichoacan.com.mx\/lasnoticias\/wp-json\/wp\/v2\/posts\/61912\/revisions\/61914"}],"wp:featuredmedia":[{"embeddable":true,"href":"https:\/\/diarioabcdemichoacan.com.mx\/lasnoticias\/wp-json\/wp\/v2\/media\/61913"}],"wp:attachment":[{"href":"https:\/\/diarioabcdemichoacan.com.mx\/lasnoticias\/wp-json\/wp\/v2\/media?parent=61912"}],"wp:term":[{"taxonomy":"category","embeddable":true,"href":"https:\/\/diarioabcdemichoacan.com.mx\/lasnoticias\/wp-json\/wp\/v2\/categories?post=61912"},{"taxonomy":"post_tag","embeddable":true,"href":"https:\/\/diarioabcdemichoacan.com.mx\/lasnoticias\/wp-json\/wp\/v2\/tags?post=61912"}],"curies":[{"name":"wp","href":"https:\/\/api.w.org\/{rel}","templated":true}]}}