{"id":61915,"date":"2025-06-09T12:21:37","date_gmt":"2025-06-09T18:21:37","guid":{"rendered":"https:\/\/diarioabcdemichoacan.com.mx\/lasnoticias\/?p=61915"},"modified":"2025-06-09T12:21:37","modified_gmt":"2025-06-09T18:21:37","slug":"no-soy-de-la-idea-de-matalos-en-caliente-bedolla","status":"publish","type":"post","link":"https:\/\/diarioabcdemichoacan.com.mx\/lasnoticias\/no-soy-de-la-idea-de-matalos-en-caliente-bedolla\/","title":{"rendered":"No soy de la idea de m\u00e1talos en caliente: Bedolla"},"content":{"rendered":"<h2>Se\u00f1ala gobernador necesidad de incrementar su estado de fuerza de la polic\u00eda de Uruapan.<\/h2>\n<p>&nbsp;<\/p>\n<h6>Por Sara\u00ed Rangel<\/h6>\n<hr \/>\n<p>Morelia, Mich.- Cuesta trabajo por la v\u00eda de la ley, por la v\u00eda de la norma serener y generar justicia, enfatiz\u00f3 el gobernador Alfredo Ram\u00edrez Bedolla, al reiterar que no comparte el t\u00e9rmino de \u201cm\u00e1talos en caliente\u201d, como lo ha expresado el presidente municipal de Uruapan, Carlos Manzo.<\/p>\n<p>En su conferencia de prensa de los lunes, reconoci\u00f3 que en ese municipio hay mucho trabajo por hacer en cuanto a seguridad, se\u00f1al\u00f3 el gobernador Alfredo Ram\u00edrez Bedolla al referir que la acci\u00f3n m\u00e1s urgente es fortalecer el estado de fuerza municipal con m\u00e1s elementos para cuidar de la ciudadan\u00eda.<\/p>\n<p>\u201cEstamos abajo del n\u00famero pr\u00e1cticamente a la mitad, digamos tendr\u00eda que aumentarse el n\u00famero de elementos de la polic\u00eda de Uruapan, estamos m\u00e1s o menos al cincuenta por ciento de los est\u00e1ndares, seg\u00fan el secretariado nacional de seguridad p\u00fablica, que van en correspondencia con los est\u00e1ndares de la ONU\u201d.<\/p>\n<p>El mandatario estatal precis\u00f3 que se ha avanzado en el tema de seguridad y destac\u00f3 el servicio que la Polic\u00eda Auxiliar presta casi 100 inspectores de la USDA &#8211; APHIS (Servicio de Inspecci\u00f3n Sanitaria de Plantas y Animales) para la exportaci\u00f3n del aguacate, lo que afirm\u00f3 ha dado muy buenos resultados.<\/p>\n<p>Refiri\u00f3 que se est\u00e1 trabajando de manera coordinada con acciones como el fortalecimiento del C5, para compartir informaci\u00f3n con la polic\u00eda municipal de Uruapan, sin embargo reiter\u00f3 la necesidad de aumentar el estado de fuerza.<\/p>\n","protected":false},"excerpt":{"rendered":"<p>Se\u00f1ala gobernador necesidad de incrementar su estado de fuerza de la polic\u00eda de Uruapan. &nbsp; Por Sara\u00ed Rangel Morelia, Mich.- Cuesta trabajo por la v\u00eda de la ley, por la v\u00eda de la norma serener y generar justicia, enfatiz\u00f3 el gobernador Alfredo Ram\u00edrez Bedolla, al reiterar que no comparte el t\u00e9rmino de \u201cm\u00e1talos en caliente\u201d, [&hellip;]<\/p>\n","protected":false},"author":9,"featured_media":61908,"comment_status":"closed","ping_status":"closed","sticky":false,"template":"","format":"standard","meta":{"footnotes":""},"categories":[30,10,28,27],"tags":[],"class_list":{"0":"post-61915","1":"post","2":"type-post","3":"status-publish","4":"format-standard","5":"has-post-thumbnail","7":"category-columnas","8":"category-estado","9":"category-politica","10":"category-slider"},"yoast_head":"<!-- This site is optimized with the Yoast SEO plugin v24.0 - https:\/\/yoast.com\/wordpress\/plugins\/seo\/ -->\n<title>No soy de la idea de m\u00e1talos en caliente: Bedolla - Diario ABC de Michoac\u00e1n<\/title>\n<meta name=\"robots\" content=\"index, follow, max-snippet:-1, max-image-preview:large, max-video-preview:-1\" \/>\n<link rel=\"canonical\" href=\"https:\/\/diarioabcdemichoacan.com.mx\/lasnoticias\/no-soy-de-la-idea-de-matalos-en-caliente-bedolla\/\" \/>\n<meta property=\"og:locale\" content=\"es_ES\" \/>\n<meta property=\"og:type\" content=\"article\" \/>\n<meta property=\"og:title\" content=\"No soy de la idea de m\u00e1talos en caliente: Bedolla - Diario ABC de Michoac\u00e1n\" \/>\n<meta property=\"og:description\" content=\"Se\u00f1ala gobernador necesidad de incrementar su estado de fuerza de la polic\u00eda de Uruapan. &nbsp; Por Sara\u00ed Rangel Morelia, Mich.- Cuesta trabajo por la v\u00eda de la ley, por la v\u00eda de la norma serener y generar justicia, enfatiz\u00f3 el gobernador Alfredo Ram\u00edrez Bedolla, al reiterar que no comparte el t\u00e9rmino de \u201cm\u00e1talos en caliente\u201d, [&hellip;]\" \/>\n<meta property=\"og:url\" content=\"https:\/\/diarioabcdemichoacan.com.mx\/lasnoticias\/no-soy-de-la-idea-de-matalos-en-caliente-bedolla\/\" \/>\n<meta property=\"og:site_name\" content=\"Diario ABC de Michoac\u00e1n\" \/>\n<meta property=\"article:published_time\" content=\"2025-06-09T18:21:37+00:00\" \/>\n<meta property=\"og:image\" content=\"https:\/\/diarioabcdemichoacan.com.mx\/lasnoticias\/wp-content\/uploads\/2025\/06\/Imagen-de-WhatsApp-2025-06-09-a-las-11.05.08_5803fd26.jpg\" \/>\n\t<meta property=\"og:image:width\" content=\"1106\" \/>\n\t<meta property=\"og:image:height\" content=\"1600\" \/>\n\t<meta property=\"og:image:type\" content=\"image\/jpeg\" \/>\n<meta name=\"author\" content=\"AR\" \/>\n<meta name=\"twitter:card\" content=\"summary_large_image\" \/>\n<meta name=\"twitter:label1\" content=\"Escrito por\" \/>\n\t<meta name=\"twitter:data1\" content=\"AR\" \/>\n\t<meta name=\"twitter:label2\" content=\"Tiempo de lectura\" \/>\n\t<meta name=\"twitter:data2\" content=\"2 minutos\" \/>\n<script type=\"application\/ld+json\" class=\"yoast-schema-graph\">{\"@context\":\"https:\/\/schema.org\",\"@graph\":[{\"@type\":\"WebPage\",\"@id\":\"https:\/\/diarioabcdemichoacan.com.mx\/lasnoticias\/no-soy-de-la-idea-de-matalos-en-caliente-bedolla\/\",\"url\":\"https:\/\/diarioabcdemichoacan.com.mx\/lasnoticias\/no-soy-de-la-idea-de-matalos-en-caliente-bedolla\/\",\"name\":\"No soy de la idea de m\u00e1talos en caliente: Bedolla - Diario ABC de Michoac\u00e1n\",\"isPartOf\":{\"@id\":\"https:\/\/diarioabcdemichoacan.com.mx\/lasnoticias\/#website\"},\"primaryImageOfPage\":{\"@id\":\"https:\/\/diarioabcdemichoacan.com.mx\/lasnoticias\/no-soy-de-la-idea-de-matalos-en-caliente-bedolla\/#primaryimage\"},\"image\":{\"@id\":\"https:\/\/diarioabcdemichoacan.com.mx\/lasnoticias\/no-soy-de-la-idea-de-matalos-en-caliente-bedolla\/#primaryimage\"},\"thumbnailUrl\":\"https:\/\/diarioabcdemichoacan.com.mx\/lasnoticias\/wp-content\/uploads\/2025\/06\/Imagen-de-WhatsApp-2025-06-09-a-las-11.05.08_5803fd26.jpg\",\"datePublished\":\"2025-06-09T18:21:37+00:00\",\"dateModified\":\"2025-06-09T18:21:37+00:00\",\"author\":{\"@id\":\"https:\/\/diarioabcdemichoacan.com.mx\/lasnoticias\/#\/schema\/person\/19ae376040f6cbc489682ebdd8524852\"},\"breadcrumb\":{\"@id\":\"https:\/\/diarioabcdemichoacan.com.mx\/lasnoticias\/no-soy-de-la-idea-de-matalos-en-caliente-bedolla\/#breadcrumb\"},\"inLanguage\":\"es\",\"potentialAction\":[{\"@type\":\"ReadAction\",\"target\":[\"https:\/\/diarioabcdemichoacan.com.mx\/lasnoticias\/no-soy-de-la-idea-de-matalos-en-caliente-bedolla\/\"]}]},{\"@type\":\"ImageObject\",\"inLanguage\":\"es\",\"@id\":\"https:\/\/diarioabcdemichoacan.com.mx\/lasnoticias\/no-soy-de-la-idea-de-matalos-en-caliente-bedolla\/#primaryimage\",\"url\":\"https:\/\/diarioabcdemichoacan.com.mx\/lasnoticias\/wp-content\/uploads\/2025\/06\/Imagen-de-WhatsApp-2025-06-09-a-las-11.05.08_5803fd26.jpg\",\"contentUrl\":\"https:\/\/diarioabcdemichoacan.com.mx\/lasnoticias\/wp-content\/uploads\/2025\/06\/Imagen-de-WhatsApp-2025-06-09-a-las-11.05.08_5803fd26.jpg\",\"width\":1106,\"height\":1600},{\"@type\":\"BreadcrumbList\",\"@id\":\"https:\/\/diarioabcdemichoacan.com.mx\/lasnoticias\/no-soy-de-la-idea-de-matalos-en-caliente-bedolla\/#breadcrumb\",\"itemListElement\":[{\"@type\":\"ListItem\",\"position\":1,\"name\":\"Portada\",\"item\":\"https:\/\/diarioabcdemichoacan.com.mx\/lasnoticias\/\"},{\"@type\":\"ListItem\",\"position\":2,\"name\":\"No soy de la idea de m\u00e1talos en caliente: Bedolla\"}]},{\"@type\":\"WebSite\",\"@id\":\"https:\/\/diarioabcdemichoacan.com.mx\/lasnoticias\/#website\",\"url\":\"https:\/\/diarioabcdemichoacan.com.mx\/lasnoticias\/\",\"name\":\"Diario ABC de Michoac\u00e1n\",\"description\":\"Las noticias al momento\",\"potentialAction\":[{\"@type\":\"SearchAction\",\"target\":{\"@type\":\"EntryPoint\",\"urlTemplate\":\"https:\/\/diarioabcdemichoacan.com.mx\/lasnoticias\/?s={search_term_string}\"},\"query-input\":{\"@type\":\"PropertyValueSpecification\",\"valueRequired\":true,\"valueName\":\"search_term_string\"}}],\"inLanguage\":\"es\"},{\"@type\":\"Person\",\"@id\":\"https:\/\/diarioabcdemichoacan.com.mx\/lasnoticias\/#\/schema\/person\/19ae376040f6cbc489682ebdd8524852\",\"name\":\"AR\",\"image\":{\"@type\":\"ImageObject\",\"inLanguage\":\"es\",\"@id\":\"https:\/\/diarioabcdemichoacan.com.mx\/lasnoticias\/#\/schema\/person\/image\/\",\"url\":\"https:\/\/secure.gravatar.com\/avatar\/44eca2ff970262234e20e1e082872af0?s=96&d=mm&r=g\",\"contentUrl\":\"https:\/\/secure.gravatar.com\/avatar\/44eca2ff970262234e20e1e082872af0?s=96&d=mm&r=g\",\"caption\":\"AR\"},\"url\":\"https:\/\/diarioabcdemichoacan.com.mx\/lasnoticias\/author\/adrian\/\"}]}<\/script>\n<!-- \/ Yoast SEO plugin. -->","yoast_head_json":{"title":"No soy de la idea de m\u00e1talos en caliente: Bedolla - Diario ABC de Michoac\u00e1n","robots":{"index":"index","follow":"follow","max-snippet":"max-snippet:-1","max-image-preview":"max-image-preview:large","max-video-preview":"max-video-preview:-1"},"canonical":"https:\/\/diarioabcdemichoacan.com.mx\/lasnoticias\/no-soy-de-la-idea-de-matalos-en-caliente-bedolla\/","og_locale":"es_ES","og_type":"article","og_title":"No soy de la idea de m\u00e1talos en caliente: Bedolla - Diario ABC de Michoac\u00e1n","og_description":"Se\u00f1ala gobernador necesidad de incrementar su estado de fuerza de la polic\u00eda de Uruapan. &nbsp; Por Sara\u00ed Rangel Morelia, Mich.- Cuesta trabajo por la v\u00eda de la ley, por la v\u00eda de la norma serener y generar justicia, enfatiz\u00f3 el gobernador Alfredo Ram\u00edrez Bedolla, al reiterar que no comparte el t\u00e9rmino de \u201cm\u00e1talos en caliente\u201d, [&hellip;]","og_url":"https:\/\/diarioabcdemichoacan.com.mx\/lasnoticias\/no-soy-de-la-idea-de-matalos-en-caliente-bedolla\/","og_site_name":"Diario ABC de Michoac\u00e1n","article_published_time":"2025-06-09T18:21:37+00:00","og_image":[{"width":1106,"height":1600,"url":"https:\/\/diarioabcdemichoacan.com.mx\/lasnoticias\/wp-content\/uploads\/2025\/06\/Imagen-de-WhatsApp-2025-06-09-a-las-11.05.08_5803fd26.jpg","type":"image\/jpeg"}],"author":"AR","twitter_card":"summary_large_image","twitter_misc":{"Escrito por":"AR","Tiempo de lectura":"2 minutos"},"schema":{"@context":"https:\/\/schema.org","@graph":[{"@type":"WebPage","@id":"https:\/\/diarioabcdemichoacan.com.mx\/lasnoticias\/no-soy-de-la-idea-de-matalos-en-caliente-bedolla\/","url":"https:\/\/diarioabcdemichoacan.com.mx\/lasnoticias\/no-soy-de-la-idea-de-matalos-en-caliente-bedolla\/","name":"No soy de la idea de m\u00e1talos en caliente: Bedolla - Diario ABC de Michoac\u00e1n","isPartOf":{"@id":"https:\/\/diarioabcdemichoacan.com.mx\/lasnoticias\/#website"},"primaryImageOfPage":{"@id":"https:\/\/diarioabcdemichoacan.com.mx\/lasnoticias\/no-soy-de-la-idea-de-matalos-en-caliente-bedolla\/#primaryimage"},"image":{"@id":"https:\/\/diarioabcdemichoacan.com.mx\/lasnoticias\/no-soy-de-la-idea-de-matalos-en-caliente-bedolla\/#primaryimage"},"thumbnailUrl":"https:\/\/diarioabcdemichoacan.com.mx\/lasnoticias\/wp-content\/uploads\/2025\/06\/Imagen-de-WhatsApp-2025-06-09-a-las-11.05.08_5803fd26.jpg","datePublished":"2025-06-09T18:21:37+00:00","dateModified":"2025-06-09T18:21:37+00:00","author":{"@id":"https:\/\/diarioabcdemichoacan.com.mx\/lasnoticias\/#\/schema\/person\/19ae376040f6cbc489682ebdd8524852"},"breadcrumb":{"@id":"https:\/\/diarioabcdemichoacan.com.mx\/lasnoticias\/no-soy-de-la-idea-de-matalos-en-caliente-bedolla\/#breadcrumb"},"inLanguage":"es","potentialAction":[{"@type":"ReadAction","target":["https:\/\/diarioabcdemichoacan.com.mx\/lasnoticias\/no-soy-de-la-idea-de-matalos-en-caliente-bedolla\/"]}]},{"@type":"ImageObject","inLanguage":"es","@id":"https:\/\/diarioabcdemichoacan.com.mx\/lasnoticias\/no-soy-de-la-idea-de-matalos-en-caliente-bedolla\/#primaryimage","url":"https:\/\/diarioabcdemichoacan.com.mx\/lasnoticias\/wp-content\/uploads\/2025\/06\/Imagen-de-WhatsApp-2025-06-09-a-las-11.05.08_5803fd26.jpg","contentUrl":"https:\/\/diarioabcdemichoacan.com.mx\/lasnoticias\/wp-content\/uploads\/2025\/06\/Imagen-de-WhatsApp-2025-06-09-a-las-11.05.08_5803fd26.jpg","width":1106,"height":1600},{"@type":"BreadcrumbList","@id":"https:\/\/diarioabcdemichoacan.com.mx\/lasnoticias\/no-soy-de-la-idea-de-matalos-en-caliente-bedolla\/#breadcrumb","itemListElement":[{"@type":"ListItem","position":1,"name":"Portada","item":"https:\/\/diarioabcdemichoacan.com.mx\/lasnoticias\/"},{"@type":"ListItem","position":2,"name":"No soy de la idea de m\u00e1talos en caliente: Bedolla"}]},{"@type":"WebSite","@id":"https:\/\/diarioabcdemichoacan.com.mx\/lasnoticias\/#website","url":"https:\/\/diarioabcdemichoacan.com.mx\/lasnoticias\/","name":"Diario ABC de Michoac\u00e1n","description":"Las noticias al momento","potentialAction":[{"@type":"SearchAction","target":{"@type":"EntryPoint","urlTemplate":"https:\/\/diarioabcdemichoacan.com.mx\/lasnoticias\/?s={search_term_string}"},"query-input":{"@type":"PropertyValueSpecification","valueRequired":true,"valueName":"search_term_string"}}],"inLanguage":"es"},{"@type":"Person","@id":"https:\/\/diarioabcdemichoacan.com.mx\/lasnoticias\/#\/schema\/person\/19ae376040f6cbc489682ebdd8524852","name":"AR","image":{"@type":"ImageObject","inLanguage":"es","@id":"https:\/\/diarioabcdemichoacan.com.mx\/lasnoticias\/#\/schema\/person\/image\/","url":"https:\/\/secure.gravatar.com\/avatar\/44eca2ff970262234e20e1e082872af0?s=96&d=mm&r=g","contentUrl":"https:\/\/secure.gravatar.com\/avatar\/44eca2ff970262234e20e1e082872af0?s=96&d=mm&r=g","caption":"AR"},"url":"https:\/\/diarioabcdemichoacan.com.mx\/lasnoticias\/author\/adrian\/"}]}},"_links":{"self":[{"href":"https:\/\/diarioabcdemichoacan.com.mx\/lasnoticias\/wp-json\/wp\/v2\/posts\/61915","targetHints":{"allow":["GET"]}}],"collection":[{"href":"https:\/\/diarioabcdemichoacan.com.mx\/lasnoticias\/wp-json\/wp\/v2\/posts"}],"about":[{"href":"https:\/\/diarioabcdemichoacan.com.mx\/lasnoticias\/wp-json\/wp\/v2\/types\/post"}],"author":[{"embeddable":true,"href":"https:\/\/diarioabcdemichoacan.com.mx\/lasnoticias\/wp-json\/wp\/v2\/users\/9"}],"replies":[{"embeddable":true,"href":"https:\/\/diarioabcdemichoacan.com.mx\/lasnoticias\/wp-json\/wp\/v2\/comments?post=61915"}],"version-history":[{"count":1,"href":"https:\/\/diarioabcdemichoacan.com.mx\/lasnoticias\/wp-json\/wp\/v2\/posts\/61915\/revisions"}],"predecessor-version":[{"id":61916,"href":"https:\/\/diarioabcdemichoacan.com.mx\/lasnoticias\/wp-json\/wp\/v2\/posts\/61915\/revisions\/61916"}],"wp:featuredmedia":[{"embeddable":true,"href":"https:\/\/diarioabcdemichoacan.com.mx\/lasnoticias\/wp-json\/wp\/v2\/media\/61908"}],"wp:attachment":[{"href":"https:\/\/diarioabcdemichoacan.com.mx\/lasnoticias\/wp-json\/wp\/v2\/media?parent=61915"}],"wp:term":[{"taxonomy":"category","embeddable":true,"href":"https:\/\/diarioabcdemichoacan.com.mx\/lasnoticias\/wp-json\/wp\/v2\/categories?post=61915"},{"taxonomy":"post_tag","embeddable":true,"href":"https:\/\/diarioabcdemichoacan.com.mx\/lasnoticias\/wp-json\/wp\/v2\/tags?post=61915"}],"curies":[{"name":"wp","href":"https:\/\/api.w.org\/{rel}","templated":true}]}}