{"id":61924,"date":"2025-06-09T13:30:33","date_gmt":"2025-06-09T19:30:33","guid":{"rendered":"https:\/\/diarioabcdemichoacan.com.mx\/lasnoticias\/?p=61924"},"modified":"2025-06-09T13:30:33","modified_gmt":"2025-06-09T19:30:33","slug":"migrantes-mexicanos-son-importantes-para-eu-defenderemos-sus-derechos-moron","status":"publish","type":"post","link":"https:\/\/diarioabcdemichoacan.com.mx\/lasnoticias\/migrantes-mexicanos-son-importantes-para-eu-defenderemos-sus-derechos-moron\/","title":{"rendered":"Migrantes mexicanos son importantes para EU; defenderemos sus derechos: Mor\u00f3n"},"content":{"rendered":"<h2>El senador de Morena conden\u00f3 categ\u00f3ricamente la violaci\u00f3n de los derechos humanos de las personas migrantes en California.<\/h2>\n<p>&nbsp;<\/p>\n<hr \/>\n<p>Morelia, Mich.- \u00abLos migrantes mexicanos son importantes para la econom\u00eda de Estados Unidos y M\u00e9xico; desde el Senado de la Rep\u00fablica trabajaremos para defender sus derechos humanos y se atienda la migraci\u00f3n desde una perspectiva integral y humana\u00bb, se\u00f1al\u00f3 el senador de Morena por Michoac\u00e1n, Ra\u00fal Mor\u00f3n Orozco.<\/p>\n<p>El legislador morenista respald\u00f3 el posicionamiento hecho por la Presidenta de M\u00e9xico Claudia Sheinbaum, sobre la val\u00eda que las y los migrantes mexicanos tienen para la econom\u00eda de ambos pa\u00edses, as\u00ed como que la gran mayor\u00eda cuenta con documentos para laborar de manera legal o son residentes de ese pa\u00eds, pidi\u00f3 que las manifestaciones se realicen de manera pac\u00edfica y no caer en provocaciones.<\/p>\n<p><img loading=\"lazy\" decoding=\"async\" class=\"alignnone size-medium wp-image-61919\" src=\"https:\/\/diarioabcdemichoacan.com.mx\/lasnoticias\/wp-content\/uploads\/2025\/06\/Imagen-de-WhatsApp-2025-06-09-a-las-13.20.35_8fa1b87b-500x333.jpg\" alt=\"\" width=\"500\" height=\"333\" srcset=\"https:\/\/diarioabcdemichoacan.com.mx\/lasnoticias\/wp-content\/uploads\/2025\/06\/Imagen-de-WhatsApp-2025-06-09-a-las-13.20.35_8fa1b87b-500x333.jpg 500w, https:\/\/diarioabcdemichoacan.com.mx\/lasnoticias\/wp-content\/uploads\/2025\/06\/Imagen-de-WhatsApp-2025-06-09-a-las-13.20.35_8fa1b87b-1024x683.jpg 1024w, https:\/\/diarioabcdemichoacan.com.mx\/lasnoticias\/wp-content\/uploads\/2025\/06\/Imagen-de-WhatsApp-2025-06-09-a-las-13.20.35_8fa1b87b-768x512.jpg 768w, https:\/\/diarioabcdemichoacan.com.mx\/lasnoticias\/wp-content\/uploads\/2025\/06\/Imagen-de-WhatsApp-2025-06-09-a-las-13.20.35_8fa1b87b-1536x1024.jpg 1536w, https:\/\/diarioabcdemichoacan.com.mx\/lasnoticias\/wp-content\/uploads\/2025\/06\/Imagen-de-WhatsApp-2025-06-09-a-las-13.20.35_8fa1b87b-2048x1365.jpg 2048w, https:\/\/diarioabcdemichoacan.com.mx\/lasnoticias\/wp-content\/uploads\/2025\/06\/Imagen-de-WhatsApp-2025-06-09-a-las-13.20.35_8fa1b87b-630x420.jpg 630w, https:\/\/diarioabcdemichoacan.com.mx\/lasnoticias\/wp-content\/uploads\/2025\/06\/Imagen-de-WhatsApp-2025-06-09-a-las-13.20.35_8fa1b87b-150x100.jpg 150w, https:\/\/diarioabcdemichoacan.com.mx\/lasnoticias\/wp-content\/uploads\/2025\/06\/Imagen-de-WhatsApp-2025-06-09-a-las-13.20.35_8fa1b87b-300x200.jpg 300w, https:\/\/diarioabcdemichoacan.com.mx\/lasnoticias\/wp-content\/uploads\/2025\/06\/Imagen-de-WhatsApp-2025-06-09-a-las-13.20.35_8fa1b87b-696x464.jpg 696w, https:\/\/diarioabcdemichoacan.com.mx\/lasnoticias\/wp-content\/uploads\/2025\/06\/Imagen-de-WhatsApp-2025-06-09-a-las-13.20.35_8fa1b87b-1068x712.jpg 1068w, https:\/\/diarioabcdemichoacan.com.mx\/lasnoticias\/wp-content\/uploads\/2025\/06\/Imagen-de-WhatsApp-2025-06-09-a-las-13.20.35_8fa1b87b-1920x1280.jpg 1920w\" sizes=\"auto, (max-width: 500px) 100vw, 500px\" \/><\/p>\n<p>Conden\u00f3 categ\u00f3ricamente la violaci\u00f3n de los derechos humanos de las que las y los migrantes han sido v\u00edctimas los \u00faltimos d\u00edas en California por parte del Gobierno de los Estados Unidos, a trav\u00e9s de redadas implementadas para detenerlos y el uso desmedido de la fuerza para reprimir las manifestaciones.<\/p>\n<p>El senador michoacano, a\u00f1adi\u00f3 que los migrantes representan un 17% de la fuerza laboral en sectores cr\u00edticos como la agricultura, construcci\u00f3n y servicios. En California, generan 330 mil millones de d\u00f3lares anuales en PIB y 40 mil millones de d\u00f3lares en impuestos.<\/p>\n<p>En particular a los connacionales michoacanos, Ra\u00fal Mor\u00f3n les expres\u00f3 su firme compromiso con la protecci\u00f3n y defensa de sus derechos humanos, independientemente de su situaci\u00f3n migratoria, as\u00ed como su respaldo para que aquellos que sean repatriados sean atendidos a trav\u00e9s del programa \u00abM\u00e9xico te Abraza\u00bb, que promueve el Gobierno Federal.<\/p>\n<p>Finalmente, asegur\u00f3 que desde el Senado trabajar\u00e1n para que la migraci\u00f3n se atienda desde una perspectiva integral, humana y con corresponsabilidad de ambas naciones.<\/p>\n","protected":false},"excerpt":{"rendered":"<p>El senador de Morena conden\u00f3 categ\u00f3ricamente la violaci\u00f3n de los derechos humanos de las personas migrantes en California. &nbsp; Morelia, Mich.- \u00abLos migrantes mexicanos son importantes para la econom\u00eda de Estados Unidos y M\u00e9xico; desde el Senado de la Rep\u00fablica trabajaremos para defender sus derechos humanos y se atienda la migraci\u00f3n desde una perspectiva integral [&hellip;]<\/p>\n","protected":false},"author":9,"featured_media":61918,"comment_status":"closed","ping_status":"closed","sticky":false,"template":"","format":"standard","meta":{"footnotes":""},"categories":[11,28,27],"tags":[],"class_list":{"0":"post-61924","1":"post","2":"type-post","3":"status-publish","4":"format-standard","5":"has-post-thumbnail","7":"category-nacional","8":"category-politica","9":"category-slider"},"yoast_head":"<!-- This site is optimized with the Yoast SEO plugin v24.0 - https:\/\/yoast.com\/wordpress\/plugins\/seo\/ -->\n<title>Migrantes mexicanos son importantes para EU; defenderemos sus derechos: Mor\u00f3n - Diario ABC de Michoac\u00e1n<\/title>\n<meta name=\"robots\" content=\"index, follow, max-snippet:-1, max-image-preview:large, max-video-preview:-1\" \/>\n<link rel=\"canonical\" href=\"https:\/\/diarioabcdemichoacan.com.mx\/lasnoticias\/migrantes-mexicanos-son-importantes-para-eu-defenderemos-sus-derechos-moron\/\" \/>\n<meta property=\"og:locale\" content=\"es_ES\" \/>\n<meta property=\"og:type\" content=\"article\" \/>\n<meta property=\"og:title\" content=\"Migrantes mexicanos son importantes para EU; defenderemos sus derechos: Mor\u00f3n - Diario ABC de Michoac\u00e1n\" \/>\n<meta property=\"og:description\" content=\"El senador de Morena conden\u00f3 categ\u00f3ricamente la violaci\u00f3n de los derechos humanos de las personas migrantes en California. &nbsp; Morelia, Mich.- \u00abLos migrantes mexicanos son importantes para la econom\u00eda de Estados Unidos y M\u00e9xico; desde el Senado de la Rep\u00fablica trabajaremos para defender sus derechos humanos y se atienda la migraci\u00f3n desde una perspectiva integral [&hellip;]\" \/>\n<meta property=\"og:url\" content=\"https:\/\/diarioabcdemichoacan.com.mx\/lasnoticias\/migrantes-mexicanos-son-importantes-para-eu-defenderemos-sus-derechos-moron\/\" \/>\n<meta property=\"og:site_name\" content=\"Diario ABC de Michoac\u00e1n\" \/>\n<meta property=\"article:published_time\" content=\"2025-06-09T19:30:33+00:00\" \/>\n<meta property=\"og:image\" content=\"https:\/\/diarioabcdemichoacan.com.mx\/lasnoticias\/wp-content\/uploads\/2025\/06\/Imagen-de-WhatsApp-2025-06-09-a-las-13.20.34_a83deac4-scaled.jpg\" \/>\n\t<meta property=\"og:image:width\" content=\"2560\" \/>\n\t<meta property=\"og:image:height\" content=\"1707\" \/>\n\t<meta property=\"og:image:type\" content=\"image\/jpeg\" \/>\n<meta name=\"author\" content=\"AR\" \/>\n<meta name=\"twitter:card\" content=\"summary_large_image\" \/>\n<meta name=\"twitter:label1\" content=\"Escrito por\" \/>\n\t<meta name=\"twitter:data1\" content=\"AR\" \/>\n\t<meta name=\"twitter:label2\" content=\"Tiempo de lectura\" \/>\n\t<meta name=\"twitter:data2\" content=\"2 minutos\" \/>\n<script type=\"application\/ld+json\" class=\"yoast-schema-graph\">{\"@context\":\"https:\/\/schema.org\",\"@graph\":[{\"@type\":\"WebPage\",\"@id\":\"https:\/\/diarioabcdemichoacan.com.mx\/lasnoticias\/migrantes-mexicanos-son-importantes-para-eu-defenderemos-sus-derechos-moron\/\",\"url\":\"https:\/\/diarioabcdemichoacan.com.mx\/lasnoticias\/migrantes-mexicanos-son-importantes-para-eu-defenderemos-sus-derechos-moron\/\",\"name\":\"Migrantes mexicanos son importantes para EU; defenderemos sus derechos: Mor\u00f3n - Diario ABC de Michoac\u00e1n\",\"isPartOf\":{\"@id\":\"https:\/\/diarioabcdemichoacan.com.mx\/lasnoticias\/#website\"},\"primaryImageOfPage\":{\"@id\":\"https:\/\/diarioabcdemichoacan.com.mx\/lasnoticias\/migrantes-mexicanos-son-importantes-para-eu-defenderemos-sus-derechos-moron\/#primaryimage\"},\"image\":{\"@id\":\"https:\/\/diarioabcdemichoacan.com.mx\/lasnoticias\/migrantes-mexicanos-son-importantes-para-eu-defenderemos-sus-derechos-moron\/#primaryimage\"},\"thumbnailUrl\":\"https:\/\/diarioabcdemichoacan.com.mx\/lasnoticias\/wp-content\/uploads\/2025\/06\/Imagen-de-WhatsApp-2025-06-09-a-las-13.20.34_a83deac4-scaled.jpg\",\"datePublished\":\"2025-06-09T19:30:33+00:00\",\"dateModified\":\"2025-06-09T19:30:33+00:00\",\"author\":{\"@id\":\"https:\/\/diarioabcdemichoacan.com.mx\/lasnoticias\/#\/schema\/person\/19ae376040f6cbc489682ebdd8524852\"},\"breadcrumb\":{\"@id\":\"https:\/\/diarioabcdemichoacan.com.mx\/lasnoticias\/migrantes-mexicanos-son-importantes-para-eu-defenderemos-sus-derechos-moron\/#breadcrumb\"},\"inLanguage\":\"es\",\"potentialAction\":[{\"@type\":\"ReadAction\",\"target\":[\"https:\/\/diarioabcdemichoacan.com.mx\/lasnoticias\/migrantes-mexicanos-son-importantes-para-eu-defenderemos-sus-derechos-moron\/\"]}]},{\"@type\":\"ImageObject\",\"inLanguage\":\"es\",\"@id\":\"https:\/\/diarioabcdemichoacan.com.mx\/lasnoticias\/migrantes-mexicanos-son-importantes-para-eu-defenderemos-sus-derechos-moron\/#primaryimage\",\"url\":\"https:\/\/diarioabcdemichoacan.com.mx\/lasnoticias\/wp-content\/uploads\/2025\/06\/Imagen-de-WhatsApp-2025-06-09-a-las-13.20.34_a83deac4-scaled.jpg\",\"contentUrl\":\"https:\/\/diarioabcdemichoacan.com.mx\/lasnoticias\/wp-content\/uploads\/2025\/06\/Imagen-de-WhatsApp-2025-06-09-a-las-13.20.34_a83deac4-scaled.jpg\",\"width\":2560,\"height\":1707},{\"@type\":\"BreadcrumbList\",\"@id\":\"https:\/\/diarioabcdemichoacan.com.mx\/lasnoticias\/migrantes-mexicanos-son-importantes-para-eu-defenderemos-sus-derechos-moron\/#breadcrumb\",\"itemListElement\":[{\"@type\":\"ListItem\",\"position\":1,\"name\":\"Portada\",\"item\":\"https:\/\/diarioabcdemichoacan.com.mx\/lasnoticias\/\"},{\"@type\":\"ListItem\",\"position\":2,\"name\":\"Migrantes mexicanos son importantes para EU; defenderemos sus derechos: Mor\u00f3n\"}]},{\"@type\":\"WebSite\",\"@id\":\"https:\/\/diarioabcdemichoacan.com.mx\/lasnoticias\/#website\",\"url\":\"https:\/\/diarioabcdemichoacan.com.mx\/lasnoticias\/\",\"name\":\"Diario ABC de Michoac\u00e1n\",\"description\":\"Las noticias al momento\",\"potentialAction\":[{\"@type\":\"SearchAction\",\"target\":{\"@type\":\"EntryPoint\",\"urlTemplate\":\"https:\/\/diarioabcdemichoacan.com.mx\/lasnoticias\/?s={search_term_string}\"},\"query-input\":{\"@type\":\"PropertyValueSpecification\",\"valueRequired\":true,\"valueName\":\"search_term_string\"}}],\"inLanguage\":\"es\"},{\"@type\":\"Person\",\"@id\":\"https:\/\/diarioabcdemichoacan.com.mx\/lasnoticias\/#\/schema\/person\/19ae376040f6cbc489682ebdd8524852\",\"name\":\"AR\",\"image\":{\"@type\":\"ImageObject\",\"inLanguage\":\"es\",\"@id\":\"https:\/\/diarioabcdemichoacan.com.mx\/lasnoticias\/#\/schema\/person\/image\/\",\"url\":\"https:\/\/secure.gravatar.com\/avatar\/44eca2ff970262234e20e1e082872af0?s=96&d=mm&r=g\",\"contentUrl\":\"https:\/\/secure.gravatar.com\/avatar\/44eca2ff970262234e20e1e082872af0?s=96&d=mm&r=g\",\"caption\":\"AR\"},\"url\":\"https:\/\/diarioabcdemichoacan.com.mx\/lasnoticias\/author\/adrian\/\"}]}<\/script>\n<!-- \/ Yoast SEO plugin. -->","yoast_head_json":{"title":"Migrantes mexicanos son importantes para EU; defenderemos sus derechos: Mor\u00f3n - Diario ABC de Michoac\u00e1n","robots":{"index":"index","follow":"follow","max-snippet":"max-snippet:-1","max-image-preview":"max-image-preview:large","max-video-preview":"max-video-preview:-1"},"canonical":"https:\/\/diarioabcdemichoacan.com.mx\/lasnoticias\/migrantes-mexicanos-son-importantes-para-eu-defenderemos-sus-derechos-moron\/","og_locale":"es_ES","og_type":"article","og_title":"Migrantes mexicanos son importantes para EU; defenderemos sus derechos: Mor\u00f3n - Diario ABC de Michoac\u00e1n","og_description":"El senador de Morena conden\u00f3 categ\u00f3ricamente la violaci\u00f3n de los derechos humanos de las personas migrantes en California. &nbsp; Morelia, Mich.- \u00abLos migrantes mexicanos son importantes para la econom\u00eda de Estados Unidos y M\u00e9xico; desde el Senado de la Rep\u00fablica trabajaremos para defender sus derechos humanos y se atienda la migraci\u00f3n desde una perspectiva integral [&hellip;]","og_url":"https:\/\/diarioabcdemichoacan.com.mx\/lasnoticias\/migrantes-mexicanos-son-importantes-para-eu-defenderemos-sus-derechos-moron\/","og_site_name":"Diario ABC de Michoac\u00e1n","article_published_time":"2025-06-09T19:30:33+00:00","og_image":[{"width":2560,"height":1707,"url":"https:\/\/diarioabcdemichoacan.com.mx\/lasnoticias\/wp-content\/uploads\/2025\/06\/Imagen-de-WhatsApp-2025-06-09-a-las-13.20.34_a83deac4-scaled.jpg","type":"image\/jpeg"}],"author":"AR","twitter_card":"summary_large_image","twitter_misc":{"Escrito por":"AR","Tiempo de lectura":"2 minutos"},"schema":{"@context":"https:\/\/schema.org","@graph":[{"@type":"WebPage","@id":"https:\/\/diarioabcdemichoacan.com.mx\/lasnoticias\/migrantes-mexicanos-son-importantes-para-eu-defenderemos-sus-derechos-moron\/","url":"https:\/\/diarioabcdemichoacan.com.mx\/lasnoticias\/migrantes-mexicanos-son-importantes-para-eu-defenderemos-sus-derechos-moron\/","name":"Migrantes mexicanos son importantes para EU; defenderemos sus derechos: Mor\u00f3n - Diario ABC de Michoac\u00e1n","isPartOf":{"@id":"https:\/\/diarioabcdemichoacan.com.mx\/lasnoticias\/#website"},"primaryImageOfPage":{"@id":"https:\/\/diarioabcdemichoacan.com.mx\/lasnoticias\/migrantes-mexicanos-son-importantes-para-eu-defenderemos-sus-derechos-moron\/#primaryimage"},"image":{"@id":"https:\/\/diarioabcdemichoacan.com.mx\/lasnoticias\/migrantes-mexicanos-son-importantes-para-eu-defenderemos-sus-derechos-moron\/#primaryimage"},"thumbnailUrl":"https:\/\/diarioabcdemichoacan.com.mx\/lasnoticias\/wp-content\/uploads\/2025\/06\/Imagen-de-WhatsApp-2025-06-09-a-las-13.20.34_a83deac4-scaled.jpg","datePublished":"2025-06-09T19:30:33+00:00","dateModified":"2025-06-09T19:30:33+00:00","author":{"@id":"https:\/\/diarioabcdemichoacan.com.mx\/lasnoticias\/#\/schema\/person\/19ae376040f6cbc489682ebdd8524852"},"breadcrumb":{"@id":"https:\/\/diarioabcdemichoacan.com.mx\/lasnoticias\/migrantes-mexicanos-son-importantes-para-eu-defenderemos-sus-derechos-moron\/#breadcrumb"},"inLanguage":"es","potentialAction":[{"@type":"ReadAction","target":["https:\/\/diarioabcdemichoacan.com.mx\/lasnoticias\/migrantes-mexicanos-son-importantes-para-eu-defenderemos-sus-derechos-moron\/"]}]},{"@type":"ImageObject","inLanguage":"es","@id":"https:\/\/diarioabcdemichoacan.com.mx\/lasnoticias\/migrantes-mexicanos-son-importantes-para-eu-defenderemos-sus-derechos-moron\/#primaryimage","url":"https:\/\/diarioabcdemichoacan.com.mx\/lasnoticias\/wp-content\/uploads\/2025\/06\/Imagen-de-WhatsApp-2025-06-09-a-las-13.20.34_a83deac4-scaled.jpg","contentUrl":"https:\/\/diarioabcdemichoacan.com.mx\/lasnoticias\/wp-content\/uploads\/2025\/06\/Imagen-de-WhatsApp-2025-06-09-a-las-13.20.34_a83deac4-scaled.jpg","width":2560,"height":1707},{"@type":"BreadcrumbList","@id":"https:\/\/diarioabcdemichoacan.com.mx\/lasnoticias\/migrantes-mexicanos-son-importantes-para-eu-defenderemos-sus-derechos-moron\/#breadcrumb","itemListElement":[{"@type":"ListItem","position":1,"name":"Portada","item":"https:\/\/diarioabcdemichoacan.com.mx\/lasnoticias\/"},{"@type":"ListItem","position":2,"name":"Migrantes mexicanos son importantes para EU; defenderemos sus derechos: Mor\u00f3n"}]},{"@type":"WebSite","@id":"https:\/\/diarioabcdemichoacan.com.mx\/lasnoticias\/#website","url":"https:\/\/diarioabcdemichoacan.com.mx\/lasnoticias\/","name":"Diario ABC de Michoac\u00e1n","description":"Las noticias al momento","potentialAction":[{"@type":"SearchAction","target":{"@type":"EntryPoint","urlTemplate":"https:\/\/diarioabcdemichoacan.com.mx\/lasnoticias\/?s={search_term_string}"},"query-input":{"@type":"PropertyValueSpecification","valueRequired":true,"valueName":"search_term_string"}}],"inLanguage":"es"},{"@type":"Person","@id":"https:\/\/diarioabcdemichoacan.com.mx\/lasnoticias\/#\/schema\/person\/19ae376040f6cbc489682ebdd8524852","name":"AR","image":{"@type":"ImageObject","inLanguage":"es","@id":"https:\/\/diarioabcdemichoacan.com.mx\/lasnoticias\/#\/schema\/person\/image\/","url":"https:\/\/secure.gravatar.com\/avatar\/44eca2ff970262234e20e1e082872af0?s=96&d=mm&r=g","contentUrl":"https:\/\/secure.gravatar.com\/avatar\/44eca2ff970262234e20e1e082872af0?s=96&d=mm&r=g","caption":"AR"},"url":"https:\/\/diarioabcdemichoacan.com.mx\/lasnoticias\/author\/adrian\/"}]}},"_links":{"self":[{"href":"https:\/\/diarioabcdemichoacan.com.mx\/lasnoticias\/wp-json\/wp\/v2\/posts\/61924","targetHints":{"allow":["GET"]}}],"collection":[{"href":"https:\/\/diarioabcdemichoacan.com.mx\/lasnoticias\/wp-json\/wp\/v2\/posts"}],"about":[{"href":"https:\/\/diarioabcdemichoacan.com.mx\/lasnoticias\/wp-json\/wp\/v2\/types\/post"}],"author":[{"embeddable":true,"href":"https:\/\/diarioabcdemichoacan.com.mx\/lasnoticias\/wp-json\/wp\/v2\/users\/9"}],"replies":[{"embeddable":true,"href":"https:\/\/diarioabcdemichoacan.com.mx\/lasnoticias\/wp-json\/wp\/v2\/comments?post=61924"}],"version-history":[{"count":1,"href":"https:\/\/diarioabcdemichoacan.com.mx\/lasnoticias\/wp-json\/wp\/v2\/posts\/61924\/revisions"}],"predecessor-version":[{"id":61925,"href":"https:\/\/diarioabcdemichoacan.com.mx\/lasnoticias\/wp-json\/wp\/v2\/posts\/61924\/revisions\/61925"}],"wp:featuredmedia":[{"embeddable":true,"href":"https:\/\/diarioabcdemichoacan.com.mx\/lasnoticias\/wp-json\/wp\/v2\/media\/61918"}],"wp:attachment":[{"href":"https:\/\/diarioabcdemichoacan.com.mx\/lasnoticias\/wp-json\/wp\/v2\/media?parent=61924"}],"wp:term":[{"taxonomy":"category","embeddable":true,"href":"https:\/\/diarioabcdemichoacan.com.mx\/lasnoticias\/wp-json\/wp\/v2\/categories?post=61924"},{"taxonomy":"post_tag","embeddable":true,"href":"https:\/\/diarioabcdemichoacan.com.mx\/lasnoticias\/wp-json\/wp\/v2\/tags?post=61924"}],"curies":[{"name":"wp","href":"https:\/\/api.w.org\/{rel}","templated":true}]}}