{"id":61927,"date":"2025-06-09T14:10:36","date_gmt":"2025-06-09T20:10:36","guid":{"rendered":"https:\/\/diarioabcdemichoacan.com.mx\/lasnoticias\/?p=61927"},"modified":"2025-06-09T14:10:36","modified_gmt":"2025-06-09T20:10:36","slug":"alfonso-martines-a-favor-de-politica-de-seguridad-de-carlos-manzo","status":"publish","type":"post","link":"https:\/\/diarioabcdemichoacan.com.mx\/lasnoticias\/alfonso-martines-a-favor-de-politica-de-seguridad-de-carlos-manzo\/","title":{"rendered":"Alfonso Martines a favor de pol\u00edtica de seguridad de Carlos Manzo"},"content":{"rendered":"<h2>Se debe neutralizar a quienes hagan da\u00f1o a la ciudadan\u00eda<\/h2>\n<p>&nbsp;<\/p>\n<h6>Por Sara\u00ed Rangel<\/h6>\n<hr \/>\n<p>Morelia, Mich.- El alcalde de Uruapan, Carlos Manzo est\u00e1 haciendo una lucha presencial al frente de su polic\u00eda, \u201clo cual me parece muy v\u00e1lido\u201d, consider\u00f3 Alfonso Mart\u00ednez Alc\u00e1zar, presidente municipal de Morelia, al ser cuestionado sobre la pol\u00edtica de seguridad en la Perla del Cupatitzio de \u201cabatir a los criminales\u201d.<\/p>\n<p>\u201cEn nuestro pa\u00eds ya vimos que los abrazos y balazos no funcionario y yo creo que es importante que se proteja la integridad de los ciudadanos y los polic\u00edas, &#8211; apunt\u00f3- yo creo que la pol\u00edtica de c\u00f3mo veo doy, es muy v\u00e1lida, si los delincuentes disparan a los polic\u00edas o los ciudadanos es necesario neutralizarlos\u201d.<\/p>\n<p>Mart\u00ednez Alc\u00e1zar dijo coincidir con los dichos de Manzo, a quien consider\u00f3 han malinterpretado en sus dichos de abatir, \u201cse trata de neutralizar a quienes les est\u00e1n haciendo da\u00f1o a la ciudadan\u00eda, es lo que toda fuerza p\u00fablica debe hacer\u201d, apunt\u00f3.<\/p>\n<p>Recientemente el edil de Morelia visit\u00f3 Uruapan donde se reuni\u00f3 con su hom\u00f3logo para tomarse un caf\u00e9 en La Lucha, donde hablaron b\u00e1sicamente de pol\u00edtica; ante los cuestionamientos de la prensa que los ubican como rivales a la gubernatura de Michoac\u00e1n, Alfonso Mart\u00ednez, pidi\u00f3 esperar al 2027.<\/p>\n","protected":false},"excerpt":{"rendered":"<p>Se debe neutralizar a quienes hagan da\u00f1o a la ciudadan\u00eda &nbsp; Por Sara\u00ed Rangel Morelia, Mich.- El alcalde de Uruapan, Carlos Manzo est\u00e1 haciendo una lucha presencial al frente de su polic\u00eda, \u201clo cual me parece muy v\u00e1lido\u201d, consider\u00f3 Alfonso Mart\u00ednez Alc\u00e1zar, presidente municipal de Morelia, al ser cuestionado sobre la pol\u00edtica de seguridad en [&hellip;]<\/p>\n","protected":false},"author":9,"featured_media":61928,"comment_status":"closed","ping_status":"closed","sticky":false,"template":"","format":"standard","meta":{"footnotes":""},"categories":[30,28,25,27],"tags":[],"class_list":{"0":"post-61927","1":"post","2":"type-post","3":"status-publish","4":"format-standard","5":"has-post-thumbnail","7":"category-columnas","8":"category-politica","9":"category-seguridad","10":"category-slider"},"yoast_head":"<!-- This site is optimized with the Yoast SEO plugin v24.0 - https:\/\/yoast.com\/wordpress\/plugins\/seo\/ -->\n<title>Alfonso Martines a favor de pol\u00edtica de seguridad de Carlos Manzo - Diario ABC de Michoac\u00e1n<\/title>\n<meta name=\"robots\" content=\"index, follow, max-snippet:-1, max-image-preview:large, max-video-preview:-1\" \/>\n<link rel=\"canonical\" href=\"https:\/\/diarioabcdemichoacan.com.mx\/lasnoticias\/alfonso-martines-a-favor-de-politica-de-seguridad-de-carlos-manzo\/\" \/>\n<meta property=\"og:locale\" content=\"es_ES\" \/>\n<meta property=\"og:type\" content=\"article\" \/>\n<meta property=\"og:title\" content=\"Alfonso Martines a favor de pol\u00edtica de seguridad de Carlos Manzo - Diario ABC de Michoac\u00e1n\" \/>\n<meta property=\"og:description\" content=\"Se debe neutralizar a quienes hagan da\u00f1o a la ciudadan\u00eda &nbsp; Por Sara\u00ed Rangel Morelia, Mich.- El alcalde de Uruapan, Carlos Manzo est\u00e1 haciendo una lucha presencial al frente de su polic\u00eda, \u201clo cual me parece muy v\u00e1lido\u201d, consider\u00f3 Alfonso Mart\u00ednez Alc\u00e1zar, presidente municipal de Morelia, al ser cuestionado sobre la pol\u00edtica de seguridad en [&hellip;]\" \/>\n<meta property=\"og:url\" content=\"https:\/\/diarioabcdemichoacan.com.mx\/lasnoticias\/alfonso-martines-a-favor-de-politica-de-seguridad-de-carlos-manzo\/\" \/>\n<meta property=\"og:site_name\" content=\"Diario ABC de Michoac\u00e1n\" \/>\n<meta property=\"article:published_time\" content=\"2025-06-09T20:10:36+00:00\" \/>\n<meta property=\"og:image\" content=\"https:\/\/diarioabcdemichoacan.com.mx\/lasnoticias\/wp-content\/uploads\/2025\/06\/Imagen-de-WhatsApp-2025-06-09-a-las-13.54.43_4d1f0c5f.jpg\" \/>\n\t<meta property=\"og:image:width\" content=\"1155\" \/>\n\t<meta property=\"og:image:height\" content=\"799\" \/>\n\t<meta property=\"og:image:type\" content=\"image\/jpeg\" \/>\n<meta name=\"author\" content=\"AR\" \/>\n<meta name=\"twitter:card\" content=\"summary_large_image\" \/>\n<meta name=\"twitter:label1\" content=\"Escrito por\" \/>\n\t<meta name=\"twitter:data1\" content=\"AR\" \/>\n\t<meta name=\"twitter:label2\" content=\"Tiempo de lectura\" \/>\n\t<meta name=\"twitter:data2\" content=\"2 minutos\" \/>\n<script type=\"application\/ld+json\" class=\"yoast-schema-graph\">{\"@context\":\"https:\/\/schema.org\",\"@graph\":[{\"@type\":\"WebPage\",\"@id\":\"https:\/\/diarioabcdemichoacan.com.mx\/lasnoticias\/alfonso-martines-a-favor-de-politica-de-seguridad-de-carlos-manzo\/\",\"url\":\"https:\/\/diarioabcdemichoacan.com.mx\/lasnoticias\/alfonso-martines-a-favor-de-politica-de-seguridad-de-carlos-manzo\/\",\"name\":\"Alfonso Martines a favor de pol\u00edtica de seguridad de Carlos Manzo - Diario ABC de Michoac\u00e1n\",\"isPartOf\":{\"@id\":\"https:\/\/diarioabcdemichoacan.com.mx\/lasnoticias\/#website\"},\"primaryImageOfPage\":{\"@id\":\"https:\/\/diarioabcdemichoacan.com.mx\/lasnoticias\/alfonso-martines-a-favor-de-politica-de-seguridad-de-carlos-manzo\/#primaryimage\"},\"image\":{\"@id\":\"https:\/\/diarioabcdemichoacan.com.mx\/lasnoticias\/alfonso-martines-a-favor-de-politica-de-seguridad-de-carlos-manzo\/#primaryimage\"},\"thumbnailUrl\":\"https:\/\/diarioabcdemichoacan.com.mx\/lasnoticias\/wp-content\/uploads\/2025\/06\/Imagen-de-WhatsApp-2025-06-09-a-las-13.54.43_4d1f0c5f.jpg\",\"datePublished\":\"2025-06-09T20:10:36+00:00\",\"dateModified\":\"2025-06-09T20:10:36+00:00\",\"author\":{\"@id\":\"https:\/\/diarioabcdemichoacan.com.mx\/lasnoticias\/#\/schema\/person\/19ae376040f6cbc489682ebdd8524852\"},\"breadcrumb\":{\"@id\":\"https:\/\/diarioabcdemichoacan.com.mx\/lasnoticias\/alfonso-martines-a-favor-de-politica-de-seguridad-de-carlos-manzo\/#breadcrumb\"},\"inLanguage\":\"es\",\"potentialAction\":[{\"@type\":\"ReadAction\",\"target\":[\"https:\/\/diarioabcdemichoacan.com.mx\/lasnoticias\/alfonso-martines-a-favor-de-politica-de-seguridad-de-carlos-manzo\/\"]}]},{\"@type\":\"ImageObject\",\"inLanguage\":\"es\",\"@id\":\"https:\/\/diarioabcdemichoacan.com.mx\/lasnoticias\/alfonso-martines-a-favor-de-politica-de-seguridad-de-carlos-manzo\/#primaryimage\",\"url\":\"https:\/\/diarioabcdemichoacan.com.mx\/lasnoticias\/wp-content\/uploads\/2025\/06\/Imagen-de-WhatsApp-2025-06-09-a-las-13.54.43_4d1f0c5f.jpg\",\"contentUrl\":\"https:\/\/diarioabcdemichoacan.com.mx\/lasnoticias\/wp-content\/uploads\/2025\/06\/Imagen-de-WhatsApp-2025-06-09-a-las-13.54.43_4d1f0c5f.jpg\",\"width\":1155,\"height\":799},{\"@type\":\"BreadcrumbList\",\"@id\":\"https:\/\/diarioabcdemichoacan.com.mx\/lasnoticias\/alfonso-martines-a-favor-de-politica-de-seguridad-de-carlos-manzo\/#breadcrumb\",\"itemListElement\":[{\"@type\":\"ListItem\",\"position\":1,\"name\":\"Portada\",\"item\":\"https:\/\/diarioabcdemichoacan.com.mx\/lasnoticias\/\"},{\"@type\":\"ListItem\",\"position\":2,\"name\":\"Alfonso Martines a favor de pol\u00edtica de seguridad de Carlos Manzo\"}]},{\"@type\":\"WebSite\",\"@id\":\"https:\/\/diarioabcdemichoacan.com.mx\/lasnoticias\/#website\",\"url\":\"https:\/\/diarioabcdemichoacan.com.mx\/lasnoticias\/\",\"name\":\"Diario ABC de Michoac\u00e1n\",\"description\":\"Las noticias al momento\",\"potentialAction\":[{\"@type\":\"SearchAction\",\"target\":{\"@type\":\"EntryPoint\",\"urlTemplate\":\"https:\/\/diarioabcdemichoacan.com.mx\/lasnoticias\/?s={search_term_string}\"},\"query-input\":{\"@type\":\"PropertyValueSpecification\",\"valueRequired\":true,\"valueName\":\"search_term_string\"}}],\"inLanguage\":\"es\"},{\"@type\":\"Person\",\"@id\":\"https:\/\/diarioabcdemichoacan.com.mx\/lasnoticias\/#\/schema\/person\/19ae376040f6cbc489682ebdd8524852\",\"name\":\"AR\",\"image\":{\"@type\":\"ImageObject\",\"inLanguage\":\"es\",\"@id\":\"https:\/\/diarioabcdemichoacan.com.mx\/lasnoticias\/#\/schema\/person\/image\/\",\"url\":\"https:\/\/secure.gravatar.com\/avatar\/44eca2ff970262234e20e1e082872af0?s=96&d=mm&r=g\",\"contentUrl\":\"https:\/\/secure.gravatar.com\/avatar\/44eca2ff970262234e20e1e082872af0?s=96&d=mm&r=g\",\"caption\":\"AR\"},\"url\":\"https:\/\/diarioabcdemichoacan.com.mx\/lasnoticias\/author\/adrian\/\"}]}<\/script>\n<!-- \/ Yoast SEO plugin. -->","yoast_head_json":{"title":"Alfonso Martines a favor de pol\u00edtica de seguridad de Carlos Manzo - Diario ABC de Michoac\u00e1n","robots":{"index":"index","follow":"follow","max-snippet":"max-snippet:-1","max-image-preview":"max-image-preview:large","max-video-preview":"max-video-preview:-1"},"canonical":"https:\/\/diarioabcdemichoacan.com.mx\/lasnoticias\/alfonso-martines-a-favor-de-politica-de-seguridad-de-carlos-manzo\/","og_locale":"es_ES","og_type":"article","og_title":"Alfonso Martines a favor de pol\u00edtica de seguridad de Carlos Manzo - Diario ABC de Michoac\u00e1n","og_description":"Se debe neutralizar a quienes hagan da\u00f1o a la ciudadan\u00eda &nbsp; Por Sara\u00ed Rangel Morelia, Mich.- El alcalde de Uruapan, Carlos Manzo est\u00e1 haciendo una lucha presencial al frente de su polic\u00eda, \u201clo cual me parece muy v\u00e1lido\u201d, consider\u00f3 Alfonso Mart\u00ednez Alc\u00e1zar, presidente municipal de Morelia, al ser cuestionado sobre la pol\u00edtica de seguridad en [&hellip;]","og_url":"https:\/\/diarioabcdemichoacan.com.mx\/lasnoticias\/alfonso-martines-a-favor-de-politica-de-seguridad-de-carlos-manzo\/","og_site_name":"Diario ABC de Michoac\u00e1n","article_published_time":"2025-06-09T20:10:36+00:00","og_image":[{"width":1155,"height":799,"url":"https:\/\/diarioabcdemichoacan.com.mx\/lasnoticias\/wp-content\/uploads\/2025\/06\/Imagen-de-WhatsApp-2025-06-09-a-las-13.54.43_4d1f0c5f.jpg","type":"image\/jpeg"}],"author":"AR","twitter_card":"summary_large_image","twitter_misc":{"Escrito por":"AR","Tiempo de lectura":"2 minutos"},"schema":{"@context":"https:\/\/schema.org","@graph":[{"@type":"WebPage","@id":"https:\/\/diarioabcdemichoacan.com.mx\/lasnoticias\/alfonso-martines-a-favor-de-politica-de-seguridad-de-carlos-manzo\/","url":"https:\/\/diarioabcdemichoacan.com.mx\/lasnoticias\/alfonso-martines-a-favor-de-politica-de-seguridad-de-carlos-manzo\/","name":"Alfonso Martines a favor de pol\u00edtica de seguridad de Carlos Manzo - Diario ABC de Michoac\u00e1n","isPartOf":{"@id":"https:\/\/diarioabcdemichoacan.com.mx\/lasnoticias\/#website"},"primaryImageOfPage":{"@id":"https:\/\/diarioabcdemichoacan.com.mx\/lasnoticias\/alfonso-martines-a-favor-de-politica-de-seguridad-de-carlos-manzo\/#primaryimage"},"image":{"@id":"https:\/\/diarioabcdemichoacan.com.mx\/lasnoticias\/alfonso-martines-a-favor-de-politica-de-seguridad-de-carlos-manzo\/#primaryimage"},"thumbnailUrl":"https:\/\/diarioabcdemichoacan.com.mx\/lasnoticias\/wp-content\/uploads\/2025\/06\/Imagen-de-WhatsApp-2025-06-09-a-las-13.54.43_4d1f0c5f.jpg","datePublished":"2025-06-09T20:10:36+00:00","dateModified":"2025-06-09T20:10:36+00:00","author":{"@id":"https:\/\/diarioabcdemichoacan.com.mx\/lasnoticias\/#\/schema\/person\/19ae376040f6cbc489682ebdd8524852"},"breadcrumb":{"@id":"https:\/\/diarioabcdemichoacan.com.mx\/lasnoticias\/alfonso-martines-a-favor-de-politica-de-seguridad-de-carlos-manzo\/#breadcrumb"},"inLanguage":"es","potentialAction":[{"@type":"ReadAction","target":["https:\/\/diarioabcdemichoacan.com.mx\/lasnoticias\/alfonso-martines-a-favor-de-politica-de-seguridad-de-carlos-manzo\/"]}]},{"@type":"ImageObject","inLanguage":"es","@id":"https:\/\/diarioabcdemichoacan.com.mx\/lasnoticias\/alfonso-martines-a-favor-de-politica-de-seguridad-de-carlos-manzo\/#primaryimage","url":"https:\/\/diarioabcdemichoacan.com.mx\/lasnoticias\/wp-content\/uploads\/2025\/06\/Imagen-de-WhatsApp-2025-06-09-a-las-13.54.43_4d1f0c5f.jpg","contentUrl":"https:\/\/diarioabcdemichoacan.com.mx\/lasnoticias\/wp-content\/uploads\/2025\/06\/Imagen-de-WhatsApp-2025-06-09-a-las-13.54.43_4d1f0c5f.jpg","width":1155,"height":799},{"@type":"BreadcrumbList","@id":"https:\/\/diarioabcdemichoacan.com.mx\/lasnoticias\/alfonso-martines-a-favor-de-politica-de-seguridad-de-carlos-manzo\/#breadcrumb","itemListElement":[{"@type":"ListItem","position":1,"name":"Portada","item":"https:\/\/diarioabcdemichoacan.com.mx\/lasnoticias\/"},{"@type":"ListItem","position":2,"name":"Alfonso Martines a favor de pol\u00edtica de seguridad de Carlos Manzo"}]},{"@type":"WebSite","@id":"https:\/\/diarioabcdemichoacan.com.mx\/lasnoticias\/#website","url":"https:\/\/diarioabcdemichoacan.com.mx\/lasnoticias\/","name":"Diario ABC de Michoac\u00e1n","description":"Las noticias al momento","potentialAction":[{"@type":"SearchAction","target":{"@type":"EntryPoint","urlTemplate":"https:\/\/diarioabcdemichoacan.com.mx\/lasnoticias\/?s={search_term_string}"},"query-input":{"@type":"PropertyValueSpecification","valueRequired":true,"valueName":"search_term_string"}}],"inLanguage":"es"},{"@type":"Person","@id":"https:\/\/diarioabcdemichoacan.com.mx\/lasnoticias\/#\/schema\/person\/19ae376040f6cbc489682ebdd8524852","name":"AR","image":{"@type":"ImageObject","inLanguage":"es","@id":"https:\/\/diarioabcdemichoacan.com.mx\/lasnoticias\/#\/schema\/person\/image\/","url":"https:\/\/secure.gravatar.com\/avatar\/44eca2ff970262234e20e1e082872af0?s=96&d=mm&r=g","contentUrl":"https:\/\/secure.gravatar.com\/avatar\/44eca2ff970262234e20e1e082872af0?s=96&d=mm&r=g","caption":"AR"},"url":"https:\/\/diarioabcdemichoacan.com.mx\/lasnoticias\/author\/adrian\/"}]}},"_links":{"self":[{"href":"https:\/\/diarioabcdemichoacan.com.mx\/lasnoticias\/wp-json\/wp\/v2\/posts\/61927","targetHints":{"allow":["GET"]}}],"collection":[{"href":"https:\/\/diarioabcdemichoacan.com.mx\/lasnoticias\/wp-json\/wp\/v2\/posts"}],"about":[{"href":"https:\/\/diarioabcdemichoacan.com.mx\/lasnoticias\/wp-json\/wp\/v2\/types\/post"}],"author":[{"embeddable":true,"href":"https:\/\/diarioabcdemichoacan.com.mx\/lasnoticias\/wp-json\/wp\/v2\/users\/9"}],"replies":[{"embeddable":true,"href":"https:\/\/diarioabcdemichoacan.com.mx\/lasnoticias\/wp-json\/wp\/v2\/comments?post=61927"}],"version-history":[{"count":1,"href":"https:\/\/diarioabcdemichoacan.com.mx\/lasnoticias\/wp-json\/wp\/v2\/posts\/61927\/revisions"}],"predecessor-version":[{"id":61929,"href":"https:\/\/diarioabcdemichoacan.com.mx\/lasnoticias\/wp-json\/wp\/v2\/posts\/61927\/revisions\/61929"}],"wp:featuredmedia":[{"embeddable":true,"href":"https:\/\/diarioabcdemichoacan.com.mx\/lasnoticias\/wp-json\/wp\/v2\/media\/61928"}],"wp:attachment":[{"href":"https:\/\/diarioabcdemichoacan.com.mx\/lasnoticias\/wp-json\/wp\/v2\/media?parent=61927"}],"wp:term":[{"taxonomy":"category","embeddable":true,"href":"https:\/\/diarioabcdemichoacan.com.mx\/lasnoticias\/wp-json\/wp\/v2\/categories?post=61927"},{"taxonomy":"post_tag","embeddable":true,"href":"https:\/\/diarioabcdemichoacan.com.mx\/lasnoticias\/wp-json\/wp\/v2\/tags?post=61927"}],"curies":[{"name":"wp","href":"https:\/\/api.w.org\/{rel}","templated":true}]}}