{"id":65393,"date":"2025-07-21T15:27:55","date_gmt":"2025-07-21T21:27:55","guid":{"rendered":"https:\/\/diarioabcdemichoacan.com.mx\/lasnoticias\/?p=65393"},"modified":"2025-07-21T15:27:55","modified_gmt":"2025-07-21T21:27:55","slug":"arranca-reforestacion-por-aire-con-drones-se-lanzaran-mas-de-200-mil-semillas-bedolla","status":"publish","type":"post","link":"https:\/\/diarioabcdemichoacan.com.mx\/lasnoticias\/arranca-reforestacion-por-aire-con-drones-se-lanzaran-mas-de-200-mil-semillas-bedolla\/","title":{"rendered":"Arranca reforestaci\u00f3n por aire; con drones se lanzar\u00e1n m\u00e1s de 200 mil semillas: Bedolla"},"content":{"rendered":"<h2>Sobre m\u00e1s de 50 hect\u00e1reas afectadas por incendios forestales<\/h2>\n<p>&nbsp;<\/p>\n<hr \/>\n<p>Morelia, Mich.- Como parte de la campa\u00f1a de reforestaci\u00f3n 2025 \u201cSembremos el futuro\u201d, arranc\u00f3 la dispersi\u00f3n de 200 miles de semillas de \u00e1rbol pregerminadas en zonas afectadas por incendios forestales, mediante el uso de drones, inform\u00f3 el gobernador Alfredo Ram\u00edrez Bedolla.<\/p>\n<p>En conferencia de prensa, el mandatario explic\u00f3 que, a trav\u00e9s de la Comisi\u00f3n Forestal de Michoac\u00e1n (Cofom), durante los meses de julio y agosto se atender\u00e1n en el estado 14 zonas afectadas por incendios forestales para contribuir a la restauraci\u00f3n de m\u00e1s de 50 hect\u00e1reas.<\/p>\n<p>Detall\u00f3 que se sembrar\u00e1n 10 diferentes especies de \u00e1rboles, acciones a las que dar\u00e1n seguimiento investigadores de la Universidad Michoacana de San Nicolas de Hidalgo (UMSNH) para la obtenci\u00f3n de datos que permitan medir la efectividad de esta innovadora t\u00e9cnica y, a la par, desarrollar proyectos de investigaci\u00f3n aplicada.<\/p>\n<p>El secretario de Medio Ambiente, Alejandro M\u00e9ndez L\u00f3pez, expuso que el primer punto atendido fue en el ejido de La Cofrad\u00eda, en el municipio de Zacapu, donde el pasado 18 de julio se dispersaron sobre una superficie de cuatro hect\u00e1reas 16 mil semillas pregerminadas de tres diferentes especies de \u00e1rboles.<\/p>\n<p>Precis\u00f3 que se trata de un programa piloto, que forma parte de la campa\u00f1a de reforestaci\u00f3n 2025, cuya meta para este a\u00f1o es plantar 10 millones de \u00e1rboles, principalmente en cuencas de r\u00edos y lagos, \u00c1reas Naturales Protegidas (ANP), y zonas afectadas por incendios forestales.<\/p>\n","protected":false},"excerpt":{"rendered":"<p>Sobre m\u00e1s de 50 hect\u00e1reas afectadas por incendios forestales &nbsp; Morelia, Mich.- Como parte de la campa\u00f1a de reforestaci\u00f3n 2025 \u201cSembremos el futuro\u201d, arranc\u00f3 la dispersi\u00f3n de 200 miles de semillas de \u00e1rbol pregerminadas en zonas afectadas por incendios forestales, mediante el uso de drones, inform\u00f3 el gobernador Alfredo Ram\u00edrez Bedolla. En conferencia de prensa, [&hellip;]<\/p>\n","protected":false},"author":9,"featured_media":65394,"comment_status":"closed","ping_status":"closed","sticky":false,"template":"","format":"standard","meta":{"footnotes":""},"categories":[10,17,28,27],"tags":[],"class_list":{"0":"post-65393","1":"post","2":"type-post","3":"status-publish","4":"format-standard","5":"has-post-thumbnail","7":"category-estado","8":"category-gobierno-de-michoacan","9":"category-politica","10":"category-slider"},"yoast_head":"<!-- This site is optimized with the Yoast SEO plugin v24.0 - https:\/\/yoast.com\/wordpress\/plugins\/seo\/ -->\n<title>Arranca reforestaci\u00f3n por aire; con drones se lanzar\u00e1n m\u00e1s de 200 mil semillas: Bedolla - Diario ABC de Michoac\u00e1n<\/title>\n<meta name=\"robots\" content=\"index, follow, max-snippet:-1, max-image-preview:large, max-video-preview:-1\" \/>\n<link rel=\"canonical\" href=\"https:\/\/diarioabcdemichoacan.com.mx\/lasnoticias\/arranca-reforestacion-por-aire-con-drones-se-lanzaran-mas-de-200-mil-semillas-bedolla\/\" \/>\n<meta property=\"og:locale\" content=\"es_ES\" \/>\n<meta property=\"og:type\" content=\"article\" \/>\n<meta property=\"og:title\" content=\"Arranca reforestaci\u00f3n por aire; con drones se lanzar\u00e1n m\u00e1s de 200 mil semillas: Bedolla - Diario ABC de Michoac\u00e1n\" \/>\n<meta property=\"og:description\" content=\"Sobre m\u00e1s de 50 hect\u00e1reas afectadas por incendios forestales &nbsp; Morelia, Mich.- Como parte de la campa\u00f1a de reforestaci\u00f3n 2025 \u201cSembremos el futuro\u201d, arranc\u00f3 la dispersi\u00f3n de 200 miles de semillas de \u00e1rbol pregerminadas en zonas afectadas por incendios forestales, mediante el uso de drones, inform\u00f3 el gobernador Alfredo Ram\u00edrez Bedolla. En conferencia de prensa, [&hellip;]\" \/>\n<meta property=\"og:url\" content=\"https:\/\/diarioabcdemichoacan.com.mx\/lasnoticias\/arranca-reforestacion-por-aire-con-drones-se-lanzaran-mas-de-200-mil-semillas-bedolla\/\" \/>\n<meta property=\"og:site_name\" content=\"Diario ABC de Michoac\u00e1n\" \/>\n<meta property=\"article:published_time\" content=\"2025-07-21T21:27:55+00:00\" \/>\n<meta property=\"og:image\" content=\"https:\/\/diarioabcdemichoacan.com.mx\/lasnoticias\/wp-content\/uploads\/2025\/07\/Imagen-de-WhatsApp-2025-07-21-a-las-12.44.00_c2dca7ee.jpg\" \/>\n\t<meta property=\"og:image:width\" content=\"1170\" \/>\n\t<meta property=\"og:image:height\" content=\"637\" \/>\n\t<meta property=\"og:image:type\" content=\"image\/jpeg\" \/>\n<meta name=\"author\" content=\"AR\" \/>\n<meta name=\"twitter:card\" content=\"summary_large_image\" \/>\n<meta name=\"twitter:label1\" content=\"Escrito por\" \/>\n\t<meta name=\"twitter:data1\" content=\"AR\" \/>\n\t<meta name=\"twitter:label2\" content=\"Tiempo de lectura\" \/>\n\t<meta name=\"twitter:data2\" content=\"2 minutos\" \/>\n<script type=\"application\/ld+json\" class=\"yoast-schema-graph\">{\"@context\":\"https:\/\/schema.org\",\"@graph\":[{\"@type\":\"WebPage\",\"@id\":\"https:\/\/diarioabcdemichoacan.com.mx\/lasnoticias\/arranca-reforestacion-por-aire-con-drones-se-lanzaran-mas-de-200-mil-semillas-bedolla\/\",\"url\":\"https:\/\/diarioabcdemichoacan.com.mx\/lasnoticias\/arranca-reforestacion-por-aire-con-drones-se-lanzaran-mas-de-200-mil-semillas-bedolla\/\",\"name\":\"Arranca reforestaci\u00f3n por aire; con drones se lanzar\u00e1n m\u00e1s de 200 mil semillas: Bedolla - Diario ABC de Michoac\u00e1n\",\"isPartOf\":{\"@id\":\"https:\/\/diarioabcdemichoacan.com.mx\/lasnoticias\/#website\"},\"primaryImageOfPage\":{\"@id\":\"https:\/\/diarioabcdemichoacan.com.mx\/lasnoticias\/arranca-reforestacion-por-aire-con-drones-se-lanzaran-mas-de-200-mil-semillas-bedolla\/#primaryimage\"},\"image\":{\"@id\":\"https:\/\/diarioabcdemichoacan.com.mx\/lasnoticias\/arranca-reforestacion-por-aire-con-drones-se-lanzaran-mas-de-200-mil-semillas-bedolla\/#primaryimage\"},\"thumbnailUrl\":\"https:\/\/diarioabcdemichoacan.com.mx\/lasnoticias\/wp-content\/uploads\/2025\/07\/Imagen-de-WhatsApp-2025-07-21-a-las-12.44.00_c2dca7ee.jpg\",\"datePublished\":\"2025-07-21T21:27:55+00:00\",\"dateModified\":\"2025-07-21T21:27:55+00:00\",\"author\":{\"@id\":\"https:\/\/diarioabcdemichoacan.com.mx\/lasnoticias\/#\/schema\/person\/19ae376040f6cbc489682ebdd8524852\"},\"breadcrumb\":{\"@id\":\"https:\/\/diarioabcdemichoacan.com.mx\/lasnoticias\/arranca-reforestacion-por-aire-con-drones-se-lanzaran-mas-de-200-mil-semillas-bedolla\/#breadcrumb\"},\"inLanguage\":\"es\",\"potentialAction\":[{\"@type\":\"ReadAction\",\"target\":[\"https:\/\/diarioabcdemichoacan.com.mx\/lasnoticias\/arranca-reforestacion-por-aire-con-drones-se-lanzaran-mas-de-200-mil-semillas-bedolla\/\"]}]},{\"@type\":\"ImageObject\",\"inLanguage\":\"es\",\"@id\":\"https:\/\/diarioabcdemichoacan.com.mx\/lasnoticias\/arranca-reforestacion-por-aire-con-drones-se-lanzaran-mas-de-200-mil-semillas-bedolla\/#primaryimage\",\"url\":\"https:\/\/diarioabcdemichoacan.com.mx\/lasnoticias\/wp-content\/uploads\/2025\/07\/Imagen-de-WhatsApp-2025-07-21-a-las-12.44.00_c2dca7ee.jpg\",\"contentUrl\":\"https:\/\/diarioabcdemichoacan.com.mx\/lasnoticias\/wp-content\/uploads\/2025\/07\/Imagen-de-WhatsApp-2025-07-21-a-las-12.44.00_c2dca7ee.jpg\",\"width\":1170,\"height\":637},{\"@type\":\"BreadcrumbList\",\"@id\":\"https:\/\/diarioabcdemichoacan.com.mx\/lasnoticias\/arranca-reforestacion-por-aire-con-drones-se-lanzaran-mas-de-200-mil-semillas-bedolla\/#breadcrumb\",\"itemListElement\":[{\"@type\":\"ListItem\",\"position\":1,\"name\":\"Portada\",\"item\":\"https:\/\/diarioabcdemichoacan.com.mx\/lasnoticias\/\"},{\"@type\":\"ListItem\",\"position\":2,\"name\":\"Arranca reforestaci\u00f3n por aire; con drones se lanzar\u00e1n m\u00e1s de 200 mil semillas: Bedolla\"}]},{\"@type\":\"WebSite\",\"@id\":\"https:\/\/diarioabcdemichoacan.com.mx\/lasnoticias\/#website\",\"url\":\"https:\/\/diarioabcdemichoacan.com.mx\/lasnoticias\/\",\"name\":\"Diario ABC de Michoac\u00e1n\",\"description\":\"Las noticias al momento\",\"potentialAction\":[{\"@type\":\"SearchAction\",\"target\":{\"@type\":\"EntryPoint\",\"urlTemplate\":\"https:\/\/diarioabcdemichoacan.com.mx\/lasnoticias\/?s={search_term_string}\"},\"query-input\":{\"@type\":\"PropertyValueSpecification\",\"valueRequired\":true,\"valueName\":\"search_term_string\"}}],\"inLanguage\":\"es\"},{\"@type\":\"Person\",\"@id\":\"https:\/\/diarioabcdemichoacan.com.mx\/lasnoticias\/#\/schema\/person\/19ae376040f6cbc489682ebdd8524852\",\"name\":\"AR\",\"image\":{\"@type\":\"ImageObject\",\"inLanguage\":\"es\",\"@id\":\"https:\/\/diarioabcdemichoacan.com.mx\/lasnoticias\/#\/schema\/person\/image\/\",\"url\":\"https:\/\/secure.gravatar.com\/avatar\/44eca2ff970262234e20e1e082872af0?s=96&d=mm&r=g\",\"contentUrl\":\"https:\/\/secure.gravatar.com\/avatar\/44eca2ff970262234e20e1e082872af0?s=96&d=mm&r=g\",\"caption\":\"AR\"},\"url\":\"https:\/\/diarioabcdemichoacan.com.mx\/lasnoticias\/author\/adrian\/\"}]}<\/script>\n<!-- \/ Yoast SEO plugin. -->","yoast_head_json":{"title":"Arranca reforestaci\u00f3n por aire; con drones se lanzar\u00e1n m\u00e1s de 200 mil semillas: Bedolla - Diario ABC de Michoac\u00e1n","robots":{"index":"index","follow":"follow","max-snippet":"max-snippet:-1","max-image-preview":"max-image-preview:large","max-video-preview":"max-video-preview:-1"},"canonical":"https:\/\/diarioabcdemichoacan.com.mx\/lasnoticias\/arranca-reforestacion-por-aire-con-drones-se-lanzaran-mas-de-200-mil-semillas-bedolla\/","og_locale":"es_ES","og_type":"article","og_title":"Arranca reforestaci\u00f3n por aire; con drones se lanzar\u00e1n m\u00e1s de 200 mil semillas: Bedolla - Diario ABC de Michoac\u00e1n","og_description":"Sobre m\u00e1s de 50 hect\u00e1reas afectadas por incendios forestales &nbsp; Morelia, Mich.- Como parte de la campa\u00f1a de reforestaci\u00f3n 2025 \u201cSembremos el futuro\u201d, arranc\u00f3 la dispersi\u00f3n de 200 miles de semillas de \u00e1rbol pregerminadas en zonas afectadas por incendios forestales, mediante el uso de drones, inform\u00f3 el gobernador Alfredo Ram\u00edrez Bedolla. En conferencia de prensa, [&hellip;]","og_url":"https:\/\/diarioabcdemichoacan.com.mx\/lasnoticias\/arranca-reforestacion-por-aire-con-drones-se-lanzaran-mas-de-200-mil-semillas-bedolla\/","og_site_name":"Diario ABC de Michoac\u00e1n","article_published_time":"2025-07-21T21:27:55+00:00","og_image":[{"width":1170,"height":637,"url":"https:\/\/diarioabcdemichoacan.com.mx\/lasnoticias\/wp-content\/uploads\/2025\/07\/Imagen-de-WhatsApp-2025-07-21-a-las-12.44.00_c2dca7ee.jpg","type":"image\/jpeg"}],"author":"AR","twitter_card":"summary_large_image","twitter_misc":{"Escrito por":"AR","Tiempo de lectura":"2 minutos"},"schema":{"@context":"https:\/\/schema.org","@graph":[{"@type":"WebPage","@id":"https:\/\/diarioabcdemichoacan.com.mx\/lasnoticias\/arranca-reforestacion-por-aire-con-drones-se-lanzaran-mas-de-200-mil-semillas-bedolla\/","url":"https:\/\/diarioabcdemichoacan.com.mx\/lasnoticias\/arranca-reforestacion-por-aire-con-drones-se-lanzaran-mas-de-200-mil-semillas-bedolla\/","name":"Arranca reforestaci\u00f3n por aire; con drones se lanzar\u00e1n m\u00e1s de 200 mil semillas: Bedolla - Diario ABC de Michoac\u00e1n","isPartOf":{"@id":"https:\/\/diarioabcdemichoacan.com.mx\/lasnoticias\/#website"},"primaryImageOfPage":{"@id":"https:\/\/diarioabcdemichoacan.com.mx\/lasnoticias\/arranca-reforestacion-por-aire-con-drones-se-lanzaran-mas-de-200-mil-semillas-bedolla\/#primaryimage"},"image":{"@id":"https:\/\/diarioabcdemichoacan.com.mx\/lasnoticias\/arranca-reforestacion-por-aire-con-drones-se-lanzaran-mas-de-200-mil-semillas-bedolla\/#primaryimage"},"thumbnailUrl":"https:\/\/diarioabcdemichoacan.com.mx\/lasnoticias\/wp-content\/uploads\/2025\/07\/Imagen-de-WhatsApp-2025-07-21-a-las-12.44.00_c2dca7ee.jpg","datePublished":"2025-07-21T21:27:55+00:00","dateModified":"2025-07-21T21:27:55+00:00","author":{"@id":"https:\/\/diarioabcdemichoacan.com.mx\/lasnoticias\/#\/schema\/person\/19ae376040f6cbc489682ebdd8524852"},"breadcrumb":{"@id":"https:\/\/diarioabcdemichoacan.com.mx\/lasnoticias\/arranca-reforestacion-por-aire-con-drones-se-lanzaran-mas-de-200-mil-semillas-bedolla\/#breadcrumb"},"inLanguage":"es","potentialAction":[{"@type":"ReadAction","target":["https:\/\/diarioabcdemichoacan.com.mx\/lasnoticias\/arranca-reforestacion-por-aire-con-drones-se-lanzaran-mas-de-200-mil-semillas-bedolla\/"]}]},{"@type":"ImageObject","inLanguage":"es","@id":"https:\/\/diarioabcdemichoacan.com.mx\/lasnoticias\/arranca-reforestacion-por-aire-con-drones-se-lanzaran-mas-de-200-mil-semillas-bedolla\/#primaryimage","url":"https:\/\/diarioabcdemichoacan.com.mx\/lasnoticias\/wp-content\/uploads\/2025\/07\/Imagen-de-WhatsApp-2025-07-21-a-las-12.44.00_c2dca7ee.jpg","contentUrl":"https:\/\/diarioabcdemichoacan.com.mx\/lasnoticias\/wp-content\/uploads\/2025\/07\/Imagen-de-WhatsApp-2025-07-21-a-las-12.44.00_c2dca7ee.jpg","width":1170,"height":637},{"@type":"BreadcrumbList","@id":"https:\/\/diarioabcdemichoacan.com.mx\/lasnoticias\/arranca-reforestacion-por-aire-con-drones-se-lanzaran-mas-de-200-mil-semillas-bedolla\/#breadcrumb","itemListElement":[{"@type":"ListItem","position":1,"name":"Portada","item":"https:\/\/diarioabcdemichoacan.com.mx\/lasnoticias\/"},{"@type":"ListItem","position":2,"name":"Arranca reforestaci\u00f3n por aire; con drones se lanzar\u00e1n m\u00e1s de 200 mil semillas: Bedolla"}]},{"@type":"WebSite","@id":"https:\/\/diarioabcdemichoacan.com.mx\/lasnoticias\/#website","url":"https:\/\/diarioabcdemichoacan.com.mx\/lasnoticias\/","name":"Diario ABC de Michoac\u00e1n","description":"Las noticias al momento","potentialAction":[{"@type":"SearchAction","target":{"@type":"EntryPoint","urlTemplate":"https:\/\/diarioabcdemichoacan.com.mx\/lasnoticias\/?s={search_term_string}"},"query-input":{"@type":"PropertyValueSpecification","valueRequired":true,"valueName":"search_term_string"}}],"inLanguage":"es"},{"@type":"Person","@id":"https:\/\/diarioabcdemichoacan.com.mx\/lasnoticias\/#\/schema\/person\/19ae376040f6cbc489682ebdd8524852","name":"AR","image":{"@type":"ImageObject","inLanguage":"es","@id":"https:\/\/diarioabcdemichoacan.com.mx\/lasnoticias\/#\/schema\/person\/image\/","url":"https:\/\/secure.gravatar.com\/avatar\/44eca2ff970262234e20e1e082872af0?s=96&d=mm&r=g","contentUrl":"https:\/\/secure.gravatar.com\/avatar\/44eca2ff970262234e20e1e082872af0?s=96&d=mm&r=g","caption":"AR"},"url":"https:\/\/diarioabcdemichoacan.com.mx\/lasnoticias\/author\/adrian\/"}]}},"_links":{"self":[{"href":"https:\/\/diarioabcdemichoacan.com.mx\/lasnoticias\/wp-json\/wp\/v2\/posts\/65393","targetHints":{"allow":["GET"]}}],"collection":[{"href":"https:\/\/diarioabcdemichoacan.com.mx\/lasnoticias\/wp-json\/wp\/v2\/posts"}],"about":[{"href":"https:\/\/diarioabcdemichoacan.com.mx\/lasnoticias\/wp-json\/wp\/v2\/types\/post"}],"author":[{"embeddable":true,"href":"https:\/\/diarioabcdemichoacan.com.mx\/lasnoticias\/wp-json\/wp\/v2\/users\/9"}],"replies":[{"embeddable":true,"href":"https:\/\/diarioabcdemichoacan.com.mx\/lasnoticias\/wp-json\/wp\/v2\/comments?post=65393"}],"version-history":[{"count":1,"href":"https:\/\/diarioabcdemichoacan.com.mx\/lasnoticias\/wp-json\/wp\/v2\/posts\/65393\/revisions"}],"predecessor-version":[{"id":65395,"href":"https:\/\/diarioabcdemichoacan.com.mx\/lasnoticias\/wp-json\/wp\/v2\/posts\/65393\/revisions\/65395"}],"wp:featuredmedia":[{"embeddable":true,"href":"https:\/\/diarioabcdemichoacan.com.mx\/lasnoticias\/wp-json\/wp\/v2\/media\/65394"}],"wp:attachment":[{"href":"https:\/\/diarioabcdemichoacan.com.mx\/lasnoticias\/wp-json\/wp\/v2\/media?parent=65393"}],"wp:term":[{"taxonomy":"category","embeddable":true,"href":"https:\/\/diarioabcdemichoacan.com.mx\/lasnoticias\/wp-json\/wp\/v2\/categories?post=65393"},{"taxonomy":"post_tag","embeddable":true,"href":"https:\/\/diarioabcdemichoacan.com.mx\/lasnoticias\/wp-json\/wp\/v2\/tags?post=65393"}],"curies":[{"name":"wp","href":"https:\/\/api.w.org\/{rel}","templated":true}]}}