{"id":68034,"date":"2025-08-27T13:32:51","date_gmt":"2025-08-27T19:32:51","guid":{"rendered":"https:\/\/diarioabcdemichoacan.com.mx\/lasnoticias\/?p=68034"},"modified":"2025-08-27T13:32:51","modified_gmt":"2025-08-27T19:32:51","slug":"empresarios-morelianos-buscan-reactivar-haz-barrio","status":"publish","type":"post","link":"https:\/\/diarioabcdemichoacan.com.mx\/lasnoticias\/empresarios-morelianos-buscan-reactivar-haz-barrio\/","title":{"rendered":"Empresarios morelianos buscan reactivar Haz Barrio"},"content":{"rendered":"<h2>Descarta Luis Navarro que bardas con su nombre sean promoci\u00f3n pol\u00edtica<\/h2>\n<h6>\nPor Sara\u00ed Rangel<\/h6>\n<hr \/>\n<p>Morelia, Mich.- Las bardas en las que aparecen agradecimientos al actual secretario de Finanzas y Administraci\u00f3n de Michoac\u00e1n, Luis Navarro Garc\u00eda, son por la reactivaci\u00f3n de la campa\u00f1a Haz Barrio, creada por el funcionario estatal en 2014, como titular de Fomento Econ\u00f3mico de Morelia .<\/p>\n<p>En entrevista, respondi\u00f3 a las cr\u00edticas y descart\u00f3 que se trate de promoci\u00f3n personal, derivada de aspiraciones pol\u00edticas para el 2027.<\/p>\n<p>\u00abLas bardas las pagaron empresarios morelianos, tengo la fortuna de decir que tengo muchos amigos empresarios, y fueron ellos quienes decidieron\u00bb.<\/p>\n<p>El funcionario estatal precis\u00f3 que quienes en 2014 se unieron a esta campa\u00f1a de Haz Barrio, buscan recuperar la iniciativa a la cual gobiernos posteriores no dieron continuidad, y que hoy se aprecia necesaria ante las pol\u00edticas econ\u00f3micas del presidente de los Estados Unidos, Donald Trump, que impactan en los negocios locales.<\/p>\n<p>Navarro Garc\u00eda se\u00f1al\u00f3 que ha pedido a los empresarios, sean ellos quienes impulsen la campa\u00f1a en una segunda etapa, \u00abno me da la vida para atender las finanzas estatales, mucho menos podr\u00eda llevar una campa\u00f1a como la de Haz Barrio en todo Michoac\u00e1n\u00bb, respondi\u00f3 ante el cuestionamiento de ai la iniciativa podr\u00eda darse en otros municipios\u00bb.<\/p>\n<p>Record\u00f3 que en aquel entonces no solo Morelia, sino que a trav\u00e9s de las c\u00e1maras empresariales y de comercio, Haz Barrio tambi\u00e9n se impuls\u00f3 en Urupan y Tar\u00edmbaro.<\/p>\n<p>Finalmente, dijo que pidi\u00f3 a los empresarios que para la segunda etapa no se incluya su nombre.<\/p>\n","protected":false},"excerpt":{"rendered":"<p>Descarta Luis Navarro que bardas con su nombre sean promoci\u00f3n pol\u00edtica Por Sara\u00ed Rangel Morelia, Mich.- Las bardas en las que aparecen agradecimientos al actual secretario de Finanzas y Administraci\u00f3n de Michoac\u00e1n, Luis Navarro Garc\u00eda, son por la reactivaci\u00f3n de la campa\u00f1a Haz Barrio, creada por el funcionario estatal en 2014, como titular de Fomento [&hellip;]<\/p>\n","protected":false},"author":9,"featured_media":68035,"comment_status":"closed","ping_status":"closed","sticky":false,"template":"","format":"standard","meta":{"footnotes":""},"categories":[30,31,7,27],"tags":[],"class_list":{"0":"post-68034","1":"post","2":"type-post","3":"status-publish","4":"format-standard","5":"has-post-thumbnail","7":"category-columnas","8":"category-economia-y-capital-humano","9":"category-morelia","10":"category-slider"},"yoast_head":"<!-- This site is optimized with the Yoast SEO plugin v24.0 - https:\/\/yoast.com\/wordpress\/plugins\/seo\/ -->\n<title>Empresarios morelianos buscan reactivar Haz Barrio - Diario ABC de Michoac\u00e1n<\/title>\n<meta name=\"robots\" content=\"index, follow, max-snippet:-1, max-image-preview:large, max-video-preview:-1\" \/>\n<link rel=\"canonical\" href=\"https:\/\/diarioabcdemichoacan.com.mx\/lasnoticias\/empresarios-morelianos-buscan-reactivar-haz-barrio\/\" \/>\n<meta property=\"og:locale\" content=\"es_ES\" \/>\n<meta property=\"og:type\" content=\"article\" \/>\n<meta property=\"og:title\" content=\"Empresarios morelianos buscan reactivar Haz Barrio - Diario ABC de Michoac\u00e1n\" \/>\n<meta property=\"og:description\" content=\"Descarta Luis Navarro que bardas con su nombre sean promoci\u00f3n pol\u00edtica Por Sara\u00ed Rangel Morelia, Mich.- Las bardas en las que aparecen agradecimientos al actual secretario de Finanzas y Administraci\u00f3n de Michoac\u00e1n, Luis Navarro Garc\u00eda, son por la reactivaci\u00f3n de la campa\u00f1a Haz Barrio, creada por el funcionario estatal en 2014, como titular de Fomento [&hellip;]\" \/>\n<meta property=\"og:url\" content=\"https:\/\/diarioabcdemichoacan.com.mx\/lasnoticias\/empresarios-morelianos-buscan-reactivar-haz-barrio\/\" \/>\n<meta property=\"og:site_name\" content=\"Diario ABC de Michoac\u00e1n\" \/>\n<meta property=\"article:published_time\" content=\"2025-08-27T19:32:51+00:00\" \/>\n<meta property=\"og:image\" content=\"https:\/\/diarioabcdemichoacan.com.mx\/lasnoticias\/wp-content\/uploads\/2025\/08\/Imagen-de-WhatsApp-2025-08-27-a-las-13.27.16_df7ea851.jpg\" \/>\n\t<meta property=\"og:image:width\" content=\"1280\" \/>\n\t<meta property=\"og:image:height\" content=\"960\" \/>\n\t<meta property=\"og:image:type\" content=\"image\/jpeg\" \/>\n<meta name=\"author\" content=\"AR\" \/>\n<meta name=\"twitter:card\" content=\"summary_large_image\" \/>\n<meta name=\"twitter:label1\" content=\"Escrito por\" \/>\n\t<meta name=\"twitter:data1\" content=\"AR\" \/>\n\t<meta name=\"twitter:label2\" content=\"Tiempo de lectura\" \/>\n\t<meta name=\"twitter:data2\" content=\"2 minutos\" \/>\n<script type=\"application\/ld+json\" class=\"yoast-schema-graph\">{\"@context\":\"https:\/\/schema.org\",\"@graph\":[{\"@type\":\"WebPage\",\"@id\":\"https:\/\/diarioabcdemichoacan.com.mx\/lasnoticias\/empresarios-morelianos-buscan-reactivar-haz-barrio\/\",\"url\":\"https:\/\/diarioabcdemichoacan.com.mx\/lasnoticias\/empresarios-morelianos-buscan-reactivar-haz-barrio\/\",\"name\":\"Empresarios morelianos buscan reactivar Haz Barrio - Diario ABC de Michoac\u00e1n\",\"isPartOf\":{\"@id\":\"https:\/\/diarioabcdemichoacan.com.mx\/lasnoticias\/#website\"},\"primaryImageOfPage\":{\"@id\":\"https:\/\/diarioabcdemichoacan.com.mx\/lasnoticias\/empresarios-morelianos-buscan-reactivar-haz-barrio\/#primaryimage\"},\"image\":{\"@id\":\"https:\/\/diarioabcdemichoacan.com.mx\/lasnoticias\/empresarios-morelianos-buscan-reactivar-haz-barrio\/#primaryimage\"},\"thumbnailUrl\":\"https:\/\/diarioabcdemichoacan.com.mx\/lasnoticias\/wp-content\/uploads\/2025\/08\/Imagen-de-WhatsApp-2025-08-27-a-las-13.27.16_df7ea851.jpg\",\"datePublished\":\"2025-08-27T19:32:51+00:00\",\"dateModified\":\"2025-08-27T19:32:51+00:00\",\"author\":{\"@id\":\"https:\/\/diarioabcdemichoacan.com.mx\/lasnoticias\/#\/schema\/person\/19ae376040f6cbc489682ebdd8524852\"},\"breadcrumb\":{\"@id\":\"https:\/\/diarioabcdemichoacan.com.mx\/lasnoticias\/empresarios-morelianos-buscan-reactivar-haz-barrio\/#breadcrumb\"},\"inLanguage\":\"es\",\"potentialAction\":[{\"@type\":\"ReadAction\",\"target\":[\"https:\/\/diarioabcdemichoacan.com.mx\/lasnoticias\/empresarios-morelianos-buscan-reactivar-haz-barrio\/\"]}]},{\"@type\":\"ImageObject\",\"inLanguage\":\"es\",\"@id\":\"https:\/\/diarioabcdemichoacan.com.mx\/lasnoticias\/empresarios-morelianos-buscan-reactivar-haz-barrio\/#primaryimage\",\"url\":\"https:\/\/diarioabcdemichoacan.com.mx\/lasnoticias\/wp-content\/uploads\/2025\/08\/Imagen-de-WhatsApp-2025-08-27-a-las-13.27.16_df7ea851.jpg\",\"contentUrl\":\"https:\/\/diarioabcdemichoacan.com.mx\/lasnoticias\/wp-content\/uploads\/2025\/08\/Imagen-de-WhatsApp-2025-08-27-a-las-13.27.16_df7ea851.jpg\",\"width\":1280,\"height\":960},{\"@type\":\"BreadcrumbList\",\"@id\":\"https:\/\/diarioabcdemichoacan.com.mx\/lasnoticias\/empresarios-morelianos-buscan-reactivar-haz-barrio\/#breadcrumb\",\"itemListElement\":[{\"@type\":\"ListItem\",\"position\":1,\"name\":\"Portada\",\"item\":\"https:\/\/diarioabcdemichoacan.com.mx\/lasnoticias\/\"},{\"@type\":\"ListItem\",\"position\":2,\"name\":\"Empresarios morelianos buscan reactivar Haz Barrio\"}]},{\"@type\":\"WebSite\",\"@id\":\"https:\/\/diarioabcdemichoacan.com.mx\/lasnoticias\/#website\",\"url\":\"https:\/\/diarioabcdemichoacan.com.mx\/lasnoticias\/\",\"name\":\"Diario ABC de Michoac\u00e1n\",\"description\":\"Las noticias al momento\",\"potentialAction\":[{\"@type\":\"SearchAction\",\"target\":{\"@type\":\"EntryPoint\",\"urlTemplate\":\"https:\/\/diarioabcdemichoacan.com.mx\/lasnoticias\/?s={search_term_string}\"},\"query-input\":{\"@type\":\"PropertyValueSpecification\",\"valueRequired\":true,\"valueName\":\"search_term_string\"}}],\"inLanguage\":\"es\"},{\"@type\":\"Person\",\"@id\":\"https:\/\/diarioabcdemichoacan.com.mx\/lasnoticias\/#\/schema\/person\/19ae376040f6cbc489682ebdd8524852\",\"name\":\"AR\",\"image\":{\"@type\":\"ImageObject\",\"inLanguage\":\"es\",\"@id\":\"https:\/\/diarioabcdemichoacan.com.mx\/lasnoticias\/#\/schema\/person\/image\/\",\"url\":\"https:\/\/secure.gravatar.com\/avatar\/44eca2ff970262234e20e1e082872af0?s=96&d=mm&r=g\",\"contentUrl\":\"https:\/\/secure.gravatar.com\/avatar\/44eca2ff970262234e20e1e082872af0?s=96&d=mm&r=g\",\"caption\":\"AR\"},\"url\":\"https:\/\/diarioabcdemichoacan.com.mx\/lasnoticias\/author\/adrian\/\"}]}<\/script>\n<!-- \/ Yoast SEO plugin. -->","yoast_head_json":{"title":"Empresarios morelianos buscan reactivar Haz Barrio - Diario ABC de Michoac\u00e1n","robots":{"index":"index","follow":"follow","max-snippet":"max-snippet:-1","max-image-preview":"max-image-preview:large","max-video-preview":"max-video-preview:-1"},"canonical":"https:\/\/diarioabcdemichoacan.com.mx\/lasnoticias\/empresarios-morelianos-buscan-reactivar-haz-barrio\/","og_locale":"es_ES","og_type":"article","og_title":"Empresarios morelianos buscan reactivar Haz Barrio - Diario ABC de Michoac\u00e1n","og_description":"Descarta Luis Navarro que bardas con su nombre sean promoci\u00f3n pol\u00edtica Por Sara\u00ed Rangel Morelia, Mich.- Las bardas en las que aparecen agradecimientos al actual secretario de Finanzas y Administraci\u00f3n de Michoac\u00e1n, Luis Navarro Garc\u00eda, son por la reactivaci\u00f3n de la campa\u00f1a Haz Barrio, creada por el funcionario estatal en 2014, como titular de Fomento [&hellip;]","og_url":"https:\/\/diarioabcdemichoacan.com.mx\/lasnoticias\/empresarios-morelianos-buscan-reactivar-haz-barrio\/","og_site_name":"Diario ABC de Michoac\u00e1n","article_published_time":"2025-08-27T19:32:51+00:00","og_image":[{"width":1280,"height":960,"url":"https:\/\/diarioabcdemichoacan.com.mx\/lasnoticias\/wp-content\/uploads\/2025\/08\/Imagen-de-WhatsApp-2025-08-27-a-las-13.27.16_df7ea851.jpg","type":"image\/jpeg"}],"author":"AR","twitter_card":"summary_large_image","twitter_misc":{"Escrito por":"AR","Tiempo de lectura":"2 minutos"},"schema":{"@context":"https:\/\/schema.org","@graph":[{"@type":"WebPage","@id":"https:\/\/diarioabcdemichoacan.com.mx\/lasnoticias\/empresarios-morelianos-buscan-reactivar-haz-barrio\/","url":"https:\/\/diarioabcdemichoacan.com.mx\/lasnoticias\/empresarios-morelianos-buscan-reactivar-haz-barrio\/","name":"Empresarios morelianos buscan reactivar Haz Barrio - Diario ABC de Michoac\u00e1n","isPartOf":{"@id":"https:\/\/diarioabcdemichoacan.com.mx\/lasnoticias\/#website"},"primaryImageOfPage":{"@id":"https:\/\/diarioabcdemichoacan.com.mx\/lasnoticias\/empresarios-morelianos-buscan-reactivar-haz-barrio\/#primaryimage"},"image":{"@id":"https:\/\/diarioabcdemichoacan.com.mx\/lasnoticias\/empresarios-morelianos-buscan-reactivar-haz-barrio\/#primaryimage"},"thumbnailUrl":"https:\/\/diarioabcdemichoacan.com.mx\/lasnoticias\/wp-content\/uploads\/2025\/08\/Imagen-de-WhatsApp-2025-08-27-a-las-13.27.16_df7ea851.jpg","datePublished":"2025-08-27T19:32:51+00:00","dateModified":"2025-08-27T19:32:51+00:00","author":{"@id":"https:\/\/diarioabcdemichoacan.com.mx\/lasnoticias\/#\/schema\/person\/19ae376040f6cbc489682ebdd8524852"},"breadcrumb":{"@id":"https:\/\/diarioabcdemichoacan.com.mx\/lasnoticias\/empresarios-morelianos-buscan-reactivar-haz-barrio\/#breadcrumb"},"inLanguage":"es","potentialAction":[{"@type":"ReadAction","target":["https:\/\/diarioabcdemichoacan.com.mx\/lasnoticias\/empresarios-morelianos-buscan-reactivar-haz-barrio\/"]}]},{"@type":"ImageObject","inLanguage":"es","@id":"https:\/\/diarioabcdemichoacan.com.mx\/lasnoticias\/empresarios-morelianos-buscan-reactivar-haz-barrio\/#primaryimage","url":"https:\/\/diarioabcdemichoacan.com.mx\/lasnoticias\/wp-content\/uploads\/2025\/08\/Imagen-de-WhatsApp-2025-08-27-a-las-13.27.16_df7ea851.jpg","contentUrl":"https:\/\/diarioabcdemichoacan.com.mx\/lasnoticias\/wp-content\/uploads\/2025\/08\/Imagen-de-WhatsApp-2025-08-27-a-las-13.27.16_df7ea851.jpg","width":1280,"height":960},{"@type":"BreadcrumbList","@id":"https:\/\/diarioabcdemichoacan.com.mx\/lasnoticias\/empresarios-morelianos-buscan-reactivar-haz-barrio\/#breadcrumb","itemListElement":[{"@type":"ListItem","position":1,"name":"Portada","item":"https:\/\/diarioabcdemichoacan.com.mx\/lasnoticias\/"},{"@type":"ListItem","position":2,"name":"Empresarios morelianos buscan reactivar Haz Barrio"}]},{"@type":"WebSite","@id":"https:\/\/diarioabcdemichoacan.com.mx\/lasnoticias\/#website","url":"https:\/\/diarioabcdemichoacan.com.mx\/lasnoticias\/","name":"Diario ABC de Michoac\u00e1n","description":"Las noticias al momento","potentialAction":[{"@type":"SearchAction","target":{"@type":"EntryPoint","urlTemplate":"https:\/\/diarioabcdemichoacan.com.mx\/lasnoticias\/?s={search_term_string}"},"query-input":{"@type":"PropertyValueSpecification","valueRequired":true,"valueName":"search_term_string"}}],"inLanguage":"es"},{"@type":"Person","@id":"https:\/\/diarioabcdemichoacan.com.mx\/lasnoticias\/#\/schema\/person\/19ae376040f6cbc489682ebdd8524852","name":"AR","image":{"@type":"ImageObject","inLanguage":"es","@id":"https:\/\/diarioabcdemichoacan.com.mx\/lasnoticias\/#\/schema\/person\/image\/","url":"https:\/\/secure.gravatar.com\/avatar\/44eca2ff970262234e20e1e082872af0?s=96&d=mm&r=g","contentUrl":"https:\/\/secure.gravatar.com\/avatar\/44eca2ff970262234e20e1e082872af0?s=96&d=mm&r=g","caption":"AR"},"url":"https:\/\/diarioabcdemichoacan.com.mx\/lasnoticias\/author\/adrian\/"}]}},"_links":{"self":[{"href":"https:\/\/diarioabcdemichoacan.com.mx\/lasnoticias\/wp-json\/wp\/v2\/posts\/68034","targetHints":{"allow":["GET"]}}],"collection":[{"href":"https:\/\/diarioabcdemichoacan.com.mx\/lasnoticias\/wp-json\/wp\/v2\/posts"}],"about":[{"href":"https:\/\/diarioabcdemichoacan.com.mx\/lasnoticias\/wp-json\/wp\/v2\/types\/post"}],"author":[{"embeddable":true,"href":"https:\/\/diarioabcdemichoacan.com.mx\/lasnoticias\/wp-json\/wp\/v2\/users\/9"}],"replies":[{"embeddable":true,"href":"https:\/\/diarioabcdemichoacan.com.mx\/lasnoticias\/wp-json\/wp\/v2\/comments?post=68034"}],"version-history":[{"count":1,"href":"https:\/\/diarioabcdemichoacan.com.mx\/lasnoticias\/wp-json\/wp\/v2\/posts\/68034\/revisions"}],"predecessor-version":[{"id":68036,"href":"https:\/\/diarioabcdemichoacan.com.mx\/lasnoticias\/wp-json\/wp\/v2\/posts\/68034\/revisions\/68036"}],"wp:featuredmedia":[{"embeddable":true,"href":"https:\/\/diarioabcdemichoacan.com.mx\/lasnoticias\/wp-json\/wp\/v2\/media\/68035"}],"wp:attachment":[{"href":"https:\/\/diarioabcdemichoacan.com.mx\/lasnoticias\/wp-json\/wp\/v2\/media?parent=68034"}],"wp:term":[{"taxonomy":"category","embeddable":true,"href":"https:\/\/diarioabcdemichoacan.com.mx\/lasnoticias\/wp-json\/wp\/v2\/categories?post=68034"},{"taxonomy":"post_tag","embeddable":true,"href":"https:\/\/diarioabcdemichoacan.com.mx\/lasnoticias\/wp-json\/wp\/v2\/tags?post=68034"}],"curies":[{"name":"wp","href":"https:\/\/api.w.org\/{rel}","templated":true}]}}