{"id":68037,"date":"2025-08-27T13:33:51","date_gmt":"2025-08-27T19:33:51","guid":{"rendered":"https:\/\/diarioabcdemichoacan.com.mx\/lasnoticias\/?p=68037"},"modified":"2025-08-27T13:33:51","modified_gmt":"2025-08-27T19:33:51","slug":"en-octubre-inicia-renovacion-de-unidades-del-transporte-publico-de-uruapan-bedolla","status":"publish","type":"post","link":"https:\/\/diarioabcdemichoacan.com.mx\/lasnoticias\/en-octubre-inicia-renovacion-de-unidades-del-transporte-publico-de-uruapan-bedolla\/","title":{"rendered":"En octubre inicia renovaci\u00f3n de unidades del transporte p\u00fablico de Uruapan: Bedolla"},"content":{"rendered":"<h2>Se entregar\u00e1n 80 urbanos a colectivos transportistas.<\/h2>\n<p>&nbsp;<\/p>\n<hr \/>\n<p>Morelia, Mich.- El gobernador Alfredo Ram\u00edrez Bedolla inform\u00f3 que en octubre se entregar\u00e1n, a colectivos transportistas de Uruapan, las primeras 80 unidades adquiridas para renovar el parque vehicular del servicio p\u00fablico urbano como parte de un sistema integrado que establece la Ley de Movilidad estatal.<\/p>\n<p>Comparti\u00f3 que dentro de las acciones que se realizan en el municipio para mejorar y eficientar el transporte p\u00fablico de Uruapan, las cooperativas Tata L\u00e1zaro y Colectivos de Uruapan recibieron del estado 85 millones de pesos para dar el 30 por ciento de enganche de los 80 camiones nuevos.<\/p>\n<p>Lo anterior como parte del plan de movilidad integral de Uruapan en el que se incluye el telef\u00e9rico y el sistema de transporte terrestre de 36 rutas, que encabeza la secretaria de Desarrollo Urbano y Movilidad, Gladyz Butanda Mac\u00edas.<\/p>\n<p>Finalmente coment\u00f3 que en total se renovar\u00e1n 240 unidades equipadas con tecnolog\u00eda que permitir\u00e1 su monitoreo para dar mayor seguridad a los usuarios, con una inversi\u00f3n de 250 millones de pesos.<\/p>\n","protected":false},"excerpt":{"rendered":"<p>Se entregar\u00e1n 80 urbanos a colectivos transportistas. &nbsp; Morelia, Mich.- El gobernador Alfredo Ram\u00edrez Bedolla inform\u00f3 que en octubre se entregar\u00e1n, a colectivos transportistas de Uruapan, las primeras 80 unidades adquiridas para renovar el parque vehicular del servicio p\u00fablico urbano como parte de un sistema integrado que establece la Ley de Movilidad estatal. Comparti\u00f3 que [&hellip;]<\/p>\n","protected":false},"author":9,"featured_media":68038,"comment_status":"closed","ping_status":"closed","sticky":false,"template":"","format":"standard","meta":{"footnotes":""},"categories":[10,17,7,28,27],"tags":[],"class_list":{"0":"post-68037","1":"post","2":"type-post","3":"status-publish","4":"format-standard","5":"has-post-thumbnail","7":"category-estado","8":"category-gobierno-de-michoacan","9":"category-morelia","10":"category-politica","11":"category-slider"},"yoast_head":"<!-- This site is optimized with the Yoast SEO plugin v24.0 - https:\/\/yoast.com\/wordpress\/plugins\/seo\/ -->\n<title>En octubre inicia renovaci\u00f3n de unidades del transporte p\u00fablico de Uruapan: Bedolla - Diario ABC de Michoac\u00e1n<\/title>\n<meta name=\"robots\" content=\"index, follow, max-snippet:-1, max-image-preview:large, max-video-preview:-1\" \/>\n<link rel=\"canonical\" href=\"https:\/\/diarioabcdemichoacan.com.mx\/lasnoticias\/en-octubre-inicia-renovacion-de-unidades-del-transporte-publico-de-uruapan-bedolla\/\" \/>\n<meta property=\"og:locale\" content=\"es_ES\" \/>\n<meta property=\"og:type\" content=\"article\" \/>\n<meta property=\"og:title\" content=\"En octubre inicia renovaci\u00f3n de unidades del transporte p\u00fablico de Uruapan: Bedolla - Diario ABC de Michoac\u00e1n\" \/>\n<meta property=\"og:description\" content=\"Se entregar\u00e1n 80 urbanos a colectivos transportistas. &nbsp; Morelia, Mich.- El gobernador Alfredo Ram\u00edrez Bedolla inform\u00f3 que en octubre se entregar\u00e1n, a colectivos transportistas de Uruapan, las primeras 80 unidades adquiridas para renovar el parque vehicular del servicio p\u00fablico urbano como parte de un sistema integrado que establece la Ley de Movilidad estatal. Comparti\u00f3 que [&hellip;]\" \/>\n<meta property=\"og:url\" content=\"https:\/\/diarioabcdemichoacan.com.mx\/lasnoticias\/en-octubre-inicia-renovacion-de-unidades-del-transporte-publico-de-uruapan-bedolla\/\" \/>\n<meta property=\"og:site_name\" content=\"Diario ABC de Michoac\u00e1n\" \/>\n<meta property=\"article:published_time\" content=\"2025-08-27T19:33:51+00:00\" \/>\n<meta property=\"og:image\" content=\"https:\/\/diarioabcdemichoacan.com.mx\/lasnoticias\/wp-content\/uploads\/2025\/08\/Imagen-de-WhatsApp-2025-08-27-a-las-13.14.48_aba64ab7.jpg\" \/>\n\t<meta property=\"og:image:width\" content=\"1600\" \/>\n\t<meta property=\"og:image:height\" content=\"1205\" \/>\n\t<meta property=\"og:image:type\" content=\"image\/jpeg\" \/>\n<meta name=\"author\" content=\"AR\" \/>\n<meta name=\"twitter:card\" content=\"summary_large_image\" \/>\n<meta name=\"twitter:label1\" content=\"Escrito por\" \/>\n\t<meta name=\"twitter:data1\" content=\"AR\" \/>\n\t<meta name=\"twitter:label2\" content=\"Tiempo de lectura\" \/>\n\t<meta name=\"twitter:data2\" content=\"1 minuto\" \/>\n<script type=\"application\/ld+json\" class=\"yoast-schema-graph\">{\"@context\":\"https:\/\/schema.org\",\"@graph\":[{\"@type\":\"WebPage\",\"@id\":\"https:\/\/diarioabcdemichoacan.com.mx\/lasnoticias\/en-octubre-inicia-renovacion-de-unidades-del-transporte-publico-de-uruapan-bedolla\/\",\"url\":\"https:\/\/diarioabcdemichoacan.com.mx\/lasnoticias\/en-octubre-inicia-renovacion-de-unidades-del-transporte-publico-de-uruapan-bedolla\/\",\"name\":\"En octubre inicia renovaci\u00f3n de unidades del transporte p\u00fablico de Uruapan: Bedolla - Diario ABC de Michoac\u00e1n\",\"isPartOf\":{\"@id\":\"https:\/\/diarioabcdemichoacan.com.mx\/lasnoticias\/#website\"},\"primaryImageOfPage\":{\"@id\":\"https:\/\/diarioabcdemichoacan.com.mx\/lasnoticias\/en-octubre-inicia-renovacion-de-unidades-del-transporte-publico-de-uruapan-bedolla\/#primaryimage\"},\"image\":{\"@id\":\"https:\/\/diarioabcdemichoacan.com.mx\/lasnoticias\/en-octubre-inicia-renovacion-de-unidades-del-transporte-publico-de-uruapan-bedolla\/#primaryimage\"},\"thumbnailUrl\":\"https:\/\/diarioabcdemichoacan.com.mx\/lasnoticias\/wp-content\/uploads\/2025\/08\/Imagen-de-WhatsApp-2025-08-27-a-las-13.14.48_aba64ab7.jpg\",\"datePublished\":\"2025-08-27T19:33:51+00:00\",\"dateModified\":\"2025-08-27T19:33:51+00:00\",\"author\":{\"@id\":\"https:\/\/diarioabcdemichoacan.com.mx\/lasnoticias\/#\/schema\/person\/19ae376040f6cbc489682ebdd8524852\"},\"breadcrumb\":{\"@id\":\"https:\/\/diarioabcdemichoacan.com.mx\/lasnoticias\/en-octubre-inicia-renovacion-de-unidades-del-transporte-publico-de-uruapan-bedolla\/#breadcrumb\"},\"inLanguage\":\"es\",\"potentialAction\":[{\"@type\":\"ReadAction\",\"target\":[\"https:\/\/diarioabcdemichoacan.com.mx\/lasnoticias\/en-octubre-inicia-renovacion-de-unidades-del-transporte-publico-de-uruapan-bedolla\/\"]}]},{\"@type\":\"ImageObject\",\"inLanguage\":\"es\",\"@id\":\"https:\/\/diarioabcdemichoacan.com.mx\/lasnoticias\/en-octubre-inicia-renovacion-de-unidades-del-transporte-publico-de-uruapan-bedolla\/#primaryimage\",\"url\":\"https:\/\/diarioabcdemichoacan.com.mx\/lasnoticias\/wp-content\/uploads\/2025\/08\/Imagen-de-WhatsApp-2025-08-27-a-las-13.14.48_aba64ab7.jpg\",\"contentUrl\":\"https:\/\/diarioabcdemichoacan.com.mx\/lasnoticias\/wp-content\/uploads\/2025\/08\/Imagen-de-WhatsApp-2025-08-27-a-las-13.14.48_aba64ab7.jpg\",\"width\":1600,\"height\":1205},{\"@type\":\"BreadcrumbList\",\"@id\":\"https:\/\/diarioabcdemichoacan.com.mx\/lasnoticias\/en-octubre-inicia-renovacion-de-unidades-del-transporte-publico-de-uruapan-bedolla\/#breadcrumb\",\"itemListElement\":[{\"@type\":\"ListItem\",\"position\":1,\"name\":\"Portada\",\"item\":\"https:\/\/diarioabcdemichoacan.com.mx\/lasnoticias\/\"},{\"@type\":\"ListItem\",\"position\":2,\"name\":\"En octubre inicia renovaci\u00f3n de unidades del transporte p\u00fablico de Uruapan: Bedolla\"}]},{\"@type\":\"WebSite\",\"@id\":\"https:\/\/diarioabcdemichoacan.com.mx\/lasnoticias\/#website\",\"url\":\"https:\/\/diarioabcdemichoacan.com.mx\/lasnoticias\/\",\"name\":\"Diario ABC de Michoac\u00e1n\",\"description\":\"Las noticias al momento\",\"potentialAction\":[{\"@type\":\"SearchAction\",\"target\":{\"@type\":\"EntryPoint\",\"urlTemplate\":\"https:\/\/diarioabcdemichoacan.com.mx\/lasnoticias\/?s={search_term_string}\"},\"query-input\":{\"@type\":\"PropertyValueSpecification\",\"valueRequired\":true,\"valueName\":\"search_term_string\"}}],\"inLanguage\":\"es\"},{\"@type\":\"Person\",\"@id\":\"https:\/\/diarioabcdemichoacan.com.mx\/lasnoticias\/#\/schema\/person\/19ae376040f6cbc489682ebdd8524852\",\"name\":\"AR\",\"image\":{\"@type\":\"ImageObject\",\"inLanguage\":\"es\",\"@id\":\"https:\/\/diarioabcdemichoacan.com.mx\/lasnoticias\/#\/schema\/person\/image\/\",\"url\":\"https:\/\/secure.gravatar.com\/avatar\/44eca2ff970262234e20e1e082872af0?s=96&d=mm&r=g\",\"contentUrl\":\"https:\/\/secure.gravatar.com\/avatar\/44eca2ff970262234e20e1e082872af0?s=96&d=mm&r=g\",\"caption\":\"AR\"},\"url\":\"https:\/\/diarioabcdemichoacan.com.mx\/lasnoticias\/author\/adrian\/\"}]}<\/script>\n<!-- \/ Yoast SEO plugin. -->","yoast_head_json":{"title":"En octubre inicia renovaci\u00f3n de unidades del transporte p\u00fablico de Uruapan: Bedolla - Diario ABC de Michoac\u00e1n","robots":{"index":"index","follow":"follow","max-snippet":"max-snippet:-1","max-image-preview":"max-image-preview:large","max-video-preview":"max-video-preview:-1"},"canonical":"https:\/\/diarioabcdemichoacan.com.mx\/lasnoticias\/en-octubre-inicia-renovacion-de-unidades-del-transporte-publico-de-uruapan-bedolla\/","og_locale":"es_ES","og_type":"article","og_title":"En octubre inicia renovaci\u00f3n de unidades del transporte p\u00fablico de Uruapan: Bedolla - Diario ABC de Michoac\u00e1n","og_description":"Se entregar\u00e1n 80 urbanos a colectivos transportistas. &nbsp; Morelia, Mich.- El gobernador Alfredo Ram\u00edrez Bedolla inform\u00f3 que en octubre se entregar\u00e1n, a colectivos transportistas de Uruapan, las primeras 80 unidades adquiridas para renovar el parque vehicular del servicio p\u00fablico urbano como parte de un sistema integrado que establece la Ley de Movilidad estatal. Comparti\u00f3 que [&hellip;]","og_url":"https:\/\/diarioabcdemichoacan.com.mx\/lasnoticias\/en-octubre-inicia-renovacion-de-unidades-del-transporte-publico-de-uruapan-bedolla\/","og_site_name":"Diario ABC de Michoac\u00e1n","article_published_time":"2025-08-27T19:33:51+00:00","og_image":[{"width":1600,"height":1205,"url":"https:\/\/diarioabcdemichoacan.com.mx\/lasnoticias\/wp-content\/uploads\/2025\/08\/Imagen-de-WhatsApp-2025-08-27-a-las-13.14.48_aba64ab7.jpg","type":"image\/jpeg"}],"author":"AR","twitter_card":"summary_large_image","twitter_misc":{"Escrito por":"AR","Tiempo de lectura":"1 minuto"},"schema":{"@context":"https:\/\/schema.org","@graph":[{"@type":"WebPage","@id":"https:\/\/diarioabcdemichoacan.com.mx\/lasnoticias\/en-octubre-inicia-renovacion-de-unidades-del-transporte-publico-de-uruapan-bedolla\/","url":"https:\/\/diarioabcdemichoacan.com.mx\/lasnoticias\/en-octubre-inicia-renovacion-de-unidades-del-transporte-publico-de-uruapan-bedolla\/","name":"En octubre inicia renovaci\u00f3n de unidades del transporte p\u00fablico de Uruapan: Bedolla - Diario ABC de Michoac\u00e1n","isPartOf":{"@id":"https:\/\/diarioabcdemichoacan.com.mx\/lasnoticias\/#website"},"primaryImageOfPage":{"@id":"https:\/\/diarioabcdemichoacan.com.mx\/lasnoticias\/en-octubre-inicia-renovacion-de-unidades-del-transporte-publico-de-uruapan-bedolla\/#primaryimage"},"image":{"@id":"https:\/\/diarioabcdemichoacan.com.mx\/lasnoticias\/en-octubre-inicia-renovacion-de-unidades-del-transporte-publico-de-uruapan-bedolla\/#primaryimage"},"thumbnailUrl":"https:\/\/diarioabcdemichoacan.com.mx\/lasnoticias\/wp-content\/uploads\/2025\/08\/Imagen-de-WhatsApp-2025-08-27-a-las-13.14.48_aba64ab7.jpg","datePublished":"2025-08-27T19:33:51+00:00","dateModified":"2025-08-27T19:33:51+00:00","author":{"@id":"https:\/\/diarioabcdemichoacan.com.mx\/lasnoticias\/#\/schema\/person\/19ae376040f6cbc489682ebdd8524852"},"breadcrumb":{"@id":"https:\/\/diarioabcdemichoacan.com.mx\/lasnoticias\/en-octubre-inicia-renovacion-de-unidades-del-transporte-publico-de-uruapan-bedolla\/#breadcrumb"},"inLanguage":"es","potentialAction":[{"@type":"ReadAction","target":["https:\/\/diarioabcdemichoacan.com.mx\/lasnoticias\/en-octubre-inicia-renovacion-de-unidades-del-transporte-publico-de-uruapan-bedolla\/"]}]},{"@type":"ImageObject","inLanguage":"es","@id":"https:\/\/diarioabcdemichoacan.com.mx\/lasnoticias\/en-octubre-inicia-renovacion-de-unidades-del-transporte-publico-de-uruapan-bedolla\/#primaryimage","url":"https:\/\/diarioabcdemichoacan.com.mx\/lasnoticias\/wp-content\/uploads\/2025\/08\/Imagen-de-WhatsApp-2025-08-27-a-las-13.14.48_aba64ab7.jpg","contentUrl":"https:\/\/diarioabcdemichoacan.com.mx\/lasnoticias\/wp-content\/uploads\/2025\/08\/Imagen-de-WhatsApp-2025-08-27-a-las-13.14.48_aba64ab7.jpg","width":1600,"height":1205},{"@type":"BreadcrumbList","@id":"https:\/\/diarioabcdemichoacan.com.mx\/lasnoticias\/en-octubre-inicia-renovacion-de-unidades-del-transporte-publico-de-uruapan-bedolla\/#breadcrumb","itemListElement":[{"@type":"ListItem","position":1,"name":"Portada","item":"https:\/\/diarioabcdemichoacan.com.mx\/lasnoticias\/"},{"@type":"ListItem","position":2,"name":"En octubre inicia renovaci\u00f3n de unidades del transporte p\u00fablico de Uruapan: Bedolla"}]},{"@type":"WebSite","@id":"https:\/\/diarioabcdemichoacan.com.mx\/lasnoticias\/#website","url":"https:\/\/diarioabcdemichoacan.com.mx\/lasnoticias\/","name":"Diario ABC de Michoac\u00e1n","description":"Las noticias al momento","potentialAction":[{"@type":"SearchAction","target":{"@type":"EntryPoint","urlTemplate":"https:\/\/diarioabcdemichoacan.com.mx\/lasnoticias\/?s={search_term_string}"},"query-input":{"@type":"PropertyValueSpecification","valueRequired":true,"valueName":"search_term_string"}}],"inLanguage":"es"},{"@type":"Person","@id":"https:\/\/diarioabcdemichoacan.com.mx\/lasnoticias\/#\/schema\/person\/19ae376040f6cbc489682ebdd8524852","name":"AR","image":{"@type":"ImageObject","inLanguage":"es","@id":"https:\/\/diarioabcdemichoacan.com.mx\/lasnoticias\/#\/schema\/person\/image\/","url":"https:\/\/secure.gravatar.com\/avatar\/44eca2ff970262234e20e1e082872af0?s=96&d=mm&r=g","contentUrl":"https:\/\/secure.gravatar.com\/avatar\/44eca2ff970262234e20e1e082872af0?s=96&d=mm&r=g","caption":"AR"},"url":"https:\/\/diarioabcdemichoacan.com.mx\/lasnoticias\/author\/adrian\/"}]}},"_links":{"self":[{"href":"https:\/\/diarioabcdemichoacan.com.mx\/lasnoticias\/wp-json\/wp\/v2\/posts\/68037","targetHints":{"allow":["GET"]}}],"collection":[{"href":"https:\/\/diarioabcdemichoacan.com.mx\/lasnoticias\/wp-json\/wp\/v2\/posts"}],"about":[{"href":"https:\/\/diarioabcdemichoacan.com.mx\/lasnoticias\/wp-json\/wp\/v2\/types\/post"}],"author":[{"embeddable":true,"href":"https:\/\/diarioabcdemichoacan.com.mx\/lasnoticias\/wp-json\/wp\/v2\/users\/9"}],"replies":[{"embeddable":true,"href":"https:\/\/diarioabcdemichoacan.com.mx\/lasnoticias\/wp-json\/wp\/v2\/comments?post=68037"}],"version-history":[{"count":1,"href":"https:\/\/diarioabcdemichoacan.com.mx\/lasnoticias\/wp-json\/wp\/v2\/posts\/68037\/revisions"}],"predecessor-version":[{"id":68039,"href":"https:\/\/diarioabcdemichoacan.com.mx\/lasnoticias\/wp-json\/wp\/v2\/posts\/68037\/revisions\/68039"}],"wp:featuredmedia":[{"embeddable":true,"href":"https:\/\/diarioabcdemichoacan.com.mx\/lasnoticias\/wp-json\/wp\/v2\/media\/68038"}],"wp:attachment":[{"href":"https:\/\/diarioabcdemichoacan.com.mx\/lasnoticias\/wp-json\/wp\/v2\/media?parent=68037"}],"wp:term":[{"taxonomy":"category","embeddable":true,"href":"https:\/\/diarioabcdemichoacan.com.mx\/lasnoticias\/wp-json\/wp\/v2\/categories?post=68037"},{"taxonomy":"post_tag","embeddable":true,"href":"https:\/\/diarioabcdemichoacan.com.mx\/lasnoticias\/wp-json\/wp\/v2\/tags?post=68037"}],"curies":[{"name":"wp","href":"https:\/\/api.w.org\/{rel}","templated":true}]}}