{"id":68196,"date":"2025-08-29T15:52:17","date_gmt":"2025-08-29T21:52:17","guid":{"rendered":"https:\/\/diarioabcdemichoacan.com.mx\/lasnoticias\/?p=68196"},"modified":"2025-08-29T15:52:17","modified_gmt":"2025-08-29T21:52:17","slug":"ayuntamiento-de-morelia-devela-programa-de-actividades-de-fiestas-patrias","status":"publish","type":"post","link":"https:\/\/diarioabcdemichoacan.com.mx\/lasnoticias\/ayuntamiento-de-morelia-devela-programa-de-actividades-de-fiestas-patrias\/","title":{"rendered":"Ayuntamiento de Morelia devela programa de actividades de Fiestas Patrias"},"content":{"rendered":"<h2>Decenas de actividades c\u00edvicas, art\u00edsticas, acad\u00e9micas y culturales.<\/h2>\n<p>&nbsp;<\/p>\n<hr \/>\n<p>Morelia, Mich.- El Ayuntamiento de Morelia llev\u00f3 a cabo la develaci\u00f3n del programa de actividades de las Fiestas Patrias, que durante todo el mes de septiembre, se desarrollar\u00e1 para el disfrute de morelianos, turistas y visitantes.<\/p>\n<p>El secretario del Ayuntamiento, Yankel Ben\u00edtez Silva, y la s\u00edndico Municipal, Melissa V\u00e1squez P\u00e9rez, encabezaron la develaci\u00f3n en el portal Hidalgo del centro hist\u00f3rico, siendo acompa\u00f1ados por los regidores Salvador Arvizu Cisneros, Roberto Anguiano M\u00e9ndez, y el secretario general del Consejo Ciudadano, Ger\u00f3nimo Color Gasca.<\/p>\n<p>Tras el toque de bando realizado por la Banda de Guerra de la Universidad Montrer, las autoridades develaron la cartelera que suma decenas de actividades c\u00edvicas, art\u00edsticas, acad\u00e9micas y culturales para poner en alto el nombre de Morelia durante las Fiestas Patrias de septiembre.<\/p>\n<p>En el marco del evento, se destac\u00f3 que la develaci\u00f3n del programa de actividades por el mes patrio es una tradici\u00f3n centenaria que se remonta a una herencia cultural en la que las autoridades hac\u00edan p\u00fablicas las disposiciones dirigidas a la poblaci\u00f3n de la ciudad, pregonando su contenido y fijando un ejemplar impreso en un muro del centro hist\u00f3rico.<\/p>\n<p>Con un nutrido programa de actividades que fomentan los valores patrios, y con las calles de la ciudad ya engalanadas para estos eventos, el gobierno de Alfonso Mart\u00ednez sigue trabajando en crear la mejor ciudad para vivir.<\/p>\n","protected":false},"excerpt":{"rendered":"<p>Decenas de actividades c\u00edvicas, art\u00edsticas, acad\u00e9micas y culturales. &nbsp; Morelia, Mich.- El Ayuntamiento de Morelia llev\u00f3 a cabo la develaci\u00f3n del programa de actividades de las Fiestas Patrias, que durante todo el mes de septiembre, se desarrollar\u00e1 para el disfrute de morelianos, turistas y visitantes. El secretario del Ayuntamiento, Yankel Ben\u00edtez Silva, y la s\u00edndico [&hellip;]<\/p>\n","protected":false},"author":9,"featured_media":68197,"comment_status":"closed","ping_status":"closed","sticky":false,"template":"","format":"standard","meta":{"footnotes":""},"categories":[18,8,9,7,28,27],"tags":[],"class_list":{"0":"post-68196","1":"post","2":"type-post","3":"status-publish","4":"format-standard","5":"has-post-thumbnail","7":"category-ayuntamiento-de-morelia","8":"category-cultura","9":"category-espectaculos","10":"category-morelia","11":"category-politica","12":"category-slider"},"yoast_head":"<!-- This site is optimized with the Yoast SEO plugin v24.0 - https:\/\/yoast.com\/wordpress\/plugins\/seo\/ -->\n<title>Ayuntamiento de Morelia devela programa de actividades de Fiestas Patrias - Diario ABC de Michoac\u00e1n<\/title>\n<meta name=\"robots\" content=\"index, follow, max-snippet:-1, max-image-preview:large, max-video-preview:-1\" \/>\n<link rel=\"canonical\" href=\"https:\/\/diarioabcdemichoacan.com.mx\/lasnoticias\/ayuntamiento-de-morelia-devela-programa-de-actividades-de-fiestas-patrias\/\" \/>\n<meta property=\"og:locale\" content=\"es_ES\" \/>\n<meta property=\"og:type\" content=\"article\" \/>\n<meta property=\"og:title\" content=\"Ayuntamiento de Morelia devela programa de actividades de Fiestas Patrias - Diario ABC de Michoac\u00e1n\" \/>\n<meta property=\"og:description\" content=\"Decenas de actividades c\u00edvicas, art\u00edsticas, acad\u00e9micas y culturales. &nbsp; Morelia, Mich.- El Ayuntamiento de Morelia llev\u00f3 a cabo la develaci\u00f3n del programa de actividades de las Fiestas Patrias, que durante todo el mes de septiembre, se desarrollar\u00e1 para el disfrute de morelianos, turistas y visitantes. El secretario del Ayuntamiento, Yankel Ben\u00edtez Silva, y la s\u00edndico [&hellip;]\" \/>\n<meta property=\"og:url\" content=\"https:\/\/diarioabcdemichoacan.com.mx\/lasnoticias\/ayuntamiento-de-morelia-devela-programa-de-actividades-de-fiestas-patrias\/\" \/>\n<meta property=\"og:site_name\" content=\"Diario ABC de Michoac\u00e1n\" \/>\n<meta property=\"article:published_time\" content=\"2025-08-29T21:52:17+00:00\" \/>\n<meta property=\"og:image\" content=\"https:\/\/diarioabcdemichoacan.com.mx\/lasnoticias\/wp-content\/uploads\/2025\/08\/Imagen-de-WhatsApp-2025-08-29-a-las-10.49.32_8d4bac48.jpg\" \/>\n\t<meta property=\"og:image:width\" content=\"1600\" \/>\n\t<meta property=\"og:image:height\" content=\"1067\" \/>\n\t<meta property=\"og:image:type\" content=\"image\/jpeg\" \/>\n<meta name=\"author\" content=\"AR\" \/>\n<meta name=\"twitter:card\" content=\"summary_large_image\" \/>\n<meta name=\"twitter:label1\" content=\"Escrito por\" \/>\n\t<meta name=\"twitter:data1\" content=\"AR\" \/>\n\t<meta name=\"twitter:label2\" content=\"Tiempo de lectura\" \/>\n\t<meta name=\"twitter:data2\" content=\"2 minutos\" \/>\n<script type=\"application\/ld+json\" class=\"yoast-schema-graph\">{\"@context\":\"https:\/\/schema.org\",\"@graph\":[{\"@type\":\"WebPage\",\"@id\":\"https:\/\/diarioabcdemichoacan.com.mx\/lasnoticias\/ayuntamiento-de-morelia-devela-programa-de-actividades-de-fiestas-patrias\/\",\"url\":\"https:\/\/diarioabcdemichoacan.com.mx\/lasnoticias\/ayuntamiento-de-morelia-devela-programa-de-actividades-de-fiestas-patrias\/\",\"name\":\"Ayuntamiento de Morelia devela programa de actividades de Fiestas Patrias - Diario ABC de Michoac\u00e1n\",\"isPartOf\":{\"@id\":\"https:\/\/diarioabcdemichoacan.com.mx\/lasnoticias\/#website\"},\"primaryImageOfPage\":{\"@id\":\"https:\/\/diarioabcdemichoacan.com.mx\/lasnoticias\/ayuntamiento-de-morelia-devela-programa-de-actividades-de-fiestas-patrias\/#primaryimage\"},\"image\":{\"@id\":\"https:\/\/diarioabcdemichoacan.com.mx\/lasnoticias\/ayuntamiento-de-morelia-devela-programa-de-actividades-de-fiestas-patrias\/#primaryimage\"},\"thumbnailUrl\":\"https:\/\/diarioabcdemichoacan.com.mx\/lasnoticias\/wp-content\/uploads\/2025\/08\/Imagen-de-WhatsApp-2025-08-29-a-las-10.49.32_8d4bac48.jpg\",\"datePublished\":\"2025-08-29T21:52:17+00:00\",\"dateModified\":\"2025-08-29T21:52:17+00:00\",\"author\":{\"@id\":\"https:\/\/diarioabcdemichoacan.com.mx\/lasnoticias\/#\/schema\/person\/19ae376040f6cbc489682ebdd8524852\"},\"breadcrumb\":{\"@id\":\"https:\/\/diarioabcdemichoacan.com.mx\/lasnoticias\/ayuntamiento-de-morelia-devela-programa-de-actividades-de-fiestas-patrias\/#breadcrumb\"},\"inLanguage\":\"es\",\"potentialAction\":[{\"@type\":\"ReadAction\",\"target\":[\"https:\/\/diarioabcdemichoacan.com.mx\/lasnoticias\/ayuntamiento-de-morelia-devela-programa-de-actividades-de-fiestas-patrias\/\"]}]},{\"@type\":\"ImageObject\",\"inLanguage\":\"es\",\"@id\":\"https:\/\/diarioabcdemichoacan.com.mx\/lasnoticias\/ayuntamiento-de-morelia-devela-programa-de-actividades-de-fiestas-patrias\/#primaryimage\",\"url\":\"https:\/\/diarioabcdemichoacan.com.mx\/lasnoticias\/wp-content\/uploads\/2025\/08\/Imagen-de-WhatsApp-2025-08-29-a-las-10.49.32_8d4bac48.jpg\",\"contentUrl\":\"https:\/\/diarioabcdemichoacan.com.mx\/lasnoticias\/wp-content\/uploads\/2025\/08\/Imagen-de-WhatsApp-2025-08-29-a-las-10.49.32_8d4bac48.jpg\",\"width\":1600,\"height\":1067},{\"@type\":\"BreadcrumbList\",\"@id\":\"https:\/\/diarioabcdemichoacan.com.mx\/lasnoticias\/ayuntamiento-de-morelia-devela-programa-de-actividades-de-fiestas-patrias\/#breadcrumb\",\"itemListElement\":[{\"@type\":\"ListItem\",\"position\":1,\"name\":\"Portada\",\"item\":\"https:\/\/diarioabcdemichoacan.com.mx\/lasnoticias\/\"},{\"@type\":\"ListItem\",\"position\":2,\"name\":\"Ayuntamiento de Morelia devela programa de actividades de Fiestas Patrias\"}]},{\"@type\":\"WebSite\",\"@id\":\"https:\/\/diarioabcdemichoacan.com.mx\/lasnoticias\/#website\",\"url\":\"https:\/\/diarioabcdemichoacan.com.mx\/lasnoticias\/\",\"name\":\"Diario ABC de Michoac\u00e1n\",\"description\":\"Las noticias al momento\",\"potentialAction\":[{\"@type\":\"SearchAction\",\"target\":{\"@type\":\"EntryPoint\",\"urlTemplate\":\"https:\/\/diarioabcdemichoacan.com.mx\/lasnoticias\/?s={search_term_string}\"},\"query-input\":{\"@type\":\"PropertyValueSpecification\",\"valueRequired\":true,\"valueName\":\"search_term_string\"}}],\"inLanguage\":\"es\"},{\"@type\":\"Person\",\"@id\":\"https:\/\/diarioabcdemichoacan.com.mx\/lasnoticias\/#\/schema\/person\/19ae376040f6cbc489682ebdd8524852\",\"name\":\"AR\",\"image\":{\"@type\":\"ImageObject\",\"inLanguage\":\"es\",\"@id\":\"https:\/\/diarioabcdemichoacan.com.mx\/lasnoticias\/#\/schema\/person\/image\/\",\"url\":\"https:\/\/secure.gravatar.com\/avatar\/44eca2ff970262234e20e1e082872af0?s=96&d=mm&r=g\",\"contentUrl\":\"https:\/\/secure.gravatar.com\/avatar\/44eca2ff970262234e20e1e082872af0?s=96&d=mm&r=g\",\"caption\":\"AR\"},\"url\":\"https:\/\/diarioabcdemichoacan.com.mx\/lasnoticias\/author\/adrian\/\"}]}<\/script>\n<!-- \/ Yoast SEO plugin. -->","yoast_head_json":{"title":"Ayuntamiento de Morelia devela programa de actividades de Fiestas Patrias - Diario ABC de Michoac\u00e1n","robots":{"index":"index","follow":"follow","max-snippet":"max-snippet:-1","max-image-preview":"max-image-preview:large","max-video-preview":"max-video-preview:-1"},"canonical":"https:\/\/diarioabcdemichoacan.com.mx\/lasnoticias\/ayuntamiento-de-morelia-devela-programa-de-actividades-de-fiestas-patrias\/","og_locale":"es_ES","og_type":"article","og_title":"Ayuntamiento de Morelia devela programa de actividades de Fiestas Patrias - Diario ABC de Michoac\u00e1n","og_description":"Decenas de actividades c\u00edvicas, art\u00edsticas, acad\u00e9micas y culturales. &nbsp; Morelia, Mich.- El Ayuntamiento de Morelia llev\u00f3 a cabo la develaci\u00f3n del programa de actividades de las Fiestas Patrias, que durante todo el mes de septiembre, se desarrollar\u00e1 para el disfrute de morelianos, turistas y visitantes. El secretario del Ayuntamiento, Yankel Ben\u00edtez Silva, y la s\u00edndico [&hellip;]","og_url":"https:\/\/diarioabcdemichoacan.com.mx\/lasnoticias\/ayuntamiento-de-morelia-devela-programa-de-actividades-de-fiestas-patrias\/","og_site_name":"Diario ABC de Michoac\u00e1n","article_published_time":"2025-08-29T21:52:17+00:00","og_image":[{"width":1600,"height":1067,"url":"https:\/\/diarioabcdemichoacan.com.mx\/lasnoticias\/wp-content\/uploads\/2025\/08\/Imagen-de-WhatsApp-2025-08-29-a-las-10.49.32_8d4bac48.jpg","type":"image\/jpeg"}],"author":"AR","twitter_card":"summary_large_image","twitter_misc":{"Escrito por":"AR","Tiempo de lectura":"2 minutos"},"schema":{"@context":"https:\/\/schema.org","@graph":[{"@type":"WebPage","@id":"https:\/\/diarioabcdemichoacan.com.mx\/lasnoticias\/ayuntamiento-de-morelia-devela-programa-de-actividades-de-fiestas-patrias\/","url":"https:\/\/diarioabcdemichoacan.com.mx\/lasnoticias\/ayuntamiento-de-morelia-devela-programa-de-actividades-de-fiestas-patrias\/","name":"Ayuntamiento de Morelia devela programa de actividades de Fiestas Patrias - Diario ABC de Michoac\u00e1n","isPartOf":{"@id":"https:\/\/diarioabcdemichoacan.com.mx\/lasnoticias\/#website"},"primaryImageOfPage":{"@id":"https:\/\/diarioabcdemichoacan.com.mx\/lasnoticias\/ayuntamiento-de-morelia-devela-programa-de-actividades-de-fiestas-patrias\/#primaryimage"},"image":{"@id":"https:\/\/diarioabcdemichoacan.com.mx\/lasnoticias\/ayuntamiento-de-morelia-devela-programa-de-actividades-de-fiestas-patrias\/#primaryimage"},"thumbnailUrl":"https:\/\/diarioabcdemichoacan.com.mx\/lasnoticias\/wp-content\/uploads\/2025\/08\/Imagen-de-WhatsApp-2025-08-29-a-las-10.49.32_8d4bac48.jpg","datePublished":"2025-08-29T21:52:17+00:00","dateModified":"2025-08-29T21:52:17+00:00","author":{"@id":"https:\/\/diarioabcdemichoacan.com.mx\/lasnoticias\/#\/schema\/person\/19ae376040f6cbc489682ebdd8524852"},"breadcrumb":{"@id":"https:\/\/diarioabcdemichoacan.com.mx\/lasnoticias\/ayuntamiento-de-morelia-devela-programa-de-actividades-de-fiestas-patrias\/#breadcrumb"},"inLanguage":"es","potentialAction":[{"@type":"ReadAction","target":["https:\/\/diarioabcdemichoacan.com.mx\/lasnoticias\/ayuntamiento-de-morelia-devela-programa-de-actividades-de-fiestas-patrias\/"]}]},{"@type":"ImageObject","inLanguage":"es","@id":"https:\/\/diarioabcdemichoacan.com.mx\/lasnoticias\/ayuntamiento-de-morelia-devela-programa-de-actividades-de-fiestas-patrias\/#primaryimage","url":"https:\/\/diarioabcdemichoacan.com.mx\/lasnoticias\/wp-content\/uploads\/2025\/08\/Imagen-de-WhatsApp-2025-08-29-a-las-10.49.32_8d4bac48.jpg","contentUrl":"https:\/\/diarioabcdemichoacan.com.mx\/lasnoticias\/wp-content\/uploads\/2025\/08\/Imagen-de-WhatsApp-2025-08-29-a-las-10.49.32_8d4bac48.jpg","width":1600,"height":1067},{"@type":"BreadcrumbList","@id":"https:\/\/diarioabcdemichoacan.com.mx\/lasnoticias\/ayuntamiento-de-morelia-devela-programa-de-actividades-de-fiestas-patrias\/#breadcrumb","itemListElement":[{"@type":"ListItem","position":1,"name":"Portada","item":"https:\/\/diarioabcdemichoacan.com.mx\/lasnoticias\/"},{"@type":"ListItem","position":2,"name":"Ayuntamiento de Morelia devela programa de actividades de Fiestas Patrias"}]},{"@type":"WebSite","@id":"https:\/\/diarioabcdemichoacan.com.mx\/lasnoticias\/#website","url":"https:\/\/diarioabcdemichoacan.com.mx\/lasnoticias\/","name":"Diario ABC de Michoac\u00e1n","description":"Las noticias al momento","potentialAction":[{"@type":"SearchAction","target":{"@type":"EntryPoint","urlTemplate":"https:\/\/diarioabcdemichoacan.com.mx\/lasnoticias\/?s={search_term_string}"},"query-input":{"@type":"PropertyValueSpecification","valueRequired":true,"valueName":"search_term_string"}}],"inLanguage":"es"},{"@type":"Person","@id":"https:\/\/diarioabcdemichoacan.com.mx\/lasnoticias\/#\/schema\/person\/19ae376040f6cbc489682ebdd8524852","name":"AR","image":{"@type":"ImageObject","inLanguage":"es","@id":"https:\/\/diarioabcdemichoacan.com.mx\/lasnoticias\/#\/schema\/person\/image\/","url":"https:\/\/secure.gravatar.com\/avatar\/44eca2ff970262234e20e1e082872af0?s=96&d=mm&r=g","contentUrl":"https:\/\/secure.gravatar.com\/avatar\/44eca2ff970262234e20e1e082872af0?s=96&d=mm&r=g","caption":"AR"},"url":"https:\/\/diarioabcdemichoacan.com.mx\/lasnoticias\/author\/adrian\/"}]}},"_links":{"self":[{"href":"https:\/\/diarioabcdemichoacan.com.mx\/lasnoticias\/wp-json\/wp\/v2\/posts\/68196","targetHints":{"allow":["GET"]}}],"collection":[{"href":"https:\/\/diarioabcdemichoacan.com.mx\/lasnoticias\/wp-json\/wp\/v2\/posts"}],"about":[{"href":"https:\/\/diarioabcdemichoacan.com.mx\/lasnoticias\/wp-json\/wp\/v2\/types\/post"}],"author":[{"embeddable":true,"href":"https:\/\/diarioabcdemichoacan.com.mx\/lasnoticias\/wp-json\/wp\/v2\/users\/9"}],"replies":[{"embeddable":true,"href":"https:\/\/diarioabcdemichoacan.com.mx\/lasnoticias\/wp-json\/wp\/v2\/comments?post=68196"}],"version-history":[{"count":1,"href":"https:\/\/diarioabcdemichoacan.com.mx\/lasnoticias\/wp-json\/wp\/v2\/posts\/68196\/revisions"}],"predecessor-version":[{"id":68198,"href":"https:\/\/diarioabcdemichoacan.com.mx\/lasnoticias\/wp-json\/wp\/v2\/posts\/68196\/revisions\/68198"}],"wp:featuredmedia":[{"embeddable":true,"href":"https:\/\/diarioabcdemichoacan.com.mx\/lasnoticias\/wp-json\/wp\/v2\/media\/68197"}],"wp:attachment":[{"href":"https:\/\/diarioabcdemichoacan.com.mx\/lasnoticias\/wp-json\/wp\/v2\/media?parent=68196"}],"wp:term":[{"taxonomy":"category","embeddable":true,"href":"https:\/\/diarioabcdemichoacan.com.mx\/lasnoticias\/wp-json\/wp\/v2\/categories?post=68196"},{"taxonomy":"post_tag","embeddable":true,"href":"https:\/\/diarioabcdemichoacan.com.mx\/lasnoticias\/wp-json\/wp\/v2\/tags?post=68196"}],"curies":[{"name":"wp","href":"https:\/\/api.w.org\/{rel}","templated":true}]}}