{"id":69242,"date":"2025-09-23T11:07:47","date_gmt":"2025-09-23T17:07:47","guid":{"rendered":"https:\/\/diarioabcdemichoacan.com.mx\/lasnoticias\/?p=69242"},"modified":"2025-09-23T11:07:47","modified_gmt":"2025-09-23T17:07:47","slug":"juan-antonio-magana-de-la-mora-rinde-informe-legislativo-orden-dialogo-y-resultados-para-michoacan","status":"publish","type":"post","link":"https:\/\/diarioabcdemichoacan.com.mx\/lasnoticias\/juan-antonio-magana-de-la-mora-rinde-informe-legislativo-orden-dialogo-y-resultados-para-michoacan\/","title":{"rendered":"Juan Antonio Maga\u00f1a de la Mora rinde informe legislativo: orden, di\u00e1logo y resultados para Michoac\u00e1n"},"content":{"rendered":"<h1>Resalt\u00f3 que durante su per\u00edodo como presidente de la mesa directiva impuls\u00f3 acciones para dar certeza y eficiencia a las decisiones legislativas.<\/h1>\n<p>&nbsp;<\/p>\n<hr \/>\n<p>Morelia, Mich.\u2013 El diputado Juan Antonio Maga\u00f1a de la Mora present\u00f3 su Informe de Actividades Legislativas, en el que destac\u00f3 el orden, la transparencia y el respeto al debate parlamentario que caracterizaron su gesti\u00f3n como presidente de la Mesa Directiva del Congreso del Estado durante el primer a\u00f1o legislativo.<\/p>\n<p>&nbsp;<\/p>\n<p>Maga\u00f1a de la Mora subray\u00f3 que, bajo su conducci\u00f3n el Congreso mantuvo un ritmo de trabajo constante, con la celebraci\u00f3n de sesiones ordinarias y extraordinarias, todas desarrolladas con puntualidad y estricto apego al marco legal, lo que permiti\u00f3 dar certeza y eficiencia a las decisiones legislativas.<\/p><div id=\"diari-1060119990\" class=\"diari-contenido diari-entity-placement\"><img loading=\"lazy\" decoding=\"async\" src=\"https:\/\/diarioabcdemichoacan.com.mx\/lasnoticias\/wp-content\/uploads\/2024\/07\/WhatsApp-Image-2024-05-07-at-10.12.40-a.m.jpeg\" alt=\"\"  srcset=\"https:\/\/diarioabcdemichoacan.com.mx\/lasnoticias\/wp-content\/uploads\/2024\/07\/WhatsApp-Image-2024-05-07-at-10.12.40-a.m.jpeg 400w, https:\/\/diarioabcdemichoacan.com.mx\/lasnoticias\/wp-content\/uploads\/2024\/07\/WhatsApp-Image-2024-05-07-at-10.12.40-a.m-150x150.jpeg 150w, https:\/\/diarioabcdemichoacan.com.mx\/lasnoticias\/wp-content\/uploads\/2024\/07\/WhatsApp-Image-2024-05-07-at-10.12.40-a.m-300x300.jpeg 300w\" sizes=\"(max-width: 400px) 100vw, 400px\" width=\"400\" height=\"400\"  style=\"display: inline-block;\" \/><\/div>\n<p>&nbsp;<\/p>\n<p>Durante este periodo, el Pleno aprob\u00f3 iniciativas que fortalecen la vida democr\u00e1tica de Michoac\u00e1n, impulsan la transparencia gubernamental, promueven el desarrollo econ\u00f3mico y garantizan derechos fundamentales para las y los ciudadanos.<\/p>\n<p>&nbsp;<\/p>\n<p>El legislador resalt\u00f3 que estos resultados fueron posibles gracias a la pluralidad de ideas, el di\u00e1logo entre las distintas fuerzas pol\u00edticas y la voluntad de consenso, factores que permitieron que el Congreso avanzara en la atenci\u00f3n de los temas prioritarios para el estado.<\/p>\n<p>&nbsp;<\/p>\n<p>Finalmente, Maga\u00f1a de la Mora refrend\u00f3 su compromiso de continuar legislando cerca de la ciudadan\u00eda, promoviendo leyes que atiendan las demandas sociales y contribuyan al progreso de Michoac\u00e1n.<\/p>\n","protected":false},"excerpt":{"rendered":"<p>Resalt\u00f3 que durante su per\u00edodo como presidente de la mesa directiva impuls\u00f3 acciones para dar certeza y eficiencia a las decisiones legislativas. &nbsp; Morelia, Mich.\u2013 El diputado Juan Antonio Maga\u00f1a de la Mora present\u00f3 su Informe de Actividades Legislativas, en el que destac\u00f3 el orden, la transparencia y el respeto al debate parlamentario que caracterizaron [&hellip;]<\/p>\n","protected":false},"author":9,"featured_media":69243,"comment_status":"closed","ping_status":"closed","sticky":false,"template":"","format":"standard","meta":{"footnotes":""},"categories":[13,22,28,27],"tags":[],"class_list":["post-69242","post","type-post","status-publish","format-standard","has-post-thumbnail","category-congreso","category-congreso-de-michoacan","category-politica","category-slider"],"yoast_head":"<!-- This site is optimized with the Yoast SEO plugin v28.4 - https:\/\/yoast.com\/product\/yoast-seo-wordpress\/ -->\n<title>Juan Antonio Maga\u00f1a de la Mora rinde informe legislativo: orden, di\u00e1logo y resultados para Michoac\u00e1n - Diario ABC de Michoac\u00e1n<\/title>\n<meta name=\"robots\" content=\"index, follow, max-snippet:-1, max-image-preview:large, max-video-preview:-1\" \/>\n<link rel=\"canonical\" href=\"https:\/\/diarioabcdemichoacan.com.mx\/lasnoticias\/juan-antonio-magana-de-la-mora-rinde-informe-legislativo-orden-dialogo-y-resultados-para-michoacan\/\" \/>\n<meta property=\"og:locale\" content=\"es_ES\" \/>\n<meta property=\"og:type\" content=\"article\" \/>\n<meta property=\"og:title\" content=\"Juan Antonio Maga\u00f1a de la Mora rinde informe legislativo: orden, di\u00e1logo y resultados para Michoac\u00e1n - Diario ABC de Michoac\u00e1n\" \/>\n<meta property=\"og:description\" content=\"Resalt\u00f3 que durante su per\u00edodo como presidente de la mesa directiva impuls\u00f3 acciones para dar certeza y eficiencia a las decisiones legislativas. &nbsp; Morelia, Mich.\u2013 El diputado Juan Antonio Maga\u00f1a de la Mora present\u00f3 su Informe de Actividades Legislativas, en el que destac\u00f3 el orden, la transparencia y el respeto al debate parlamentario que caracterizaron [&hellip;]\" \/>\n<meta property=\"og:url\" content=\"https:\/\/diarioabcdemichoacan.com.mx\/lasnoticias\/juan-antonio-magana-de-la-mora-rinde-informe-legislativo-orden-dialogo-y-resultados-para-michoacan\/\" \/>\n<meta property=\"og:site_name\" content=\"Diario ABC de Michoac\u00e1n\" \/>\n<meta property=\"article:published_time\" content=\"2025-09-23T17:07:47+00:00\" \/>\n<meta property=\"og:image\" content=\"https:\/\/diarioabcdemichoacan.com.mx\/lasnoticias\/wp-content\/uploads\/2025\/09\/IMG-20250923-WA00341-scaled.jpg\" \/>\n\t<meta property=\"og:image:width\" content=\"2560\" \/>\n\t<meta property=\"og:image:height\" content=\"1706\" \/>\n\t<meta property=\"og:image:type\" content=\"image\/jpeg\" \/>\n<meta name=\"author\" content=\"AR\" \/>\n<meta name=\"twitter:card\" content=\"summary_large_image\" \/>\n<meta name=\"twitter:label1\" content=\"Escrito por\" \/>\n\t<meta name=\"twitter:data1\" content=\"AR\" \/>\n\t<meta name=\"twitter:label2\" content=\"Tiempo de lectura\" \/>\n\t<meta name=\"twitter:data2\" content=\"2 minutos\" \/>\n<script type=\"application\/ld+json\" class=\"yoast-schema-graph\">{\"@context\":\"https:\\\/\\\/schema.org\",\"@graph\":[{\"@type\":\"Article\",\"@id\":\"https:\\\/\\\/diarioabcdemichoacan.com.mx\\\/lasnoticias\\\/juan-antonio-magana-de-la-mora-rinde-informe-legislativo-orden-dialogo-y-resultados-para-michoacan\\\/#article\",\"isPartOf\":{\"@id\":\"https:\\\/\\\/diarioabcdemichoacan.com.mx\\\/lasnoticias\\\/juan-antonio-magana-de-la-mora-rinde-informe-legislativo-orden-dialogo-y-resultados-para-michoacan\\\/\"},\"author\":{\"name\":\"AR\",\"@id\":\"https:\\\/\\\/diarioabcdemichoacan.com.mx\\\/lasnoticias\\\/#\\\/schema\\\/person\\\/19ae376040f6cbc489682ebdd8524852\"},\"headline\":\"Juan Antonio Maga\u00f1a de la Mora rinde informe legislativo: orden, di\u00e1logo y resultados para Michoac\u00e1n\",\"datePublished\":\"2025-09-23T17:07:47+00:00\",\"mainEntityOfPage\":{\"@id\":\"https:\\\/\\\/diarioabcdemichoacan.com.mx\\\/lasnoticias\\\/juan-antonio-magana-de-la-mora-rinde-informe-legislativo-orden-dialogo-y-resultados-para-michoacan\\\/\"},\"wordCount\":258,\"image\":{\"@id\":\"https:\\\/\\\/diarioabcdemichoacan.com.mx\\\/lasnoticias\\\/juan-antonio-magana-de-la-mora-rinde-informe-legislativo-orden-dialogo-y-resultados-para-michoacan\\\/#primaryimage\"},\"thumbnailUrl\":\"https:\\\/\\\/diarioabcdemichoacan.com.mx\\\/lasnoticias\\\/wp-content\\\/uploads\\\/2025\\\/09\\\/IMG-20250923-WA00341-scaled.jpg\",\"articleSection\":[\"Congreso\",\"Congreso de Michoac\u00e1n\",\"Pol\u00edtica\",\"Slider\"],\"inLanguage\":\"es\"},{\"@type\":\"WebPage\",\"@id\":\"https:\\\/\\\/diarioabcdemichoacan.com.mx\\\/lasnoticias\\\/juan-antonio-magana-de-la-mora-rinde-informe-legislativo-orden-dialogo-y-resultados-para-michoacan\\\/\",\"url\":\"https:\\\/\\\/diarioabcdemichoacan.com.mx\\\/lasnoticias\\\/juan-antonio-magana-de-la-mora-rinde-informe-legislativo-orden-dialogo-y-resultados-para-michoacan\\\/\",\"name\":\"Juan Antonio Maga\u00f1a de la Mora rinde informe legislativo: orden, di\u00e1logo y resultados para Michoac\u00e1n - Diario ABC de Michoac\u00e1n\",\"isPartOf\":{\"@id\":\"https:\\\/\\\/diarioabcdemichoacan.com.mx\\\/lasnoticias\\\/#website\"},\"primaryImageOfPage\":{\"@id\":\"https:\\\/\\\/diarioabcdemichoacan.com.mx\\\/lasnoticias\\\/juan-antonio-magana-de-la-mora-rinde-informe-legislativo-orden-dialogo-y-resultados-para-michoacan\\\/#primaryimage\"},\"image\":{\"@id\":\"https:\\\/\\\/diarioabcdemichoacan.com.mx\\\/lasnoticias\\\/juan-antonio-magana-de-la-mora-rinde-informe-legislativo-orden-dialogo-y-resultados-para-michoacan\\\/#primaryimage\"},\"thumbnailUrl\":\"https:\\\/\\\/diarioabcdemichoacan.com.mx\\\/lasnoticias\\\/wp-content\\\/uploads\\\/2025\\\/09\\\/IMG-20250923-WA00341-scaled.jpg\",\"datePublished\":\"2025-09-23T17:07:47+00:00\",\"author\":{\"@id\":\"https:\\\/\\\/diarioabcdemichoacan.com.mx\\\/lasnoticias\\\/#\\\/schema\\\/person\\\/19ae376040f6cbc489682ebdd8524852\"},\"breadcrumb\":{\"@id\":\"https:\\\/\\\/diarioabcdemichoacan.com.mx\\\/lasnoticias\\\/juan-antonio-magana-de-la-mora-rinde-informe-legislativo-orden-dialogo-y-resultados-para-michoacan\\\/#breadcrumb\"},\"inLanguage\":\"es\",\"potentialAction\":[{\"@type\":\"ReadAction\",\"target\":[\"https:\\\/\\\/diarioabcdemichoacan.com.mx\\\/lasnoticias\\\/juan-antonio-magana-de-la-mora-rinde-informe-legislativo-orden-dialogo-y-resultados-para-michoacan\\\/\"]}]},{\"@type\":\"ImageObject\",\"inLanguage\":\"es\",\"@id\":\"https:\\\/\\\/diarioabcdemichoacan.com.mx\\\/lasnoticias\\\/juan-antonio-magana-de-la-mora-rinde-informe-legislativo-orden-dialogo-y-resultados-para-michoacan\\\/#primaryimage\",\"url\":\"https:\\\/\\\/diarioabcdemichoacan.com.mx\\\/lasnoticias\\\/wp-content\\\/uploads\\\/2025\\\/09\\\/IMG-20250923-WA00341-scaled.jpg\",\"contentUrl\":\"https:\\\/\\\/diarioabcdemichoacan.com.mx\\\/lasnoticias\\\/wp-content\\\/uploads\\\/2025\\\/09\\\/IMG-20250923-WA00341-scaled.jpg\",\"width\":2560,\"height\":1706},{\"@type\":\"BreadcrumbList\",\"@id\":\"https:\\\/\\\/diarioabcdemichoacan.com.mx\\\/lasnoticias\\\/juan-antonio-magana-de-la-mora-rinde-informe-legislativo-orden-dialogo-y-resultados-para-michoacan\\\/#breadcrumb\",\"itemListElement\":[{\"@type\":\"ListItem\",\"position\":1,\"name\":\"Portada\",\"item\":\"https:\\\/\\\/diarioabcdemichoacan.com.mx\\\/lasnoticias\\\/\"},{\"@type\":\"ListItem\",\"position\":2,\"name\":\"Juan Antonio Maga\u00f1a de la Mora rinde informe legislativo: orden, di\u00e1logo y resultados para Michoac\u00e1n\"}]},{\"@type\":\"WebSite\",\"@id\":\"https:\\\/\\\/diarioabcdemichoacan.com.mx\\\/lasnoticias\\\/#website\",\"url\":\"https:\\\/\\\/diarioabcdemichoacan.com.mx\\\/lasnoticias\\\/\",\"name\":\"Diario ABC de Michoac\u00e1n\",\"description\":\"Las noticias al momento\",\"potentialAction\":[{\"@type\":\"SearchAction\",\"target\":{\"@type\":\"EntryPoint\",\"urlTemplate\":\"https:\\\/\\\/diarioabcdemichoacan.com.mx\\\/lasnoticias\\\/?s={search_term_string}\"},\"query-input\":{\"@type\":\"PropertyValueSpecification\",\"valueRequired\":true,\"valueName\":\"search_term_string\"}}],\"inLanguage\":\"es\"},{\"@type\":\"Person\",\"@id\":\"https:\\\/\\\/diarioabcdemichoacan.com.mx\\\/lasnoticias\\\/#\\\/schema\\\/person\\\/19ae376040f6cbc489682ebdd8524852\",\"name\":\"AR\",\"image\":{\"@type\":\"ImageObject\",\"inLanguage\":\"es\",\"@id\":\"https:\\\/\\\/secure.gravatar.com\\\/avatar\\\/620dde31bffc1d1abdb08a27461f06f796e6d74bba9feb506eda89b4e07120bb?s=96&d=mm&r=g\",\"url\":\"https:\\\/\\\/secure.gravatar.com\\\/avatar\\\/620dde31bffc1d1abdb08a27461f06f796e6d74bba9feb506eda89b4e07120bb?s=96&d=mm&r=g\",\"contentUrl\":\"https:\\\/\\\/secure.gravatar.com\\\/avatar\\\/620dde31bffc1d1abdb08a27461f06f796e6d74bba9feb506eda89b4e07120bb?s=96&d=mm&r=g\",\"caption\":\"AR\"},\"url\":\"https:\\\/\\\/diarioabcdemichoacan.com.mx\\\/lasnoticias\\\/author\\\/adrian\\\/\"}]}<\/script>\n<!-- \/ Yoast SEO plugin. -->","yoast_head_json":{"title":"Juan Antonio Maga\u00f1a de la Mora rinde informe legislativo: orden, di\u00e1logo y resultados para Michoac\u00e1n - Diario ABC de Michoac\u00e1n","robots":{"index":"index","follow":"follow","max-snippet":"max-snippet:-1","max-image-preview":"max-image-preview:large","max-video-preview":"max-video-preview:-1"},"canonical":"https:\/\/diarioabcdemichoacan.com.mx\/lasnoticias\/juan-antonio-magana-de-la-mora-rinde-informe-legislativo-orden-dialogo-y-resultados-para-michoacan\/","og_locale":"es_ES","og_type":"article","og_title":"Juan Antonio Maga\u00f1a de la Mora rinde informe legislativo: orden, di\u00e1logo y resultados para Michoac\u00e1n - Diario ABC de Michoac\u00e1n","og_description":"Resalt\u00f3 que durante su per\u00edodo como presidente de la mesa directiva impuls\u00f3 acciones para dar certeza y eficiencia a las decisiones legislativas. &nbsp; Morelia, Mich.\u2013 El diputado Juan Antonio Maga\u00f1a de la Mora present\u00f3 su Informe de Actividades Legislativas, en el que destac\u00f3 el orden, la transparencia y el respeto al debate parlamentario que caracterizaron [&hellip;]","og_url":"https:\/\/diarioabcdemichoacan.com.mx\/lasnoticias\/juan-antonio-magana-de-la-mora-rinde-informe-legislativo-orden-dialogo-y-resultados-para-michoacan\/","og_site_name":"Diario ABC de Michoac\u00e1n","article_published_time":"2025-09-23T17:07:47+00:00","og_image":[{"width":2560,"height":1706,"url":"https:\/\/diarioabcdemichoacan.com.mx\/lasnoticias\/wp-content\/uploads\/2025\/09\/IMG-20250923-WA00341-scaled.jpg","type":"image\/jpeg"}],"author":"AR","twitter_card":"summary_large_image","twitter_misc":{"Escrito por":"AR","Tiempo de lectura":"2 minutos"},"schema":{"@context":"https:\/\/schema.org","@graph":[{"@type":"Article","@id":"https:\/\/diarioabcdemichoacan.com.mx\/lasnoticias\/juan-antonio-magana-de-la-mora-rinde-informe-legislativo-orden-dialogo-y-resultados-para-michoacan\/#article","isPartOf":{"@id":"https:\/\/diarioabcdemichoacan.com.mx\/lasnoticias\/juan-antonio-magana-de-la-mora-rinde-informe-legislativo-orden-dialogo-y-resultados-para-michoacan\/"},"author":{"name":"AR","@id":"https:\/\/diarioabcdemichoacan.com.mx\/lasnoticias\/#\/schema\/person\/19ae376040f6cbc489682ebdd8524852"},"headline":"Juan Antonio Maga\u00f1a de la Mora rinde informe legislativo: orden, di\u00e1logo y resultados para Michoac\u00e1n","datePublished":"2025-09-23T17:07:47+00:00","mainEntityOfPage":{"@id":"https:\/\/diarioabcdemichoacan.com.mx\/lasnoticias\/juan-antonio-magana-de-la-mora-rinde-informe-legislativo-orden-dialogo-y-resultados-para-michoacan\/"},"wordCount":258,"image":{"@id":"https:\/\/diarioabcdemichoacan.com.mx\/lasnoticias\/juan-antonio-magana-de-la-mora-rinde-informe-legislativo-orden-dialogo-y-resultados-para-michoacan\/#primaryimage"},"thumbnailUrl":"https:\/\/diarioabcdemichoacan.com.mx\/lasnoticias\/wp-content\/uploads\/2025\/09\/IMG-20250923-WA00341-scaled.jpg","articleSection":["Congreso","Congreso de Michoac\u00e1n","Pol\u00edtica","Slider"],"inLanguage":"es"},{"@type":"WebPage","@id":"https:\/\/diarioabcdemichoacan.com.mx\/lasnoticias\/juan-antonio-magana-de-la-mora-rinde-informe-legislativo-orden-dialogo-y-resultados-para-michoacan\/","url":"https:\/\/diarioabcdemichoacan.com.mx\/lasnoticias\/juan-antonio-magana-de-la-mora-rinde-informe-legislativo-orden-dialogo-y-resultados-para-michoacan\/","name":"Juan Antonio Maga\u00f1a de la Mora rinde informe legislativo: orden, di\u00e1logo y resultados para Michoac\u00e1n - Diario ABC de Michoac\u00e1n","isPartOf":{"@id":"https:\/\/diarioabcdemichoacan.com.mx\/lasnoticias\/#website"},"primaryImageOfPage":{"@id":"https:\/\/diarioabcdemichoacan.com.mx\/lasnoticias\/juan-antonio-magana-de-la-mora-rinde-informe-legislativo-orden-dialogo-y-resultados-para-michoacan\/#primaryimage"},"image":{"@id":"https:\/\/diarioabcdemichoacan.com.mx\/lasnoticias\/juan-antonio-magana-de-la-mora-rinde-informe-legislativo-orden-dialogo-y-resultados-para-michoacan\/#primaryimage"},"thumbnailUrl":"https:\/\/diarioabcdemichoacan.com.mx\/lasnoticias\/wp-content\/uploads\/2025\/09\/IMG-20250923-WA00341-scaled.jpg","datePublished":"2025-09-23T17:07:47+00:00","author":{"@id":"https:\/\/diarioabcdemichoacan.com.mx\/lasnoticias\/#\/schema\/person\/19ae376040f6cbc489682ebdd8524852"},"breadcrumb":{"@id":"https:\/\/diarioabcdemichoacan.com.mx\/lasnoticias\/juan-antonio-magana-de-la-mora-rinde-informe-legislativo-orden-dialogo-y-resultados-para-michoacan\/#breadcrumb"},"inLanguage":"es","potentialAction":[{"@type":"ReadAction","target":["https:\/\/diarioabcdemichoacan.com.mx\/lasnoticias\/juan-antonio-magana-de-la-mora-rinde-informe-legislativo-orden-dialogo-y-resultados-para-michoacan\/"]}]},{"@type":"ImageObject","inLanguage":"es","@id":"https:\/\/diarioabcdemichoacan.com.mx\/lasnoticias\/juan-antonio-magana-de-la-mora-rinde-informe-legislativo-orden-dialogo-y-resultados-para-michoacan\/#primaryimage","url":"https:\/\/diarioabcdemichoacan.com.mx\/lasnoticias\/wp-content\/uploads\/2025\/09\/IMG-20250923-WA00341-scaled.jpg","contentUrl":"https:\/\/diarioabcdemichoacan.com.mx\/lasnoticias\/wp-content\/uploads\/2025\/09\/IMG-20250923-WA00341-scaled.jpg","width":2560,"height":1706},{"@type":"BreadcrumbList","@id":"https:\/\/diarioabcdemichoacan.com.mx\/lasnoticias\/juan-antonio-magana-de-la-mora-rinde-informe-legislativo-orden-dialogo-y-resultados-para-michoacan\/#breadcrumb","itemListElement":[{"@type":"ListItem","position":1,"name":"Portada","item":"https:\/\/diarioabcdemichoacan.com.mx\/lasnoticias\/"},{"@type":"ListItem","position":2,"name":"Juan Antonio Maga\u00f1a de la Mora rinde informe legislativo: orden, di\u00e1logo y resultados para Michoac\u00e1n"}]},{"@type":"WebSite","@id":"https:\/\/diarioabcdemichoacan.com.mx\/lasnoticias\/#website","url":"https:\/\/diarioabcdemichoacan.com.mx\/lasnoticias\/","name":"Diario ABC de Michoac\u00e1n","description":"Las noticias al momento","potentialAction":[{"@type":"SearchAction","target":{"@type":"EntryPoint","urlTemplate":"https:\/\/diarioabcdemichoacan.com.mx\/lasnoticias\/?s={search_term_string}"},"query-input":{"@type":"PropertyValueSpecification","valueRequired":true,"valueName":"search_term_string"}}],"inLanguage":"es"},{"@type":"Person","@id":"https:\/\/diarioabcdemichoacan.com.mx\/lasnoticias\/#\/schema\/person\/19ae376040f6cbc489682ebdd8524852","name":"AR","image":{"@type":"ImageObject","inLanguage":"es","@id":"https:\/\/secure.gravatar.com\/avatar\/620dde31bffc1d1abdb08a27461f06f796e6d74bba9feb506eda89b4e07120bb?s=96&d=mm&r=g","url":"https:\/\/secure.gravatar.com\/avatar\/620dde31bffc1d1abdb08a27461f06f796e6d74bba9feb506eda89b4e07120bb?s=96&d=mm&r=g","contentUrl":"https:\/\/secure.gravatar.com\/avatar\/620dde31bffc1d1abdb08a27461f06f796e6d74bba9feb506eda89b4e07120bb?s=96&d=mm&r=g","caption":"AR"},"url":"https:\/\/diarioabcdemichoacan.com.mx\/lasnoticias\/author\/adrian\/"}]}},"_links":{"self":[{"href":"https:\/\/diarioabcdemichoacan.com.mx\/lasnoticias\/wp-json\/wp\/v2\/posts\/69242","targetHints":{"allow":["GET"]}}],"collection":[{"href":"https:\/\/diarioabcdemichoacan.com.mx\/lasnoticias\/wp-json\/wp\/v2\/posts"}],"about":[{"href":"https:\/\/diarioabcdemichoacan.com.mx\/lasnoticias\/wp-json\/wp\/v2\/types\/post"}],"author":[{"embeddable":true,"href":"https:\/\/diarioabcdemichoacan.com.mx\/lasnoticias\/wp-json\/wp\/v2\/users\/9"}],"replies":[{"embeddable":true,"href":"https:\/\/diarioabcdemichoacan.com.mx\/lasnoticias\/wp-json\/wp\/v2\/comments?post=69242"}],"version-history":[{"count":1,"href":"https:\/\/diarioabcdemichoacan.com.mx\/lasnoticias\/wp-json\/wp\/v2\/posts\/69242\/revisions"}],"predecessor-version":[{"id":69244,"href":"https:\/\/diarioabcdemichoacan.com.mx\/lasnoticias\/wp-json\/wp\/v2\/posts\/69242\/revisions\/69244"}],"wp:featuredmedia":[{"embeddable":true,"href":"https:\/\/diarioabcdemichoacan.com.mx\/lasnoticias\/wp-json\/wp\/v2\/media\/69243"}],"wp:attachment":[{"href":"https:\/\/diarioabcdemichoacan.com.mx\/lasnoticias\/wp-json\/wp\/v2\/media?parent=69242"}],"wp:term":[{"taxonomy":"category","embeddable":true,"href":"https:\/\/diarioabcdemichoacan.com.mx\/lasnoticias\/wp-json\/wp\/v2\/categories?post=69242"},{"taxonomy":"post_tag","embeddable":true,"href":"https:\/\/diarioabcdemichoacan.com.mx\/lasnoticias\/wp-json\/wp\/v2\/tags?post=69242"}],"curies":[{"name":"wp","href":"https:\/\/api.w.org\/{rel}","templated":true}]}}