{"id":7008,"date":"2024-05-22T16:51:44","date_gmt":"2024-05-22T22:51:44","guid":{"rendered":"https:\/\/diarioabcdemichoacan.com.mx\/lasnoticias\/?p=7008"},"modified":"2024-05-22T16:51:44","modified_gmt":"2024-05-22T22:51:44","slug":"la-voz-de-los-jovenes-debe-dar-forma-a-nuestra-democracia-daniela-de-los-santos","status":"publish","type":"post","link":"https:\/\/diarioabcdemichoacan.com.mx\/lasnoticias\/la-voz-de-los-jovenes-debe-dar-forma-a-nuestra-democracia-daniela-de-los-santos\/","title":{"rendered":"La Voz de los J\u00f3venes debe dar forma a nuestra Democracia\u00bb: Daniela De Los Santos"},"content":{"rendered":"<h2>Daniela De Los Santos particip\u00f3 en el foro \u00abDi\u00e1logos con candidatos\u00bb de la UVAQ Morelia.<\/h2>\n<ul>\n<li>\u00a0Llam\u00f3 a las y los j\u00f3venes a ser mejores cada d\u00eda y a poner el ejemplo para mejorar la Democracia en nuestro pa\u00eds.<\/li>\n<\/ul>\n<h6>POR REDACCI\u00d3N, DIARIO ABC DE MICHOAC\u00c1N, 22 DE MAYO DE 2024.<\/h6>\n<hr \/>\n<p>Morelia, Michoac\u00e1n; 22 de mayo de 2024.- La candidata a Diputada Local por el Distrito 17, Daniela De Los Santos Torres, particip\u00f3 en el foro \u00abDi\u00e1logos con candidatos\u00bb de la Universidad Vasco de Quiroga (UVAQ) campus Morelia, donde destac\u00f3 la importancia de la participaci\u00f3n juvenil en la vida pol\u00edtica y social de Morelia.<\/p>\n<p>En su di\u00e1logo con los j\u00f3venes, Daniela De Los Santos respondi\u00f3 a diversas inquietudes de los estudiantes y celebr\u00f3 estos espacios de intercambio, subrayando su papel crucial para fomentar una ciudadan\u00eda activa y comprometida.<\/p>\n<p>\u00abLa generaci\u00f3n actual de j\u00f3venes debe darse cuenta de la gran responsabilidad social que tiene, no solamente son la fuerza para el desarrollo econ\u00f3mico de cualquier comunidad, son sobre todo la esperanza para recuperar los valores morales y \u00e9ticos que se han ido diluyendo en la sociedad\u00bb, afirm\u00f3 la candidata del PRI.<\/p>\n<p>De Los Santos comparti\u00f3 su compromiso de continuar trabajando desde el Congreso del Estado a favor de la ni\u00f1ez, la seguridad, la resoluci\u00f3n del grave problema del agua y la preservaci\u00f3n del medio ambiente.<\/p>\n<p>\u00abLegislaremos para que en los nuevos proyectos habitacionales se incluyan instalaciones de captaci\u00f3n de aguas pluviales y residuales. Tambi\u00e9n impulsaremos estas medidas en escuelas y oficinas de gobierno, y trabajaremos para preservar las zonas de captaci\u00f3n de los mantos acu\u00edferos en Morelia y en todo el estado\u00bb, se\u00f1al\u00f3 De Los Santos.<\/p>\n<p>Anunci\u00f3 que seguir\u00e1 promoviendo la participaci\u00f3n abierta de la sociedad en temas legislativos, destacando el \u00e9xito del programa \u00abEl Congreso Escucha\u00bb de la actual legislatura, que permiti\u00f3 la aprobaci\u00f3n de reformas importantes como la \u00abLey Vicaria\u00bb y la imprescriptibilidad de los delitos sexuales cometidos contra ni\u00f1as y ni\u00f1os, iniciativas surgidas directamente de la ciudadan\u00eda.<\/p>\n<p>Al finalizar su intervenci\u00f3n, Daniela De Los Santos agradeci\u00f3 al Rector de la UVAQ, Jos\u00e9 Antonio Herrera, por la invitaci\u00f3n y a los estudiantes por su c\u00e1lida recepci\u00f3n.<\/p>\n","protected":false},"excerpt":{"rendered":"<p>Daniela De Los Santos particip\u00f3 en el foro \u00abDi\u00e1logos con candidatos\u00bb de la UVAQ Morelia. \u00a0Llam\u00f3 a las y los j\u00f3venes a ser mejores cada d\u00eda y a poner el ejemplo para mejorar la Democracia en nuestro pa\u00eds. POR REDACCI\u00d3N, DIARIO ABC DE MICHOAC\u00c1N, 22 DE MAYO DE 2024. Morelia, Michoac\u00e1n; 22 de mayo de [&hellip;]<\/p>\n","protected":false},"author":8,"featured_media":7009,"comment_status":"closed","ping_status":"closed","sticky":false,"template":"","format":"standard","meta":{"footnotes":""},"categories":[28,27],"tags":[],"class_list":{"0":"post-7008","1":"post","2":"type-post","3":"status-publish","4":"format-standard","5":"has-post-thumbnail","7":"category-politica","8":"category-slider"},"yoast_head":"<!-- This site is optimized with the Yoast SEO plugin v24.0 - https:\/\/yoast.com\/wordpress\/plugins\/seo\/ -->\n<title>La Voz de los J\u00f3venes debe dar forma a nuestra Democracia&quot;: Daniela De Los Santos - Diario ABC de Michoac\u00e1n<\/title>\n<meta name=\"robots\" content=\"index, follow, max-snippet:-1, max-image-preview:large, max-video-preview:-1\" \/>\n<link rel=\"canonical\" href=\"https:\/\/diarioabcdemichoacan.com.mx\/lasnoticias\/la-voz-de-los-jovenes-debe-dar-forma-a-nuestra-democracia-daniela-de-los-santos\/\" \/>\n<meta property=\"og:locale\" content=\"es_ES\" \/>\n<meta property=\"og:type\" content=\"article\" \/>\n<meta property=\"og:title\" content=\"La Voz de los J\u00f3venes debe dar forma a nuestra Democracia&quot;: Daniela De Los Santos - Diario ABC de Michoac\u00e1n\" \/>\n<meta property=\"og:description\" content=\"Daniela De Los Santos particip\u00f3 en el foro \u00abDi\u00e1logos con candidatos\u00bb de la UVAQ Morelia. \u00a0Llam\u00f3 a las y los j\u00f3venes a ser mejores cada d\u00eda y a poner el ejemplo para mejorar la Democracia en nuestro pa\u00eds. POR REDACCI\u00d3N, DIARIO ABC DE MICHOAC\u00c1N, 22 DE MAYO DE 2024. Morelia, Michoac\u00e1n; 22 de mayo de [&hellip;]\" \/>\n<meta property=\"og:url\" content=\"https:\/\/diarioabcdemichoacan.com.mx\/lasnoticias\/la-voz-de-los-jovenes-debe-dar-forma-a-nuestra-democracia-daniela-de-los-santos\/\" \/>\n<meta property=\"og:site_name\" content=\"Diario ABC de Michoac\u00e1n\" \/>\n<meta property=\"article:published_time\" content=\"2024-05-22T22:51:44+00:00\" \/>\n<meta property=\"og:image\" content=\"https:\/\/diarioabcdemichoacan.com.mx\/lasnoticias\/wp-content\/uploads\/2024\/05\/IMG-20240522-WA0183.jpg\" \/>\n\t<meta property=\"og:image:width\" content=\"1280\" \/>\n\t<meta property=\"og:image:height\" content=\"853\" \/>\n\t<meta property=\"og:image:type\" content=\"image\/jpeg\" \/>\n<meta name=\"author\" content=\"MD\" \/>\n<meta name=\"twitter:card\" content=\"summary_large_image\" \/>\n<meta name=\"twitter:label1\" content=\"Escrito por\" \/>\n\t<meta name=\"twitter:data1\" content=\"MD\" \/>\n\t<meta name=\"twitter:label2\" content=\"Tiempo de lectura\" \/>\n\t<meta name=\"twitter:data2\" content=\"2 minutos\" \/>\n<script type=\"application\/ld+json\" class=\"yoast-schema-graph\">{\"@context\":\"https:\/\/schema.org\",\"@graph\":[{\"@type\":\"WebPage\",\"@id\":\"https:\/\/diarioabcdemichoacan.com.mx\/lasnoticias\/la-voz-de-los-jovenes-debe-dar-forma-a-nuestra-democracia-daniela-de-los-santos\/\",\"url\":\"https:\/\/diarioabcdemichoacan.com.mx\/lasnoticias\/la-voz-de-los-jovenes-debe-dar-forma-a-nuestra-democracia-daniela-de-los-santos\/\",\"name\":\"La Voz de los J\u00f3venes debe dar forma a nuestra Democracia\\\": Daniela De Los Santos - Diario ABC de Michoac\u00e1n\",\"isPartOf\":{\"@id\":\"https:\/\/diarioabcdemichoacan.com.mx\/lasnoticias\/#website\"},\"primaryImageOfPage\":{\"@id\":\"https:\/\/diarioabcdemichoacan.com.mx\/lasnoticias\/la-voz-de-los-jovenes-debe-dar-forma-a-nuestra-democracia-daniela-de-los-santos\/#primaryimage\"},\"image\":{\"@id\":\"https:\/\/diarioabcdemichoacan.com.mx\/lasnoticias\/la-voz-de-los-jovenes-debe-dar-forma-a-nuestra-democracia-daniela-de-los-santos\/#primaryimage\"},\"thumbnailUrl\":\"https:\/\/diarioabcdemichoacan.com.mx\/lasnoticias\/wp-content\/uploads\/2024\/05\/IMG-20240522-WA0183.jpg\",\"datePublished\":\"2024-05-22T22:51:44+00:00\",\"dateModified\":\"2024-05-22T22:51:44+00:00\",\"author\":{\"@id\":\"https:\/\/diarioabcdemichoacan.com.mx\/lasnoticias\/#\/schema\/person\/657e7c20ff5297f317664d985712e8e8\"},\"breadcrumb\":{\"@id\":\"https:\/\/diarioabcdemichoacan.com.mx\/lasnoticias\/la-voz-de-los-jovenes-debe-dar-forma-a-nuestra-democracia-daniela-de-los-santos\/#breadcrumb\"},\"inLanguage\":\"es\",\"potentialAction\":[{\"@type\":\"ReadAction\",\"target\":[\"https:\/\/diarioabcdemichoacan.com.mx\/lasnoticias\/la-voz-de-los-jovenes-debe-dar-forma-a-nuestra-democracia-daniela-de-los-santos\/\"]}]},{\"@type\":\"ImageObject\",\"inLanguage\":\"es\",\"@id\":\"https:\/\/diarioabcdemichoacan.com.mx\/lasnoticias\/la-voz-de-los-jovenes-debe-dar-forma-a-nuestra-democracia-daniela-de-los-santos\/#primaryimage\",\"url\":\"https:\/\/diarioabcdemichoacan.com.mx\/lasnoticias\/wp-content\/uploads\/2024\/05\/IMG-20240522-WA0183.jpg\",\"contentUrl\":\"https:\/\/diarioabcdemichoacan.com.mx\/lasnoticias\/wp-content\/uploads\/2024\/05\/IMG-20240522-WA0183.jpg\",\"width\":1280,\"height\":853},{\"@type\":\"BreadcrumbList\",\"@id\":\"https:\/\/diarioabcdemichoacan.com.mx\/lasnoticias\/la-voz-de-los-jovenes-debe-dar-forma-a-nuestra-democracia-daniela-de-los-santos\/#breadcrumb\",\"itemListElement\":[{\"@type\":\"ListItem\",\"position\":1,\"name\":\"Portada\",\"item\":\"https:\/\/diarioabcdemichoacan.com.mx\/lasnoticias\/\"},{\"@type\":\"ListItem\",\"position\":2,\"name\":\"La Voz de los J\u00f3venes debe dar forma a nuestra Democracia\u00bb: Daniela De Los Santos\"}]},{\"@type\":\"WebSite\",\"@id\":\"https:\/\/diarioabcdemichoacan.com.mx\/lasnoticias\/#website\",\"url\":\"https:\/\/diarioabcdemichoacan.com.mx\/lasnoticias\/\",\"name\":\"Diario ABC de Michoac\u00e1n\",\"description\":\"Las noticias al momento\",\"potentialAction\":[{\"@type\":\"SearchAction\",\"target\":{\"@type\":\"EntryPoint\",\"urlTemplate\":\"https:\/\/diarioabcdemichoacan.com.mx\/lasnoticias\/?s={search_term_string}\"},\"query-input\":{\"@type\":\"PropertyValueSpecification\",\"valueRequired\":true,\"valueName\":\"search_term_string\"}}],\"inLanguage\":\"es\"},{\"@type\":\"Person\",\"@id\":\"https:\/\/diarioabcdemichoacan.com.mx\/lasnoticias\/#\/schema\/person\/657e7c20ff5297f317664d985712e8e8\",\"name\":\"MD\",\"image\":{\"@type\":\"ImageObject\",\"inLanguage\":\"es\",\"@id\":\"https:\/\/diarioabcdemichoacan.com.mx\/lasnoticias\/#\/schema\/person\/image\/\",\"url\":\"https:\/\/secure.gravatar.com\/avatar\/a769375eedc94419a5b67bc5d63567af?s=96&d=mm&r=g\",\"contentUrl\":\"https:\/\/secure.gravatar.com\/avatar\/a769375eedc94419a5b67bc5d63567af?s=96&d=mm&r=g\",\"caption\":\"MD\"},\"url\":\"https:\/\/diarioabcdemichoacan.com.mx\/lasnoticias\/author\/merelydpa\/\"}]}<\/script>\n<!-- \/ Yoast SEO plugin. -->","yoast_head_json":{"title":"La Voz de los J\u00f3venes debe dar forma a nuestra Democracia\": Daniela De Los Santos - Diario ABC de Michoac\u00e1n","robots":{"index":"index","follow":"follow","max-snippet":"max-snippet:-1","max-image-preview":"max-image-preview:large","max-video-preview":"max-video-preview:-1"},"canonical":"https:\/\/diarioabcdemichoacan.com.mx\/lasnoticias\/la-voz-de-los-jovenes-debe-dar-forma-a-nuestra-democracia-daniela-de-los-santos\/","og_locale":"es_ES","og_type":"article","og_title":"La Voz de los J\u00f3venes debe dar forma a nuestra Democracia\": Daniela De Los Santos - Diario ABC de Michoac\u00e1n","og_description":"Daniela De Los Santos particip\u00f3 en el foro \u00abDi\u00e1logos con candidatos\u00bb de la UVAQ Morelia. \u00a0Llam\u00f3 a las y los j\u00f3venes a ser mejores cada d\u00eda y a poner el ejemplo para mejorar la Democracia en nuestro pa\u00eds. POR REDACCI\u00d3N, DIARIO ABC DE MICHOAC\u00c1N, 22 DE MAYO DE 2024. Morelia, Michoac\u00e1n; 22 de mayo de [&hellip;]","og_url":"https:\/\/diarioabcdemichoacan.com.mx\/lasnoticias\/la-voz-de-los-jovenes-debe-dar-forma-a-nuestra-democracia-daniela-de-los-santos\/","og_site_name":"Diario ABC de Michoac\u00e1n","article_published_time":"2024-05-22T22:51:44+00:00","og_image":[{"width":1280,"height":853,"url":"https:\/\/diarioabcdemichoacan.com.mx\/lasnoticias\/wp-content\/uploads\/2024\/05\/IMG-20240522-WA0183.jpg","type":"image\/jpeg"}],"author":"MD","twitter_card":"summary_large_image","twitter_misc":{"Escrito por":"MD","Tiempo de lectura":"2 minutos"},"schema":{"@context":"https:\/\/schema.org","@graph":[{"@type":"WebPage","@id":"https:\/\/diarioabcdemichoacan.com.mx\/lasnoticias\/la-voz-de-los-jovenes-debe-dar-forma-a-nuestra-democracia-daniela-de-los-santos\/","url":"https:\/\/diarioabcdemichoacan.com.mx\/lasnoticias\/la-voz-de-los-jovenes-debe-dar-forma-a-nuestra-democracia-daniela-de-los-santos\/","name":"La Voz de los J\u00f3venes debe dar forma a nuestra Democracia\": Daniela De Los Santos - Diario ABC de Michoac\u00e1n","isPartOf":{"@id":"https:\/\/diarioabcdemichoacan.com.mx\/lasnoticias\/#website"},"primaryImageOfPage":{"@id":"https:\/\/diarioabcdemichoacan.com.mx\/lasnoticias\/la-voz-de-los-jovenes-debe-dar-forma-a-nuestra-democracia-daniela-de-los-santos\/#primaryimage"},"image":{"@id":"https:\/\/diarioabcdemichoacan.com.mx\/lasnoticias\/la-voz-de-los-jovenes-debe-dar-forma-a-nuestra-democracia-daniela-de-los-santos\/#primaryimage"},"thumbnailUrl":"https:\/\/diarioabcdemichoacan.com.mx\/lasnoticias\/wp-content\/uploads\/2024\/05\/IMG-20240522-WA0183.jpg","datePublished":"2024-05-22T22:51:44+00:00","dateModified":"2024-05-22T22:51:44+00:00","author":{"@id":"https:\/\/diarioabcdemichoacan.com.mx\/lasnoticias\/#\/schema\/person\/657e7c20ff5297f317664d985712e8e8"},"breadcrumb":{"@id":"https:\/\/diarioabcdemichoacan.com.mx\/lasnoticias\/la-voz-de-los-jovenes-debe-dar-forma-a-nuestra-democracia-daniela-de-los-santos\/#breadcrumb"},"inLanguage":"es","potentialAction":[{"@type":"ReadAction","target":["https:\/\/diarioabcdemichoacan.com.mx\/lasnoticias\/la-voz-de-los-jovenes-debe-dar-forma-a-nuestra-democracia-daniela-de-los-santos\/"]}]},{"@type":"ImageObject","inLanguage":"es","@id":"https:\/\/diarioabcdemichoacan.com.mx\/lasnoticias\/la-voz-de-los-jovenes-debe-dar-forma-a-nuestra-democracia-daniela-de-los-santos\/#primaryimage","url":"https:\/\/diarioabcdemichoacan.com.mx\/lasnoticias\/wp-content\/uploads\/2024\/05\/IMG-20240522-WA0183.jpg","contentUrl":"https:\/\/diarioabcdemichoacan.com.mx\/lasnoticias\/wp-content\/uploads\/2024\/05\/IMG-20240522-WA0183.jpg","width":1280,"height":853},{"@type":"BreadcrumbList","@id":"https:\/\/diarioabcdemichoacan.com.mx\/lasnoticias\/la-voz-de-los-jovenes-debe-dar-forma-a-nuestra-democracia-daniela-de-los-santos\/#breadcrumb","itemListElement":[{"@type":"ListItem","position":1,"name":"Portada","item":"https:\/\/diarioabcdemichoacan.com.mx\/lasnoticias\/"},{"@type":"ListItem","position":2,"name":"La Voz de los J\u00f3venes debe dar forma a nuestra Democracia\u00bb: Daniela De Los Santos"}]},{"@type":"WebSite","@id":"https:\/\/diarioabcdemichoacan.com.mx\/lasnoticias\/#website","url":"https:\/\/diarioabcdemichoacan.com.mx\/lasnoticias\/","name":"Diario ABC de Michoac\u00e1n","description":"Las noticias al momento","potentialAction":[{"@type":"SearchAction","target":{"@type":"EntryPoint","urlTemplate":"https:\/\/diarioabcdemichoacan.com.mx\/lasnoticias\/?s={search_term_string}"},"query-input":{"@type":"PropertyValueSpecification","valueRequired":true,"valueName":"search_term_string"}}],"inLanguage":"es"},{"@type":"Person","@id":"https:\/\/diarioabcdemichoacan.com.mx\/lasnoticias\/#\/schema\/person\/657e7c20ff5297f317664d985712e8e8","name":"MD","image":{"@type":"ImageObject","inLanguage":"es","@id":"https:\/\/diarioabcdemichoacan.com.mx\/lasnoticias\/#\/schema\/person\/image\/","url":"https:\/\/secure.gravatar.com\/avatar\/a769375eedc94419a5b67bc5d63567af?s=96&d=mm&r=g","contentUrl":"https:\/\/secure.gravatar.com\/avatar\/a769375eedc94419a5b67bc5d63567af?s=96&d=mm&r=g","caption":"MD"},"url":"https:\/\/diarioabcdemichoacan.com.mx\/lasnoticias\/author\/merelydpa\/"}]}},"_links":{"self":[{"href":"https:\/\/diarioabcdemichoacan.com.mx\/lasnoticias\/wp-json\/wp\/v2\/posts\/7008","targetHints":{"allow":["GET"]}}],"collection":[{"href":"https:\/\/diarioabcdemichoacan.com.mx\/lasnoticias\/wp-json\/wp\/v2\/posts"}],"about":[{"href":"https:\/\/diarioabcdemichoacan.com.mx\/lasnoticias\/wp-json\/wp\/v2\/types\/post"}],"author":[{"embeddable":true,"href":"https:\/\/diarioabcdemichoacan.com.mx\/lasnoticias\/wp-json\/wp\/v2\/users\/8"}],"replies":[{"embeddable":true,"href":"https:\/\/diarioabcdemichoacan.com.mx\/lasnoticias\/wp-json\/wp\/v2\/comments?post=7008"}],"version-history":[{"count":1,"href":"https:\/\/diarioabcdemichoacan.com.mx\/lasnoticias\/wp-json\/wp\/v2\/posts\/7008\/revisions"}],"predecessor-version":[{"id":7010,"href":"https:\/\/diarioabcdemichoacan.com.mx\/lasnoticias\/wp-json\/wp\/v2\/posts\/7008\/revisions\/7010"}],"wp:featuredmedia":[{"embeddable":true,"href":"https:\/\/diarioabcdemichoacan.com.mx\/lasnoticias\/wp-json\/wp\/v2\/media\/7009"}],"wp:attachment":[{"href":"https:\/\/diarioabcdemichoacan.com.mx\/lasnoticias\/wp-json\/wp\/v2\/media?parent=7008"}],"wp:term":[{"taxonomy":"category","embeddable":true,"href":"https:\/\/diarioabcdemichoacan.com.mx\/lasnoticias\/wp-json\/wp\/v2\/categories?post=7008"},{"taxonomy":"post_tag","embeddable":true,"href":"https:\/\/diarioabcdemichoacan.com.mx\/lasnoticias\/wp-json\/wp\/v2\/tags?post=7008"}],"curies":[{"name":"wp","href":"https:\/\/api.w.org\/{rel}","templated":true}]}}