{"id":7011,"date":"2024-05-22T17:17:44","date_gmt":"2024-05-22T23:17:44","guid":{"rendered":"https:\/\/diarioabcdemichoacan.com.mx\/lasnoticias\/?p=7011"},"modified":"2024-05-22T17:17:44","modified_gmt":"2024-05-22T23:17:44","slug":"no-abandonaremos-al-mercado-independencia-lo-vamos-a-recuperar-torres-pina","status":"publish","type":"post","link":"https:\/\/diarioabcdemichoacan.com.mx\/lasnoticias\/no-abandonaremos-al-mercado-independencia-lo-vamos-a-recuperar-torres-pina\/","title":{"rendered":"No abandonaremos al Mercado Independencia, lo vamos a recuperar: Torres Pi\u00f1a"},"content":{"rendered":"<h3>Establece dialogo con comerciantes para determinar el nivel de deterioro que presenta el Mercado Independencia, a un a\u00f1o del voraz incendio que sufri\u00f3.<\/h3>\n<h6>POR REDACCI\u00d3N, DIARIO ABC DE MICHOAC\u00c1N, 21 DE MAYO DE 2024.<\/h6>\n<hr \/>\n<p>Morelia, Michoac\u00e1n, a 22 de mayo de 2024.- A un a\u00f1o del voraz incendi\u00f3 que sufri\u00f3 el Mercado Independencia, cuyos estragos siguen generando p\u00e9rdidas para sus comerciantes, el candidato a la presidencia de Morelia por la coalici\u00f3n Sigamos Haciendo Historia, Carlos Torres Pi\u00f1a, se comprometi\u00f3 a rescatar dicho espacio comercial, en t\u00e9rminos infraestructurales y de seguridad, a fin de responder por la inacci\u00f3n de las autoridades municipales en turno.<\/p>\n<p>Esto, luego de sostener un acercamiento con decenas de comerciantes del Mercado Independencia, quienes condenaron omisi\u00f3n en el gobierno capitalino en torno al incidente que el establecimiento comercial sufri\u00f3 desde el pasado 20 de mayo de 2023.<\/p>\n<p>\u201cEs lamentable que, a un a\u00f1o del voraz incendi\u00f3 que sufri\u00f3 el Mercado Independencia, sus comerciantes sigan en el abandono y sin saber cu\u00e1ndo se recuperar\u00e1n las p\u00e9rdidas estructurales que derivaron del siniestro\u201d, se\u00f1al\u00f3 el abanderado de los partidos Morena, del Trabajo (PT) y Verde Ecologista de M\u00e9xico (PVEM).<\/p>\n<p>Ante este escenario, Torres Pi\u00f1a inici\u00f3 un diagn\u00f3stico de los da\u00f1os que presenta el mercado, en coordinaci\u00f3n con una comitiva de locatarios del establecimiento, con la que se trabajar\u00e1 para resarcir los da\u00f1os que no parecen importarle al gobierno capitalino.<\/p>\n<p>Un punto a destacar es que el Gobierno de Michoac\u00e1n puso a disposici\u00f3n del municipio una bolsa de 110 millones de pesos para que el ayuntamiento moreliano la invirtiera en el rescate del Mercado Independencia. Sin embargo, la administraci\u00f3n de quien hoy busca reelegirse bajo las siglas del PAN y el PRD se neg\u00f3 a responder por los da\u00f1os del establecimiento, y el recurso que se pretend\u00eda liberar por parte del gobernador Alfredo Ram\u00edrez Bedolla, termin\u00f3 perdi\u00e9ndose.<\/p>\n","protected":false},"excerpt":{"rendered":"<p>Establece dialogo con comerciantes para determinar el nivel de deterioro que presenta el Mercado Independencia, a un a\u00f1o del voraz incendio que sufri\u00f3. POR REDACCI\u00d3N, DIARIO ABC DE MICHOAC\u00c1N, 21 DE MAYO DE 2024. Morelia, Michoac\u00e1n, a 22 de mayo de 2024.- A un a\u00f1o del voraz incendi\u00f3 que sufri\u00f3 el Mercado Independencia, cuyos estragos [&hellip;]<\/p>\n","protected":false},"author":8,"featured_media":7012,"comment_status":"closed","ping_status":"closed","sticky":false,"template":"","format":"standard","meta":{"footnotes":""},"categories":[28,27],"tags":[],"class_list":{"0":"post-7011","1":"post","2":"type-post","3":"status-publish","4":"format-standard","5":"has-post-thumbnail","7":"category-politica","8":"category-slider"},"yoast_head":"<!-- This site is optimized with the Yoast SEO plugin v24.0 - https:\/\/yoast.com\/wordpress\/plugins\/seo\/ -->\n<title>No abandonaremos al Mercado Independencia, lo vamos a recuperar: Torres Pi\u00f1a - Diario ABC de Michoac\u00e1n<\/title>\n<meta name=\"robots\" content=\"index, follow, max-snippet:-1, max-image-preview:large, max-video-preview:-1\" \/>\n<link rel=\"canonical\" href=\"https:\/\/diarioabcdemichoacan.com.mx\/lasnoticias\/no-abandonaremos-al-mercado-independencia-lo-vamos-a-recuperar-torres-pina\/\" \/>\n<meta property=\"og:locale\" content=\"es_ES\" \/>\n<meta property=\"og:type\" content=\"article\" \/>\n<meta property=\"og:title\" content=\"No abandonaremos al Mercado Independencia, lo vamos a recuperar: Torres Pi\u00f1a - Diario ABC de Michoac\u00e1n\" \/>\n<meta property=\"og:description\" content=\"Establece dialogo con comerciantes para determinar el nivel de deterioro que presenta el Mercado Independencia, a un a\u00f1o del voraz incendio que sufri\u00f3. POR REDACCI\u00d3N, DIARIO ABC DE MICHOAC\u00c1N, 21 DE MAYO DE 2024. Morelia, Michoac\u00e1n, a 22 de mayo de 2024.- A un a\u00f1o del voraz incendi\u00f3 que sufri\u00f3 el Mercado Independencia, cuyos estragos [&hellip;]\" \/>\n<meta property=\"og:url\" content=\"https:\/\/diarioabcdemichoacan.com.mx\/lasnoticias\/no-abandonaremos-al-mercado-independencia-lo-vamos-a-recuperar-torres-pina\/\" \/>\n<meta property=\"og:site_name\" content=\"Diario ABC de Michoac\u00e1n\" \/>\n<meta property=\"article:published_time\" content=\"2024-05-22T23:17:44+00:00\" \/>\n<meta property=\"og:image\" content=\"https:\/\/diarioabcdemichoacan.com.mx\/lasnoticias\/wp-content\/uploads\/2024\/05\/IMG-20240522-WA0185.jpg\" \/>\n\t<meta property=\"og:image:width\" content=\"1280\" \/>\n\t<meta property=\"og:image:height\" content=\"854\" \/>\n\t<meta property=\"og:image:type\" content=\"image\/jpeg\" \/>\n<meta name=\"author\" content=\"MD\" \/>\n<meta name=\"twitter:card\" content=\"summary_large_image\" \/>\n<meta name=\"twitter:label1\" content=\"Escrito por\" \/>\n\t<meta name=\"twitter:data1\" content=\"MD\" \/>\n\t<meta name=\"twitter:label2\" content=\"Tiempo de lectura\" \/>\n\t<meta name=\"twitter:data2\" content=\"2 minutos\" \/>\n<script type=\"application\/ld+json\" class=\"yoast-schema-graph\">{\"@context\":\"https:\/\/schema.org\",\"@graph\":[{\"@type\":\"WebPage\",\"@id\":\"https:\/\/diarioabcdemichoacan.com.mx\/lasnoticias\/no-abandonaremos-al-mercado-independencia-lo-vamos-a-recuperar-torres-pina\/\",\"url\":\"https:\/\/diarioabcdemichoacan.com.mx\/lasnoticias\/no-abandonaremos-al-mercado-independencia-lo-vamos-a-recuperar-torres-pina\/\",\"name\":\"No abandonaremos al Mercado Independencia, lo vamos a recuperar: Torres Pi\u00f1a - Diario ABC de Michoac\u00e1n\",\"isPartOf\":{\"@id\":\"https:\/\/diarioabcdemichoacan.com.mx\/lasnoticias\/#website\"},\"primaryImageOfPage\":{\"@id\":\"https:\/\/diarioabcdemichoacan.com.mx\/lasnoticias\/no-abandonaremos-al-mercado-independencia-lo-vamos-a-recuperar-torres-pina\/#primaryimage\"},\"image\":{\"@id\":\"https:\/\/diarioabcdemichoacan.com.mx\/lasnoticias\/no-abandonaremos-al-mercado-independencia-lo-vamos-a-recuperar-torres-pina\/#primaryimage\"},\"thumbnailUrl\":\"https:\/\/diarioabcdemichoacan.com.mx\/lasnoticias\/wp-content\/uploads\/2024\/05\/IMG-20240522-WA0185.jpg\",\"datePublished\":\"2024-05-22T23:17:44+00:00\",\"dateModified\":\"2024-05-22T23:17:44+00:00\",\"author\":{\"@id\":\"https:\/\/diarioabcdemichoacan.com.mx\/lasnoticias\/#\/schema\/person\/657e7c20ff5297f317664d985712e8e8\"},\"breadcrumb\":{\"@id\":\"https:\/\/diarioabcdemichoacan.com.mx\/lasnoticias\/no-abandonaremos-al-mercado-independencia-lo-vamos-a-recuperar-torres-pina\/#breadcrumb\"},\"inLanguage\":\"es\",\"potentialAction\":[{\"@type\":\"ReadAction\",\"target\":[\"https:\/\/diarioabcdemichoacan.com.mx\/lasnoticias\/no-abandonaremos-al-mercado-independencia-lo-vamos-a-recuperar-torres-pina\/\"]}]},{\"@type\":\"ImageObject\",\"inLanguage\":\"es\",\"@id\":\"https:\/\/diarioabcdemichoacan.com.mx\/lasnoticias\/no-abandonaremos-al-mercado-independencia-lo-vamos-a-recuperar-torres-pina\/#primaryimage\",\"url\":\"https:\/\/diarioabcdemichoacan.com.mx\/lasnoticias\/wp-content\/uploads\/2024\/05\/IMG-20240522-WA0185.jpg\",\"contentUrl\":\"https:\/\/diarioabcdemichoacan.com.mx\/lasnoticias\/wp-content\/uploads\/2024\/05\/IMG-20240522-WA0185.jpg\",\"width\":1280,\"height\":854},{\"@type\":\"BreadcrumbList\",\"@id\":\"https:\/\/diarioabcdemichoacan.com.mx\/lasnoticias\/no-abandonaremos-al-mercado-independencia-lo-vamos-a-recuperar-torres-pina\/#breadcrumb\",\"itemListElement\":[{\"@type\":\"ListItem\",\"position\":1,\"name\":\"Portada\",\"item\":\"https:\/\/diarioabcdemichoacan.com.mx\/lasnoticias\/\"},{\"@type\":\"ListItem\",\"position\":2,\"name\":\"No abandonaremos al Mercado Independencia, lo vamos a recuperar: Torres Pi\u00f1a\"}]},{\"@type\":\"WebSite\",\"@id\":\"https:\/\/diarioabcdemichoacan.com.mx\/lasnoticias\/#website\",\"url\":\"https:\/\/diarioabcdemichoacan.com.mx\/lasnoticias\/\",\"name\":\"Diario ABC de Michoac\u00e1n\",\"description\":\"Las noticias al momento\",\"potentialAction\":[{\"@type\":\"SearchAction\",\"target\":{\"@type\":\"EntryPoint\",\"urlTemplate\":\"https:\/\/diarioabcdemichoacan.com.mx\/lasnoticias\/?s={search_term_string}\"},\"query-input\":{\"@type\":\"PropertyValueSpecification\",\"valueRequired\":true,\"valueName\":\"search_term_string\"}}],\"inLanguage\":\"es\"},{\"@type\":\"Person\",\"@id\":\"https:\/\/diarioabcdemichoacan.com.mx\/lasnoticias\/#\/schema\/person\/657e7c20ff5297f317664d985712e8e8\",\"name\":\"MD\",\"image\":{\"@type\":\"ImageObject\",\"inLanguage\":\"es\",\"@id\":\"https:\/\/diarioabcdemichoacan.com.mx\/lasnoticias\/#\/schema\/person\/image\/\",\"url\":\"https:\/\/secure.gravatar.com\/avatar\/a769375eedc94419a5b67bc5d63567af?s=96&d=mm&r=g\",\"contentUrl\":\"https:\/\/secure.gravatar.com\/avatar\/a769375eedc94419a5b67bc5d63567af?s=96&d=mm&r=g\",\"caption\":\"MD\"},\"url\":\"https:\/\/diarioabcdemichoacan.com.mx\/lasnoticias\/author\/merelydpa\/\"}]}<\/script>\n<!-- \/ Yoast SEO plugin. -->","yoast_head_json":{"title":"No abandonaremos al Mercado Independencia, lo vamos a recuperar: Torres Pi\u00f1a - Diario ABC de Michoac\u00e1n","robots":{"index":"index","follow":"follow","max-snippet":"max-snippet:-1","max-image-preview":"max-image-preview:large","max-video-preview":"max-video-preview:-1"},"canonical":"https:\/\/diarioabcdemichoacan.com.mx\/lasnoticias\/no-abandonaremos-al-mercado-independencia-lo-vamos-a-recuperar-torres-pina\/","og_locale":"es_ES","og_type":"article","og_title":"No abandonaremos al Mercado Independencia, lo vamos a recuperar: Torres Pi\u00f1a - Diario ABC de Michoac\u00e1n","og_description":"Establece dialogo con comerciantes para determinar el nivel de deterioro que presenta el Mercado Independencia, a un a\u00f1o del voraz incendio que sufri\u00f3. POR REDACCI\u00d3N, DIARIO ABC DE MICHOAC\u00c1N, 21 DE MAYO DE 2024. Morelia, Michoac\u00e1n, a 22 de mayo de 2024.- A un a\u00f1o del voraz incendi\u00f3 que sufri\u00f3 el Mercado Independencia, cuyos estragos [&hellip;]","og_url":"https:\/\/diarioabcdemichoacan.com.mx\/lasnoticias\/no-abandonaremos-al-mercado-independencia-lo-vamos-a-recuperar-torres-pina\/","og_site_name":"Diario ABC de Michoac\u00e1n","article_published_time":"2024-05-22T23:17:44+00:00","og_image":[{"width":1280,"height":854,"url":"https:\/\/diarioabcdemichoacan.com.mx\/lasnoticias\/wp-content\/uploads\/2024\/05\/IMG-20240522-WA0185.jpg","type":"image\/jpeg"}],"author":"MD","twitter_card":"summary_large_image","twitter_misc":{"Escrito por":"MD","Tiempo de lectura":"2 minutos"},"schema":{"@context":"https:\/\/schema.org","@graph":[{"@type":"WebPage","@id":"https:\/\/diarioabcdemichoacan.com.mx\/lasnoticias\/no-abandonaremos-al-mercado-independencia-lo-vamos-a-recuperar-torres-pina\/","url":"https:\/\/diarioabcdemichoacan.com.mx\/lasnoticias\/no-abandonaremos-al-mercado-independencia-lo-vamos-a-recuperar-torres-pina\/","name":"No abandonaremos al Mercado Independencia, lo vamos a recuperar: Torres Pi\u00f1a - Diario ABC de Michoac\u00e1n","isPartOf":{"@id":"https:\/\/diarioabcdemichoacan.com.mx\/lasnoticias\/#website"},"primaryImageOfPage":{"@id":"https:\/\/diarioabcdemichoacan.com.mx\/lasnoticias\/no-abandonaremos-al-mercado-independencia-lo-vamos-a-recuperar-torres-pina\/#primaryimage"},"image":{"@id":"https:\/\/diarioabcdemichoacan.com.mx\/lasnoticias\/no-abandonaremos-al-mercado-independencia-lo-vamos-a-recuperar-torres-pina\/#primaryimage"},"thumbnailUrl":"https:\/\/diarioabcdemichoacan.com.mx\/lasnoticias\/wp-content\/uploads\/2024\/05\/IMG-20240522-WA0185.jpg","datePublished":"2024-05-22T23:17:44+00:00","dateModified":"2024-05-22T23:17:44+00:00","author":{"@id":"https:\/\/diarioabcdemichoacan.com.mx\/lasnoticias\/#\/schema\/person\/657e7c20ff5297f317664d985712e8e8"},"breadcrumb":{"@id":"https:\/\/diarioabcdemichoacan.com.mx\/lasnoticias\/no-abandonaremos-al-mercado-independencia-lo-vamos-a-recuperar-torres-pina\/#breadcrumb"},"inLanguage":"es","potentialAction":[{"@type":"ReadAction","target":["https:\/\/diarioabcdemichoacan.com.mx\/lasnoticias\/no-abandonaremos-al-mercado-independencia-lo-vamos-a-recuperar-torres-pina\/"]}]},{"@type":"ImageObject","inLanguage":"es","@id":"https:\/\/diarioabcdemichoacan.com.mx\/lasnoticias\/no-abandonaremos-al-mercado-independencia-lo-vamos-a-recuperar-torres-pina\/#primaryimage","url":"https:\/\/diarioabcdemichoacan.com.mx\/lasnoticias\/wp-content\/uploads\/2024\/05\/IMG-20240522-WA0185.jpg","contentUrl":"https:\/\/diarioabcdemichoacan.com.mx\/lasnoticias\/wp-content\/uploads\/2024\/05\/IMG-20240522-WA0185.jpg","width":1280,"height":854},{"@type":"BreadcrumbList","@id":"https:\/\/diarioabcdemichoacan.com.mx\/lasnoticias\/no-abandonaremos-al-mercado-independencia-lo-vamos-a-recuperar-torres-pina\/#breadcrumb","itemListElement":[{"@type":"ListItem","position":1,"name":"Portada","item":"https:\/\/diarioabcdemichoacan.com.mx\/lasnoticias\/"},{"@type":"ListItem","position":2,"name":"No abandonaremos al Mercado Independencia, lo vamos a recuperar: Torres Pi\u00f1a"}]},{"@type":"WebSite","@id":"https:\/\/diarioabcdemichoacan.com.mx\/lasnoticias\/#website","url":"https:\/\/diarioabcdemichoacan.com.mx\/lasnoticias\/","name":"Diario ABC de Michoac\u00e1n","description":"Las noticias al momento","potentialAction":[{"@type":"SearchAction","target":{"@type":"EntryPoint","urlTemplate":"https:\/\/diarioabcdemichoacan.com.mx\/lasnoticias\/?s={search_term_string}"},"query-input":{"@type":"PropertyValueSpecification","valueRequired":true,"valueName":"search_term_string"}}],"inLanguage":"es"},{"@type":"Person","@id":"https:\/\/diarioabcdemichoacan.com.mx\/lasnoticias\/#\/schema\/person\/657e7c20ff5297f317664d985712e8e8","name":"MD","image":{"@type":"ImageObject","inLanguage":"es","@id":"https:\/\/diarioabcdemichoacan.com.mx\/lasnoticias\/#\/schema\/person\/image\/","url":"https:\/\/secure.gravatar.com\/avatar\/a769375eedc94419a5b67bc5d63567af?s=96&d=mm&r=g","contentUrl":"https:\/\/secure.gravatar.com\/avatar\/a769375eedc94419a5b67bc5d63567af?s=96&d=mm&r=g","caption":"MD"},"url":"https:\/\/diarioabcdemichoacan.com.mx\/lasnoticias\/author\/merelydpa\/"}]}},"_links":{"self":[{"href":"https:\/\/diarioabcdemichoacan.com.mx\/lasnoticias\/wp-json\/wp\/v2\/posts\/7011","targetHints":{"allow":["GET"]}}],"collection":[{"href":"https:\/\/diarioabcdemichoacan.com.mx\/lasnoticias\/wp-json\/wp\/v2\/posts"}],"about":[{"href":"https:\/\/diarioabcdemichoacan.com.mx\/lasnoticias\/wp-json\/wp\/v2\/types\/post"}],"author":[{"embeddable":true,"href":"https:\/\/diarioabcdemichoacan.com.mx\/lasnoticias\/wp-json\/wp\/v2\/users\/8"}],"replies":[{"embeddable":true,"href":"https:\/\/diarioabcdemichoacan.com.mx\/lasnoticias\/wp-json\/wp\/v2\/comments?post=7011"}],"version-history":[{"count":1,"href":"https:\/\/diarioabcdemichoacan.com.mx\/lasnoticias\/wp-json\/wp\/v2\/posts\/7011\/revisions"}],"predecessor-version":[{"id":7013,"href":"https:\/\/diarioabcdemichoacan.com.mx\/lasnoticias\/wp-json\/wp\/v2\/posts\/7011\/revisions\/7013"}],"wp:featuredmedia":[{"embeddable":true,"href":"https:\/\/diarioabcdemichoacan.com.mx\/lasnoticias\/wp-json\/wp\/v2\/media\/7012"}],"wp:attachment":[{"href":"https:\/\/diarioabcdemichoacan.com.mx\/lasnoticias\/wp-json\/wp\/v2\/media?parent=7011"}],"wp:term":[{"taxonomy":"category","embeddable":true,"href":"https:\/\/diarioabcdemichoacan.com.mx\/lasnoticias\/wp-json\/wp\/v2\/categories?post=7011"},{"taxonomy":"post_tag","embeddable":true,"href":"https:\/\/diarioabcdemichoacan.com.mx\/lasnoticias\/wp-json\/wp\/v2\/tags?post=7011"}],"curies":[{"name":"wp","href":"https:\/\/api.w.org\/{rel}","templated":true}]}}