{"id":70873,"date":"2025-10-23T13:33:52","date_gmt":"2025-10-23T19:33:52","guid":{"rendered":"https:\/\/diarioabcdemichoacan.com.mx\/lasnoticias\/?p=70873"},"modified":"2025-10-23T13:33:52","modified_gmt":"2025-10-23T19:33:52","slug":"variada-y-amplia-la-oferta-cultural-del-18-festival-de-velas-en-uruapan","status":"publish","type":"post","link":"https:\/\/diarioabcdemichoacan.com.mx\/lasnoticias\/variada-y-amplia-la-oferta-cultural-del-18-festival-de-velas-en-uruapan\/","title":{"rendered":"Variada y amplia, la oferta cultural del 18 Festival de Velas en Uruapan."},"content":{"rendered":"<p>Por Roberto Mestizo Ch\u00e1vez<\/p>\n<hr \/>\n<p>Uruapan, Mich.- El 18 Festival de Velas en Uruapan, nos regala en esta ocasi\u00f3n 29 actividades culturales el de Noviembre, y una m\u00e1s, el d\u00eda 2.<\/p>\n<p>Estas actividades tendr\u00e1n lugar en ocho distintas estaciones distribuidas en calles aleda\u00f1as al circuito de los Altares, en la calle Independencia, y una m\u00e1s en el Centro Cultural F\u00e1brica de San Pedro, y en la plaza Jos\u00e9 Mar\u00eda Izazaga, mejor conocida como Plaza de la Ranita.<br \/>\nEn este espacio, el s\u00e1bado 1 de noviembre se presentar\u00e1 a las 18 horas, el Ballet \u201cCelebrando a la vida y recordando a la muerte\u201d, dirigido por Laura Nunila Ram\u00edrez S\u00e1mano; una hora despu\u00e9s se presentar\u00e1 la obra de teatro \u201cCon dedicatoria a la Muerte\u201d, con alumnos del Conalep.<\/p>\n<p>All\u00ed mismo, pero a las 20 horas, se tendr\u00e1 danza azteca, con j\u00f3venes dirigidos por Patricia Hern\u00e1ndez; una hora despu\u00e9s se tendr\u00e1 una demostraci\u00f3n gastron\u00f3mica local; a las 22 horas se tendr\u00e1 la puesta en escena de \u201cLas \u00faltimas horas\u201d, a cargo de la compa\u00f1\u00eda de Teatro El Exilio, y finalmente, a las once de la noche, se tendr\u00e1 la presentaci\u00f3n del cantante David Monta\u00f1ez.<\/p>\n<p>La Estaci\u00f3n 1 estar\u00e1 en el Monumento a la Bandera, donde desde las 20 horas se presentar\u00e1 el DJ Rucos Night, por lo que se espera m\u00fasica de los 80s.<\/p>\n<p>La Estaci\u00f3n 2 estar\u00e1 en la esquina de Independencia y Aquiles Serd\u00e1n, donde a las 20 horas se tendr\u00e1 Musica Bohemia, Entre Amigos; a las 21 horas estar\u00e1 el cantante Kevin Gami\u00f1o y a las 22:30 horas, una banda de m\u00fasica Latin-India.<\/p>\n<p>En la Estaci\u00f3n 3, en Independencia y Pradera, a las 20 horas estar\u00e1 la cantante Paulina Menchaca, una hora despu\u00e9s, el cantante Alejandro Garc\u00eda, y a las 22 horas, una Fantas\u00eda Norte\u00f1a.<\/p>\n<p>La Estaci\u00f3n 4, en la esquina de Emilio Carranza y Rafael M. Vega, se presenta el Grupo de Pop-Rock Soluna Music, a las 20 horas; una hora despu\u00e9s sigue el buen ambiente con la cantante Janice Lake, y a las 22 horas el grupo de rock, Eleven Miles.<\/p>\n<p>La Estaci\u00f3n 5, en Francisco I. Madero, entre Ram\u00f3n Ortiz y Col\u00f3n, de las 20 a las 22 horas habr\u00e1 un incre\u00edble encuentro de mariachis.<\/p>\n<p>La Estaci\u00f3n 6 estar\u00e1 en el Centro Cultural Uruapan, en la F\u00e1brica de San Pedro, que desde las 10 hasta las 22 horas, ofrecer\u00e1 una atractiva serie de actividades.<br \/>\nLa Estaci\u00f3n 7, en la esquina de Madero y Art\u00edculo 123, tendr\u00e1 m\u00fasica vers\u00e1til, rock, y m\u00fasica norte\u00f1a, a partir de las 20 horas.<\/p>\n<p>La Estaci\u00f3n 8 estar\u00e1 en la calle Berl\u00edn, a un costado de la Facultad de Agrobiolog\u00eda Presidente Ju\u00e1rez, desde las 22 horas se tendr\u00e1 una extensi\u00f3n del Encuentro \u00c1nimas del Mariachi, y luego, M\u00fasica de Rock.<\/p>\n<p>Finalmente, el domingo 2 de Noviembre en el Centro Cultural F\u00e1brica de San Pedro, se tendr\u00e1 la obra de teatro \u201cEl Anticristo\u201d, ganadora de la convocatoria de Teatro Cl\u00e1sico.<\/p>\n","protected":false},"excerpt":{"rendered":"<p>Por Roberto Mestizo Ch\u00e1vez Uruapan, Mich.- El 18 Festival de Velas en Uruapan, nos regala en esta ocasi\u00f3n 29 actividades culturales el de Noviembre, y una m\u00e1s, el d\u00eda 2. Estas actividades tendr\u00e1n lugar en ocho distintas estaciones distribuidas en calles aleda\u00f1as al circuito de los Altares, en la calle Independencia, y una m\u00e1s en [&hellip;]<\/p>\n","protected":false},"author":9,"featured_media":70874,"comment_status":"closed","ping_status":"closed","sticky":false,"template":"","format":"standard","meta":{"footnotes":""},"categories":[30,7,27,3],"tags":[],"class_list":{"0":"post-70873","1":"post","2":"type-post","3":"status-publish","4":"format-standard","5":"has-post-thumbnail","7":"category-columnas","8":"category-morelia","9":"category-slider","10":"category-uruapan"},"yoast_head":"<!-- This site is optimized with the Yoast SEO plugin v24.0 - https:\/\/yoast.com\/wordpress\/plugins\/seo\/ -->\n<title>Variada y amplia, la oferta cultural del 18 Festival de Velas en Uruapan. - Diario ABC de Michoac\u00e1n<\/title>\n<meta name=\"robots\" content=\"index, follow, max-snippet:-1, max-image-preview:large, max-video-preview:-1\" \/>\n<link rel=\"canonical\" href=\"https:\/\/diarioabcdemichoacan.com.mx\/lasnoticias\/variada-y-amplia-la-oferta-cultural-del-18-festival-de-velas-en-uruapan\/\" \/>\n<meta property=\"og:locale\" content=\"es_ES\" \/>\n<meta property=\"og:type\" content=\"article\" \/>\n<meta property=\"og:title\" content=\"Variada y amplia, la oferta cultural del 18 Festival de Velas en Uruapan. - Diario ABC de Michoac\u00e1n\" \/>\n<meta property=\"og:description\" content=\"Por Roberto Mestizo Ch\u00e1vez Uruapan, Mich.- El 18 Festival de Velas en Uruapan, nos regala en esta ocasi\u00f3n 29 actividades culturales el de Noviembre, y una m\u00e1s, el d\u00eda 2. Estas actividades tendr\u00e1n lugar en ocho distintas estaciones distribuidas en calles aleda\u00f1as al circuito de los Altares, en la calle Independencia, y una m\u00e1s en [&hellip;]\" \/>\n<meta property=\"og:url\" content=\"https:\/\/diarioabcdemichoacan.com.mx\/lasnoticias\/variada-y-amplia-la-oferta-cultural-del-18-festival-de-velas-en-uruapan\/\" \/>\n<meta property=\"og:site_name\" content=\"Diario ABC de Michoac\u00e1n\" \/>\n<meta property=\"article:published_time\" content=\"2025-10-23T19:33:52+00:00\" \/>\n<meta property=\"og:image\" content=\"https:\/\/diarioabcdemichoacan.com.mx\/lasnoticias\/wp-content\/uploads\/2025\/10\/Imagen-de-WhatsApp-2025-10-20-a-las-20.33.28_34020a0a.jpg\" \/>\n\t<meta property=\"og:image:width\" content=\"1052\" \/>\n\t<meta property=\"og:image:height\" content=\"1600\" \/>\n\t<meta property=\"og:image:type\" content=\"image\/jpeg\" \/>\n<meta name=\"author\" content=\"AR\" \/>\n<meta name=\"twitter:card\" content=\"summary_large_image\" \/>\n<meta name=\"twitter:label1\" content=\"Escrito por\" \/>\n\t<meta name=\"twitter:data1\" content=\"AR\" \/>\n\t<meta name=\"twitter:label2\" content=\"Tiempo de lectura\" \/>\n\t<meta name=\"twitter:data2\" content=\"3 minutos\" \/>\n<script type=\"application\/ld+json\" class=\"yoast-schema-graph\">{\"@context\":\"https:\/\/schema.org\",\"@graph\":[{\"@type\":\"WebPage\",\"@id\":\"https:\/\/diarioabcdemichoacan.com.mx\/lasnoticias\/variada-y-amplia-la-oferta-cultural-del-18-festival-de-velas-en-uruapan\/\",\"url\":\"https:\/\/diarioabcdemichoacan.com.mx\/lasnoticias\/variada-y-amplia-la-oferta-cultural-del-18-festival-de-velas-en-uruapan\/\",\"name\":\"Variada y amplia, la oferta cultural del 18 Festival de Velas en Uruapan. - Diario ABC de Michoac\u00e1n\",\"isPartOf\":{\"@id\":\"https:\/\/diarioabcdemichoacan.com.mx\/lasnoticias\/#website\"},\"primaryImageOfPage\":{\"@id\":\"https:\/\/diarioabcdemichoacan.com.mx\/lasnoticias\/variada-y-amplia-la-oferta-cultural-del-18-festival-de-velas-en-uruapan\/#primaryimage\"},\"image\":{\"@id\":\"https:\/\/diarioabcdemichoacan.com.mx\/lasnoticias\/variada-y-amplia-la-oferta-cultural-del-18-festival-de-velas-en-uruapan\/#primaryimage\"},\"thumbnailUrl\":\"https:\/\/diarioabcdemichoacan.com.mx\/lasnoticias\/wp-content\/uploads\/2025\/10\/Imagen-de-WhatsApp-2025-10-20-a-las-20.33.28_34020a0a.jpg\",\"datePublished\":\"2025-10-23T19:33:52+00:00\",\"dateModified\":\"2025-10-23T19:33:52+00:00\",\"author\":{\"@id\":\"https:\/\/diarioabcdemichoacan.com.mx\/lasnoticias\/#\/schema\/person\/19ae376040f6cbc489682ebdd8524852\"},\"breadcrumb\":{\"@id\":\"https:\/\/diarioabcdemichoacan.com.mx\/lasnoticias\/variada-y-amplia-la-oferta-cultural-del-18-festival-de-velas-en-uruapan\/#breadcrumb\"},\"inLanguage\":\"es\",\"potentialAction\":[{\"@type\":\"ReadAction\",\"target\":[\"https:\/\/diarioabcdemichoacan.com.mx\/lasnoticias\/variada-y-amplia-la-oferta-cultural-del-18-festival-de-velas-en-uruapan\/\"]}]},{\"@type\":\"ImageObject\",\"inLanguage\":\"es\",\"@id\":\"https:\/\/diarioabcdemichoacan.com.mx\/lasnoticias\/variada-y-amplia-la-oferta-cultural-del-18-festival-de-velas-en-uruapan\/#primaryimage\",\"url\":\"https:\/\/diarioabcdemichoacan.com.mx\/lasnoticias\/wp-content\/uploads\/2025\/10\/Imagen-de-WhatsApp-2025-10-20-a-las-20.33.28_34020a0a.jpg\",\"contentUrl\":\"https:\/\/diarioabcdemichoacan.com.mx\/lasnoticias\/wp-content\/uploads\/2025\/10\/Imagen-de-WhatsApp-2025-10-20-a-las-20.33.28_34020a0a.jpg\",\"width\":1052,\"height\":1600},{\"@type\":\"BreadcrumbList\",\"@id\":\"https:\/\/diarioabcdemichoacan.com.mx\/lasnoticias\/variada-y-amplia-la-oferta-cultural-del-18-festival-de-velas-en-uruapan\/#breadcrumb\",\"itemListElement\":[{\"@type\":\"ListItem\",\"position\":1,\"name\":\"Portada\",\"item\":\"https:\/\/diarioabcdemichoacan.com.mx\/lasnoticias\/\"},{\"@type\":\"ListItem\",\"position\":2,\"name\":\"Variada y amplia, la oferta cultural del 18 Festival de Velas en Uruapan.\"}]},{\"@type\":\"WebSite\",\"@id\":\"https:\/\/diarioabcdemichoacan.com.mx\/lasnoticias\/#website\",\"url\":\"https:\/\/diarioabcdemichoacan.com.mx\/lasnoticias\/\",\"name\":\"Diario ABC de Michoac\u00e1n\",\"description\":\"Las noticias al momento\",\"potentialAction\":[{\"@type\":\"SearchAction\",\"target\":{\"@type\":\"EntryPoint\",\"urlTemplate\":\"https:\/\/diarioabcdemichoacan.com.mx\/lasnoticias\/?s={search_term_string}\"},\"query-input\":{\"@type\":\"PropertyValueSpecification\",\"valueRequired\":true,\"valueName\":\"search_term_string\"}}],\"inLanguage\":\"es\"},{\"@type\":\"Person\",\"@id\":\"https:\/\/diarioabcdemichoacan.com.mx\/lasnoticias\/#\/schema\/person\/19ae376040f6cbc489682ebdd8524852\",\"name\":\"AR\",\"image\":{\"@type\":\"ImageObject\",\"inLanguage\":\"es\",\"@id\":\"https:\/\/diarioabcdemichoacan.com.mx\/lasnoticias\/#\/schema\/person\/image\/\",\"url\":\"https:\/\/secure.gravatar.com\/avatar\/44eca2ff970262234e20e1e082872af0?s=96&d=mm&r=g\",\"contentUrl\":\"https:\/\/secure.gravatar.com\/avatar\/44eca2ff970262234e20e1e082872af0?s=96&d=mm&r=g\",\"caption\":\"AR\"},\"url\":\"https:\/\/diarioabcdemichoacan.com.mx\/lasnoticias\/author\/adrian\/\"}]}<\/script>\n<!-- \/ Yoast SEO plugin. -->","yoast_head_json":{"title":"Variada y amplia, la oferta cultural del 18 Festival de Velas en Uruapan. - Diario ABC de Michoac\u00e1n","robots":{"index":"index","follow":"follow","max-snippet":"max-snippet:-1","max-image-preview":"max-image-preview:large","max-video-preview":"max-video-preview:-1"},"canonical":"https:\/\/diarioabcdemichoacan.com.mx\/lasnoticias\/variada-y-amplia-la-oferta-cultural-del-18-festival-de-velas-en-uruapan\/","og_locale":"es_ES","og_type":"article","og_title":"Variada y amplia, la oferta cultural del 18 Festival de Velas en Uruapan. - Diario ABC de Michoac\u00e1n","og_description":"Por Roberto Mestizo Ch\u00e1vez Uruapan, Mich.- El 18 Festival de Velas en Uruapan, nos regala en esta ocasi\u00f3n 29 actividades culturales el de Noviembre, y una m\u00e1s, el d\u00eda 2. Estas actividades tendr\u00e1n lugar en ocho distintas estaciones distribuidas en calles aleda\u00f1as al circuito de los Altares, en la calle Independencia, y una m\u00e1s en [&hellip;]","og_url":"https:\/\/diarioabcdemichoacan.com.mx\/lasnoticias\/variada-y-amplia-la-oferta-cultural-del-18-festival-de-velas-en-uruapan\/","og_site_name":"Diario ABC de Michoac\u00e1n","article_published_time":"2025-10-23T19:33:52+00:00","og_image":[{"width":1052,"height":1600,"url":"https:\/\/diarioabcdemichoacan.com.mx\/lasnoticias\/wp-content\/uploads\/2025\/10\/Imagen-de-WhatsApp-2025-10-20-a-las-20.33.28_34020a0a.jpg","type":"image\/jpeg"}],"author":"AR","twitter_card":"summary_large_image","twitter_misc":{"Escrito por":"AR","Tiempo de lectura":"3 minutos"},"schema":{"@context":"https:\/\/schema.org","@graph":[{"@type":"WebPage","@id":"https:\/\/diarioabcdemichoacan.com.mx\/lasnoticias\/variada-y-amplia-la-oferta-cultural-del-18-festival-de-velas-en-uruapan\/","url":"https:\/\/diarioabcdemichoacan.com.mx\/lasnoticias\/variada-y-amplia-la-oferta-cultural-del-18-festival-de-velas-en-uruapan\/","name":"Variada y amplia, la oferta cultural del 18 Festival de Velas en Uruapan. - Diario ABC de Michoac\u00e1n","isPartOf":{"@id":"https:\/\/diarioabcdemichoacan.com.mx\/lasnoticias\/#website"},"primaryImageOfPage":{"@id":"https:\/\/diarioabcdemichoacan.com.mx\/lasnoticias\/variada-y-amplia-la-oferta-cultural-del-18-festival-de-velas-en-uruapan\/#primaryimage"},"image":{"@id":"https:\/\/diarioabcdemichoacan.com.mx\/lasnoticias\/variada-y-amplia-la-oferta-cultural-del-18-festival-de-velas-en-uruapan\/#primaryimage"},"thumbnailUrl":"https:\/\/diarioabcdemichoacan.com.mx\/lasnoticias\/wp-content\/uploads\/2025\/10\/Imagen-de-WhatsApp-2025-10-20-a-las-20.33.28_34020a0a.jpg","datePublished":"2025-10-23T19:33:52+00:00","dateModified":"2025-10-23T19:33:52+00:00","author":{"@id":"https:\/\/diarioabcdemichoacan.com.mx\/lasnoticias\/#\/schema\/person\/19ae376040f6cbc489682ebdd8524852"},"breadcrumb":{"@id":"https:\/\/diarioabcdemichoacan.com.mx\/lasnoticias\/variada-y-amplia-la-oferta-cultural-del-18-festival-de-velas-en-uruapan\/#breadcrumb"},"inLanguage":"es","potentialAction":[{"@type":"ReadAction","target":["https:\/\/diarioabcdemichoacan.com.mx\/lasnoticias\/variada-y-amplia-la-oferta-cultural-del-18-festival-de-velas-en-uruapan\/"]}]},{"@type":"ImageObject","inLanguage":"es","@id":"https:\/\/diarioabcdemichoacan.com.mx\/lasnoticias\/variada-y-amplia-la-oferta-cultural-del-18-festival-de-velas-en-uruapan\/#primaryimage","url":"https:\/\/diarioabcdemichoacan.com.mx\/lasnoticias\/wp-content\/uploads\/2025\/10\/Imagen-de-WhatsApp-2025-10-20-a-las-20.33.28_34020a0a.jpg","contentUrl":"https:\/\/diarioabcdemichoacan.com.mx\/lasnoticias\/wp-content\/uploads\/2025\/10\/Imagen-de-WhatsApp-2025-10-20-a-las-20.33.28_34020a0a.jpg","width":1052,"height":1600},{"@type":"BreadcrumbList","@id":"https:\/\/diarioabcdemichoacan.com.mx\/lasnoticias\/variada-y-amplia-la-oferta-cultural-del-18-festival-de-velas-en-uruapan\/#breadcrumb","itemListElement":[{"@type":"ListItem","position":1,"name":"Portada","item":"https:\/\/diarioabcdemichoacan.com.mx\/lasnoticias\/"},{"@type":"ListItem","position":2,"name":"Variada y amplia, la oferta cultural del 18 Festival de Velas en Uruapan."}]},{"@type":"WebSite","@id":"https:\/\/diarioabcdemichoacan.com.mx\/lasnoticias\/#website","url":"https:\/\/diarioabcdemichoacan.com.mx\/lasnoticias\/","name":"Diario ABC de Michoac\u00e1n","description":"Las noticias al momento","potentialAction":[{"@type":"SearchAction","target":{"@type":"EntryPoint","urlTemplate":"https:\/\/diarioabcdemichoacan.com.mx\/lasnoticias\/?s={search_term_string}"},"query-input":{"@type":"PropertyValueSpecification","valueRequired":true,"valueName":"search_term_string"}}],"inLanguage":"es"},{"@type":"Person","@id":"https:\/\/diarioabcdemichoacan.com.mx\/lasnoticias\/#\/schema\/person\/19ae376040f6cbc489682ebdd8524852","name":"AR","image":{"@type":"ImageObject","inLanguage":"es","@id":"https:\/\/diarioabcdemichoacan.com.mx\/lasnoticias\/#\/schema\/person\/image\/","url":"https:\/\/secure.gravatar.com\/avatar\/44eca2ff970262234e20e1e082872af0?s=96&d=mm&r=g","contentUrl":"https:\/\/secure.gravatar.com\/avatar\/44eca2ff970262234e20e1e082872af0?s=96&d=mm&r=g","caption":"AR"},"url":"https:\/\/diarioabcdemichoacan.com.mx\/lasnoticias\/author\/adrian\/"}]}},"_links":{"self":[{"href":"https:\/\/diarioabcdemichoacan.com.mx\/lasnoticias\/wp-json\/wp\/v2\/posts\/70873","targetHints":{"allow":["GET"]}}],"collection":[{"href":"https:\/\/diarioabcdemichoacan.com.mx\/lasnoticias\/wp-json\/wp\/v2\/posts"}],"about":[{"href":"https:\/\/diarioabcdemichoacan.com.mx\/lasnoticias\/wp-json\/wp\/v2\/types\/post"}],"author":[{"embeddable":true,"href":"https:\/\/diarioabcdemichoacan.com.mx\/lasnoticias\/wp-json\/wp\/v2\/users\/9"}],"replies":[{"embeddable":true,"href":"https:\/\/diarioabcdemichoacan.com.mx\/lasnoticias\/wp-json\/wp\/v2\/comments?post=70873"}],"version-history":[{"count":1,"href":"https:\/\/diarioabcdemichoacan.com.mx\/lasnoticias\/wp-json\/wp\/v2\/posts\/70873\/revisions"}],"predecessor-version":[{"id":70875,"href":"https:\/\/diarioabcdemichoacan.com.mx\/lasnoticias\/wp-json\/wp\/v2\/posts\/70873\/revisions\/70875"}],"wp:featuredmedia":[{"embeddable":true,"href":"https:\/\/diarioabcdemichoacan.com.mx\/lasnoticias\/wp-json\/wp\/v2\/media\/70874"}],"wp:attachment":[{"href":"https:\/\/diarioabcdemichoacan.com.mx\/lasnoticias\/wp-json\/wp\/v2\/media?parent=70873"}],"wp:term":[{"taxonomy":"category","embeddable":true,"href":"https:\/\/diarioabcdemichoacan.com.mx\/lasnoticias\/wp-json\/wp\/v2\/categories?post=70873"},{"taxonomy":"post_tag","embeddable":true,"href":"https:\/\/diarioabcdemichoacan.com.mx\/lasnoticias\/wp-json\/wp\/v2\/tags?post=70873"}],"curies":[{"name":"wp","href":"https:\/\/api.w.org\/{rel}","templated":true}]}}