{"id":71065,"date":"2025-10-28T16:11:57","date_gmt":"2025-10-28T22:11:57","guid":{"rendered":"https:\/\/diarioabcdemichoacan.com.mx\/lasnoticias\/?p=71065"},"modified":"2025-10-28T16:11:57","modified_gmt":"2025-10-28T22:11:57","slug":"inaugura-bedolla-acceso-a-boulevard-costero-de-lc-invierte-asipona-293-mdp","status":"publish","type":"post","link":"https:\/\/diarioabcdemichoacan.com.mx\/lasnoticias\/inaugura-bedolla-acceso-a-boulevard-costero-de-lc-invierte-asipona-293-mdp\/","title":{"rendered":"Inaugura Bedolla acceso a boulevard costero de LC; invierte Asipona 293 mdp"},"content":{"rendered":"<hr \/>\n<p>L\u00e1zaro C\u00e1rdenas, Mich.- El gobernador Alfredo Ram\u00edrez Bedolla inaugur\u00f3 el acceso al Boulevard Costero en L\u00e1zaro C\u00e1rdenas, obra ejecutada por el Sistema Portuario Nacional (Asipona) donde se invirtieron 293 millones de pesos en la construcci\u00f3n de 3.2 kil\u00f3metros de vialidad de concreto hidr\u00e1ulico y un paso elevado de m\u00e1s de 300 metros.<\/p>\n<p>Explic\u00f3 que el acceso est\u00e1 construido con la mejor calidad y est\u00e1ndares, y resalt\u00f3 que es la primera vez que el Puerto de L\u00e1zaro C\u00e1rdenas invierte en la ciudad, con lo cual se tiene una vialidad que permitir\u00e1 una mayor afluencia del turismo y accesibilidad para las familias, al acortarse el tiempo de traslado para llegar a la playa.<\/p>\n<p>Explic\u00f3 que el puerto seguir\u00e1 invirtiendo en obras de gran relevancia para la poblaci\u00f3n, como lo ha dispuesto la presidenta Claudia Sheinbaum Pardo, quien tambi\u00e9n comprometi\u00f3 la ampliaci\u00f3n de la Autopista Siglo XXI a cuatro carriles desde Morelia hasta L\u00e1zaro C\u00e1rdenas.<\/p>\n<p>Eliodoro \u00c1lvarez Hern\u00e1ndez, director general de Asipona L\u00e1zaro C\u00e1rdenas detall\u00f3 que esta obra funcional y segura es de gran trascendencia, la cual mejora la calidad de vida de la poblaci\u00f3n y brinda espacios m\u00e1s dignos al servicio de todos.<\/p>\n<p>Gladyz Butanda Mac\u00edas, secretaria de Desarrollo Urbano y Movilidad, expuso que esta obra cumple con la Ley de Movilidad estatal, la cual tambi\u00e9n contribuye a la justicia social, humanizando la ciudad con un dise\u00f1o urbano.<\/p>\n<p>Acompa\u00f1aron al gobernador Claudio M\u00e9ndez Fern\u00e1ndez, secretario de Desarrollo Econ\u00f3mico; Julio C\u00e9sar Cort\u00e9s Vel\u00e1zquez, presidente del Consejo Coordinador Empresarial CCEEM L\u00e1zaro C\u00e1rdenas; Jos\u00e9 Alberto Varela Onofre, presidente de la Asociaci\u00f3n de Transportistas de Carga Federal de L\u00e1zaro C\u00e1rdenas ATLAC; Aaron Campos Alvarado, presidente CANACO Servytur L\u00e1zaro C\u00e1rdenas, funcionarios, estatales, municipales y habitantes de L\u00e1zaro C\u00e1rdenas.<\/p>\n","protected":false},"excerpt":{"rendered":"<p>L\u00e1zaro C\u00e1rdenas, Mich.- El gobernador Alfredo Ram\u00edrez Bedolla inaugur\u00f3 el acceso al Boulevard Costero en L\u00e1zaro C\u00e1rdenas, obra ejecutada por el Sistema Portuario Nacional (Asipona) donde se invirtieron 293 millones de pesos en la construcci\u00f3n de 3.2 kil\u00f3metros de vialidad de concreto hidr\u00e1ulico y un paso elevado de m\u00e1s de 300 metros. Explic\u00f3 que el [&hellip;]<\/p>\n","protected":false},"author":9,"featured_media":71066,"comment_status":"closed","ping_status":"closed","sticky":false,"template":"","format":"standard","meta":{"footnotes":""},"categories":[10,17,28,27],"tags":[],"class_list":{"0":"post-71065","1":"post","2":"type-post","3":"status-publish","4":"format-standard","5":"has-post-thumbnail","7":"category-estado","8":"category-gobierno-de-michoacan","9":"category-politica","10":"category-slider"},"yoast_head":"<!-- This site is optimized with the Yoast SEO plugin v24.0 - https:\/\/yoast.com\/wordpress\/plugins\/seo\/ -->\n<title>Inaugura Bedolla acceso a boulevard costero de LC; invierte Asipona 293 mdp - Diario ABC de Michoac\u00e1n<\/title>\n<meta name=\"robots\" content=\"index, follow, max-snippet:-1, max-image-preview:large, max-video-preview:-1\" \/>\n<link rel=\"canonical\" href=\"https:\/\/diarioabcdemichoacan.com.mx\/lasnoticias\/inaugura-bedolla-acceso-a-boulevard-costero-de-lc-invierte-asipona-293-mdp\/\" \/>\n<meta property=\"og:locale\" content=\"es_ES\" \/>\n<meta property=\"og:type\" content=\"article\" \/>\n<meta property=\"og:title\" content=\"Inaugura Bedolla acceso a boulevard costero de LC; invierte Asipona 293 mdp - Diario ABC de Michoac\u00e1n\" \/>\n<meta property=\"og:description\" content=\"L\u00e1zaro C\u00e1rdenas, Mich.- El gobernador Alfredo Ram\u00edrez Bedolla inaugur\u00f3 el acceso al Boulevard Costero en L\u00e1zaro C\u00e1rdenas, obra ejecutada por el Sistema Portuario Nacional (Asipona) donde se invirtieron 293 millones de pesos en la construcci\u00f3n de 3.2 kil\u00f3metros de vialidad de concreto hidr\u00e1ulico y un paso elevado de m\u00e1s de 300 metros. Explic\u00f3 que el [&hellip;]\" \/>\n<meta property=\"og:url\" content=\"https:\/\/diarioabcdemichoacan.com.mx\/lasnoticias\/inaugura-bedolla-acceso-a-boulevard-costero-de-lc-invierte-asipona-293-mdp\/\" \/>\n<meta property=\"og:site_name\" content=\"Diario ABC de Michoac\u00e1n\" \/>\n<meta property=\"article:published_time\" content=\"2025-10-28T22:11:57+00:00\" \/>\n<meta property=\"og:image\" content=\"https:\/\/diarioabcdemichoacan.com.mx\/lasnoticias\/wp-content\/uploads\/2025\/10\/Imagen-de-WhatsApp-2025-10-27-a-las-18.57.30_a5bb433d.jpg\" \/>\n\t<meta property=\"og:image:width\" content=\"1280\" \/>\n\t<meta property=\"og:image:height\" content=\"853\" \/>\n\t<meta property=\"og:image:type\" content=\"image\/jpeg\" \/>\n<meta name=\"author\" content=\"AR\" \/>\n<meta name=\"twitter:card\" content=\"summary_large_image\" \/>\n<meta name=\"twitter:label1\" content=\"Escrito por\" \/>\n\t<meta name=\"twitter:data1\" content=\"AR\" \/>\n\t<meta name=\"twitter:label2\" content=\"Tiempo de lectura\" \/>\n\t<meta name=\"twitter:data2\" content=\"2 minutos\" \/>\n<script type=\"application\/ld+json\" class=\"yoast-schema-graph\">{\"@context\":\"https:\/\/schema.org\",\"@graph\":[{\"@type\":\"WebPage\",\"@id\":\"https:\/\/diarioabcdemichoacan.com.mx\/lasnoticias\/inaugura-bedolla-acceso-a-boulevard-costero-de-lc-invierte-asipona-293-mdp\/\",\"url\":\"https:\/\/diarioabcdemichoacan.com.mx\/lasnoticias\/inaugura-bedolla-acceso-a-boulevard-costero-de-lc-invierte-asipona-293-mdp\/\",\"name\":\"Inaugura Bedolla acceso a boulevard costero de LC; invierte Asipona 293 mdp - Diario ABC de Michoac\u00e1n\",\"isPartOf\":{\"@id\":\"https:\/\/diarioabcdemichoacan.com.mx\/lasnoticias\/#website\"},\"primaryImageOfPage\":{\"@id\":\"https:\/\/diarioabcdemichoacan.com.mx\/lasnoticias\/inaugura-bedolla-acceso-a-boulevard-costero-de-lc-invierte-asipona-293-mdp\/#primaryimage\"},\"image\":{\"@id\":\"https:\/\/diarioabcdemichoacan.com.mx\/lasnoticias\/inaugura-bedolla-acceso-a-boulevard-costero-de-lc-invierte-asipona-293-mdp\/#primaryimage\"},\"thumbnailUrl\":\"https:\/\/diarioabcdemichoacan.com.mx\/lasnoticias\/wp-content\/uploads\/2025\/10\/Imagen-de-WhatsApp-2025-10-27-a-las-18.57.30_a5bb433d.jpg\",\"datePublished\":\"2025-10-28T22:11:57+00:00\",\"dateModified\":\"2025-10-28T22:11:57+00:00\",\"author\":{\"@id\":\"https:\/\/diarioabcdemichoacan.com.mx\/lasnoticias\/#\/schema\/person\/19ae376040f6cbc489682ebdd8524852\"},\"breadcrumb\":{\"@id\":\"https:\/\/diarioabcdemichoacan.com.mx\/lasnoticias\/inaugura-bedolla-acceso-a-boulevard-costero-de-lc-invierte-asipona-293-mdp\/#breadcrumb\"},\"inLanguage\":\"es\",\"potentialAction\":[{\"@type\":\"ReadAction\",\"target\":[\"https:\/\/diarioabcdemichoacan.com.mx\/lasnoticias\/inaugura-bedolla-acceso-a-boulevard-costero-de-lc-invierte-asipona-293-mdp\/\"]}]},{\"@type\":\"ImageObject\",\"inLanguage\":\"es\",\"@id\":\"https:\/\/diarioabcdemichoacan.com.mx\/lasnoticias\/inaugura-bedolla-acceso-a-boulevard-costero-de-lc-invierte-asipona-293-mdp\/#primaryimage\",\"url\":\"https:\/\/diarioabcdemichoacan.com.mx\/lasnoticias\/wp-content\/uploads\/2025\/10\/Imagen-de-WhatsApp-2025-10-27-a-las-18.57.30_a5bb433d.jpg\",\"contentUrl\":\"https:\/\/diarioabcdemichoacan.com.mx\/lasnoticias\/wp-content\/uploads\/2025\/10\/Imagen-de-WhatsApp-2025-10-27-a-las-18.57.30_a5bb433d.jpg\",\"width\":1280,\"height\":853},{\"@type\":\"BreadcrumbList\",\"@id\":\"https:\/\/diarioabcdemichoacan.com.mx\/lasnoticias\/inaugura-bedolla-acceso-a-boulevard-costero-de-lc-invierte-asipona-293-mdp\/#breadcrumb\",\"itemListElement\":[{\"@type\":\"ListItem\",\"position\":1,\"name\":\"Portada\",\"item\":\"https:\/\/diarioabcdemichoacan.com.mx\/lasnoticias\/\"},{\"@type\":\"ListItem\",\"position\":2,\"name\":\"Inaugura Bedolla acceso a boulevard costero de LC; invierte Asipona 293 mdp\"}]},{\"@type\":\"WebSite\",\"@id\":\"https:\/\/diarioabcdemichoacan.com.mx\/lasnoticias\/#website\",\"url\":\"https:\/\/diarioabcdemichoacan.com.mx\/lasnoticias\/\",\"name\":\"Diario ABC de Michoac\u00e1n\",\"description\":\"Las noticias al momento\",\"potentialAction\":[{\"@type\":\"SearchAction\",\"target\":{\"@type\":\"EntryPoint\",\"urlTemplate\":\"https:\/\/diarioabcdemichoacan.com.mx\/lasnoticias\/?s={search_term_string}\"},\"query-input\":{\"@type\":\"PropertyValueSpecification\",\"valueRequired\":true,\"valueName\":\"search_term_string\"}}],\"inLanguage\":\"es\"},{\"@type\":\"Person\",\"@id\":\"https:\/\/diarioabcdemichoacan.com.mx\/lasnoticias\/#\/schema\/person\/19ae376040f6cbc489682ebdd8524852\",\"name\":\"AR\",\"image\":{\"@type\":\"ImageObject\",\"inLanguage\":\"es\",\"@id\":\"https:\/\/diarioabcdemichoacan.com.mx\/lasnoticias\/#\/schema\/person\/image\/\",\"url\":\"https:\/\/secure.gravatar.com\/avatar\/44eca2ff970262234e20e1e082872af0?s=96&d=mm&r=g\",\"contentUrl\":\"https:\/\/secure.gravatar.com\/avatar\/44eca2ff970262234e20e1e082872af0?s=96&d=mm&r=g\",\"caption\":\"AR\"},\"url\":\"https:\/\/diarioabcdemichoacan.com.mx\/lasnoticias\/author\/adrian\/\"}]}<\/script>\n<!-- \/ Yoast SEO plugin. -->","yoast_head_json":{"title":"Inaugura Bedolla acceso a boulevard costero de LC; invierte Asipona 293 mdp - Diario ABC de Michoac\u00e1n","robots":{"index":"index","follow":"follow","max-snippet":"max-snippet:-1","max-image-preview":"max-image-preview:large","max-video-preview":"max-video-preview:-1"},"canonical":"https:\/\/diarioabcdemichoacan.com.mx\/lasnoticias\/inaugura-bedolla-acceso-a-boulevard-costero-de-lc-invierte-asipona-293-mdp\/","og_locale":"es_ES","og_type":"article","og_title":"Inaugura Bedolla acceso a boulevard costero de LC; invierte Asipona 293 mdp - Diario ABC de Michoac\u00e1n","og_description":"L\u00e1zaro C\u00e1rdenas, Mich.- El gobernador Alfredo Ram\u00edrez Bedolla inaugur\u00f3 el acceso al Boulevard Costero en L\u00e1zaro C\u00e1rdenas, obra ejecutada por el Sistema Portuario Nacional (Asipona) donde se invirtieron 293 millones de pesos en la construcci\u00f3n de 3.2 kil\u00f3metros de vialidad de concreto hidr\u00e1ulico y un paso elevado de m\u00e1s de 300 metros. Explic\u00f3 que el [&hellip;]","og_url":"https:\/\/diarioabcdemichoacan.com.mx\/lasnoticias\/inaugura-bedolla-acceso-a-boulevard-costero-de-lc-invierte-asipona-293-mdp\/","og_site_name":"Diario ABC de Michoac\u00e1n","article_published_time":"2025-10-28T22:11:57+00:00","og_image":[{"width":1280,"height":853,"url":"https:\/\/diarioabcdemichoacan.com.mx\/lasnoticias\/wp-content\/uploads\/2025\/10\/Imagen-de-WhatsApp-2025-10-27-a-las-18.57.30_a5bb433d.jpg","type":"image\/jpeg"}],"author":"AR","twitter_card":"summary_large_image","twitter_misc":{"Escrito por":"AR","Tiempo de lectura":"2 minutos"},"schema":{"@context":"https:\/\/schema.org","@graph":[{"@type":"WebPage","@id":"https:\/\/diarioabcdemichoacan.com.mx\/lasnoticias\/inaugura-bedolla-acceso-a-boulevard-costero-de-lc-invierte-asipona-293-mdp\/","url":"https:\/\/diarioabcdemichoacan.com.mx\/lasnoticias\/inaugura-bedolla-acceso-a-boulevard-costero-de-lc-invierte-asipona-293-mdp\/","name":"Inaugura Bedolla acceso a boulevard costero de LC; invierte Asipona 293 mdp - Diario ABC de Michoac\u00e1n","isPartOf":{"@id":"https:\/\/diarioabcdemichoacan.com.mx\/lasnoticias\/#website"},"primaryImageOfPage":{"@id":"https:\/\/diarioabcdemichoacan.com.mx\/lasnoticias\/inaugura-bedolla-acceso-a-boulevard-costero-de-lc-invierte-asipona-293-mdp\/#primaryimage"},"image":{"@id":"https:\/\/diarioabcdemichoacan.com.mx\/lasnoticias\/inaugura-bedolla-acceso-a-boulevard-costero-de-lc-invierte-asipona-293-mdp\/#primaryimage"},"thumbnailUrl":"https:\/\/diarioabcdemichoacan.com.mx\/lasnoticias\/wp-content\/uploads\/2025\/10\/Imagen-de-WhatsApp-2025-10-27-a-las-18.57.30_a5bb433d.jpg","datePublished":"2025-10-28T22:11:57+00:00","dateModified":"2025-10-28T22:11:57+00:00","author":{"@id":"https:\/\/diarioabcdemichoacan.com.mx\/lasnoticias\/#\/schema\/person\/19ae376040f6cbc489682ebdd8524852"},"breadcrumb":{"@id":"https:\/\/diarioabcdemichoacan.com.mx\/lasnoticias\/inaugura-bedolla-acceso-a-boulevard-costero-de-lc-invierte-asipona-293-mdp\/#breadcrumb"},"inLanguage":"es","potentialAction":[{"@type":"ReadAction","target":["https:\/\/diarioabcdemichoacan.com.mx\/lasnoticias\/inaugura-bedolla-acceso-a-boulevard-costero-de-lc-invierte-asipona-293-mdp\/"]}]},{"@type":"ImageObject","inLanguage":"es","@id":"https:\/\/diarioabcdemichoacan.com.mx\/lasnoticias\/inaugura-bedolla-acceso-a-boulevard-costero-de-lc-invierte-asipona-293-mdp\/#primaryimage","url":"https:\/\/diarioabcdemichoacan.com.mx\/lasnoticias\/wp-content\/uploads\/2025\/10\/Imagen-de-WhatsApp-2025-10-27-a-las-18.57.30_a5bb433d.jpg","contentUrl":"https:\/\/diarioabcdemichoacan.com.mx\/lasnoticias\/wp-content\/uploads\/2025\/10\/Imagen-de-WhatsApp-2025-10-27-a-las-18.57.30_a5bb433d.jpg","width":1280,"height":853},{"@type":"BreadcrumbList","@id":"https:\/\/diarioabcdemichoacan.com.mx\/lasnoticias\/inaugura-bedolla-acceso-a-boulevard-costero-de-lc-invierte-asipona-293-mdp\/#breadcrumb","itemListElement":[{"@type":"ListItem","position":1,"name":"Portada","item":"https:\/\/diarioabcdemichoacan.com.mx\/lasnoticias\/"},{"@type":"ListItem","position":2,"name":"Inaugura Bedolla acceso a boulevard costero de LC; invierte Asipona 293 mdp"}]},{"@type":"WebSite","@id":"https:\/\/diarioabcdemichoacan.com.mx\/lasnoticias\/#website","url":"https:\/\/diarioabcdemichoacan.com.mx\/lasnoticias\/","name":"Diario ABC de Michoac\u00e1n","description":"Las noticias al momento","potentialAction":[{"@type":"SearchAction","target":{"@type":"EntryPoint","urlTemplate":"https:\/\/diarioabcdemichoacan.com.mx\/lasnoticias\/?s={search_term_string}"},"query-input":{"@type":"PropertyValueSpecification","valueRequired":true,"valueName":"search_term_string"}}],"inLanguage":"es"},{"@type":"Person","@id":"https:\/\/diarioabcdemichoacan.com.mx\/lasnoticias\/#\/schema\/person\/19ae376040f6cbc489682ebdd8524852","name":"AR","image":{"@type":"ImageObject","inLanguage":"es","@id":"https:\/\/diarioabcdemichoacan.com.mx\/lasnoticias\/#\/schema\/person\/image\/","url":"https:\/\/secure.gravatar.com\/avatar\/44eca2ff970262234e20e1e082872af0?s=96&d=mm&r=g","contentUrl":"https:\/\/secure.gravatar.com\/avatar\/44eca2ff970262234e20e1e082872af0?s=96&d=mm&r=g","caption":"AR"},"url":"https:\/\/diarioabcdemichoacan.com.mx\/lasnoticias\/author\/adrian\/"}]}},"_links":{"self":[{"href":"https:\/\/diarioabcdemichoacan.com.mx\/lasnoticias\/wp-json\/wp\/v2\/posts\/71065","targetHints":{"allow":["GET"]}}],"collection":[{"href":"https:\/\/diarioabcdemichoacan.com.mx\/lasnoticias\/wp-json\/wp\/v2\/posts"}],"about":[{"href":"https:\/\/diarioabcdemichoacan.com.mx\/lasnoticias\/wp-json\/wp\/v2\/types\/post"}],"author":[{"embeddable":true,"href":"https:\/\/diarioabcdemichoacan.com.mx\/lasnoticias\/wp-json\/wp\/v2\/users\/9"}],"replies":[{"embeddable":true,"href":"https:\/\/diarioabcdemichoacan.com.mx\/lasnoticias\/wp-json\/wp\/v2\/comments?post=71065"}],"version-history":[{"count":1,"href":"https:\/\/diarioabcdemichoacan.com.mx\/lasnoticias\/wp-json\/wp\/v2\/posts\/71065\/revisions"}],"predecessor-version":[{"id":71067,"href":"https:\/\/diarioabcdemichoacan.com.mx\/lasnoticias\/wp-json\/wp\/v2\/posts\/71065\/revisions\/71067"}],"wp:featuredmedia":[{"embeddable":true,"href":"https:\/\/diarioabcdemichoacan.com.mx\/lasnoticias\/wp-json\/wp\/v2\/media\/71066"}],"wp:attachment":[{"href":"https:\/\/diarioabcdemichoacan.com.mx\/lasnoticias\/wp-json\/wp\/v2\/media?parent=71065"}],"wp:term":[{"taxonomy":"category","embeddable":true,"href":"https:\/\/diarioabcdemichoacan.com.mx\/lasnoticias\/wp-json\/wp\/v2\/categories?post=71065"},{"taxonomy":"post_tag","embeddable":true,"href":"https:\/\/diarioabcdemichoacan.com.mx\/lasnoticias\/wp-json\/wp\/v2\/tags?post=71065"}],"curies":[{"name":"wp","href":"https:\/\/api.w.org\/{rel}","templated":true}]}}