{"id":71834,"date":"2025-11-10T12:58:52","date_gmt":"2025-11-10T18:58:52","guid":{"rendered":"https:\/\/diarioabcdemichoacan.com.mx\/lasnoticias\/?p=71834"},"modified":"2025-11-10T12:58:52","modified_gmt":"2025-11-10T18:58:52","slug":"confirma-bedolla-visita-de-harfuch-y-trevilla-a-uruapan-y-morelia-esta-semana","status":"publish","type":"post","link":"https:\/\/diarioabcdemichoacan.com.mx\/lasnoticias\/confirma-bedolla-visita-de-harfuch-y-trevilla-a-uruapan-y-morelia-esta-semana\/","title":{"rendered":"Confirma Bedolla visita de Harfuch y Trevilla a Uruapan y Morelia esta semana"},"content":{"rendered":"<h2>Por Mariano Bola\u00f1os Monta\u00f1ez<\/h2>\n<hr \/>\n<p>Morelia, Mich.- El gobernador Alfredo Ram\u00edrez Bedolla confirm\u00f3 que esta misma semana visitar\u00e1n Michoac\u00e1n el secretario de Seguridad y Protecci\u00f3n Ciudadana, Omar Garc\u00eda Harfuch, y el titular de la Secretar\u00eda de la Defensa Nacional, general Ricardo Trevilla Trejo, como parte del reci\u00e9n anunciado \u201cPlan Michoac\u00e1n por la Paz y la Justicia\u201d.<\/p>\n<p>Aunque a\u00fan est\u00e1n por definirse las fechas exactas, el mandatario adelant\u00f3 que los funcionarios federales recorrer\u00e1n Morelia y Uruapan, donde encabezar\u00e1n reuniones de trabajo enfocadas en seguridad y participaci\u00f3n social, con el objetivo de fortalecer la estrategia nacional de pacificaci\u00f3n.<\/p>\n<p>Ram\u00edrez Bedolla record\u00f3 que previamente sostuvo dos reuniones de trabajo con los gabinetes legal y ampliado de la presidenta Claudia Sheinbaum, en las que se delinearon 100 acciones integradas en 12 l\u00edneas de trabajo del plan estatal.<\/p>\n<p>El gobernador destac\u00f3 que el di\u00e1logo con diversos sectores continuar\u00e1 en las regiones donde sea prioritaria la atenci\u00f3n, pues el programa tiene un enfoque integral, donde se atiende a todas las regiones del estado, no solo a Uruapan.<\/p>\n<p>Finalmente, Ram\u00edrez Bedolla consider\u00f3 que la presidenta Claudia Sheinbaum ha mostrado sensibilidad y compromiso ante la situaci\u00f3n actual, al impulsar acciones inmediatas y fortalecer la coordinaci\u00f3n tras el homicidio del presidente Carlos Manzo.<\/p>\n","protected":false},"excerpt":{"rendered":"<p>Por Mariano Bola\u00f1os Monta\u00f1ez Morelia, Mich.- El gobernador Alfredo Ram\u00edrez Bedolla confirm\u00f3 que esta misma semana visitar\u00e1n Michoac\u00e1n el secretario de Seguridad y Protecci\u00f3n Ciudadana, Omar Garc\u00eda Harfuch, y el titular de la Secretar\u00eda de la Defensa Nacional, general Ricardo Trevilla Trejo, como parte del reci\u00e9n anunciado \u201cPlan Michoac\u00e1n por la Paz y la Justicia\u201d. [&hellip;]<\/p>\n","protected":false},"author":6,"featured_media":71829,"comment_status":"closed","ping_status":"closed","sticky":false,"template":"","format":"standard","meta":{"footnotes":""},"categories":[30,10,28,27],"tags":[],"class_list":{"0":"post-71834","1":"post","2":"type-post","3":"status-publish","4":"format-standard","5":"has-post-thumbnail","7":"category-columnas","8":"category-estado","9":"category-politica","10":"category-slider"},"yoast_head":"<!-- This site is optimized with the Yoast SEO plugin v24.0 - https:\/\/yoast.com\/wordpress\/plugins\/seo\/ -->\n<title>Confirma Bedolla visita de Harfuch y Trevilla a Uruapan y Morelia esta semana - Diario ABC de Michoac\u00e1n<\/title>\n<meta name=\"robots\" content=\"index, follow, max-snippet:-1, max-image-preview:large, max-video-preview:-1\" \/>\n<link rel=\"canonical\" href=\"https:\/\/diarioabcdemichoacan.com.mx\/lasnoticias\/confirma-bedolla-visita-de-harfuch-y-trevilla-a-uruapan-y-morelia-esta-semana\/\" \/>\n<meta property=\"og:locale\" content=\"es_ES\" \/>\n<meta property=\"og:type\" content=\"article\" \/>\n<meta property=\"og:title\" content=\"Confirma Bedolla visita de Harfuch y Trevilla a Uruapan y Morelia esta semana - Diario ABC de Michoac\u00e1n\" \/>\n<meta property=\"og:description\" content=\"Por Mariano Bola\u00f1os Monta\u00f1ez Morelia, Mich.- El gobernador Alfredo Ram\u00edrez Bedolla confirm\u00f3 que esta misma semana visitar\u00e1n Michoac\u00e1n el secretario de Seguridad y Protecci\u00f3n Ciudadana, Omar Garc\u00eda Harfuch, y el titular de la Secretar\u00eda de la Defensa Nacional, general Ricardo Trevilla Trejo, como parte del reci\u00e9n anunciado \u201cPlan Michoac\u00e1n por la Paz y la Justicia\u201d. [&hellip;]\" \/>\n<meta property=\"og:url\" content=\"https:\/\/diarioabcdemichoacan.com.mx\/lasnoticias\/confirma-bedolla-visita-de-harfuch-y-trevilla-a-uruapan-y-morelia-esta-semana\/\" \/>\n<meta property=\"og:site_name\" content=\"Diario ABC de Michoac\u00e1n\" \/>\n<meta property=\"article:published_time\" content=\"2025-11-10T18:58:52+00:00\" \/>\n<meta property=\"og:image\" content=\"https:\/\/diarioabcdemichoacan.com.mx\/lasnoticias\/wp-content\/uploads\/2025\/11\/Imagen-de-WhatsApp-2025-11-10-a-las-11.43.04_c8547944.jpg\" \/>\n\t<meta property=\"og:image:width\" content=\"1600\" \/>\n\t<meta property=\"og:image:height\" content=\"902\" \/>\n\t<meta property=\"og:image:type\" content=\"image\/jpeg\" \/>\n<meta name=\"author\" content=\"MB\" \/>\n<meta name=\"twitter:card\" content=\"summary_large_image\" \/>\n<meta name=\"twitter:label1\" content=\"Escrito por\" \/>\n\t<meta name=\"twitter:data1\" content=\"MB\" \/>\n\t<meta name=\"twitter:label2\" content=\"Tiempo de lectura\" \/>\n\t<meta name=\"twitter:data2\" content=\"2 minutos\" \/>\n<script type=\"application\/ld+json\" class=\"yoast-schema-graph\">{\"@context\":\"https:\/\/schema.org\",\"@graph\":[{\"@type\":\"WebPage\",\"@id\":\"https:\/\/diarioabcdemichoacan.com.mx\/lasnoticias\/confirma-bedolla-visita-de-harfuch-y-trevilla-a-uruapan-y-morelia-esta-semana\/\",\"url\":\"https:\/\/diarioabcdemichoacan.com.mx\/lasnoticias\/confirma-bedolla-visita-de-harfuch-y-trevilla-a-uruapan-y-morelia-esta-semana\/\",\"name\":\"Confirma Bedolla visita de Harfuch y Trevilla a Uruapan y Morelia esta semana - Diario ABC de Michoac\u00e1n\",\"isPartOf\":{\"@id\":\"https:\/\/diarioabcdemichoacan.com.mx\/lasnoticias\/#website\"},\"primaryImageOfPage\":{\"@id\":\"https:\/\/diarioabcdemichoacan.com.mx\/lasnoticias\/confirma-bedolla-visita-de-harfuch-y-trevilla-a-uruapan-y-morelia-esta-semana\/#primaryimage\"},\"image\":{\"@id\":\"https:\/\/diarioabcdemichoacan.com.mx\/lasnoticias\/confirma-bedolla-visita-de-harfuch-y-trevilla-a-uruapan-y-morelia-esta-semana\/#primaryimage\"},\"thumbnailUrl\":\"https:\/\/diarioabcdemichoacan.com.mx\/lasnoticias\/wp-content\/uploads\/2025\/11\/Imagen-de-WhatsApp-2025-11-10-a-las-11.43.04_c8547944.jpg\",\"datePublished\":\"2025-11-10T18:58:52+00:00\",\"dateModified\":\"2025-11-10T18:58:52+00:00\",\"author\":{\"@id\":\"https:\/\/diarioabcdemichoacan.com.mx\/lasnoticias\/#\/schema\/person\/0546f9c3407148f7452ca932715c5e88\"},\"breadcrumb\":{\"@id\":\"https:\/\/diarioabcdemichoacan.com.mx\/lasnoticias\/confirma-bedolla-visita-de-harfuch-y-trevilla-a-uruapan-y-morelia-esta-semana\/#breadcrumb\"},\"inLanguage\":\"es\",\"potentialAction\":[{\"@type\":\"ReadAction\",\"target\":[\"https:\/\/diarioabcdemichoacan.com.mx\/lasnoticias\/confirma-bedolla-visita-de-harfuch-y-trevilla-a-uruapan-y-morelia-esta-semana\/\"]}]},{\"@type\":\"ImageObject\",\"inLanguage\":\"es\",\"@id\":\"https:\/\/diarioabcdemichoacan.com.mx\/lasnoticias\/confirma-bedolla-visita-de-harfuch-y-trevilla-a-uruapan-y-morelia-esta-semana\/#primaryimage\",\"url\":\"https:\/\/diarioabcdemichoacan.com.mx\/lasnoticias\/wp-content\/uploads\/2025\/11\/Imagen-de-WhatsApp-2025-11-10-a-las-11.43.04_c8547944.jpg\",\"contentUrl\":\"https:\/\/diarioabcdemichoacan.com.mx\/lasnoticias\/wp-content\/uploads\/2025\/11\/Imagen-de-WhatsApp-2025-11-10-a-las-11.43.04_c8547944.jpg\",\"width\":1600,\"height\":902},{\"@type\":\"BreadcrumbList\",\"@id\":\"https:\/\/diarioabcdemichoacan.com.mx\/lasnoticias\/confirma-bedolla-visita-de-harfuch-y-trevilla-a-uruapan-y-morelia-esta-semana\/#breadcrumb\",\"itemListElement\":[{\"@type\":\"ListItem\",\"position\":1,\"name\":\"Portada\",\"item\":\"https:\/\/diarioabcdemichoacan.com.mx\/lasnoticias\/\"},{\"@type\":\"ListItem\",\"position\":2,\"name\":\"Confirma Bedolla visita de Harfuch y Trevilla a Uruapan y Morelia esta semana\"}]},{\"@type\":\"WebSite\",\"@id\":\"https:\/\/diarioabcdemichoacan.com.mx\/lasnoticias\/#website\",\"url\":\"https:\/\/diarioabcdemichoacan.com.mx\/lasnoticias\/\",\"name\":\"Diario ABC de Michoac\u00e1n\",\"description\":\"Las noticias al momento\",\"potentialAction\":[{\"@type\":\"SearchAction\",\"target\":{\"@type\":\"EntryPoint\",\"urlTemplate\":\"https:\/\/diarioabcdemichoacan.com.mx\/lasnoticias\/?s={search_term_string}\"},\"query-input\":{\"@type\":\"PropertyValueSpecification\",\"valueRequired\":true,\"valueName\":\"search_term_string\"}}],\"inLanguage\":\"es\"},{\"@type\":\"Person\",\"@id\":\"https:\/\/diarioabcdemichoacan.com.mx\/lasnoticias\/#\/schema\/person\/0546f9c3407148f7452ca932715c5e88\",\"name\":\"MB\",\"image\":{\"@type\":\"ImageObject\",\"inLanguage\":\"es\",\"@id\":\"https:\/\/diarioabcdemichoacan.com.mx\/lasnoticias\/#\/schema\/person\/image\/\",\"url\":\"https:\/\/secure.gravatar.com\/avatar\/adcd41fde6b8d0b5d9d0de001d3112b3?s=96&d=mm&r=g\",\"contentUrl\":\"https:\/\/secure.gravatar.com\/avatar\/adcd41fde6b8d0b5d9d0de001d3112b3?s=96&d=mm&r=g\",\"caption\":\"MB\"},\"url\":\"https:\/\/diarioabcdemichoacan.com.mx\/lasnoticias\/author\/bomariano03\/\"}]}<\/script>\n<!-- \/ Yoast SEO plugin. -->","yoast_head_json":{"title":"Confirma Bedolla visita de Harfuch y Trevilla a Uruapan y Morelia esta semana - Diario ABC de Michoac\u00e1n","robots":{"index":"index","follow":"follow","max-snippet":"max-snippet:-1","max-image-preview":"max-image-preview:large","max-video-preview":"max-video-preview:-1"},"canonical":"https:\/\/diarioabcdemichoacan.com.mx\/lasnoticias\/confirma-bedolla-visita-de-harfuch-y-trevilla-a-uruapan-y-morelia-esta-semana\/","og_locale":"es_ES","og_type":"article","og_title":"Confirma Bedolla visita de Harfuch y Trevilla a Uruapan y Morelia esta semana - Diario ABC de Michoac\u00e1n","og_description":"Por Mariano Bola\u00f1os Monta\u00f1ez Morelia, Mich.- El gobernador Alfredo Ram\u00edrez Bedolla confirm\u00f3 que esta misma semana visitar\u00e1n Michoac\u00e1n el secretario de Seguridad y Protecci\u00f3n Ciudadana, Omar Garc\u00eda Harfuch, y el titular de la Secretar\u00eda de la Defensa Nacional, general Ricardo Trevilla Trejo, como parte del reci\u00e9n anunciado \u201cPlan Michoac\u00e1n por la Paz y la Justicia\u201d. [&hellip;]","og_url":"https:\/\/diarioabcdemichoacan.com.mx\/lasnoticias\/confirma-bedolla-visita-de-harfuch-y-trevilla-a-uruapan-y-morelia-esta-semana\/","og_site_name":"Diario ABC de Michoac\u00e1n","article_published_time":"2025-11-10T18:58:52+00:00","og_image":[{"width":1600,"height":902,"url":"https:\/\/diarioabcdemichoacan.com.mx\/lasnoticias\/wp-content\/uploads\/2025\/11\/Imagen-de-WhatsApp-2025-11-10-a-las-11.43.04_c8547944.jpg","type":"image\/jpeg"}],"author":"MB","twitter_card":"summary_large_image","twitter_misc":{"Escrito por":"MB","Tiempo de lectura":"2 minutos"},"schema":{"@context":"https:\/\/schema.org","@graph":[{"@type":"WebPage","@id":"https:\/\/diarioabcdemichoacan.com.mx\/lasnoticias\/confirma-bedolla-visita-de-harfuch-y-trevilla-a-uruapan-y-morelia-esta-semana\/","url":"https:\/\/diarioabcdemichoacan.com.mx\/lasnoticias\/confirma-bedolla-visita-de-harfuch-y-trevilla-a-uruapan-y-morelia-esta-semana\/","name":"Confirma Bedolla visita de Harfuch y Trevilla a Uruapan y Morelia esta semana - Diario ABC de Michoac\u00e1n","isPartOf":{"@id":"https:\/\/diarioabcdemichoacan.com.mx\/lasnoticias\/#website"},"primaryImageOfPage":{"@id":"https:\/\/diarioabcdemichoacan.com.mx\/lasnoticias\/confirma-bedolla-visita-de-harfuch-y-trevilla-a-uruapan-y-morelia-esta-semana\/#primaryimage"},"image":{"@id":"https:\/\/diarioabcdemichoacan.com.mx\/lasnoticias\/confirma-bedolla-visita-de-harfuch-y-trevilla-a-uruapan-y-morelia-esta-semana\/#primaryimage"},"thumbnailUrl":"https:\/\/diarioabcdemichoacan.com.mx\/lasnoticias\/wp-content\/uploads\/2025\/11\/Imagen-de-WhatsApp-2025-11-10-a-las-11.43.04_c8547944.jpg","datePublished":"2025-11-10T18:58:52+00:00","dateModified":"2025-11-10T18:58:52+00:00","author":{"@id":"https:\/\/diarioabcdemichoacan.com.mx\/lasnoticias\/#\/schema\/person\/0546f9c3407148f7452ca932715c5e88"},"breadcrumb":{"@id":"https:\/\/diarioabcdemichoacan.com.mx\/lasnoticias\/confirma-bedolla-visita-de-harfuch-y-trevilla-a-uruapan-y-morelia-esta-semana\/#breadcrumb"},"inLanguage":"es","potentialAction":[{"@type":"ReadAction","target":["https:\/\/diarioabcdemichoacan.com.mx\/lasnoticias\/confirma-bedolla-visita-de-harfuch-y-trevilla-a-uruapan-y-morelia-esta-semana\/"]}]},{"@type":"ImageObject","inLanguage":"es","@id":"https:\/\/diarioabcdemichoacan.com.mx\/lasnoticias\/confirma-bedolla-visita-de-harfuch-y-trevilla-a-uruapan-y-morelia-esta-semana\/#primaryimage","url":"https:\/\/diarioabcdemichoacan.com.mx\/lasnoticias\/wp-content\/uploads\/2025\/11\/Imagen-de-WhatsApp-2025-11-10-a-las-11.43.04_c8547944.jpg","contentUrl":"https:\/\/diarioabcdemichoacan.com.mx\/lasnoticias\/wp-content\/uploads\/2025\/11\/Imagen-de-WhatsApp-2025-11-10-a-las-11.43.04_c8547944.jpg","width":1600,"height":902},{"@type":"BreadcrumbList","@id":"https:\/\/diarioabcdemichoacan.com.mx\/lasnoticias\/confirma-bedolla-visita-de-harfuch-y-trevilla-a-uruapan-y-morelia-esta-semana\/#breadcrumb","itemListElement":[{"@type":"ListItem","position":1,"name":"Portada","item":"https:\/\/diarioabcdemichoacan.com.mx\/lasnoticias\/"},{"@type":"ListItem","position":2,"name":"Confirma Bedolla visita de Harfuch y Trevilla a Uruapan y Morelia esta semana"}]},{"@type":"WebSite","@id":"https:\/\/diarioabcdemichoacan.com.mx\/lasnoticias\/#website","url":"https:\/\/diarioabcdemichoacan.com.mx\/lasnoticias\/","name":"Diario ABC de Michoac\u00e1n","description":"Las noticias al momento","potentialAction":[{"@type":"SearchAction","target":{"@type":"EntryPoint","urlTemplate":"https:\/\/diarioabcdemichoacan.com.mx\/lasnoticias\/?s={search_term_string}"},"query-input":{"@type":"PropertyValueSpecification","valueRequired":true,"valueName":"search_term_string"}}],"inLanguage":"es"},{"@type":"Person","@id":"https:\/\/diarioabcdemichoacan.com.mx\/lasnoticias\/#\/schema\/person\/0546f9c3407148f7452ca932715c5e88","name":"MB","image":{"@type":"ImageObject","inLanguage":"es","@id":"https:\/\/diarioabcdemichoacan.com.mx\/lasnoticias\/#\/schema\/person\/image\/","url":"https:\/\/secure.gravatar.com\/avatar\/adcd41fde6b8d0b5d9d0de001d3112b3?s=96&d=mm&r=g","contentUrl":"https:\/\/secure.gravatar.com\/avatar\/adcd41fde6b8d0b5d9d0de001d3112b3?s=96&d=mm&r=g","caption":"MB"},"url":"https:\/\/diarioabcdemichoacan.com.mx\/lasnoticias\/author\/bomariano03\/"}]}},"_links":{"self":[{"href":"https:\/\/diarioabcdemichoacan.com.mx\/lasnoticias\/wp-json\/wp\/v2\/posts\/71834","targetHints":{"allow":["GET"]}}],"collection":[{"href":"https:\/\/diarioabcdemichoacan.com.mx\/lasnoticias\/wp-json\/wp\/v2\/posts"}],"about":[{"href":"https:\/\/diarioabcdemichoacan.com.mx\/lasnoticias\/wp-json\/wp\/v2\/types\/post"}],"author":[{"embeddable":true,"href":"https:\/\/diarioabcdemichoacan.com.mx\/lasnoticias\/wp-json\/wp\/v2\/users\/6"}],"replies":[{"embeddable":true,"href":"https:\/\/diarioabcdemichoacan.com.mx\/lasnoticias\/wp-json\/wp\/v2\/comments?post=71834"}],"version-history":[{"count":1,"href":"https:\/\/diarioabcdemichoacan.com.mx\/lasnoticias\/wp-json\/wp\/v2\/posts\/71834\/revisions"}],"predecessor-version":[{"id":71835,"href":"https:\/\/diarioabcdemichoacan.com.mx\/lasnoticias\/wp-json\/wp\/v2\/posts\/71834\/revisions\/71835"}],"wp:featuredmedia":[{"embeddable":true,"href":"https:\/\/diarioabcdemichoacan.com.mx\/lasnoticias\/wp-json\/wp\/v2\/media\/71829"}],"wp:attachment":[{"href":"https:\/\/diarioabcdemichoacan.com.mx\/lasnoticias\/wp-json\/wp\/v2\/media?parent=71834"}],"wp:term":[{"taxonomy":"category","embeddable":true,"href":"https:\/\/diarioabcdemichoacan.com.mx\/lasnoticias\/wp-json\/wp\/v2\/categories?post=71834"},{"taxonomy":"post_tag","embeddable":true,"href":"https:\/\/diarioabcdemichoacan.com.mx\/lasnoticias\/wp-json\/wp\/v2\/tags?post=71834"}],"curies":[{"name":"wp","href":"https:\/\/api.w.org\/{rel}","templated":true}]}}