{"id":72058,"date":"2025-11-13T13:57:54","date_gmt":"2025-11-13T19:57:54","guid":{"rendered":"https:\/\/diarioabcdemichoacan.com.mx\/lasnoticias\/?p=72058"},"modified":"2025-11-13T13:57:54","modified_gmt":"2025-11-13T19:57:54","slug":"28-y-29-de-noviembre-se-llevara-a-cabo-el-recoelectron-universitario","status":"publish","type":"post","link":"https:\/\/diarioabcdemichoacan.com.mx\/lasnoticias\/28-y-29-de-noviembre-se-llevara-a-cabo-el-recoelectron-universitario\/","title":{"rendered":"28 y 29 de noviembre se llevar\u00e1 a cabo el Recoelectr\u00f3n Universitario"},"content":{"rendered":"<h2>Se invita a toda la comunidad nicolaita a participar en esta actividad en favor del medio ambiente.<\/h2>\n<p>&nbsp;<\/p>\n<hr \/>\n<p>Morelia, Mich.- Este pr\u00f3ximo 28 y 29 de noviembre se llevar\u00e1 a cabo una edici\u00f3n m\u00e1s del Recoelectr\u00f3n Universitario que realiza la Universidad Michoacana de San Nicol\u00e1s de Hidalgo (UMSNH), por lo que se invita a la comunidad nicolaita, as\u00ed como a la poblaci\u00f3n en general a participar activamente en esta actividad en favor del medio ambiente.<\/p>\n<p>El centro de acopio se instalar\u00e1 en el estacionamiento de Ciudad Universitaria, a un costado de las instalaciones de Radio Nicolaita en un horario de las 9:00 a las 16:00 horas en las fechas antes mencionadas.<\/p>\n<p>A trav\u00e9s del Recoelectr\u00f3n se busca dar un adecuado manejo a los aparatos electr\u00f3nicos y el\u00e9ctricos que est\u00e1n en desuso, contribuyendo de esta manera a evitar la contaminaci\u00f3n que pudieran generar.<\/p>\n<p>Algunos de los art\u00edculos que se estar\u00e1n recibiendo son computadoras, reguladores, consolas, taladros, tablets, mouse, teclados, celulares, laptops, impresoras, discos duros, tarjetas electr\u00f3nicas, cargadores, televisores, scanners, m\u00f3dems, pulidoras, herramienta el\u00e9ctrica, est\u00e9reos, radios, por mencionar algunos productos.<\/p>\n","protected":false},"excerpt":{"rendered":"<p>Se invita a toda la comunidad nicolaita a participar en esta actividad en favor del medio ambiente. &nbsp; Morelia, Mich.- Este pr\u00f3ximo 28 y 29 de noviembre se llevar\u00e1 a cabo una edici\u00f3n m\u00e1s del Recoelectr\u00f3n Universitario que realiza la Universidad Michoacana de San Nicol\u00e1s de Hidalgo (UMSNH), por lo que se invita a la [&hellip;]<\/p>\n","protected":false},"author":9,"featured_media":72059,"comment_status":"closed","ping_status":"closed","sticky":false,"template":"","format":"standard","meta":{"footnotes":""},"categories":[15,27,23],"tags":[],"class_list":{"0":"post-72058","1":"post","2":"type-post","3":"status-publish","4":"format-standard","5":"has-post-thumbnail","7":"category-educacion","8":"category-slider","9":"category-universidad-michoacana"},"yoast_head":"<!-- This site is optimized with the Yoast SEO plugin v24.0 - https:\/\/yoast.com\/wordpress\/plugins\/seo\/ -->\n<title>28 y 29 de noviembre se llevar\u00e1 a cabo el Recoelectr\u00f3n Universitario - Diario ABC de Michoac\u00e1n<\/title>\n<meta name=\"robots\" content=\"index, follow, max-snippet:-1, max-image-preview:large, max-video-preview:-1\" \/>\n<link rel=\"canonical\" href=\"https:\/\/diarioabcdemichoacan.com.mx\/lasnoticias\/28-y-29-de-noviembre-se-llevara-a-cabo-el-recoelectron-universitario\/\" \/>\n<meta property=\"og:locale\" content=\"es_ES\" \/>\n<meta property=\"og:type\" content=\"article\" \/>\n<meta property=\"og:title\" content=\"28 y 29 de noviembre se llevar\u00e1 a cabo el Recoelectr\u00f3n Universitario - Diario ABC de Michoac\u00e1n\" \/>\n<meta property=\"og:description\" content=\"Se invita a toda la comunidad nicolaita a participar en esta actividad en favor del medio ambiente. &nbsp; Morelia, Mich.- Este pr\u00f3ximo 28 y 29 de noviembre se llevar\u00e1 a cabo una edici\u00f3n m\u00e1s del Recoelectr\u00f3n Universitario que realiza la Universidad Michoacana de San Nicol\u00e1s de Hidalgo (UMSNH), por lo que se invita a la [&hellip;]\" \/>\n<meta property=\"og:url\" content=\"https:\/\/diarioabcdemichoacan.com.mx\/lasnoticias\/28-y-29-de-noviembre-se-llevara-a-cabo-el-recoelectron-universitario\/\" \/>\n<meta property=\"og:site_name\" content=\"Diario ABC de Michoac\u00e1n\" \/>\n<meta property=\"article:published_time\" content=\"2025-11-13T19:57:54+00:00\" \/>\n<meta property=\"og:image\" content=\"https:\/\/diarioabcdemichoacan.com.mx\/lasnoticias\/wp-content\/uploads\/2025\/11\/Imagen-de-WhatsApp-2025-11-12-a-las-16.40.37_4de7cc6f.jpg\" \/>\n\t<meta property=\"og:image:width\" content=\"1280\" \/>\n\t<meta property=\"og:image:height\" content=\"1280\" \/>\n\t<meta property=\"og:image:type\" content=\"image\/jpeg\" \/>\n<meta name=\"author\" content=\"AR\" \/>\n<meta name=\"twitter:card\" content=\"summary_large_image\" \/>\n<meta name=\"twitter:label1\" content=\"Escrito por\" \/>\n\t<meta name=\"twitter:data1\" content=\"AR\" \/>\n\t<meta name=\"twitter:label2\" content=\"Tiempo de lectura\" \/>\n\t<meta name=\"twitter:data2\" content=\"2 minutos\" \/>\n<script type=\"application\/ld+json\" class=\"yoast-schema-graph\">{\"@context\":\"https:\/\/schema.org\",\"@graph\":[{\"@type\":\"WebPage\",\"@id\":\"https:\/\/diarioabcdemichoacan.com.mx\/lasnoticias\/28-y-29-de-noviembre-se-llevara-a-cabo-el-recoelectron-universitario\/\",\"url\":\"https:\/\/diarioabcdemichoacan.com.mx\/lasnoticias\/28-y-29-de-noviembre-se-llevara-a-cabo-el-recoelectron-universitario\/\",\"name\":\"28 y 29 de noviembre se llevar\u00e1 a cabo el Recoelectr\u00f3n Universitario - Diario ABC de Michoac\u00e1n\",\"isPartOf\":{\"@id\":\"https:\/\/diarioabcdemichoacan.com.mx\/lasnoticias\/#website\"},\"primaryImageOfPage\":{\"@id\":\"https:\/\/diarioabcdemichoacan.com.mx\/lasnoticias\/28-y-29-de-noviembre-se-llevara-a-cabo-el-recoelectron-universitario\/#primaryimage\"},\"image\":{\"@id\":\"https:\/\/diarioabcdemichoacan.com.mx\/lasnoticias\/28-y-29-de-noviembre-se-llevara-a-cabo-el-recoelectron-universitario\/#primaryimage\"},\"thumbnailUrl\":\"https:\/\/diarioabcdemichoacan.com.mx\/lasnoticias\/wp-content\/uploads\/2025\/11\/Imagen-de-WhatsApp-2025-11-12-a-las-16.40.37_4de7cc6f.jpg\",\"datePublished\":\"2025-11-13T19:57:54+00:00\",\"dateModified\":\"2025-11-13T19:57:54+00:00\",\"author\":{\"@id\":\"https:\/\/diarioabcdemichoacan.com.mx\/lasnoticias\/#\/schema\/person\/19ae376040f6cbc489682ebdd8524852\"},\"breadcrumb\":{\"@id\":\"https:\/\/diarioabcdemichoacan.com.mx\/lasnoticias\/28-y-29-de-noviembre-se-llevara-a-cabo-el-recoelectron-universitario\/#breadcrumb\"},\"inLanguage\":\"es\",\"potentialAction\":[{\"@type\":\"ReadAction\",\"target\":[\"https:\/\/diarioabcdemichoacan.com.mx\/lasnoticias\/28-y-29-de-noviembre-se-llevara-a-cabo-el-recoelectron-universitario\/\"]}]},{\"@type\":\"ImageObject\",\"inLanguage\":\"es\",\"@id\":\"https:\/\/diarioabcdemichoacan.com.mx\/lasnoticias\/28-y-29-de-noviembre-se-llevara-a-cabo-el-recoelectron-universitario\/#primaryimage\",\"url\":\"https:\/\/diarioabcdemichoacan.com.mx\/lasnoticias\/wp-content\/uploads\/2025\/11\/Imagen-de-WhatsApp-2025-11-12-a-las-16.40.37_4de7cc6f.jpg\",\"contentUrl\":\"https:\/\/diarioabcdemichoacan.com.mx\/lasnoticias\/wp-content\/uploads\/2025\/11\/Imagen-de-WhatsApp-2025-11-12-a-las-16.40.37_4de7cc6f.jpg\",\"width\":1280,\"height\":1280},{\"@type\":\"BreadcrumbList\",\"@id\":\"https:\/\/diarioabcdemichoacan.com.mx\/lasnoticias\/28-y-29-de-noviembre-se-llevara-a-cabo-el-recoelectron-universitario\/#breadcrumb\",\"itemListElement\":[{\"@type\":\"ListItem\",\"position\":1,\"name\":\"Portada\",\"item\":\"https:\/\/diarioabcdemichoacan.com.mx\/lasnoticias\/\"},{\"@type\":\"ListItem\",\"position\":2,\"name\":\"28 y 29 de noviembre se llevar\u00e1 a cabo el Recoelectr\u00f3n Universitario\"}]},{\"@type\":\"WebSite\",\"@id\":\"https:\/\/diarioabcdemichoacan.com.mx\/lasnoticias\/#website\",\"url\":\"https:\/\/diarioabcdemichoacan.com.mx\/lasnoticias\/\",\"name\":\"Diario ABC de Michoac\u00e1n\",\"description\":\"Las noticias al momento\",\"potentialAction\":[{\"@type\":\"SearchAction\",\"target\":{\"@type\":\"EntryPoint\",\"urlTemplate\":\"https:\/\/diarioabcdemichoacan.com.mx\/lasnoticias\/?s={search_term_string}\"},\"query-input\":{\"@type\":\"PropertyValueSpecification\",\"valueRequired\":true,\"valueName\":\"search_term_string\"}}],\"inLanguage\":\"es\"},{\"@type\":\"Person\",\"@id\":\"https:\/\/diarioabcdemichoacan.com.mx\/lasnoticias\/#\/schema\/person\/19ae376040f6cbc489682ebdd8524852\",\"name\":\"AR\",\"image\":{\"@type\":\"ImageObject\",\"inLanguage\":\"es\",\"@id\":\"https:\/\/diarioabcdemichoacan.com.mx\/lasnoticias\/#\/schema\/person\/image\/\",\"url\":\"https:\/\/secure.gravatar.com\/avatar\/44eca2ff970262234e20e1e082872af0?s=96&d=mm&r=g\",\"contentUrl\":\"https:\/\/secure.gravatar.com\/avatar\/44eca2ff970262234e20e1e082872af0?s=96&d=mm&r=g\",\"caption\":\"AR\"},\"url\":\"https:\/\/diarioabcdemichoacan.com.mx\/lasnoticias\/author\/adrian\/\"}]}<\/script>\n<!-- \/ Yoast SEO plugin. -->","yoast_head_json":{"title":"28 y 29 de noviembre se llevar\u00e1 a cabo el Recoelectr\u00f3n Universitario - Diario ABC de Michoac\u00e1n","robots":{"index":"index","follow":"follow","max-snippet":"max-snippet:-1","max-image-preview":"max-image-preview:large","max-video-preview":"max-video-preview:-1"},"canonical":"https:\/\/diarioabcdemichoacan.com.mx\/lasnoticias\/28-y-29-de-noviembre-se-llevara-a-cabo-el-recoelectron-universitario\/","og_locale":"es_ES","og_type":"article","og_title":"28 y 29 de noviembre se llevar\u00e1 a cabo el Recoelectr\u00f3n Universitario - Diario ABC de Michoac\u00e1n","og_description":"Se invita a toda la comunidad nicolaita a participar en esta actividad en favor del medio ambiente. &nbsp; Morelia, Mich.- Este pr\u00f3ximo 28 y 29 de noviembre se llevar\u00e1 a cabo una edici\u00f3n m\u00e1s del Recoelectr\u00f3n Universitario que realiza la Universidad Michoacana de San Nicol\u00e1s de Hidalgo (UMSNH), por lo que se invita a la [&hellip;]","og_url":"https:\/\/diarioabcdemichoacan.com.mx\/lasnoticias\/28-y-29-de-noviembre-se-llevara-a-cabo-el-recoelectron-universitario\/","og_site_name":"Diario ABC de Michoac\u00e1n","article_published_time":"2025-11-13T19:57:54+00:00","og_image":[{"width":1280,"height":1280,"url":"https:\/\/diarioabcdemichoacan.com.mx\/lasnoticias\/wp-content\/uploads\/2025\/11\/Imagen-de-WhatsApp-2025-11-12-a-las-16.40.37_4de7cc6f.jpg","type":"image\/jpeg"}],"author":"AR","twitter_card":"summary_large_image","twitter_misc":{"Escrito por":"AR","Tiempo de lectura":"2 minutos"},"schema":{"@context":"https:\/\/schema.org","@graph":[{"@type":"WebPage","@id":"https:\/\/diarioabcdemichoacan.com.mx\/lasnoticias\/28-y-29-de-noviembre-se-llevara-a-cabo-el-recoelectron-universitario\/","url":"https:\/\/diarioabcdemichoacan.com.mx\/lasnoticias\/28-y-29-de-noviembre-se-llevara-a-cabo-el-recoelectron-universitario\/","name":"28 y 29 de noviembre se llevar\u00e1 a cabo el Recoelectr\u00f3n Universitario - Diario ABC de Michoac\u00e1n","isPartOf":{"@id":"https:\/\/diarioabcdemichoacan.com.mx\/lasnoticias\/#website"},"primaryImageOfPage":{"@id":"https:\/\/diarioabcdemichoacan.com.mx\/lasnoticias\/28-y-29-de-noviembre-se-llevara-a-cabo-el-recoelectron-universitario\/#primaryimage"},"image":{"@id":"https:\/\/diarioabcdemichoacan.com.mx\/lasnoticias\/28-y-29-de-noviembre-se-llevara-a-cabo-el-recoelectron-universitario\/#primaryimage"},"thumbnailUrl":"https:\/\/diarioabcdemichoacan.com.mx\/lasnoticias\/wp-content\/uploads\/2025\/11\/Imagen-de-WhatsApp-2025-11-12-a-las-16.40.37_4de7cc6f.jpg","datePublished":"2025-11-13T19:57:54+00:00","dateModified":"2025-11-13T19:57:54+00:00","author":{"@id":"https:\/\/diarioabcdemichoacan.com.mx\/lasnoticias\/#\/schema\/person\/19ae376040f6cbc489682ebdd8524852"},"breadcrumb":{"@id":"https:\/\/diarioabcdemichoacan.com.mx\/lasnoticias\/28-y-29-de-noviembre-se-llevara-a-cabo-el-recoelectron-universitario\/#breadcrumb"},"inLanguage":"es","potentialAction":[{"@type":"ReadAction","target":["https:\/\/diarioabcdemichoacan.com.mx\/lasnoticias\/28-y-29-de-noviembre-se-llevara-a-cabo-el-recoelectron-universitario\/"]}]},{"@type":"ImageObject","inLanguage":"es","@id":"https:\/\/diarioabcdemichoacan.com.mx\/lasnoticias\/28-y-29-de-noviembre-se-llevara-a-cabo-el-recoelectron-universitario\/#primaryimage","url":"https:\/\/diarioabcdemichoacan.com.mx\/lasnoticias\/wp-content\/uploads\/2025\/11\/Imagen-de-WhatsApp-2025-11-12-a-las-16.40.37_4de7cc6f.jpg","contentUrl":"https:\/\/diarioabcdemichoacan.com.mx\/lasnoticias\/wp-content\/uploads\/2025\/11\/Imagen-de-WhatsApp-2025-11-12-a-las-16.40.37_4de7cc6f.jpg","width":1280,"height":1280},{"@type":"BreadcrumbList","@id":"https:\/\/diarioabcdemichoacan.com.mx\/lasnoticias\/28-y-29-de-noviembre-se-llevara-a-cabo-el-recoelectron-universitario\/#breadcrumb","itemListElement":[{"@type":"ListItem","position":1,"name":"Portada","item":"https:\/\/diarioabcdemichoacan.com.mx\/lasnoticias\/"},{"@type":"ListItem","position":2,"name":"28 y 29 de noviembre se llevar\u00e1 a cabo el Recoelectr\u00f3n Universitario"}]},{"@type":"WebSite","@id":"https:\/\/diarioabcdemichoacan.com.mx\/lasnoticias\/#website","url":"https:\/\/diarioabcdemichoacan.com.mx\/lasnoticias\/","name":"Diario ABC de Michoac\u00e1n","description":"Las noticias al momento","potentialAction":[{"@type":"SearchAction","target":{"@type":"EntryPoint","urlTemplate":"https:\/\/diarioabcdemichoacan.com.mx\/lasnoticias\/?s={search_term_string}"},"query-input":{"@type":"PropertyValueSpecification","valueRequired":true,"valueName":"search_term_string"}}],"inLanguage":"es"},{"@type":"Person","@id":"https:\/\/diarioabcdemichoacan.com.mx\/lasnoticias\/#\/schema\/person\/19ae376040f6cbc489682ebdd8524852","name":"AR","image":{"@type":"ImageObject","inLanguage":"es","@id":"https:\/\/diarioabcdemichoacan.com.mx\/lasnoticias\/#\/schema\/person\/image\/","url":"https:\/\/secure.gravatar.com\/avatar\/44eca2ff970262234e20e1e082872af0?s=96&d=mm&r=g","contentUrl":"https:\/\/secure.gravatar.com\/avatar\/44eca2ff970262234e20e1e082872af0?s=96&d=mm&r=g","caption":"AR"},"url":"https:\/\/diarioabcdemichoacan.com.mx\/lasnoticias\/author\/adrian\/"}]}},"_links":{"self":[{"href":"https:\/\/diarioabcdemichoacan.com.mx\/lasnoticias\/wp-json\/wp\/v2\/posts\/72058","targetHints":{"allow":["GET"]}}],"collection":[{"href":"https:\/\/diarioabcdemichoacan.com.mx\/lasnoticias\/wp-json\/wp\/v2\/posts"}],"about":[{"href":"https:\/\/diarioabcdemichoacan.com.mx\/lasnoticias\/wp-json\/wp\/v2\/types\/post"}],"author":[{"embeddable":true,"href":"https:\/\/diarioabcdemichoacan.com.mx\/lasnoticias\/wp-json\/wp\/v2\/users\/9"}],"replies":[{"embeddable":true,"href":"https:\/\/diarioabcdemichoacan.com.mx\/lasnoticias\/wp-json\/wp\/v2\/comments?post=72058"}],"version-history":[{"count":1,"href":"https:\/\/diarioabcdemichoacan.com.mx\/lasnoticias\/wp-json\/wp\/v2\/posts\/72058\/revisions"}],"predecessor-version":[{"id":72060,"href":"https:\/\/diarioabcdemichoacan.com.mx\/lasnoticias\/wp-json\/wp\/v2\/posts\/72058\/revisions\/72060"}],"wp:featuredmedia":[{"embeddable":true,"href":"https:\/\/diarioabcdemichoacan.com.mx\/lasnoticias\/wp-json\/wp\/v2\/media\/72059"}],"wp:attachment":[{"href":"https:\/\/diarioabcdemichoacan.com.mx\/lasnoticias\/wp-json\/wp\/v2\/media?parent=72058"}],"wp:term":[{"taxonomy":"category","embeddable":true,"href":"https:\/\/diarioabcdemichoacan.com.mx\/lasnoticias\/wp-json\/wp\/v2\/categories?post=72058"},{"taxonomy":"post_tag","embeddable":true,"href":"https:\/\/diarioabcdemichoacan.com.mx\/lasnoticias\/wp-json\/wp\/v2\/tags?post=72058"}],"curies":[{"name":"wp","href":"https:\/\/api.w.org\/{rel}","templated":true}]}}