{"id":72286,"date":"2025-11-20T12:56:31","date_gmt":"2025-11-20T18:56:31","guid":{"rendered":"https:\/\/diarioabcdemichoacan.com.mx\/lasnoticias\/?p=72286"},"modified":"2025-11-20T12:56:31","modified_gmt":"2025-11-20T18:56:31","slug":"con-guardian-forestal-han-disminuido-represalias-a-ambientalistas-secma","status":"publish","type":"post","link":"https:\/\/diarioabcdemichoacan.com.mx\/lasnoticias\/con-guardian-forestal-han-disminuido-represalias-a-ambientalistas-secma\/","title":{"rendered":"Con Guardi\u00e1n Forestal, han disminu\u00eddo represalias a ambientalistas: Secma"},"content":{"rendered":"<h6>Por Mariano Bola\u00f1os Monta\u00f1ez<\/h6>\n<hr \/>\n<p>Morelia, Mich.- La Secretar\u00eda de Medio Ambiente de Michoac\u00e1n (SECMA) reconoci\u00f3 la existencia de denuncias por amenazas presentadas por un grupo de ambientalistas del municipio de Madero, registradas en los primeros d\u00edas de noviembre. As\u00ed lo confirm\u00f3 el titular de la dependencia, Alejandro M\u00e9ndez L\u00f3pez.<\/p>\n<p>El funcionario explic\u00f3 que, tras conocerse la situaci\u00f3n, se activaron los protocolos de protecci\u00f3n a ambientalistas, y diversas instancias estatales, la Secretar\u00eda de Gobierno, la Secretar\u00eda de Seguridad P\u00fablica y la Fiscal\u00eda General del Estado, intervinieron de inmediato mediante vigilancia y la apertura de carpetas de investigaci\u00f3n.<\/p>\n<p>M\u00e9ndez L\u00f3pez se\u00f1al\u00f3 que la SECMA mantiene comunicaci\u00f3n cercana con el Consejo Estatal de Ecolog\u00eda y con colectivos que pudieran sentirse en riesgo, para canalizar de manera inmediata las solicitudes de resguardo hacia la Secretar\u00eda de Gobierno. Asegur\u00f3 que estas dependencias han actuado oportunamente y que no se han registrado nuevos casos.<\/p>\n<p>El titular de la dependencia destac\u00f3 adem\u00e1s que las herramientas digitales implementadas por la actual administraci\u00f3n han reducido la exposici\u00f3n de ambientalistas a represalias. Esto, explic\u00f3, gracias al uso del sistema Guardi\u00e1n Forestal, que automatiza la presentaci\u00f3n de denuncias relacionadas con tala ilegal o cambio de uso de suelo.<\/p>\n<p>\u201cCon el Guardi\u00e1n Forestal ya no es un ambientalista quien pone la denuncia, sino una computadora que analiza el territorio y la presenta de forma autom\u00e1tica\u201d, detall\u00f3.<\/p>\n<p>Seg\u00fan M\u00e9ndez, este mecanismo ha contribuido a disminuir significativamente los riesgos para quienes defienden el medio ambiente en la entidad.<\/p>\n","protected":false},"excerpt":{"rendered":"<p>Por Mariano Bola\u00f1os Monta\u00f1ez Morelia, Mich.- La Secretar\u00eda de Medio Ambiente de Michoac\u00e1n (SECMA) reconoci\u00f3 la existencia de denuncias por amenazas presentadas por un grupo de ambientalistas del municipio de Madero, registradas en los primeros d\u00edas de noviembre. As\u00ed lo confirm\u00f3 el titular de la dependencia, Alejandro M\u00e9ndez L\u00f3pez. El funcionario explic\u00f3 que, tras conocerse [&hellip;]<\/p>\n","protected":false},"author":9,"featured_media":72287,"comment_status":"closed","ping_status":"closed","sticky":false,"template":"","format":"standard","meta":{"footnotes":""},"categories":[30,10,32,27],"tags":[],"class_list":{"0":"post-72286","1":"post","2":"type-post","3":"status-publish","4":"format-standard","5":"has-post-thumbnail","7":"category-columnas","8":"category-estado","9":"category-medio-ambiente","10":"category-slider"},"yoast_head":"<!-- This site is optimized with the Yoast SEO plugin v24.0 - https:\/\/yoast.com\/wordpress\/plugins\/seo\/ -->\n<title>Con Guardi\u00e1n Forestal, han disminu\u00eddo represalias a ambientalistas: Secma - Diario ABC de Michoac\u00e1n<\/title>\n<meta name=\"robots\" content=\"index, follow, max-snippet:-1, max-image-preview:large, max-video-preview:-1\" \/>\n<link rel=\"canonical\" href=\"https:\/\/diarioabcdemichoacan.com.mx\/lasnoticias\/con-guardian-forestal-han-disminuido-represalias-a-ambientalistas-secma\/\" \/>\n<meta property=\"og:locale\" content=\"es_ES\" \/>\n<meta property=\"og:type\" content=\"article\" \/>\n<meta property=\"og:title\" content=\"Con Guardi\u00e1n Forestal, han disminu\u00eddo represalias a ambientalistas: Secma - Diario ABC de Michoac\u00e1n\" \/>\n<meta property=\"og:description\" content=\"Por Mariano Bola\u00f1os Monta\u00f1ez Morelia, Mich.- La Secretar\u00eda de Medio Ambiente de Michoac\u00e1n (SECMA) reconoci\u00f3 la existencia de denuncias por amenazas presentadas por un grupo de ambientalistas del municipio de Madero, registradas en los primeros d\u00edas de noviembre. As\u00ed lo confirm\u00f3 el titular de la dependencia, Alejandro M\u00e9ndez L\u00f3pez. El funcionario explic\u00f3 que, tras conocerse [&hellip;]\" \/>\n<meta property=\"og:url\" content=\"https:\/\/diarioabcdemichoacan.com.mx\/lasnoticias\/con-guardian-forestal-han-disminuido-represalias-a-ambientalistas-secma\/\" \/>\n<meta property=\"og:site_name\" content=\"Diario ABC de Michoac\u00e1n\" \/>\n<meta property=\"article:published_time\" content=\"2025-11-20T18:56:31+00:00\" \/>\n<meta property=\"og:image\" content=\"https:\/\/diarioabcdemichoacan.com.mx\/lasnoticias\/wp-content\/uploads\/2025\/11\/Imagen-de-WhatsApp-2025-11-20-a-las-12.49.54_2dbed4ae.jpg\" \/>\n\t<meta property=\"og:image:width\" content=\"1280\" \/>\n\t<meta property=\"og:image:height\" content=\"721\" \/>\n\t<meta property=\"og:image:type\" content=\"image\/jpeg\" \/>\n<meta name=\"author\" content=\"AR\" \/>\n<meta name=\"twitter:card\" content=\"summary_large_image\" \/>\n<meta name=\"twitter:label1\" content=\"Escrito por\" \/>\n\t<meta name=\"twitter:data1\" content=\"AR\" \/>\n\t<meta name=\"twitter:label2\" content=\"Tiempo de lectura\" \/>\n\t<meta name=\"twitter:data2\" content=\"2 minutos\" \/>\n<script type=\"application\/ld+json\" class=\"yoast-schema-graph\">{\"@context\":\"https:\/\/schema.org\",\"@graph\":[{\"@type\":\"WebPage\",\"@id\":\"https:\/\/diarioabcdemichoacan.com.mx\/lasnoticias\/con-guardian-forestal-han-disminuido-represalias-a-ambientalistas-secma\/\",\"url\":\"https:\/\/diarioabcdemichoacan.com.mx\/lasnoticias\/con-guardian-forestal-han-disminuido-represalias-a-ambientalistas-secma\/\",\"name\":\"Con Guardi\u00e1n Forestal, han disminu\u00eddo represalias a ambientalistas: Secma - Diario ABC de Michoac\u00e1n\",\"isPartOf\":{\"@id\":\"https:\/\/diarioabcdemichoacan.com.mx\/lasnoticias\/#website\"},\"primaryImageOfPage\":{\"@id\":\"https:\/\/diarioabcdemichoacan.com.mx\/lasnoticias\/con-guardian-forestal-han-disminuido-represalias-a-ambientalistas-secma\/#primaryimage\"},\"image\":{\"@id\":\"https:\/\/diarioabcdemichoacan.com.mx\/lasnoticias\/con-guardian-forestal-han-disminuido-represalias-a-ambientalistas-secma\/#primaryimage\"},\"thumbnailUrl\":\"https:\/\/diarioabcdemichoacan.com.mx\/lasnoticias\/wp-content\/uploads\/2025\/11\/Imagen-de-WhatsApp-2025-11-20-a-las-12.49.54_2dbed4ae.jpg\",\"datePublished\":\"2025-11-20T18:56:31+00:00\",\"dateModified\":\"2025-11-20T18:56:31+00:00\",\"author\":{\"@id\":\"https:\/\/diarioabcdemichoacan.com.mx\/lasnoticias\/#\/schema\/person\/19ae376040f6cbc489682ebdd8524852\"},\"breadcrumb\":{\"@id\":\"https:\/\/diarioabcdemichoacan.com.mx\/lasnoticias\/con-guardian-forestal-han-disminuido-represalias-a-ambientalistas-secma\/#breadcrumb\"},\"inLanguage\":\"es\",\"potentialAction\":[{\"@type\":\"ReadAction\",\"target\":[\"https:\/\/diarioabcdemichoacan.com.mx\/lasnoticias\/con-guardian-forestal-han-disminuido-represalias-a-ambientalistas-secma\/\"]}]},{\"@type\":\"ImageObject\",\"inLanguage\":\"es\",\"@id\":\"https:\/\/diarioabcdemichoacan.com.mx\/lasnoticias\/con-guardian-forestal-han-disminuido-represalias-a-ambientalistas-secma\/#primaryimage\",\"url\":\"https:\/\/diarioabcdemichoacan.com.mx\/lasnoticias\/wp-content\/uploads\/2025\/11\/Imagen-de-WhatsApp-2025-11-20-a-las-12.49.54_2dbed4ae.jpg\",\"contentUrl\":\"https:\/\/diarioabcdemichoacan.com.mx\/lasnoticias\/wp-content\/uploads\/2025\/11\/Imagen-de-WhatsApp-2025-11-20-a-las-12.49.54_2dbed4ae.jpg\",\"width\":1280,\"height\":721},{\"@type\":\"BreadcrumbList\",\"@id\":\"https:\/\/diarioabcdemichoacan.com.mx\/lasnoticias\/con-guardian-forestal-han-disminuido-represalias-a-ambientalistas-secma\/#breadcrumb\",\"itemListElement\":[{\"@type\":\"ListItem\",\"position\":1,\"name\":\"Portada\",\"item\":\"https:\/\/diarioabcdemichoacan.com.mx\/lasnoticias\/\"},{\"@type\":\"ListItem\",\"position\":2,\"name\":\"Con Guardi\u00e1n Forestal, han disminu\u00eddo represalias a ambientalistas: Secma\"}]},{\"@type\":\"WebSite\",\"@id\":\"https:\/\/diarioabcdemichoacan.com.mx\/lasnoticias\/#website\",\"url\":\"https:\/\/diarioabcdemichoacan.com.mx\/lasnoticias\/\",\"name\":\"Diario ABC de Michoac\u00e1n\",\"description\":\"Las noticias al momento\",\"potentialAction\":[{\"@type\":\"SearchAction\",\"target\":{\"@type\":\"EntryPoint\",\"urlTemplate\":\"https:\/\/diarioabcdemichoacan.com.mx\/lasnoticias\/?s={search_term_string}\"},\"query-input\":{\"@type\":\"PropertyValueSpecification\",\"valueRequired\":true,\"valueName\":\"search_term_string\"}}],\"inLanguage\":\"es\"},{\"@type\":\"Person\",\"@id\":\"https:\/\/diarioabcdemichoacan.com.mx\/lasnoticias\/#\/schema\/person\/19ae376040f6cbc489682ebdd8524852\",\"name\":\"AR\",\"image\":{\"@type\":\"ImageObject\",\"inLanguage\":\"es\",\"@id\":\"https:\/\/diarioabcdemichoacan.com.mx\/lasnoticias\/#\/schema\/person\/image\/\",\"url\":\"https:\/\/secure.gravatar.com\/avatar\/44eca2ff970262234e20e1e082872af0?s=96&d=mm&r=g\",\"contentUrl\":\"https:\/\/secure.gravatar.com\/avatar\/44eca2ff970262234e20e1e082872af0?s=96&d=mm&r=g\",\"caption\":\"AR\"},\"url\":\"https:\/\/diarioabcdemichoacan.com.mx\/lasnoticias\/author\/adrian\/\"}]}<\/script>\n<!-- \/ Yoast SEO plugin. -->","yoast_head_json":{"title":"Con Guardi\u00e1n Forestal, han disminu\u00eddo represalias a ambientalistas: Secma - Diario ABC de Michoac\u00e1n","robots":{"index":"index","follow":"follow","max-snippet":"max-snippet:-1","max-image-preview":"max-image-preview:large","max-video-preview":"max-video-preview:-1"},"canonical":"https:\/\/diarioabcdemichoacan.com.mx\/lasnoticias\/con-guardian-forestal-han-disminuido-represalias-a-ambientalistas-secma\/","og_locale":"es_ES","og_type":"article","og_title":"Con Guardi\u00e1n Forestal, han disminu\u00eddo represalias a ambientalistas: Secma - Diario ABC de Michoac\u00e1n","og_description":"Por Mariano Bola\u00f1os Monta\u00f1ez Morelia, Mich.- La Secretar\u00eda de Medio Ambiente de Michoac\u00e1n (SECMA) reconoci\u00f3 la existencia de denuncias por amenazas presentadas por un grupo de ambientalistas del municipio de Madero, registradas en los primeros d\u00edas de noviembre. As\u00ed lo confirm\u00f3 el titular de la dependencia, Alejandro M\u00e9ndez L\u00f3pez. El funcionario explic\u00f3 que, tras conocerse [&hellip;]","og_url":"https:\/\/diarioabcdemichoacan.com.mx\/lasnoticias\/con-guardian-forestal-han-disminuido-represalias-a-ambientalistas-secma\/","og_site_name":"Diario ABC de Michoac\u00e1n","article_published_time":"2025-11-20T18:56:31+00:00","og_image":[{"width":1280,"height":721,"url":"https:\/\/diarioabcdemichoacan.com.mx\/lasnoticias\/wp-content\/uploads\/2025\/11\/Imagen-de-WhatsApp-2025-11-20-a-las-12.49.54_2dbed4ae.jpg","type":"image\/jpeg"}],"author":"AR","twitter_card":"summary_large_image","twitter_misc":{"Escrito por":"AR","Tiempo de lectura":"2 minutos"},"schema":{"@context":"https:\/\/schema.org","@graph":[{"@type":"WebPage","@id":"https:\/\/diarioabcdemichoacan.com.mx\/lasnoticias\/con-guardian-forestal-han-disminuido-represalias-a-ambientalistas-secma\/","url":"https:\/\/diarioabcdemichoacan.com.mx\/lasnoticias\/con-guardian-forestal-han-disminuido-represalias-a-ambientalistas-secma\/","name":"Con Guardi\u00e1n Forestal, han disminu\u00eddo represalias a ambientalistas: Secma - Diario ABC de Michoac\u00e1n","isPartOf":{"@id":"https:\/\/diarioabcdemichoacan.com.mx\/lasnoticias\/#website"},"primaryImageOfPage":{"@id":"https:\/\/diarioabcdemichoacan.com.mx\/lasnoticias\/con-guardian-forestal-han-disminuido-represalias-a-ambientalistas-secma\/#primaryimage"},"image":{"@id":"https:\/\/diarioabcdemichoacan.com.mx\/lasnoticias\/con-guardian-forestal-han-disminuido-represalias-a-ambientalistas-secma\/#primaryimage"},"thumbnailUrl":"https:\/\/diarioabcdemichoacan.com.mx\/lasnoticias\/wp-content\/uploads\/2025\/11\/Imagen-de-WhatsApp-2025-11-20-a-las-12.49.54_2dbed4ae.jpg","datePublished":"2025-11-20T18:56:31+00:00","dateModified":"2025-11-20T18:56:31+00:00","author":{"@id":"https:\/\/diarioabcdemichoacan.com.mx\/lasnoticias\/#\/schema\/person\/19ae376040f6cbc489682ebdd8524852"},"breadcrumb":{"@id":"https:\/\/diarioabcdemichoacan.com.mx\/lasnoticias\/con-guardian-forestal-han-disminuido-represalias-a-ambientalistas-secma\/#breadcrumb"},"inLanguage":"es","potentialAction":[{"@type":"ReadAction","target":["https:\/\/diarioabcdemichoacan.com.mx\/lasnoticias\/con-guardian-forestal-han-disminuido-represalias-a-ambientalistas-secma\/"]}]},{"@type":"ImageObject","inLanguage":"es","@id":"https:\/\/diarioabcdemichoacan.com.mx\/lasnoticias\/con-guardian-forestal-han-disminuido-represalias-a-ambientalistas-secma\/#primaryimage","url":"https:\/\/diarioabcdemichoacan.com.mx\/lasnoticias\/wp-content\/uploads\/2025\/11\/Imagen-de-WhatsApp-2025-11-20-a-las-12.49.54_2dbed4ae.jpg","contentUrl":"https:\/\/diarioabcdemichoacan.com.mx\/lasnoticias\/wp-content\/uploads\/2025\/11\/Imagen-de-WhatsApp-2025-11-20-a-las-12.49.54_2dbed4ae.jpg","width":1280,"height":721},{"@type":"BreadcrumbList","@id":"https:\/\/diarioabcdemichoacan.com.mx\/lasnoticias\/con-guardian-forestal-han-disminuido-represalias-a-ambientalistas-secma\/#breadcrumb","itemListElement":[{"@type":"ListItem","position":1,"name":"Portada","item":"https:\/\/diarioabcdemichoacan.com.mx\/lasnoticias\/"},{"@type":"ListItem","position":2,"name":"Con Guardi\u00e1n Forestal, han disminu\u00eddo represalias a ambientalistas: Secma"}]},{"@type":"WebSite","@id":"https:\/\/diarioabcdemichoacan.com.mx\/lasnoticias\/#website","url":"https:\/\/diarioabcdemichoacan.com.mx\/lasnoticias\/","name":"Diario ABC de Michoac\u00e1n","description":"Las noticias al momento","potentialAction":[{"@type":"SearchAction","target":{"@type":"EntryPoint","urlTemplate":"https:\/\/diarioabcdemichoacan.com.mx\/lasnoticias\/?s={search_term_string}"},"query-input":{"@type":"PropertyValueSpecification","valueRequired":true,"valueName":"search_term_string"}}],"inLanguage":"es"},{"@type":"Person","@id":"https:\/\/diarioabcdemichoacan.com.mx\/lasnoticias\/#\/schema\/person\/19ae376040f6cbc489682ebdd8524852","name":"AR","image":{"@type":"ImageObject","inLanguage":"es","@id":"https:\/\/diarioabcdemichoacan.com.mx\/lasnoticias\/#\/schema\/person\/image\/","url":"https:\/\/secure.gravatar.com\/avatar\/44eca2ff970262234e20e1e082872af0?s=96&d=mm&r=g","contentUrl":"https:\/\/secure.gravatar.com\/avatar\/44eca2ff970262234e20e1e082872af0?s=96&d=mm&r=g","caption":"AR"},"url":"https:\/\/diarioabcdemichoacan.com.mx\/lasnoticias\/author\/adrian\/"}]}},"_links":{"self":[{"href":"https:\/\/diarioabcdemichoacan.com.mx\/lasnoticias\/wp-json\/wp\/v2\/posts\/72286","targetHints":{"allow":["GET"]}}],"collection":[{"href":"https:\/\/diarioabcdemichoacan.com.mx\/lasnoticias\/wp-json\/wp\/v2\/posts"}],"about":[{"href":"https:\/\/diarioabcdemichoacan.com.mx\/lasnoticias\/wp-json\/wp\/v2\/types\/post"}],"author":[{"embeddable":true,"href":"https:\/\/diarioabcdemichoacan.com.mx\/lasnoticias\/wp-json\/wp\/v2\/users\/9"}],"replies":[{"embeddable":true,"href":"https:\/\/diarioabcdemichoacan.com.mx\/lasnoticias\/wp-json\/wp\/v2\/comments?post=72286"}],"version-history":[{"count":1,"href":"https:\/\/diarioabcdemichoacan.com.mx\/lasnoticias\/wp-json\/wp\/v2\/posts\/72286\/revisions"}],"predecessor-version":[{"id":72288,"href":"https:\/\/diarioabcdemichoacan.com.mx\/lasnoticias\/wp-json\/wp\/v2\/posts\/72286\/revisions\/72288"}],"wp:featuredmedia":[{"embeddable":true,"href":"https:\/\/diarioabcdemichoacan.com.mx\/lasnoticias\/wp-json\/wp\/v2\/media\/72287"}],"wp:attachment":[{"href":"https:\/\/diarioabcdemichoacan.com.mx\/lasnoticias\/wp-json\/wp\/v2\/media?parent=72286"}],"wp:term":[{"taxonomy":"category","embeddable":true,"href":"https:\/\/diarioabcdemichoacan.com.mx\/lasnoticias\/wp-json\/wp\/v2\/categories?post=72286"},{"taxonomy":"post_tag","embeddable":true,"href":"https:\/\/diarioabcdemichoacan.com.mx\/lasnoticias\/wp-json\/wp\/v2\/tags?post=72286"}],"curies":[{"name":"wp","href":"https:\/\/api.w.org\/{rel}","templated":true}]}}