{"id":72292,"date":"2025-11-20T13:03:02","date_gmt":"2025-11-20T19:03:02","guid":{"rendered":"https:\/\/diarioabcdemichoacan.com.mx\/lasnoticias\/?p=72292"},"modified":"2025-11-20T13:03:02","modified_gmt":"2025-11-20T19:03:02","slug":"el-iem-impulsa-dialogo-sobre-los-derechos-linguisticos-de-los-pueblos-indigenas","status":"publish","type":"post","link":"https:\/\/diarioabcdemichoacan.com.mx\/lasnoticias\/el-iem-impulsa-dialogo-sobre-los-derechos-linguisticos-de-los-pueblos-indigenas\/","title":{"rendered":"El IEM impulsa di\u00e1logo sobre los derechos ling\u00fc\u00edsticos de los pueblos ind\u00edgenas"},"content":{"rendered":"<hr \/>\n<p>Morelia, Mich.- En el marco de las actividades para el fortalecimiento de la participaci\u00f3n y los derechos de los pueblos y comunidades ind\u00edgenas, se llev\u00f3 a cabo la conferencia \u201cLos derechos ling\u00fc\u00edsticos de los pueblos originarios\u201d, impartida por la Dra. Violeta V\u00e1zquez Rojas Maldonado, Subsecretaria de Ciencia y Humanidades de la Secretar\u00eda de Ciencias, Humanidades, Tecnolog\u00eda e Innovaci\u00f3n de M\u00e9xico.<\/p>\n<p>Durante su intervenci\u00f3n la ponente comparti\u00f3 diversas reflexiones sobre la preservaci\u00f3n de las lenguas originarias y cuestion\u00f3 la narrativa tradicional que se plantea en torno a su conservaci\u00f3n. Se\u00f1al\u00f3 que la pregunta no es <em><i>por qu\u00e9 queremos preservar las lenguas<\/i><\/em>, sino qu\u00e9 condiciones provocan que una lengua deje de hablarse.<\/p>\n<p>Explic\u00f3 que para que una lengua muera primero deben vulnerarse los derechos de quienes la hablan, lo que genera que se deje de transmitirse a las nuevas generaciones.<\/p>\n<p>Destac\u00f3 que el derecho ling\u00fc\u00edstico fundamental es el derecho a transmitir la lengua a las hijas e hijos. En este sentido, realiz\u00f3 una revisi\u00f3n cr\u00edtica de lo que se entiende como derechos ling\u00fc\u00edsticos y record\u00f3 que, en esencia, son derechos humanos, denominados \u201cling\u00fc\u00edsticos\u201d porque reconocen y protegen a las y los hablantes de lenguas minorizadas.<\/p>\n<p>Subray\u00f3 que M\u00e9xico cuenta con una de las legislaciones m\u00e1s avanzadas en la materia: la Ley General de Derechos Ling\u00fc\u00edsticos de los Pueblos Ind\u00edgenas, reconocida internacionalmente por su sofisticaci\u00f3n. Sin embargo, mencion\u00f3 que persiste una omisi\u00f3n importante: la ausencia expl\u00edcita del derecho de transmisi\u00f3n ling\u00fc\u00edstica en la legislaci\u00f3n.<\/p>\n<p>Por su parte, el Dr. Amaruc Lucas Hern\u00e1ndez, historiador e investigador de la UMSNH, qui\u00e9n moder\u00f3 la ponencia explic\u00f3 la diferencia entre lengua y dialecto, al tiempo que, se\u00f1al\u00f3 la necesidad de avanzar en reformas legislativas para que las lenguas originarias sean plenamente reconocidas como idiomas v\u00e1lidos para acceder a estudios de posgrado, como el doctorado, sin que se exija el aprendizaje obligatorio de otras lenguas hegem\u00f3nicas.<\/p>\n<p>La presentaci\u00f3n del evento estuvo a cargo de la Dra. Ver\u00f3nica Mauricio Salazar, Consejera Electoral y Presidenta de la Comisi\u00f3n Electoral para la Atenci\u00f3n de Pueblos y Comunidades Ind\u00edgenas del Instituto Electoral de Michoac\u00e1n (IEM).<\/p>\n<p>El evento cont\u00f3 con la asistencia del Consejero Presidente Ignacio Hurtado G\u00f3mez; las consejeras electorales Claudia Marcela Carre\u00f1o Mendoza, Carol Berenice Arellano Rangel, Marlene Mendoza D\u00edaz de Le\u00f3n y Selene Lizbeth Gonz\u00e1lez Medina; el consejero electoral Juan Adolfo Montiel; el Magistrados del Tribunal Electoral del Estado; Adri\u00e1n Hern\u00e1ndez Pinedo y Eric L\u00f3pez Villase\u00f1or as\u00ed como de la Secretaria Ejecutiva, titulares de direcciones ejecutivas, coordinaciones, personal del IEM y p\u00fablico en general.<\/p>\n<p>Visualiza la conferencia en <a href=\"https:\/\/www.youtube.com\/watch?v=v99VkEgRRBE\"><u>https:\/\/www.youtube.com\/watch?v=v99VkEgRRBE<\/u><\/a>\u00a0y sigue las actividades del Instituto a trav\u00e9s de sus redes sociales oficiales<\/p>\n","protected":false},"excerpt":{"rendered":"<p>Morelia, Mich.- En el marco de las actividades para el fortalecimiento de la participaci\u00f3n y los derechos de los pueblos y comunidades ind\u00edgenas, se llev\u00f3 a cabo la conferencia \u201cLos derechos ling\u00fc\u00edsticos de los pueblos originarios\u201d, impartida por la Dra. Violeta V\u00e1zquez Rojas Maldonado, Subsecretaria de Ciencia y Humanidades de la Secretar\u00eda de Ciencias, Humanidades, [&hellip;]<\/p>\n","protected":false},"author":9,"featured_media":72293,"comment_status":"closed","ping_status":"closed","sticky":false,"template":"","format":"standard","meta":{"footnotes":""},"categories":[10,40,28,27],"tags":[],"class_list":{"0":"post-72292","1":"post","2":"type-post","3":"status-publish","4":"format-standard","5":"has-post-thumbnail","7":"category-estado","8":"category-iem","9":"category-politica","10":"category-slider"},"yoast_head":"<!-- This site is optimized with the Yoast SEO plugin v24.0 - https:\/\/yoast.com\/wordpress\/plugins\/seo\/ -->\n<title>El IEM impulsa di\u00e1logo sobre los derechos ling\u00fc\u00edsticos de los pueblos ind\u00edgenas - Diario ABC de Michoac\u00e1n<\/title>\n<meta name=\"robots\" content=\"index, follow, max-snippet:-1, max-image-preview:large, max-video-preview:-1\" \/>\n<link rel=\"canonical\" href=\"https:\/\/diarioabcdemichoacan.com.mx\/lasnoticias\/el-iem-impulsa-dialogo-sobre-los-derechos-linguisticos-de-los-pueblos-indigenas\/\" \/>\n<meta property=\"og:locale\" content=\"es_ES\" \/>\n<meta property=\"og:type\" content=\"article\" \/>\n<meta property=\"og:title\" content=\"El IEM impulsa di\u00e1logo sobre los derechos ling\u00fc\u00edsticos de los pueblos ind\u00edgenas - Diario ABC de Michoac\u00e1n\" \/>\n<meta property=\"og:description\" content=\"Morelia, Mich.- En el marco de las actividades para el fortalecimiento de la participaci\u00f3n y los derechos de los pueblos y comunidades ind\u00edgenas, se llev\u00f3 a cabo la conferencia \u201cLos derechos ling\u00fc\u00edsticos de los pueblos originarios\u201d, impartida por la Dra. Violeta V\u00e1zquez Rojas Maldonado, Subsecretaria de Ciencia y Humanidades de la Secretar\u00eda de Ciencias, Humanidades, [&hellip;]\" \/>\n<meta property=\"og:url\" content=\"https:\/\/diarioabcdemichoacan.com.mx\/lasnoticias\/el-iem-impulsa-dialogo-sobre-los-derechos-linguisticos-de-los-pueblos-indigenas\/\" \/>\n<meta property=\"og:site_name\" content=\"Diario ABC de Michoac\u00e1n\" \/>\n<meta property=\"article:published_time\" content=\"2025-11-20T19:03:02+00:00\" \/>\n<meta property=\"og:image\" content=\"https:\/\/diarioabcdemichoacan.com.mx\/lasnoticias\/wp-content\/uploads\/2025\/11\/Imagen-de-WhatsApp-2025-11-19-a-las-20.32.12_d1c543cb.jpg\" \/>\n\t<meta property=\"og:image:width\" content=\"1596\" \/>\n\t<meta property=\"og:image:height\" content=\"1600\" \/>\n\t<meta property=\"og:image:type\" content=\"image\/jpeg\" \/>\n<meta name=\"author\" content=\"AR\" \/>\n<meta name=\"twitter:card\" content=\"summary_large_image\" \/>\n<meta name=\"twitter:label1\" content=\"Escrito por\" \/>\n\t<meta name=\"twitter:data1\" content=\"AR\" \/>\n\t<meta name=\"twitter:label2\" content=\"Tiempo de lectura\" \/>\n\t<meta name=\"twitter:data2\" content=\"3 minutos\" \/>\n<script type=\"application\/ld+json\" class=\"yoast-schema-graph\">{\"@context\":\"https:\/\/schema.org\",\"@graph\":[{\"@type\":\"WebPage\",\"@id\":\"https:\/\/diarioabcdemichoacan.com.mx\/lasnoticias\/el-iem-impulsa-dialogo-sobre-los-derechos-linguisticos-de-los-pueblos-indigenas\/\",\"url\":\"https:\/\/diarioabcdemichoacan.com.mx\/lasnoticias\/el-iem-impulsa-dialogo-sobre-los-derechos-linguisticos-de-los-pueblos-indigenas\/\",\"name\":\"El IEM impulsa di\u00e1logo sobre los derechos ling\u00fc\u00edsticos de los pueblos ind\u00edgenas - Diario ABC de Michoac\u00e1n\",\"isPartOf\":{\"@id\":\"https:\/\/diarioabcdemichoacan.com.mx\/lasnoticias\/#website\"},\"primaryImageOfPage\":{\"@id\":\"https:\/\/diarioabcdemichoacan.com.mx\/lasnoticias\/el-iem-impulsa-dialogo-sobre-los-derechos-linguisticos-de-los-pueblos-indigenas\/#primaryimage\"},\"image\":{\"@id\":\"https:\/\/diarioabcdemichoacan.com.mx\/lasnoticias\/el-iem-impulsa-dialogo-sobre-los-derechos-linguisticos-de-los-pueblos-indigenas\/#primaryimage\"},\"thumbnailUrl\":\"https:\/\/diarioabcdemichoacan.com.mx\/lasnoticias\/wp-content\/uploads\/2025\/11\/Imagen-de-WhatsApp-2025-11-19-a-las-20.32.12_d1c543cb.jpg\",\"datePublished\":\"2025-11-20T19:03:02+00:00\",\"dateModified\":\"2025-11-20T19:03:02+00:00\",\"author\":{\"@id\":\"https:\/\/diarioabcdemichoacan.com.mx\/lasnoticias\/#\/schema\/person\/19ae376040f6cbc489682ebdd8524852\"},\"breadcrumb\":{\"@id\":\"https:\/\/diarioabcdemichoacan.com.mx\/lasnoticias\/el-iem-impulsa-dialogo-sobre-los-derechos-linguisticos-de-los-pueblos-indigenas\/#breadcrumb\"},\"inLanguage\":\"es\",\"potentialAction\":[{\"@type\":\"ReadAction\",\"target\":[\"https:\/\/diarioabcdemichoacan.com.mx\/lasnoticias\/el-iem-impulsa-dialogo-sobre-los-derechos-linguisticos-de-los-pueblos-indigenas\/\"]}]},{\"@type\":\"ImageObject\",\"inLanguage\":\"es\",\"@id\":\"https:\/\/diarioabcdemichoacan.com.mx\/lasnoticias\/el-iem-impulsa-dialogo-sobre-los-derechos-linguisticos-de-los-pueblos-indigenas\/#primaryimage\",\"url\":\"https:\/\/diarioabcdemichoacan.com.mx\/lasnoticias\/wp-content\/uploads\/2025\/11\/Imagen-de-WhatsApp-2025-11-19-a-las-20.32.12_d1c543cb.jpg\",\"contentUrl\":\"https:\/\/diarioabcdemichoacan.com.mx\/lasnoticias\/wp-content\/uploads\/2025\/11\/Imagen-de-WhatsApp-2025-11-19-a-las-20.32.12_d1c543cb.jpg\",\"width\":1596,\"height\":1600},{\"@type\":\"BreadcrumbList\",\"@id\":\"https:\/\/diarioabcdemichoacan.com.mx\/lasnoticias\/el-iem-impulsa-dialogo-sobre-los-derechos-linguisticos-de-los-pueblos-indigenas\/#breadcrumb\",\"itemListElement\":[{\"@type\":\"ListItem\",\"position\":1,\"name\":\"Portada\",\"item\":\"https:\/\/diarioabcdemichoacan.com.mx\/lasnoticias\/\"},{\"@type\":\"ListItem\",\"position\":2,\"name\":\"El IEM impulsa di\u00e1logo sobre los derechos ling\u00fc\u00edsticos de los pueblos ind\u00edgenas\"}]},{\"@type\":\"WebSite\",\"@id\":\"https:\/\/diarioabcdemichoacan.com.mx\/lasnoticias\/#website\",\"url\":\"https:\/\/diarioabcdemichoacan.com.mx\/lasnoticias\/\",\"name\":\"Diario ABC de Michoac\u00e1n\",\"description\":\"Las noticias al momento\",\"potentialAction\":[{\"@type\":\"SearchAction\",\"target\":{\"@type\":\"EntryPoint\",\"urlTemplate\":\"https:\/\/diarioabcdemichoacan.com.mx\/lasnoticias\/?s={search_term_string}\"},\"query-input\":{\"@type\":\"PropertyValueSpecification\",\"valueRequired\":true,\"valueName\":\"search_term_string\"}}],\"inLanguage\":\"es\"},{\"@type\":\"Person\",\"@id\":\"https:\/\/diarioabcdemichoacan.com.mx\/lasnoticias\/#\/schema\/person\/19ae376040f6cbc489682ebdd8524852\",\"name\":\"AR\",\"image\":{\"@type\":\"ImageObject\",\"inLanguage\":\"es\",\"@id\":\"https:\/\/diarioabcdemichoacan.com.mx\/lasnoticias\/#\/schema\/person\/image\/\",\"url\":\"https:\/\/secure.gravatar.com\/avatar\/44eca2ff970262234e20e1e082872af0?s=96&d=mm&r=g\",\"contentUrl\":\"https:\/\/secure.gravatar.com\/avatar\/44eca2ff970262234e20e1e082872af0?s=96&d=mm&r=g\",\"caption\":\"AR\"},\"url\":\"https:\/\/diarioabcdemichoacan.com.mx\/lasnoticias\/author\/adrian\/\"}]}<\/script>\n<!-- \/ Yoast SEO plugin. -->","yoast_head_json":{"title":"El IEM impulsa di\u00e1logo sobre los derechos ling\u00fc\u00edsticos de los pueblos ind\u00edgenas - Diario ABC de Michoac\u00e1n","robots":{"index":"index","follow":"follow","max-snippet":"max-snippet:-1","max-image-preview":"max-image-preview:large","max-video-preview":"max-video-preview:-1"},"canonical":"https:\/\/diarioabcdemichoacan.com.mx\/lasnoticias\/el-iem-impulsa-dialogo-sobre-los-derechos-linguisticos-de-los-pueblos-indigenas\/","og_locale":"es_ES","og_type":"article","og_title":"El IEM impulsa di\u00e1logo sobre los derechos ling\u00fc\u00edsticos de los pueblos ind\u00edgenas - Diario ABC de Michoac\u00e1n","og_description":"Morelia, Mich.- En el marco de las actividades para el fortalecimiento de la participaci\u00f3n y los derechos de los pueblos y comunidades ind\u00edgenas, se llev\u00f3 a cabo la conferencia \u201cLos derechos ling\u00fc\u00edsticos de los pueblos originarios\u201d, impartida por la Dra. Violeta V\u00e1zquez Rojas Maldonado, Subsecretaria de Ciencia y Humanidades de la Secretar\u00eda de Ciencias, Humanidades, [&hellip;]","og_url":"https:\/\/diarioabcdemichoacan.com.mx\/lasnoticias\/el-iem-impulsa-dialogo-sobre-los-derechos-linguisticos-de-los-pueblos-indigenas\/","og_site_name":"Diario ABC de Michoac\u00e1n","article_published_time":"2025-11-20T19:03:02+00:00","og_image":[{"width":1596,"height":1600,"url":"https:\/\/diarioabcdemichoacan.com.mx\/lasnoticias\/wp-content\/uploads\/2025\/11\/Imagen-de-WhatsApp-2025-11-19-a-las-20.32.12_d1c543cb.jpg","type":"image\/jpeg"}],"author":"AR","twitter_card":"summary_large_image","twitter_misc":{"Escrito por":"AR","Tiempo de lectura":"3 minutos"},"schema":{"@context":"https:\/\/schema.org","@graph":[{"@type":"WebPage","@id":"https:\/\/diarioabcdemichoacan.com.mx\/lasnoticias\/el-iem-impulsa-dialogo-sobre-los-derechos-linguisticos-de-los-pueblos-indigenas\/","url":"https:\/\/diarioabcdemichoacan.com.mx\/lasnoticias\/el-iem-impulsa-dialogo-sobre-los-derechos-linguisticos-de-los-pueblos-indigenas\/","name":"El IEM impulsa di\u00e1logo sobre los derechos ling\u00fc\u00edsticos de los pueblos ind\u00edgenas - Diario ABC de Michoac\u00e1n","isPartOf":{"@id":"https:\/\/diarioabcdemichoacan.com.mx\/lasnoticias\/#website"},"primaryImageOfPage":{"@id":"https:\/\/diarioabcdemichoacan.com.mx\/lasnoticias\/el-iem-impulsa-dialogo-sobre-los-derechos-linguisticos-de-los-pueblos-indigenas\/#primaryimage"},"image":{"@id":"https:\/\/diarioabcdemichoacan.com.mx\/lasnoticias\/el-iem-impulsa-dialogo-sobre-los-derechos-linguisticos-de-los-pueblos-indigenas\/#primaryimage"},"thumbnailUrl":"https:\/\/diarioabcdemichoacan.com.mx\/lasnoticias\/wp-content\/uploads\/2025\/11\/Imagen-de-WhatsApp-2025-11-19-a-las-20.32.12_d1c543cb.jpg","datePublished":"2025-11-20T19:03:02+00:00","dateModified":"2025-11-20T19:03:02+00:00","author":{"@id":"https:\/\/diarioabcdemichoacan.com.mx\/lasnoticias\/#\/schema\/person\/19ae376040f6cbc489682ebdd8524852"},"breadcrumb":{"@id":"https:\/\/diarioabcdemichoacan.com.mx\/lasnoticias\/el-iem-impulsa-dialogo-sobre-los-derechos-linguisticos-de-los-pueblos-indigenas\/#breadcrumb"},"inLanguage":"es","potentialAction":[{"@type":"ReadAction","target":["https:\/\/diarioabcdemichoacan.com.mx\/lasnoticias\/el-iem-impulsa-dialogo-sobre-los-derechos-linguisticos-de-los-pueblos-indigenas\/"]}]},{"@type":"ImageObject","inLanguage":"es","@id":"https:\/\/diarioabcdemichoacan.com.mx\/lasnoticias\/el-iem-impulsa-dialogo-sobre-los-derechos-linguisticos-de-los-pueblos-indigenas\/#primaryimage","url":"https:\/\/diarioabcdemichoacan.com.mx\/lasnoticias\/wp-content\/uploads\/2025\/11\/Imagen-de-WhatsApp-2025-11-19-a-las-20.32.12_d1c543cb.jpg","contentUrl":"https:\/\/diarioabcdemichoacan.com.mx\/lasnoticias\/wp-content\/uploads\/2025\/11\/Imagen-de-WhatsApp-2025-11-19-a-las-20.32.12_d1c543cb.jpg","width":1596,"height":1600},{"@type":"BreadcrumbList","@id":"https:\/\/diarioabcdemichoacan.com.mx\/lasnoticias\/el-iem-impulsa-dialogo-sobre-los-derechos-linguisticos-de-los-pueblos-indigenas\/#breadcrumb","itemListElement":[{"@type":"ListItem","position":1,"name":"Portada","item":"https:\/\/diarioabcdemichoacan.com.mx\/lasnoticias\/"},{"@type":"ListItem","position":2,"name":"El IEM impulsa di\u00e1logo sobre los derechos ling\u00fc\u00edsticos de los pueblos ind\u00edgenas"}]},{"@type":"WebSite","@id":"https:\/\/diarioabcdemichoacan.com.mx\/lasnoticias\/#website","url":"https:\/\/diarioabcdemichoacan.com.mx\/lasnoticias\/","name":"Diario ABC de Michoac\u00e1n","description":"Las noticias al momento","potentialAction":[{"@type":"SearchAction","target":{"@type":"EntryPoint","urlTemplate":"https:\/\/diarioabcdemichoacan.com.mx\/lasnoticias\/?s={search_term_string}"},"query-input":{"@type":"PropertyValueSpecification","valueRequired":true,"valueName":"search_term_string"}}],"inLanguage":"es"},{"@type":"Person","@id":"https:\/\/diarioabcdemichoacan.com.mx\/lasnoticias\/#\/schema\/person\/19ae376040f6cbc489682ebdd8524852","name":"AR","image":{"@type":"ImageObject","inLanguage":"es","@id":"https:\/\/diarioabcdemichoacan.com.mx\/lasnoticias\/#\/schema\/person\/image\/","url":"https:\/\/secure.gravatar.com\/avatar\/44eca2ff970262234e20e1e082872af0?s=96&d=mm&r=g","contentUrl":"https:\/\/secure.gravatar.com\/avatar\/44eca2ff970262234e20e1e082872af0?s=96&d=mm&r=g","caption":"AR"},"url":"https:\/\/diarioabcdemichoacan.com.mx\/lasnoticias\/author\/adrian\/"}]}},"_links":{"self":[{"href":"https:\/\/diarioabcdemichoacan.com.mx\/lasnoticias\/wp-json\/wp\/v2\/posts\/72292","targetHints":{"allow":["GET"]}}],"collection":[{"href":"https:\/\/diarioabcdemichoacan.com.mx\/lasnoticias\/wp-json\/wp\/v2\/posts"}],"about":[{"href":"https:\/\/diarioabcdemichoacan.com.mx\/lasnoticias\/wp-json\/wp\/v2\/types\/post"}],"author":[{"embeddable":true,"href":"https:\/\/diarioabcdemichoacan.com.mx\/lasnoticias\/wp-json\/wp\/v2\/users\/9"}],"replies":[{"embeddable":true,"href":"https:\/\/diarioabcdemichoacan.com.mx\/lasnoticias\/wp-json\/wp\/v2\/comments?post=72292"}],"version-history":[{"count":1,"href":"https:\/\/diarioabcdemichoacan.com.mx\/lasnoticias\/wp-json\/wp\/v2\/posts\/72292\/revisions"}],"predecessor-version":[{"id":72294,"href":"https:\/\/diarioabcdemichoacan.com.mx\/lasnoticias\/wp-json\/wp\/v2\/posts\/72292\/revisions\/72294"}],"wp:featuredmedia":[{"embeddable":true,"href":"https:\/\/diarioabcdemichoacan.com.mx\/lasnoticias\/wp-json\/wp\/v2\/media\/72293"}],"wp:attachment":[{"href":"https:\/\/diarioabcdemichoacan.com.mx\/lasnoticias\/wp-json\/wp\/v2\/media?parent=72292"}],"wp:term":[{"taxonomy":"category","embeddable":true,"href":"https:\/\/diarioabcdemichoacan.com.mx\/lasnoticias\/wp-json\/wp\/v2\/categories?post=72292"},{"taxonomy":"post_tag","embeddable":true,"href":"https:\/\/diarioabcdemichoacan.com.mx\/lasnoticias\/wp-json\/wp\/v2\/tags?post=72292"}],"curies":[{"name":"wp","href":"https:\/\/api.w.org\/{rel}","templated":true}]}}