{"id":72310,"date":"2025-11-20T13:58:33","date_gmt":"2025-11-20T19:58:33","guid":{"rendered":"https:\/\/diarioabcdemichoacan.com.mx\/lasnoticias\/?p=72310"},"modified":"2025-11-20T13:58:33","modified_gmt":"2025-11-20T19:58:33","slug":"con-fortaleza-y-unidad-umsnh-conmemora-el-115-aniversario-del-inicio-de-la-revolucion-mexicana","status":"publish","type":"post","link":"https:\/\/diarioabcdemichoacan.com.mx\/lasnoticias\/con-fortaleza-y-unidad-umsnh-conmemora-el-115-aniversario-del-inicio-de-la-revolucion-mexicana\/","title":{"rendered":"Con fortaleza y unidad, UMSNH conmemora el 115 aniversario del inicio de la Revoluci\u00f3n Mexicana"},"content":{"rendered":"<h2>La rectora Yarab\u00ed \u00c1vila iz\u00f3 la Bandera Nacional y encabez\u00f3 el acto que se realiz\u00f3 en el marco de esta significativa fecha para las y los mexicanos.<\/h2>\n<p>&nbsp;<\/p>\n<hr \/>\n<p>Morelia, Mich.- Con la fortaleza que distingue a la Universidad Michoacana de San Nicol\u00e1s de Hidalgo (UMSNH) se conmemor\u00f3 el acto con motivo del 115 aniversario del inicio de la Revoluci\u00f3n Mexicana que estuvo presidido por la rectora Yarab\u00ed \u00c1vila Gonz\u00e1lez.<\/p>\n<p>Flanqueada por integrantes del Gabinete Legal y Ampliado, la rectora iz\u00f3 el L\u00e1baro Patrio, y con orgullo y respeto las y los nicolaitas entonaron el Himno Nacional para que posteriormente la multigalardonada Banda de Guerra de la instituci\u00f3n diera paso a la marcha \u201cCrisol de Pensadoras y Pensadores\u201d.<\/p>\n<p>La Universidad Michoacana refrenda su compromiso con la sociedad y con la formaci\u00f3n de profesionistas con vocaci\u00f3n humanista y altamente calificados, as\u00ed como con el pleno respecto a los Derechos Humanos, a la diversidad y a la libertad de expresi\u00f3n.<\/p>\n<p>Con la fuerza y el bagaje hist\u00f3rico que caracteriza a la M\u00e1xima Casa de Estudios, la instituci\u00f3n reitera que seguir\u00e1 impulsando de manera firme y decidida la ciencia, la investigaci\u00f3n y el progreso en Michoac\u00e1n.<\/p>\n","protected":false},"excerpt":{"rendered":"<p>La rectora Yarab\u00ed \u00c1vila iz\u00f3 la Bandera Nacional y encabez\u00f3 el acto que se realiz\u00f3 en el marco de esta significativa fecha para las y los mexicanos. &nbsp; Morelia, Mich.- Con la fortaleza que distingue a la Universidad Michoacana de San Nicol\u00e1s de Hidalgo (UMSNH) se conmemor\u00f3 el acto con motivo del 115 aniversario del [&hellip;]<\/p>\n","protected":false},"author":9,"featured_media":72311,"comment_status":"closed","ping_status":"closed","sticky":false,"template":"","format":"standard","meta":{"footnotes":""},"categories":[15,27,23],"tags":[],"class_list":{"0":"post-72310","1":"post","2":"type-post","3":"status-publish","4":"format-standard","5":"has-post-thumbnail","7":"category-educacion","8":"category-slider","9":"category-universidad-michoacana"},"yoast_head":"<!-- This site is optimized with the Yoast SEO plugin v24.0 - https:\/\/yoast.com\/wordpress\/plugins\/seo\/ -->\n<title>Con fortaleza y unidad, UMSNH conmemora el 115 aniversario del inicio de la Revoluci\u00f3n Mexicana - Diario ABC de Michoac\u00e1n<\/title>\n<meta name=\"robots\" content=\"index, follow, max-snippet:-1, max-image-preview:large, max-video-preview:-1\" \/>\n<link rel=\"canonical\" href=\"https:\/\/diarioabcdemichoacan.com.mx\/lasnoticias\/con-fortaleza-y-unidad-umsnh-conmemora-el-115-aniversario-del-inicio-de-la-revolucion-mexicana\/\" \/>\n<meta property=\"og:locale\" content=\"es_ES\" \/>\n<meta property=\"og:type\" content=\"article\" \/>\n<meta property=\"og:title\" content=\"Con fortaleza y unidad, UMSNH conmemora el 115 aniversario del inicio de la Revoluci\u00f3n Mexicana - Diario ABC de Michoac\u00e1n\" \/>\n<meta property=\"og:description\" content=\"La rectora Yarab\u00ed \u00c1vila iz\u00f3 la Bandera Nacional y encabez\u00f3 el acto que se realiz\u00f3 en el marco de esta significativa fecha para las y los mexicanos. &nbsp; Morelia, Mich.- Con la fortaleza que distingue a la Universidad Michoacana de San Nicol\u00e1s de Hidalgo (UMSNH) se conmemor\u00f3 el acto con motivo del 115 aniversario del [&hellip;]\" \/>\n<meta property=\"og:url\" content=\"https:\/\/diarioabcdemichoacan.com.mx\/lasnoticias\/con-fortaleza-y-unidad-umsnh-conmemora-el-115-aniversario-del-inicio-de-la-revolucion-mexicana\/\" \/>\n<meta property=\"og:site_name\" content=\"Diario ABC de Michoac\u00e1n\" \/>\n<meta property=\"article:published_time\" content=\"2025-11-20T19:58:33+00:00\" \/>\n<meta property=\"og:image\" content=\"https:\/\/diarioabcdemichoacan.com.mx\/lasnoticias\/wp-content\/uploads\/2025\/11\/Imagen-de-WhatsApp-2025-11-20-a-las-13.28.56_f71e2e14.jpg\" \/>\n\t<meta property=\"og:image:width\" content=\"1280\" \/>\n\t<meta property=\"og:image:height\" content=\"778\" \/>\n\t<meta property=\"og:image:type\" content=\"image\/jpeg\" \/>\n<meta name=\"author\" content=\"AR\" \/>\n<meta name=\"twitter:card\" content=\"summary_large_image\" \/>\n<meta name=\"twitter:label1\" content=\"Escrito por\" \/>\n\t<meta name=\"twitter:data1\" content=\"AR\" \/>\n\t<meta name=\"twitter:label2\" content=\"Tiempo de lectura\" \/>\n\t<meta name=\"twitter:data2\" content=\"2 minutos\" \/>\n<script type=\"application\/ld+json\" class=\"yoast-schema-graph\">{\"@context\":\"https:\/\/schema.org\",\"@graph\":[{\"@type\":\"WebPage\",\"@id\":\"https:\/\/diarioabcdemichoacan.com.mx\/lasnoticias\/con-fortaleza-y-unidad-umsnh-conmemora-el-115-aniversario-del-inicio-de-la-revolucion-mexicana\/\",\"url\":\"https:\/\/diarioabcdemichoacan.com.mx\/lasnoticias\/con-fortaleza-y-unidad-umsnh-conmemora-el-115-aniversario-del-inicio-de-la-revolucion-mexicana\/\",\"name\":\"Con fortaleza y unidad, UMSNH conmemora el 115 aniversario del inicio de la Revoluci\u00f3n Mexicana - Diario ABC de Michoac\u00e1n\",\"isPartOf\":{\"@id\":\"https:\/\/diarioabcdemichoacan.com.mx\/lasnoticias\/#website\"},\"primaryImageOfPage\":{\"@id\":\"https:\/\/diarioabcdemichoacan.com.mx\/lasnoticias\/con-fortaleza-y-unidad-umsnh-conmemora-el-115-aniversario-del-inicio-de-la-revolucion-mexicana\/#primaryimage\"},\"image\":{\"@id\":\"https:\/\/diarioabcdemichoacan.com.mx\/lasnoticias\/con-fortaleza-y-unidad-umsnh-conmemora-el-115-aniversario-del-inicio-de-la-revolucion-mexicana\/#primaryimage\"},\"thumbnailUrl\":\"https:\/\/diarioabcdemichoacan.com.mx\/lasnoticias\/wp-content\/uploads\/2025\/11\/Imagen-de-WhatsApp-2025-11-20-a-las-13.28.56_f71e2e14.jpg\",\"datePublished\":\"2025-11-20T19:58:33+00:00\",\"dateModified\":\"2025-11-20T19:58:33+00:00\",\"author\":{\"@id\":\"https:\/\/diarioabcdemichoacan.com.mx\/lasnoticias\/#\/schema\/person\/19ae376040f6cbc489682ebdd8524852\"},\"breadcrumb\":{\"@id\":\"https:\/\/diarioabcdemichoacan.com.mx\/lasnoticias\/con-fortaleza-y-unidad-umsnh-conmemora-el-115-aniversario-del-inicio-de-la-revolucion-mexicana\/#breadcrumb\"},\"inLanguage\":\"es\",\"potentialAction\":[{\"@type\":\"ReadAction\",\"target\":[\"https:\/\/diarioabcdemichoacan.com.mx\/lasnoticias\/con-fortaleza-y-unidad-umsnh-conmemora-el-115-aniversario-del-inicio-de-la-revolucion-mexicana\/\"]}]},{\"@type\":\"ImageObject\",\"inLanguage\":\"es\",\"@id\":\"https:\/\/diarioabcdemichoacan.com.mx\/lasnoticias\/con-fortaleza-y-unidad-umsnh-conmemora-el-115-aniversario-del-inicio-de-la-revolucion-mexicana\/#primaryimage\",\"url\":\"https:\/\/diarioabcdemichoacan.com.mx\/lasnoticias\/wp-content\/uploads\/2025\/11\/Imagen-de-WhatsApp-2025-11-20-a-las-13.28.56_f71e2e14.jpg\",\"contentUrl\":\"https:\/\/diarioabcdemichoacan.com.mx\/lasnoticias\/wp-content\/uploads\/2025\/11\/Imagen-de-WhatsApp-2025-11-20-a-las-13.28.56_f71e2e14.jpg\",\"width\":1280,\"height\":778},{\"@type\":\"BreadcrumbList\",\"@id\":\"https:\/\/diarioabcdemichoacan.com.mx\/lasnoticias\/con-fortaleza-y-unidad-umsnh-conmemora-el-115-aniversario-del-inicio-de-la-revolucion-mexicana\/#breadcrumb\",\"itemListElement\":[{\"@type\":\"ListItem\",\"position\":1,\"name\":\"Portada\",\"item\":\"https:\/\/diarioabcdemichoacan.com.mx\/lasnoticias\/\"},{\"@type\":\"ListItem\",\"position\":2,\"name\":\"Con fortaleza y unidad, UMSNH conmemora el 115 aniversario del inicio de la Revoluci\u00f3n Mexicana\"}]},{\"@type\":\"WebSite\",\"@id\":\"https:\/\/diarioabcdemichoacan.com.mx\/lasnoticias\/#website\",\"url\":\"https:\/\/diarioabcdemichoacan.com.mx\/lasnoticias\/\",\"name\":\"Diario ABC de Michoac\u00e1n\",\"description\":\"Las noticias al momento\",\"potentialAction\":[{\"@type\":\"SearchAction\",\"target\":{\"@type\":\"EntryPoint\",\"urlTemplate\":\"https:\/\/diarioabcdemichoacan.com.mx\/lasnoticias\/?s={search_term_string}\"},\"query-input\":{\"@type\":\"PropertyValueSpecification\",\"valueRequired\":true,\"valueName\":\"search_term_string\"}}],\"inLanguage\":\"es\"},{\"@type\":\"Person\",\"@id\":\"https:\/\/diarioabcdemichoacan.com.mx\/lasnoticias\/#\/schema\/person\/19ae376040f6cbc489682ebdd8524852\",\"name\":\"AR\",\"image\":{\"@type\":\"ImageObject\",\"inLanguage\":\"es\",\"@id\":\"https:\/\/diarioabcdemichoacan.com.mx\/lasnoticias\/#\/schema\/person\/image\/\",\"url\":\"https:\/\/secure.gravatar.com\/avatar\/44eca2ff970262234e20e1e082872af0?s=96&d=mm&r=g\",\"contentUrl\":\"https:\/\/secure.gravatar.com\/avatar\/44eca2ff970262234e20e1e082872af0?s=96&d=mm&r=g\",\"caption\":\"AR\"},\"url\":\"https:\/\/diarioabcdemichoacan.com.mx\/lasnoticias\/author\/adrian\/\"}]}<\/script>\n<!-- \/ Yoast SEO plugin. -->","yoast_head_json":{"title":"Con fortaleza y unidad, UMSNH conmemora el 115 aniversario del inicio de la Revoluci\u00f3n Mexicana - Diario ABC de Michoac\u00e1n","robots":{"index":"index","follow":"follow","max-snippet":"max-snippet:-1","max-image-preview":"max-image-preview:large","max-video-preview":"max-video-preview:-1"},"canonical":"https:\/\/diarioabcdemichoacan.com.mx\/lasnoticias\/con-fortaleza-y-unidad-umsnh-conmemora-el-115-aniversario-del-inicio-de-la-revolucion-mexicana\/","og_locale":"es_ES","og_type":"article","og_title":"Con fortaleza y unidad, UMSNH conmemora el 115 aniversario del inicio de la Revoluci\u00f3n Mexicana - Diario ABC de Michoac\u00e1n","og_description":"La rectora Yarab\u00ed \u00c1vila iz\u00f3 la Bandera Nacional y encabez\u00f3 el acto que se realiz\u00f3 en el marco de esta significativa fecha para las y los mexicanos. &nbsp; Morelia, Mich.- Con la fortaleza que distingue a la Universidad Michoacana de San Nicol\u00e1s de Hidalgo (UMSNH) se conmemor\u00f3 el acto con motivo del 115 aniversario del [&hellip;]","og_url":"https:\/\/diarioabcdemichoacan.com.mx\/lasnoticias\/con-fortaleza-y-unidad-umsnh-conmemora-el-115-aniversario-del-inicio-de-la-revolucion-mexicana\/","og_site_name":"Diario ABC de Michoac\u00e1n","article_published_time":"2025-11-20T19:58:33+00:00","og_image":[{"width":1280,"height":778,"url":"https:\/\/diarioabcdemichoacan.com.mx\/lasnoticias\/wp-content\/uploads\/2025\/11\/Imagen-de-WhatsApp-2025-11-20-a-las-13.28.56_f71e2e14.jpg","type":"image\/jpeg"}],"author":"AR","twitter_card":"summary_large_image","twitter_misc":{"Escrito por":"AR","Tiempo de lectura":"2 minutos"},"schema":{"@context":"https:\/\/schema.org","@graph":[{"@type":"WebPage","@id":"https:\/\/diarioabcdemichoacan.com.mx\/lasnoticias\/con-fortaleza-y-unidad-umsnh-conmemora-el-115-aniversario-del-inicio-de-la-revolucion-mexicana\/","url":"https:\/\/diarioabcdemichoacan.com.mx\/lasnoticias\/con-fortaleza-y-unidad-umsnh-conmemora-el-115-aniversario-del-inicio-de-la-revolucion-mexicana\/","name":"Con fortaleza y unidad, UMSNH conmemora el 115 aniversario del inicio de la Revoluci\u00f3n Mexicana - Diario ABC de Michoac\u00e1n","isPartOf":{"@id":"https:\/\/diarioabcdemichoacan.com.mx\/lasnoticias\/#website"},"primaryImageOfPage":{"@id":"https:\/\/diarioabcdemichoacan.com.mx\/lasnoticias\/con-fortaleza-y-unidad-umsnh-conmemora-el-115-aniversario-del-inicio-de-la-revolucion-mexicana\/#primaryimage"},"image":{"@id":"https:\/\/diarioabcdemichoacan.com.mx\/lasnoticias\/con-fortaleza-y-unidad-umsnh-conmemora-el-115-aniversario-del-inicio-de-la-revolucion-mexicana\/#primaryimage"},"thumbnailUrl":"https:\/\/diarioabcdemichoacan.com.mx\/lasnoticias\/wp-content\/uploads\/2025\/11\/Imagen-de-WhatsApp-2025-11-20-a-las-13.28.56_f71e2e14.jpg","datePublished":"2025-11-20T19:58:33+00:00","dateModified":"2025-11-20T19:58:33+00:00","author":{"@id":"https:\/\/diarioabcdemichoacan.com.mx\/lasnoticias\/#\/schema\/person\/19ae376040f6cbc489682ebdd8524852"},"breadcrumb":{"@id":"https:\/\/diarioabcdemichoacan.com.mx\/lasnoticias\/con-fortaleza-y-unidad-umsnh-conmemora-el-115-aniversario-del-inicio-de-la-revolucion-mexicana\/#breadcrumb"},"inLanguage":"es","potentialAction":[{"@type":"ReadAction","target":["https:\/\/diarioabcdemichoacan.com.mx\/lasnoticias\/con-fortaleza-y-unidad-umsnh-conmemora-el-115-aniversario-del-inicio-de-la-revolucion-mexicana\/"]}]},{"@type":"ImageObject","inLanguage":"es","@id":"https:\/\/diarioabcdemichoacan.com.mx\/lasnoticias\/con-fortaleza-y-unidad-umsnh-conmemora-el-115-aniversario-del-inicio-de-la-revolucion-mexicana\/#primaryimage","url":"https:\/\/diarioabcdemichoacan.com.mx\/lasnoticias\/wp-content\/uploads\/2025\/11\/Imagen-de-WhatsApp-2025-11-20-a-las-13.28.56_f71e2e14.jpg","contentUrl":"https:\/\/diarioabcdemichoacan.com.mx\/lasnoticias\/wp-content\/uploads\/2025\/11\/Imagen-de-WhatsApp-2025-11-20-a-las-13.28.56_f71e2e14.jpg","width":1280,"height":778},{"@type":"BreadcrumbList","@id":"https:\/\/diarioabcdemichoacan.com.mx\/lasnoticias\/con-fortaleza-y-unidad-umsnh-conmemora-el-115-aniversario-del-inicio-de-la-revolucion-mexicana\/#breadcrumb","itemListElement":[{"@type":"ListItem","position":1,"name":"Portada","item":"https:\/\/diarioabcdemichoacan.com.mx\/lasnoticias\/"},{"@type":"ListItem","position":2,"name":"Con fortaleza y unidad, UMSNH conmemora el 115 aniversario del inicio de la Revoluci\u00f3n Mexicana"}]},{"@type":"WebSite","@id":"https:\/\/diarioabcdemichoacan.com.mx\/lasnoticias\/#website","url":"https:\/\/diarioabcdemichoacan.com.mx\/lasnoticias\/","name":"Diario ABC de Michoac\u00e1n","description":"Las noticias al momento","potentialAction":[{"@type":"SearchAction","target":{"@type":"EntryPoint","urlTemplate":"https:\/\/diarioabcdemichoacan.com.mx\/lasnoticias\/?s={search_term_string}"},"query-input":{"@type":"PropertyValueSpecification","valueRequired":true,"valueName":"search_term_string"}}],"inLanguage":"es"},{"@type":"Person","@id":"https:\/\/diarioabcdemichoacan.com.mx\/lasnoticias\/#\/schema\/person\/19ae376040f6cbc489682ebdd8524852","name":"AR","image":{"@type":"ImageObject","inLanguage":"es","@id":"https:\/\/diarioabcdemichoacan.com.mx\/lasnoticias\/#\/schema\/person\/image\/","url":"https:\/\/secure.gravatar.com\/avatar\/44eca2ff970262234e20e1e082872af0?s=96&d=mm&r=g","contentUrl":"https:\/\/secure.gravatar.com\/avatar\/44eca2ff970262234e20e1e082872af0?s=96&d=mm&r=g","caption":"AR"},"url":"https:\/\/diarioabcdemichoacan.com.mx\/lasnoticias\/author\/adrian\/"}]}},"_links":{"self":[{"href":"https:\/\/diarioabcdemichoacan.com.mx\/lasnoticias\/wp-json\/wp\/v2\/posts\/72310","targetHints":{"allow":["GET"]}}],"collection":[{"href":"https:\/\/diarioabcdemichoacan.com.mx\/lasnoticias\/wp-json\/wp\/v2\/posts"}],"about":[{"href":"https:\/\/diarioabcdemichoacan.com.mx\/lasnoticias\/wp-json\/wp\/v2\/types\/post"}],"author":[{"embeddable":true,"href":"https:\/\/diarioabcdemichoacan.com.mx\/lasnoticias\/wp-json\/wp\/v2\/users\/9"}],"replies":[{"embeddable":true,"href":"https:\/\/diarioabcdemichoacan.com.mx\/lasnoticias\/wp-json\/wp\/v2\/comments?post=72310"}],"version-history":[{"count":1,"href":"https:\/\/diarioabcdemichoacan.com.mx\/lasnoticias\/wp-json\/wp\/v2\/posts\/72310\/revisions"}],"predecessor-version":[{"id":72312,"href":"https:\/\/diarioabcdemichoacan.com.mx\/lasnoticias\/wp-json\/wp\/v2\/posts\/72310\/revisions\/72312"}],"wp:featuredmedia":[{"embeddable":true,"href":"https:\/\/diarioabcdemichoacan.com.mx\/lasnoticias\/wp-json\/wp\/v2\/media\/72311"}],"wp:attachment":[{"href":"https:\/\/diarioabcdemichoacan.com.mx\/lasnoticias\/wp-json\/wp\/v2\/media?parent=72310"}],"wp:term":[{"taxonomy":"category","embeddable":true,"href":"https:\/\/diarioabcdemichoacan.com.mx\/lasnoticias\/wp-json\/wp\/v2\/categories?post=72310"},{"taxonomy":"post_tag","embeddable":true,"href":"https:\/\/diarioabcdemichoacan.com.mx\/lasnoticias\/wp-json\/wp\/v2\/tags?post=72310"}],"curies":[{"name":"wp","href":"https:\/\/api.w.org\/{rel}","templated":true}]}}