{"id":72313,"date":"2025-11-20T14:11:54","date_gmt":"2025-11-20T20:11:54","guid":{"rendered":"https:\/\/diarioabcdemichoacan.com.mx\/lasnoticias\/?p=72313"},"modified":"2025-11-20T14:11:54","modified_gmt":"2025-11-20T20:11:54","slug":"reconoce-bedolla-coordinacion-y-avances-en-detencion-de-implicado-en-homicidio-de-carlos-manzo","status":"publish","type":"post","link":"https:\/\/diarioabcdemichoacan.com.mx\/lasnoticias\/reconoce-bedolla-coordinacion-y-avances-en-detencion-de-implicado-en-homicidio-de-carlos-manzo\/","title":{"rendered":"Reconoce Bedolla coordinaci\u00f3n y avances en detenci\u00f3n de implicado en homicidio de Carlos Manzo"},"content":{"rendered":"<hr \/>\n<p>Morelia, Mich.- Tras reconocer la coordinaci\u00f3n de autoridades federales y estatales en la detenci\u00f3n del presunto implicado en el homicidio del presidente municipal de Uruapan, Carlos Manzo, el gobernador Alfredo Ram\u00edrez Bedolla agradeci\u00f3 el respaldo de la presidenta Claudia Sheinbaum Pardo y del secretario de Seguridad y Protecci\u00f3n Ciudadana, Omar Garc\u00eda Harfuch para avanzar en el esclarecimiento de este hecho.<\/p>\n<p>Comparti\u00f3 que, junto con las fuerzas armadas, la Fiscal\u00eda General del Estado y la Secretar\u00eda de Seguridad estatal, las labores interinstitucionales en materia de inteligencia han generado buenos resultados en las investigaciones, lo que cierra paso a la impunidad.<\/p>\n<p>El mandatario manifest\u00f3 que se mantiene un seguimiento firme a las acciones que ejecutan de forma conjunta la Secretar\u00eda de Seguridad y Protecci\u00f3n Ciudadana del Gobierno federal, Secretar\u00eda de la Defensa Nacional (Defensa), Secretar\u00eda de Marina, el Centro Nacional de Inteligencia, la Guardia Nacional, la Fiscal\u00eda General del Estado y la Secretar\u00eda de Seguridad estatal.<\/p>\n<p>Por lo que reiter\u00f3 la disposici\u00f3n para trabajar coordinados y en comunicaci\u00f3n permanente con las autoridades para combatir la violencia y sus factores, preservando la tranquilidad y paz que demanda la ciudadan\u00eda.<\/p>\n","protected":false},"excerpt":{"rendered":"<p>Morelia, Mich.- Tras reconocer la coordinaci\u00f3n de autoridades federales y estatales en la detenci\u00f3n del presunto implicado en el homicidio del presidente municipal de Uruapan, Carlos Manzo, el gobernador Alfredo Ram\u00edrez Bedolla agradeci\u00f3 el respaldo de la presidenta Claudia Sheinbaum Pardo y del secretario de Seguridad y Protecci\u00f3n Ciudadana, Omar Garc\u00eda Harfuch para avanzar en [&hellip;]<\/p>\n","protected":false},"author":9,"featured_media":72314,"comment_status":"closed","ping_status":"closed","sticky":false,"template":"","format":"standard","meta":{"footnotes":""},"categories":[10,17,25,27],"tags":[],"class_list":{"0":"post-72313","1":"post","2":"type-post","3":"status-publish","4":"format-standard","5":"has-post-thumbnail","7":"category-estado","8":"category-gobierno-de-michoacan","9":"category-seguridad","10":"category-slider"},"yoast_head":"<!-- This site is optimized with the Yoast SEO plugin v24.0 - https:\/\/yoast.com\/wordpress\/plugins\/seo\/ -->\n<title>Reconoce Bedolla coordinaci\u00f3n y avances en detenci\u00f3n de implicado en homicidio de Carlos Manzo - Diario ABC de Michoac\u00e1n<\/title>\n<meta name=\"robots\" content=\"index, follow, max-snippet:-1, max-image-preview:large, max-video-preview:-1\" \/>\n<link rel=\"canonical\" href=\"https:\/\/diarioabcdemichoacan.com.mx\/lasnoticias\/reconoce-bedolla-coordinacion-y-avances-en-detencion-de-implicado-en-homicidio-de-carlos-manzo\/\" \/>\n<meta property=\"og:locale\" content=\"es_ES\" \/>\n<meta property=\"og:type\" content=\"article\" \/>\n<meta property=\"og:title\" content=\"Reconoce Bedolla coordinaci\u00f3n y avances en detenci\u00f3n de implicado en homicidio de Carlos Manzo - Diario ABC de Michoac\u00e1n\" \/>\n<meta property=\"og:description\" content=\"Morelia, Mich.- Tras reconocer la coordinaci\u00f3n de autoridades federales y estatales en la detenci\u00f3n del presunto implicado en el homicidio del presidente municipal de Uruapan, Carlos Manzo, el gobernador Alfredo Ram\u00edrez Bedolla agradeci\u00f3 el respaldo de la presidenta Claudia Sheinbaum Pardo y del secretario de Seguridad y Protecci\u00f3n Ciudadana, Omar Garc\u00eda Harfuch para avanzar en [&hellip;]\" \/>\n<meta property=\"og:url\" content=\"https:\/\/diarioabcdemichoacan.com.mx\/lasnoticias\/reconoce-bedolla-coordinacion-y-avances-en-detencion-de-implicado-en-homicidio-de-carlos-manzo\/\" \/>\n<meta property=\"og:site_name\" content=\"Diario ABC de Michoac\u00e1n\" \/>\n<meta property=\"article:published_time\" content=\"2025-11-20T20:11:54+00:00\" \/>\n<meta property=\"og:image\" content=\"https:\/\/diarioabcdemichoacan.com.mx\/lasnoticias\/wp-content\/uploads\/2025\/11\/Imagen-de-WhatsApp-2025-11-19-a-las-19.31.33_0054228e.jpg\" \/>\n\t<meta property=\"og:image:width\" content=\"1280\" \/>\n\t<meta property=\"og:image:height\" content=\"854\" \/>\n\t<meta property=\"og:image:type\" content=\"image\/jpeg\" \/>\n<meta name=\"author\" content=\"AR\" \/>\n<meta name=\"twitter:card\" content=\"summary_large_image\" \/>\n<meta name=\"twitter:label1\" content=\"Escrito por\" \/>\n\t<meta name=\"twitter:data1\" content=\"AR\" \/>\n\t<meta name=\"twitter:label2\" content=\"Tiempo de lectura\" \/>\n\t<meta name=\"twitter:data2\" content=\"2 minutos\" \/>\n<script type=\"application\/ld+json\" class=\"yoast-schema-graph\">{\"@context\":\"https:\/\/schema.org\",\"@graph\":[{\"@type\":\"WebPage\",\"@id\":\"https:\/\/diarioabcdemichoacan.com.mx\/lasnoticias\/reconoce-bedolla-coordinacion-y-avances-en-detencion-de-implicado-en-homicidio-de-carlos-manzo\/\",\"url\":\"https:\/\/diarioabcdemichoacan.com.mx\/lasnoticias\/reconoce-bedolla-coordinacion-y-avances-en-detencion-de-implicado-en-homicidio-de-carlos-manzo\/\",\"name\":\"Reconoce Bedolla coordinaci\u00f3n y avances en detenci\u00f3n de implicado en homicidio de Carlos Manzo - Diario ABC de Michoac\u00e1n\",\"isPartOf\":{\"@id\":\"https:\/\/diarioabcdemichoacan.com.mx\/lasnoticias\/#website\"},\"primaryImageOfPage\":{\"@id\":\"https:\/\/diarioabcdemichoacan.com.mx\/lasnoticias\/reconoce-bedolla-coordinacion-y-avances-en-detencion-de-implicado-en-homicidio-de-carlos-manzo\/#primaryimage\"},\"image\":{\"@id\":\"https:\/\/diarioabcdemichoacan.com.mx\/lasnoticias\/reconoce-bedolla-coordinacion-y-avances-en-detencion-de-implicado-en-homicidio-de-carlos-manzo\/#primaryimage\"},\"thumbnailUrl\":\"https:\/\/diarioabcdemichoacan.com.mx\/lasnoticias\/wp-content\/uploads\/2025\/11\/Imagen-de-WhatsApp-2025-11-19-a-las-19.31.33_0054228e.jpg\",\"datePublished\":\"2025-11-20T20:11:54+00:00\",\"dateModified\":\"2025-11-20T20:11:54+00:00\",\"author\":{\"@id\":\"https:\/\/diarioabcdemichoacan.com.mx\/lasnoticias\/#\/schema\/person\/19ae376040f6cbc489682ebdd8524852\"},\"breadcrumb\":{\"@id\":\"https:\/\/diarioabcdemichoacan.com.mx\/lasnoticias\/reconoce-bedolla-coordinacion-y-avances-en-detencion-de-implicado-en-homicidio-de-carlos-manzo\/#breadcrumb\"},\"inLanguage\":\"es\",\"potentialAction\":[{\"@type\":\"ReadAction\",\"target\":[\"https:\/\/diarioabcdemichoacan.com.mx\/lasnoticias\/reconoce-bedolla-coordinacion-y-avances-en-detencion-de-implicado-en-homicidio-de-carlos-manzo\/\"]}]},{\"@type\":\"ImageObject\",\"inLanguage\":\"es\",\"@id\":\"https:\/\/diarioabcdemichoacan.com.mx\/lasnoticias\/reconoce-bedolla-coordinacion-y-avances-en-detencion-de-implicado-en-homicidio-de-carlos-manzo\/#primaryimage\",\"url\":\"https:\/\/diarioabcdemichoacan.com.mx\/lasnoticias\/wp-content\/uploads\/2025\/11\/Imagen-de-WhatsApp-2025-11-19-a-las-19.31.33_0054228e.jpg\",\"contentUrl\":\"https:\/\/diarioabcdemichoacan.com.mx\/lasnoticias\/wp-content\/uploads\/2025\/11\/Imagen-de-WhatsApp-2025-11-19-a-las-19.31.33_0054228e.jpg\",\"width\":1280,\"height\":854},{\"@type\":\"BreadcrumbList\",\"@id\":\"https:\/\/diarioabcdemichoacan.com.mx\/lasnoticias\/reconoce-bedolla-coordinacion-y-avances-en-detencion-de-implicado-en-homicidio-de-carlos-manzo\/#breadcrumb\",\"itemListElement\":[{\"@type\":\"ListItem\",\"position\":1,\"name\":\"Portada\",\"item\":\"https:\/\/diarioabcdemichoacan.com.mx\/lasnoticias\/\"},{\"@type\":\"ListItem\",\"position\":2,\"name\":\"Reconoce Bedolla coordinaci\u00f3n y avances en detenci\u00f3n de implicado en homicidio de Carlos Manzo\"}]},{\"@type\":\"WebSite\",\"@id\":\"https:\/\/diarioabcdemichoacan.com.mx\/lasnoticias\/#website\",\"url\":\"https:\/\/diarioabcdemichoacan.com.mx\/lasnoticias\/\",\"name\":\"Diario ABC de Michoac\u00e1n\",\"description\":\"Las noticias al momento\",\"potentialAction\":[{\"@type\":\"SearchAction\",\"target\":{\"@type\":\"EntryPoint\",\"urlTemplate\":\"https:\/\/diarioabcdemichoacan.com.mx\/lasnoticias\/?s={search_term_string}\"},\"query-input\":{\"@type\":\"PropertyValueSpecification\",\"valueRequired\":true,\"valueName\":\"search_term_string\"}}],\"inLanguage\":\"es\"},{\"@type\":\"Person\",\"@id\":\"https:\/\/diarioabcdemichoacan.com.mx\/lasnoticias\/#\/schema\/person\/19ae376040f6cbc489682ebdd8524852\",\"name\":\"AR\",\"image\":{\"@type\":\"ImageObject\",\"inLanguage\":\"es\",\"@id\":\"https:\/\/diarioabcdemichoacan.com.mx\/lasnoticias\/#\/schema\/person\/image\/\",\"url\":\"https:\/\/secure.gravatar.com\/avatar\/44eca2ff970262234e20e1e082872af0?s=96&d=mm&r=g\",\"contentUrl\":\"https:\/\/secure.gravatar.com\/avatar\/44eca2ff970262234e20e1e082872af0?s=96&d=mm&r=g\",\"caption\":\"AR\"},\"url\":\"https:\/\/diarioabcdemichoacan.com.mx\/lasnoticias\/author\/adrian\/\"}]}<\/script>\n<!-- \/ Yoast SEO plugin. -->","yoast_head_json":{"title":"Reconoce Bedolla coordinaci\u00f3n y avances en detenci\u00f3n de implicado en homicidio de Carlos Manzo - Diario ABC de Michoac\u00e1n","robots":{"index":"index","follow":"follow","max-snippet":"max-snippet:-1","max-image-preview":"max-image-preview:large","max-video-preview":"max-video-preview:-1"},"canonical":"https:\/\/diarioabcdemichoacan.com.mx\/lasnoticias\/reconoce-bedolla-coordinacion-y-avances-en-detencion-de-implicado-en-homicidio-de-carlos-manzo\/","og_locale":"es_ES","og_type":"article","og_title":"Reconoce Bedolla coordinaci\u00f3n y avances en detenci\u00f3n de implicado en homicidio de Carlos Manzo - Diario ABC de Michoac\u00e1n","og_description":"Morelia, Mich.- Tras reconocer la coordinaci\u00f3n de autoridades federales y estatales en la detenci\u00f3n del presunto implicado en el homicidio del presidente municipal de Uruapan, Carlos Manzo, el gobernador Alfredo Ram\u00edrez Bedolla agradeci\u00f3 el respaldo de la presidenta Claudia Sheinbaum Pardo y del secretario de Seguridad y Protecci\u00f3n Ciudadana, Omar Garc\u00eda Harfuch para avanzar en [&hellip;]","og_url":"https:\/\/diarioabcdemichoacan.com.mx\/lasnoticias\/reconoce-bedolla-coordinacion-y-avances-en-detencion-de-implicado-en-homicidio-de-carlos-manzo\/","og_site_name":"Diario ABC de Michoac\u00e1n","article_published_time":"2025-11-20T20:11:54+00:00","og_image":[{"width":1280,"height":854,"url":"https:\/\/diarioabcdemichoacan.com.mx\/lasnoticias\/wp-content\/uploads\/2025\/11\/Imagen-de-WhatsApp-2025-11-19-a-las-19.31.33_0054228e.jpg","type":"image\/jpeg"}],"author":"AR","twitter_card":"summary_large_image","twitter_misc":{"Escrito por":"AR","Tiempo de lectura":"2 minutos"},"schema":{"@context":"https:\/\/schema.org","@graph":[{"@type":"WebPage","@id":"https:\/\/diarioabcdemichoacan.com.mx\/lasnoticias\/reconoce-bedolla-coordinacion-y-avances-en-detencion-de-implicado-en-homicidio-de-carlos-manzo\/","url":"https:\/\/diarioabcdemichoacan.com.mx\/lasnoticias\/reconoce-bedolla-coordinacion-y-avances-en-detencion-de-implicado-en-homicidio-de-carlos-manzo\/","name":"Reconoce Bedolla coordinaci\u00f3n y avances en detenci\u00f3n de implicado en homicidio de Carlos Manzo - Diario ABC de Michoac\u00e1n","isPartOf":{"@id":"https:\/\/diarioabcdemichoacan.com.mx\/lasnoticias\/#website"},"primaryImageOfPage":{"@id":"https:\/\/diarioabcdemichoacan.com.mx\/lasnoticias\/reconoce-bedolla-coordinacion-y-avances-en-detencion-de-implicado-en-homicidio-de-carlos-manzo\/#primaryimage"},"image":{"@id":"https:\/\/diarioabcdemichoacan.com.mx\/lasnoticias\/reconoce-bedolla-coordinacion-y-avances-en-detencion-de-implicado-en-homicidio-de-carlos-manzo\/#primaryimage"},"thumbnailUrl":"https:\/\/diarioabcdemichoacan.com.mx\/lasnoticias\/wp-content\/uploads\/2025\/11\/Imagen-de-WhatsApp-2025-11-19-a-las-19.31.33_0054228e.jpg","datePublished":"2025-11-20T20:11:54+00:00","dateModified":"2025-11-20T20:11:54+00:00","author":{"@id":"https:\/\/diarioabcdemichoacan.com.mx\/lasnoticias\/#\/schema\/person\/19ae376040f6cbc489682ebdd8524852"},"breadcrumb":{"@id":"https:\/\/diarioabcdemichoacan.com.mx\/lasnoticias\/reconoce-bedolla-coordinacion-y-avances-en-detencion-de-implicado-en-homicidio-de-carlos-manzo\/#breadcrumb"},"inLanguage":"es","potentialAction":[{"@type":"ReadAction","target":["https:\/\/diarioabcdemichoacan.com.mx\/lasnoticias\/reconoce-bedolla-coordinacion-y-avances-en-detencion-de-implicado-en-homicidio-de-carlos-manzo\/"]}]},{"@type":"ImageObject","inLanguage":"es","@id":"https:\/\/diarioabcdemichoacan.com.mx\/lasnoticias\/reconoce-bedolla-coordinacion-y-avances-en-detencion-de-implicado-en-homicidio-de-carlos-manzo\/#primaryimage","url":"https:\/\/diarioabcdemichoacan.com.mx\/lasnoticias\/wp-content\/uploads\/2025\/11\/Imagen-de-WhatsApp-2025-11-19-a-las-19.31.33_0054228e.jpg","contentUrl":"https:\/\/diarioabcdemichoacan.com.mx\/lasnoticias\/wp-content\/uploads\/2025\/11\/Imagen-de-WhatsApp-2025-11-19-a-las-19.31.33_0054228e.jpg","width":1280,"height":854},{"@type":"BreadcrumbList","@id":"https:\/\/diarioabcdemichoacan.com.mx\/lasnoticias\/reconoce-bedolla-coordinacion-y-avances-en-detencion-de-implicado-en-homicidio-de-carlos-manzo\/#breadcrumb","itemListElement":[{"@type":"ListItem","position":1,"name":"Portada","item":"https:\/\/diarioabcdemichoacan.com.mx\/lasnoticias\/"},{"@type":"ListItem","position":2,"name":"Reconoce Bedolla coordinaci\u00f3n y avances en detenci\u00f3n de implicado en homicidio de Carlos Manzo"}]},{"@type":"WebSite","@id":"https:\/\/diarioabcdemichoacan.com.mx\/lasnoticias\/#website","url":"https:\/\/diarioabcdemichoacan.com.mx\/lasnoticias\/","name":"Diario ABC de Michoac\u00e1n","description":"Las noticias al momento","potentialAction":[{"@type":"SearchAction","target":{"@type":"EntryPoint","urlTemplate":"https:\/\/diarioabcdemichoacan.com.mx\/lasnoticias\/?s={search_term_string}"},"query-input":{"@type":"PropertyValueSpecification","valueRequired":true,"valueName":"search_term_string"}}],"inLanguage":"es"},{"@type":"Person","@id":"https:\/\/diarioabcdemichoacan.com.mx\/lasnoticias\/#\/schema\/person\/19ae376040f6cbc489682ebdd8524852","name":"AR","image":{"@type":"ImageObject","inLanguage":"es","@id":"https:\/\/diarioabcdemichoacan.com.mx\/lasnoticias\/#\/schema\/person\/image\/","url":"https:\/\/secure.gravatar.com\/avatar\/44eca2ff970262234e20e1e082872af0?s=96&d=mm&r=g","contentUrl":"https:\/\/secure.gravatar.com\/avatar\/44eca2ff970262234e20e1e082872af0?s=96&d=mm&r=g","caption":"AR"},"url":"https:\/\/diarioabcdemichoacan.com.mx\/lasnoticias\/author\/adrian\/"}]}},"_links":{"self":[{"href":"https:\/\/diarioabcdemichoacan.com.mx\/lasnoticias\/wp-json\/wp\/v2\/posts\/72313","targetHints":{"allow":["GET"]}}],"collection":[{"href":"https:\/\/diarioabcdemichoacan.com.mx\/lasnoticias\/wp-json\/wp\/v2\/posts"}],"about":[{"href":"https:\/\/diarioabcdemichoacan.com.mx\/lasnoticias\/wp-json\/wp\/v2\/types\/post"}],"author":[{"embeddable":true,"href":"https:\/\/diarioabcdemichoacan.com.mx\/lasnoticias\/wp-json\/wp\/v2\/users\/9"}],"replies":[{"embeddable":true,"href":"https:\/\/diarioabcdemichoacan.com.mx\/lasnoticias\/wp-json\/wp\/v2\/comments?post=72313"}],"version-history":[{"count":1,"href":"https:\/\/diarioabcdemichoacan.com.mx\/lasnoticias\/wp-json\/wp\/v2\/posts\/72313\/revisions"}],"predecessor-version":[{"id":72315,"href":"https:\/\/diarioabcdemichoacan.com.mx\/lasnoticias\/wp-json\/wp\/v2\/posts\/72313\/revisions\/72315"}],"wp:featuredmedia":[{"embeddable":true,"href":"https:\/\/diarioabcdemichoacan.com.mx\/lasnoticias\/wp-json\/wp\/v2\/media\/72314"}],"wp:attachment":[{"href":"https:\/\/diarioabcdemichoacan.com.mx\/lasnoticias\/wp-json\/wp\/v2\/media?parent=72313"}],"wp:term":[{"taxonomy":"category","embeddable":true,"href":"https:\/\/diarioabcdemichoacan.com.mx\/lasnoticias\/wp-json\/wp\/v2\/categories?post=72313"},{"taxonomy":"post_tag","embeddable":true,"href":"https:\/\/diarioabcdemichoacan.com.mx\/lasnoticias\/wp-json\/wp\/v2\/tags?post=72313"}],"curies":[{"name":"wp","href":"https:\/\/api.w.org\/{rel}","templated":true}]}}