{"id":72316,"date":"2025-11-20T14:13:00","date_gmt":"2025-11-20T20:13:00","guid":{"rendered":"https:\/\/diarioabcdemichoacan.com.mx\/lasnoticias\/?p=72316"},"modified":"2025-11-20T14:13:00","modified_gmt":"2025-11-20T20:13:00","slug":"que-las-personas-con-discapacidad-sean-tutelares-de-sus-propios-derechos-propone-vanhe-caratachea","status":"publish","type":"post","link":"https:\/\/diarioabcdemichoacan.com.mx\/lasnoticias\/que-las-personas-con-discapacidad-sean-tutelares-de-sus-propios-derechos-propone-vanhe-caratachea\/","title":{"rendered":"Que las personas con discapacidad sean tutelares de sus propios derechos, propone Vanhe Caratachea"},"content":{"rendered":"<h2>La legislaci\u00f3n de Michoac\u00e1n lleva a\u00f1os de retraso en materia de titularidad jur\u00eddica de personas con discapacidad, se\u00f1al\u00f3 la legisladora del PAN.<\/h2>\n<p>&nbsp;<\/p>\n<hr \/>\n<p>Morelia, Mich.- Que se reconozca la capacidad jur\u00eddica de las personas con discapacidad, es la propuesta de reforma que present\u00f3 la diputada Vanessa Caratachea.<\/p>\n<p>\u201cLa capacidad jur\u00eddica es el punto de partida para el goce real y efectivo de todos los derechos humanos. Negar la capacidad jur\u00eddica equivale a negar la vida civil de una persona\u201d, manifest\u00f3 en tribuna la legisladora.<\/p>\n<p>Esto, porque el C\u00f3digo Civil del estado mantiene una mirada tutelar hacia las personas con discapacidad, cuando los tratados internacionales y la misma normativa general del pa\u00eds reconoce a las personas con discapacidad mayores de edad como personas con capacidad jur\u00eddica, es decir, que pueden realizar actos jur\u00eddicos y son sujetos de derechos y obligaciones.<\/p>\n<p>\u201cUna visi\u00f3n que etiquet\u00f3, que excluy\u00f3, que redujo a las personas con discapacidad a sujetos de protecci\u00f3n, neg\u00e1ndoles la posibilidad de decidir sobre su patrimonio y su propia vida. Esa visi\u00f3n ya no tiene cabida en el Michoac\u00e1n del siglo XXI\u201d, destac\u00f3 la diputada del PAN.<\/p>\n<p>La propuesta es reformar el art\u00edculo 22 de dicho c\u00f3digo para establecer que \u201cninguna persona podr\u00e1 ser privada de su capacidad jur\u00eddica por motivo de discapacidad\u201d lo que no quiere decir, aclar\u00f3 Vanessa Caratachea, que se les est\u00e9 dejando desamparados.<\/p>\n<p>\u201cIntroduce un sistema de apoyos y salvaguardas judiciales, que permitir\u00e1 acompa\u00f1ar a quienes lo requieran, sin sustituir su voluntad ni anular su autonom\u00eda\u201d, explic\u00f3.<\/p>\n<p>La diputada de La Piedad se\u00f1al\u00f3 que no se trata \u00fanicamente de una armonizaci\u00f3n de ley, sino de un cambio de paradigma, pues se reconocen los derechos civiles de las personas con discapacidad.<\/p>\n<p>Es adem\u00e1s, agreg\u00f3 Vanessa Caratachea, una obligaci\u00f3n legal, puesto que en 2023 se public\u00f3 el nuevo C\u00f3digo Nacional de Procedimientos Civiles y Familiares, con la obligaci\u00f3n de que los congresos locales reformaran su propia normativa antes de 2027.<\/p>\n","protected":false},"excerpt":{"rendered":"<p>La legislaci\u00f3n de Michoac\u00e1n lleva a\u00f1os de retraso en materia de titularidad jur\u00eddica de personas con discapacidad, se\u00f1al\u00f3 la legisladora del PAN. &nbsp; Morelia, Mich.- Que se reconozca la capacidad jur\u00eddica de las personas con discapacidad, es la propuesta de reforma que present\u00f3 la diputada Vanessa Caratachea. \u201cLa capacidad jur\u00eddica es el punto de partida [&hellip;]<\/p>\n","protected":false},"author":9,"featured_media":72317,"comment_status":"closed","ping_status":"closed","sticky":false,"template":"","format":"standard","meta":{"footnotes":""},"categories":[13,22,28,27],"tags":[],"class_list":{"0":"post-72316","1":"post","2":"type-post","3":"status-publish","4":"format-standard","5":"has-post-thumbnail","7":"category-congreso","8":"category-congreso-de-michoacan","9":"category-politica","10":"category-slider"},"yoast_head":"<!-- This site is optimized with the Yoast SEO plugin v24.0 - https:\/\/yoast.com\/wordpress\/plugins\/seo\/ -->\n<title>Que las personas con discapacidad sean tutelares de sus propios derechos, propone Vanhe Caratachea - Diario ABC de Michoac\u00e1n<\/title>\n<meta name=\"robots\" content=\"index, follow, max-snippet:-1, max-image-preview:large, max-video-preview:-1\" \/>\n<link rel=\"canonical\" href=\"https:\/\/diarioabcdemichoacan.com.mx\/lasnoticias\/que-las-personas-con-discapacidad-sean-tutelares-de-sus-propios-derechos-propone-vanhe-caratachea\/\" \/>\n<meta property=\"og:locale\" content=\"es_ES\" \/>\n<meta property=\"og:type\" content=\"article\" \/>\n<meta property=\"og:title\" content=\"Que las personas con discapacidad sean tutelares de sus propios derechos, propone Vanhe Caratachea - Diario ABC de Michoac\u00e1n\" \/>\n<meta property=\"og:description\" content=\"La legislaci\u00f3n de Michoac\u00e1n lleva a\u00f1os de retraso en materia de titularidad jur\u00eddica de personas con discapacidad, se\u00f1al\u00f3 la legisladora del PAN. &nbsp; Morelia, Mich.- Que se reconozca la capacidad jur\u00eddica de las personas con discapacidad, es la propuesta de reforma que present\u00f3 la diputada Vanessa Caratachea. \u201cLa capacidad jur\u00eddica es el punto de partida [&hellip;]\" \/>\n<meta property=\"og:url\" content=\"https:\/\/diarioabcdemichoacan.com.mx\/lasnoticias\/que-las-personas-con-discapacidad-sean-tutelares-de-sus-propios-derechos-propone-vanhe-caratachea\/\" \/>\n<meta property=\"og:site_name\" content=\"Diario ABC de Michoac\u00e1n\" \/>\n<meta property=\"article:published_time\" content=\"2025-11-20T20:13:00+00:00\" \/>\n<meta property=\"og:image\" content=\"https:\/\/diarioabcdemichoacan.com.mx\/lasnoticias\/wp-content\/uploads\/2025\/11\/Imagen-de-WhatsApp-2025-11-19-a-las-19.30.50_abe74511-scaled.jpg\" \/>\n\t<meta property=\"og:image:width\" content=\"2560\" \/>\n\t<meta property=\"og:image:height\" content=\"1706\" \/>\n\t<meta property=\"og:image:type\" content=\"image\/jpeg\" \/>\n<meta name=\"author\" content=\"AR\" \/>\n<meta name=\"twitter:card\" content=\"summary_large_image\" \/>\n<meta name=\"twitter:label1\" content=\"Escrito por\" \/>\n\t<meta name=\"twitter:data1\" content=\"AR\" \/>\n\t<meta name=\"twitter:label2\" content=\"Tiempo de lectura\" \/>\n\t<meta name=\"twitter:data2\" content=\"2 minutos\" \/>\n<script type=\"application\/ld+json\" class=\"yoast-schema-graph\">{\"@context\":\"https:\/\/schema.org\",\"@graph\":[{\"@type\":\"WebPage\",\"@id\":\"https:\/\/diarioabcdemichoacan.com.mx\/lasnoticias\/que-las-personas-con-discapacidad-sean-tutelares-de-sus-propios-derechos-propone-vanhe-caratachea\/\",\"url\":\"https:\/\/diarioabcdemichoacan.com.mx\/lasnoticias\/que-las-personas-con-discapacidad-sean-tutelares-de-sus-propios-derechos-propone-vanhe-caratachea\/\",\"name\":\"Que las personas con discapacidad sean tutelares de sus propios derechos, propone Vanhe Caratachea - Diario ABC de Michoac\u00e1n\",\"isPartOf\":{\"@id\":\"https:\/\/diarioabcdemichoacan.com.mx\/lasnoticias\/#website\"},\"primaryImageOfPage\":{\"@id\":\"https:\/\/diarioabcdemichoacan.com.mx\/lasnoticias\/que-las-personas-con-discapacidad-sean-tutelares-de-sus-propios-derechos-propone-vanhe-caratachea\/#primaryimage\"},\"image\":{\"@id\":\"https:\/\/diarioabcdemichoacan.com.mx\/lasnoticias\/que-las-personas-con-discapacidad-sean-tutelares-de-sus-propios-derechos-propone-vanhe-caratachea\/#primaryimage\"},\"thumbnailUrl\":\"https:\/\/diarioabcdemichoacan.com.mx\/lasnoticias\/wp-content\/uploads\/2025\/11\/Imagen-de-WhatsApp-2025-11-19-a-las-19.30.50_abe74511-scaled.jpg\",\"datePublished\":\"2025-11-20T20:13:00+00:00\",\"dateModified\":\"2025-11-20T20:13:00+00:00\",\"author\":{\"@id\":\"https:\/\/diarioabcdemichoacan.com.mx\/lasnoticias\/#\/schema\/person\/19ae376040f6cbc489682ebdd8524852\"},\"breadcrumb\":{\"@id\":\"https:\/\/diarioabcdemichoacan.com.mx\/lasnoticias\/que-las-personas-con-discapacidad-sean-tutelares-de-sus-propios-derechos-propone-vanhe-caratachea\/#breadcrumb\"},\"inLanguage\":\"es\",\"potentialAction\":[{\"@type\":\"ReadAction\",\"target\":[\"https:\/\/diarioabcdemichoacan.com.mx\/lasnoticias\/que-las-personas-con-discapacidad-sean-tutelares-de-sus-propios-derechos-propone-vanhe-caratachea\/\"]}]},{\"@type\":\"ImageObject\",\"inLanguage\":\"es\",\"@id\":\"https:\/\/diarioabcdemichoacan.com.mx\/lasnoticias\/que-las-personas-con-discapacidad-sean-tutelares-de-sus-propios-derechos-propone-vanhe-caratachea\/#primaryimage\",\"url\":\"https:\/\/diarioabcdemichoacan.com.mx\/lasnoticias\/wp-content\/uploads\/2025\/11\/Imagen-de-WhatsApp-2025-11-19-a-las-19.30.50_abe74511-scaled.jpg\",\"contentUrl\":\"https:\/\/diarioabcdemichoacan.com.mx\/lasnoticias\/wp-content\/uploads\/2025\/11\/Imagen-de-WhatsApp-2025-11-19-a-las-19.30.50_abe74511-scaled.jpg\",\"width\":2560,\"height\":1706},{\"@type\":\"BreadcrumbList\",\"@id\":\"https:\/\/diarioabcdemichoacan.com.mx\/lasnoticias\/que-las-personas-con-discapacidad-sean-tutelares-de-sus-propios-derechos-propone-vanhe-caratachea\/#breadcrumb\",\"itemListElement\":[{\"@type\":\"ListItem\",\"position\":1,\"name\":\"Portada\",\"item\":\"https:\/\/diarioabcdemichoacan.com.mx\/lasnoticias\/\"},{\"@type\":\"ListItem\",\"position\":2,\"name\":\"Que las personas con discapacidad sean tutelares de sus propios derechos, propone Vanhe Caratachea\"}]},{\"@type\":\"WebSite\",\"@id\":\"https:\/\/diarioabcdemichoacan.com.mx\/lasnoticias\/#website\",\"url\":\"https:\/\/diarioabcdemichoacan.com.mx\/lasnoticias\/\",\"name\":\"Diario ABC de Michoac\u00e1n\",\"description\":\"Las noticias al momento\",\"potentialAction\":[{\"@type\":\"SearchAction\",\"target\":{\"@type\":\"EntryPoint\",\"urlTemplate\":\"https:\/\/diarioabcdemichoacan.com.mx\/lasnoticias\/?s={search_term_string}\"},\"query-input\":{\"@type\":\"PropertyValueSpecification\",\"valueRequired\":true,\"valueName\":\"search_term_string\"}}],\"inLanguage\":\"es\"},{\"@type\":\"Person\",\"@id\":\"https:\/\/diarioabcdemichoacan.com.mx\/lasnoticias\/#\/schema\/person\/19ae376040f6cbc489682ebdd8524852\",\"name\":\"AR\",\"image\":{\"@type\":\"ImageObject\",\"inLanguage\":\"es\",\"@id\":\"https:\/\/diarioabcdemichoacan.com.mx\/lasnoticias\/#\/schema\/person\/image\/\",\"url\":\"https:\/\/secure.gravatar.com\/avatar\/44eca2ff970262234e20e1e082872af0?s=96&d=mm&r=g\",\"contentUrl\":\"https:\/\/secure.gravatar.com\/avatar\/44eca2ff970262234e20e1e082872af0?s=96&d=mm&r=g\",\"caption\":\"AR\"},\"url\":\"https:\/\/diarioabcdemichoacan.com.mx\/lasnoticias\/author\/adrian\/\"}]}<\/script>\n<!-- \/ Yoast SEO plugin. -->","yoast_head_json":{"title":"Que las personas con discapacidad sean tutelares de sus propios derechos, propone Vanhe Caratachea - Diario ABC de Michoac\u00e1n","robots":{"index":"index","follow":"follow","max-snippet":"max-snippet:-1","max-image-preview":"max-image-preview:large","max-video-preview":"max-video-preview:-1"},"canonical":"https:\/\/diarioabcdemichoacan.com.mx\/lasnoticias\/que-las-personas-con-discapacidad-sean-tutelares-de-sus-propios-derechos-propone-vanhe-caratachea\/","og_locale":"es_ES","og_type":"article","og_title":"Que las personas con discapacidad sean tutelares de sus propios derechos, propone Vanhe Caratachea - Diario ABC de Michoac\u00e1n","og_description":"La legislaci\u00f3n de Michoac\u00e1n lleva a\u00f1os de retraso en materia de titularidad jur\u00eddica de personas con discapacidad, se\u00f1al\u00f3 la legisladora del PAN. &nbsp; Morelia, Mich.- Que se reconozca la capacidad jur\u00eddica de las personas con discapacidad, es la propuesta de reforma que present\u00f3 la diputada Vanessa Caratachea. \u201cLa capacidad jur\u00eddica es el punto de partida [&hellip;]","og_url":"https:\/\/diarioabcdemichoacan.com.mx\/lasnoticias\/que-las-personas-con-discapacidad-sean-tutelares-de-sus-propios-derechos-propone-vanhe-caratachea\/","og_site_name":"Diario ABC de Michoac\u00e1n","article_published_time":"2025-11-20T20:13:00+00:00","og_image":[{"width":2560,"height":1706,"url":"https:\/\/diarioabcdemichoacan.com.mx\/lasnoticias\/wp-content\/uploads\/2025\/11\/Imagen-de-WhatsApp-2025-11-19-a-las-19.30.50_abe74511-scaled.jpg","type":"image\/jpeg"}],"author":"AR","twitter_card":"summary_large_image","twitter_misc":{"Escrito por":"AR","Tiempo de lectura":"2 minutos"},"schema":{"@context":"https:\/\/schema.org","@graph":[{"@type":"WebPage","@id":"https:\/\/diarioabcdemichoacan.com.mx\/lasnoticias\/que-las-personas-con-discapacidad-sean-tutelares-de-sus-propios-derechos-propone-vanhe-caratachea\/","url":"https:\/\/diarioabcdemichoacan.com.mx\/lasnoticias\/que-las-personas-con-discapacidad-sean-tutelares-de-sus-propios-derechos-propone-vanhe-caratachea\/","name":"Que las personas con discapacidad sean tutelares de sus propios derechos, propone Vanhe Caratachea - Diario ABC de Michoac\u00e1n","isPartOf":{"@id":"https:\/\/diarioabcdemichoacan.com.mx\/lasnoticias\/#website"},"primaryImageOfPage":{"@id":"https:\/\/diarioabcdemichoacan.com.mx\/lasnoticias\/que-las-personas-con-discapacidad-sean-tutelares-de-sus-propios-derechos-propone-vanhe-caratachea\/#primaryimage"},"image":{"@id":"https:\/\/diarioabcdemichoacan.com.mx\/lasnoticias\/que-las-personas-con-discapacidad-sean-tutelares-de-sus-propios-derechos-propone-vanhe-caratachea\/#primaryimage"},"thumbnailUrl":"https:\/\/diarioabcdemichoacan.com.mx\/lasnoticias\/wp-content\/uploads\/2025\/11\/Imagen-de-WhatsApp-2025-11-19-a-las-19.30.50_abe74511-scaled.jpg","datePublished":"2025-11-20T20:13:00+00:00","dateModified":"2025-11-20T20:13:00+00:00","author":{"@id":"https:\/\/diarioabcdemichoacan.com.mx\/lasnoticias\/#\/schema\/person\/19ae376040f6cbc489682ebdd8524852"},"breadcrumb":{"@id":"https:\/\/diarioabcdemichoacan.com.mx\/lasnoticias\/que-las-personas-con-discapacidad-sean-tutelares-de-sus-propios-derechos-propone-vanhe-caratachea\/#breadcrumb"},"inLanguage":"es","potentialAction":[{"@type":"ReadAction","target":["https:\/\/diarioabcdemichoacan.com.mx\/lasnoticias\/que-las-personas-con-discapacidad-sean-tutelares-de-sus-propios-derechos-propone-vanhe-caratachea\/"]}]},{"@type":"ImageObject","inLanguage":"es","@id":"https:\/\/diarioabcdemichoacan.com.mx\/lasnoticias\/que-las-personas-con-discapacidad-sean-tutelares-de-sus-propios-derechos-propone-vanhe-caratachea\/#primaryimage","url":"https:\/\/diarioabcdemichoacan.com.mx\/lasnoticias\/wp-content\/uploads\/2025\/11\/Imagen-de-WhatsApp-2025-11-19-a-las-19.30.50_abe74511-scaled.jpg","contentUrl":"https:\/\/diarioabcdemichoacan.com.mx\/lasnoticias\/wp-content\/uploads\/2025\/11\/Imagen-de-WhatsApp-2025-11-19-a-las-19.30.50_abe74511-scaled.jpg","width":2560,"height":1706},{"@type":"BreadcrumbList","@id":"https:\/\/diarioabcdemichoacan.com.mx\/lasnoticias\/que-las-personas-con-discapacidad-sean-tutelares-de-sus-propios-derechos-propone-vanhe-caratachea\/#breadcrumb","itemListElement":[{"@type":"ListItem","position":1,"name":"Portada","item":"https:\/\/diarioabcdemichoacan.com.mx\/lasnoticias\/"},{"@type":"ListItem","position":2,"name":"Que las personas con discapacidad sean tutelares de sus propios derechos, propone Vanhe Caratachea"}]},{"@type":"WebSite","@id":"https:\/\/diarioabcdemichoacan.com.mx\/lasnoticias\/#website","url":"https:\/\/diarioabcdemichoacan.com.mx\/lasnoticias\/","name":"Diario ABC de Michoac\u00e1n","description":"Las noticias al momento","potentialAction":[{"@type":"SearchAction","target":{"@type":"EntryPoint","urlTemplate":"https:\/\/diarioabcdemichoacan.com.mx\/lasnoticias\/?s={search_term_string}"},"query-input":{"@type":"PropertyValueSpecification","valueRequired":true,"valueName":"search_term_string"}}],"inLanguage":"es"},{"@type":"Person","@id":"https:\/\/diarioabcdemichoacan.com.mx\/lasnoticias\/#\/schema\/person\/19ae376040f6cbc489682ebdd8524852","name":"AR","image":{"@type":"ImageObject","inLanguage":"es","@id":"https:\/\/diarioabcdemichoacan.com.mx\/lasnoticias\/#\/schema\/person\/image\/","url":"https:\/\/secure.gravatar.com\/avatar\/44eca2ff970262234e20e1e082872af0?s=96&d=mm&r=g","contentUrl":"https:\/\/secure.gravatar.com\/avatar\/44eca2ff970262234e20e1e082872af0?s=96&d=mm&r=g","caption":"AR"},"url":"https:\/\/diarioabcdemichoacan.com.mx\/lasnoticias\/author\/adrian\/"}]}},"_links":{"self":[{"href":"https:\/\/diarioabcdemichoacan.com.mx\/lasnoticias\/wp-json\/wp\/v2\/posts\/72316","targetHints":{"allow":["GET"]}}],"collection":[{"href":"https:\/\/diarioabcdemichoacan.com.mx\/lasnoticias\/wp-json\/wp\/v2\/posts"}],"about":[{"href":"https:\/\/diarioabcdemichoacan.com.mx\/lasnoticias\/wp-json\/wp\/v2\/types\/post"}],"author":[{"embeddable":true,"href":"https:\/\/diarioabcdemichoacan.com.mx\/lasnoticias\/wp-json\/wp\/v2\/users\/9"}],"replies":[{"embeddable":true,"href":"https:\/\/diarioabcdemichoacan.com.mx\/lasnoticias\/wp-json\/wp\/v2\/comments?post=72316"}],"version-history":[{"count":1,"href":"https:\/\/diarioabcdemichoacan.com.mx\/lasnoticias\/wp-json\/wp\/v2\/posts\/72316\/revisions"}],"predecessor-version":[{"id":72318,"href":"https:\/\/diarioabcdemichoacan.com.mx\/lasnoticias\/wp-json\/wp\/v2\/posts\/72316\/revisions\/72318"}],"wp:featuredmedia":[{"embeddable":true,"href":"https:\/\/diarioabcdemichoacan.com.mx\/lasnoticias\/wp-json\/wp\/v2\/media\/72317"}],"wp:attachment":[{"href":"https:\/\/diarioabcdemichoacan.com.mx\/lasnoticias\/wp-json\/wp\/v2\/media?parent=72316"}],"wp:term":[{"taxonomy":"category","embeddable":true,"href":"https:\/\/diarioabcdemichoacan.com.mx\/lasnoticias\/wp-json\/wp\/v2\/categories?post=72316"},{"taxonomy":"post_tag","embeddable":true,"href":"https:\/\/diarioabcdemichoacan.com.mx\/lasnoticias\/wp-json\/wp\/v2\/tags?post=72316"}],"curies":[{"name":"wp","href":"https:\/\/api.w.org\/{rel}","templated":true}]}}