{"id":72472,"date":"2025-11-24T12:48:00","date_gmt":"2025-11-24T18:48:00","guid":{"rendered":"https:\/\/diarioabcdemichoacan.com.mx\/lasnoticias\/?p=72472"},"modified":"2025-11-24T12:48:00","modified_gmt":"2025-11-24T18:48:00","slug":"gobierno-de-morelia-impulsa-jornada-ciudadana-de-limpieza-en-villas-de-la-loma","status":"publish","type":"post","link":"https:\/\/diarioabcdemichoacan.com.mx\/lasnoticias\/gobierno-de-morelia-impulsa-jornada-ciudadana-de-limpieza-en-villas-de-la-loma\/","title":{"rendered":"Gobierno de Morelia impulsa jornada ciudadana de limpieza en Villas de la Loma"},"content":{"rendered":"<h2>Vecinas y vecinos participaron activamente en las labores de mantenimiento integral del fraccionamiento<\/h2>\n<p>&nbsp;<\/p>\n<hr \/>\n<p>Morelia, Mich.- El Gobierno de Morelia, a trav\u00e9s de la Secretar\u00eda de Servicios P\u00fablicos, encabez\u00f3 este s\u00e1bado una jornada ciudadana de limpieza en el Fraccionamiento Villas de la Loma, al poniente de la ciudad, con el objetivo de fortalecer entornos seguros, limpios y ordenados para la convivencia de las familias morelianas.<\/p>\n<p>En esta intervenci\u00f3n participaron brigadas de las Direcciones de Alumbrado, Residuos S\u00f3lidos, y Parques y Jardines, que realizaron un mantenimiento integral del \u00e1rea. Entre las acciones efectuadas destacaron la poda de \u00e1rboles y \u00e1reas verdes, limpieza de guarniciones y camellones, revisi\u00f3n y reparaci\u00f3n de luminarias, as\u00ed como la recolecci\u00f3n de basura y ramas.<\/p>\n<p>De esta forma, el Gobierno de Morelia que encabeza el Alcalde, Alfonso Mart\u00ednez Alc\u00e1zar, resalt\u00f3 y agradeci\u00f3 la participaci\u00f3n activa de vecinas y vecinos de la zona, quienes se sumaron a estas labores, contribuyendo a mejorar las condiciones del fraccionamiento y fortalecer el trabajo conjunto entre ciudadan\u00eda y autoridad.<\/p>\n<p>Con estas acciones, el Ayuntamiento reafirma su compromiso de mantener una ciudad limpia, ordenada y con espacios p\u00fablicos dignos para todas y todos.<\/p>\n","protected":false},"excerpt":{"rendered":"<p>Vecinas y vecinos participaron activamente en las labores de mantenimiento integral del fraccionamiento &nbsp; Morelia, Mich.- El Gobierno de Morelia, a trav\u00e9s de la Secretar\u00eda de Servicios P\u00fablicos, encabez\u00f3 este s\u00e1bado una jornada ciudadana de limpieza en el Fraccionamiento Villas de la Loma, al poniente de la ciudad, con el objetivo de fortalecer entornos seguros, [&hellip;]<\/p>\n","protected":false},"author":9,"featured_media":72473,"comment_status":"closed","ping_status":"closed","sticky":false,"template":"","format":"standard","meta":{"footnotes":""},"categories":[18,7,28,27],"tags":[],"class_list":{"0":"post-72472","1":"post","2":"type-post","3":"status-publish","4":"format-standard","5":"has-post-thumbnail","7":"category-ayuntamiento-de-morelia","8":"category-morelia","9":"category-politica","10":"category-slider"},"yoast_head":"<!-- This site is optimized with the Yoast SEO plugin v24.0 - https:\/\/yoast.com\/wordpress\/plugins\/seo\/ -->\n<title>Gobierno de Morelia impulsa jornada ciudadana de limpieza en Villas de la Loma - Diario ABC de Michoac\u00e1n<\/title>\n<meta name=\"robots\" content=\"index, follow, max-snippet:-1, max-image-preview:large, max-video-preview:-1\" \/>\n<link rel=\"canonical\" href=\"https:\/\/diarioabcdemichoacan.com.mx\/lasnoticias\/gobierno-de-morelia-impulsa-jornada-ciudadana-de-limpieza-en-villas-de-la-loma\/\" \/>\n<meta property=\"og:locale\" content=\"es_ES\" \/>\n<meta property=\"og:type\" content=\"article\" \/>\n<meta property=\"og:title\" content=\"Gobierno de Morelia impulsa jornada ciudadana de limpieza en Villas de la Loma - Diario ABC de Michoac\u00e1n\" \/>\n<meta property=\"og:description\" content=\"Vecinas y vecinos participaron activamente en las labores de mantenimiento integral del fraccionamiento &nbsp; Morelia, Mich.- El Gobierno de Morelia, a trav\u00e9s de la Secretar\u00eda de Servicios P\u00fablicos, encabez\u00f3 este s\u00e1bado una jornada ciudadana de limpieza en el Fraccionamiento Villas de la Loma, al poniente de la ciudad, con el objetivo de fortalecer entornos seguros, [&hellip;]\" \/>\n<meta property=\"og:url\" content=\"https:\/\/diarioabcdemichoacan.com.mx\/lasnoticias\/gobierno-de-morelia-impulsa-jornada-ciudadana-de-limpieza-en-villas-de-la-loma\/\" \/>\n<meta property=\"og:site_name\" content=\"Diario ABC de Michoac\u00e1n\" \/>\n<meta property=\"article:published_time\" content=\"2025-11-24T18:48:00+00:00\" \/>\n<meta property=\"og:image\" content=\"https:\/\/diarioabcdemichoacan.com.mx\/lasnoticias\/wp-content\/uploads\/2025\/11\/Imagen-de-WhatsApp-2025-11-22-a-las-15.19.51_9cbd12d4.jpg\" \/>\n\t<meta property=\"og:image:width\" content=\"1599\" \/>\n\t<meta property=\"og:image:height\" content=\"899\" \/>\n\t<meta property=\"og:image:type\" content=\"image\/jpeg\" \/>\n<meta name=\"author\" content=\"AR\" \/>\n<meta name=\"twitter:card\" content=\"summary_large_image\" \/>\n<meta name=\"twitter:label1\" content=\"Escrito por\" \/>\n\t<meta name=\"twitter:data1\" content=\"AR\" \/>\n\t<meta name=\"twitter:label2\" content=\"Tiempo de lectura\" \/>\n\t<meta name=\"twitter:data2\" content=\"2 minutos\" \/>\n<script type=\"application\/ld+json\" class=\"yoast-schema-graph\">{\"@context\":\"https:\/\/schema.org\",\"@graph\":[{\"@type\":\"WebPage\",\"@id\":\"https:\/\/diarioabcdemichoacan.com.mx\/lasnoticias\/gobierno-de-morelia-impulsa-jornada-ciudadana-de-limpieza-en-villas-de-la-loma\/\",\"url\":\"https:\/\/diarioabcdemichoacan.com.mx\/lasnoticias\/gobierno-de-morelia-impulsa-jornada-ciudadana-de-limpieza-en-villas-de-la-loma\/\",\"name\":\"Gobierno de Morelia impulsa jornada ciudadana de limpieza en Villas de la Loma - Diario ABC de Michoac\u00e1n\",\"isPartOf\":{\"@id\":\"https:\/\/diarioabcdemichoacan.com.mx\/lasnoticias\/#website\"},\"primaryImageOfPage\":{\"@id\":\"https:\/\/diarioabcdemichoacan.com.mx\/lasnoticias\/gobierno-de-morelia-impulsa-jornada-ciudadana-de-limpieza-en-villas-de-la-loma\/#primaryimage\"},\"image\":{\"@id\":\"https:\/\/diarioabcdemichoacan.com.mx\/lasnoticias\/gobierno-de-morelia-impulsa-jornada-ciudadana-de-limpieza-en-villas-de-la-loma\/#primaryimage\"},\"thumbnailUrl\":\"https:\/\/diarioabcdemichoacan.com.mx\/lasnoticias\/wp-content\/uploads\/2025\/11\/Imagen-de-WhatsApp-2025-11-22-a-las-15.19.51_9cbd12d4.jpg\",\"datePublished\":\"2025-11-24T18:48:00+00:00\",\"dateModified\":\"2025-11-24T18:48:00+00:00\",\"author\":{\"@id\":\"https:\/\/diarioabcdemichoacan.com.mx\/lasnoticias\/#\/schema\/person\/19ae376040f6cbc489682ebdd8524852\"},\"breadcrumb\":{\"@id\":\"https:\/\/diarioabcdemichoacan.com.mx\/lasnoticias\/gobierno-de-morelia-impulsa-jornada-ciudadana-de-limpieza-en-villas-de-la-loma\/#breadcrumb\"},\"inLanguage\":\"es\",\"potentialAction\":[{\"@type\":\"ReadAction\",\"target\":[\"https:\/\/diarioabcdemichoacan.com.mx\/lasnoticias\/gobierno-de-morelia-impulsa-jornada-ciudadana-de-limpieza-en-villas-de-la-loma\/\"]}]},{\"@type\":\"ImageObject\",\"inLanguage\":\"es\",\"@id\":\"https:\/\/diarioabcdemichoacan.com.mx\/lasnoticias\/gobierno-de-morelia-impulsa-jornada-ciudadana-de-limpieza-en-villas-de-la-loma\/#primaryimage\",\"url\":\"https:\/\/diarioabcdemichoacan.com.mx\/lasnoticias\/wp-content\/uploads\/2025\/11\/Imagen-de-WhatsApp-2025-11-22-a-las-15.19.51_9cbd12d4.jpg\",\"contentUrl\":\"https:\/\/diarioabcdemichoacan.com.mx\/lasnoticias\/wp-content\/uploads\/2025\/11\/Imagen-de-WhatsApp-2025-11-22-a-las-15.19.51_9cbd12d4.jpg\",\"width\":1599,\"height\":899},{\"@type\":\"BreadcrumbList\",\"@id\":\"https:\/\/diarioabcdemichoacan.com.mx\/lasnoticias\/gobierno-de-morelia-impulsa-jornada-ciudadana-de-limpieza-en-villas-de-la-loma\/#breadcrumb\",\"itemListElement\":[{\"@type\":\"ListItem\",\"position\":1,\"name\":\"Portada\",\"item\":\"https:\/\/diarioabcdemichoacan.com.mx\/lasnoticias\/\"},{\"@type\":\"ListItem\",\"position\":2,\"name\":\"Gobierno de Morelia impulsa jornada ciudadana de limpieza en Villas de la Loma\"}]},{\"@type\":\"WebSite\",\"@id\":\"https:\/\/diarioabcdemichoacan.com.mx\/lasnoticias\/#website\",\"url\":\"https:\/\/diarioabcdemichoacan.com.mx\/lasnoticias\/\",\"name\":\"Diario ABC de Michoac\u00e1n\",\"description\":\"Las noticias al momento\",\"potentialAction\":[{\"@type\":\"SearchAction\",\"target\":{\"@type\":\"EntryPoint\",\"urlTemplate\":\"https:\/\/diarioabcdemichoacan.com.mx\/lasnoticias\/?s={search_term_string}\"},\"query-input\":{\"@type\":\"PropertyValueSpecification\",\"valueRequired\":true,\"valueName\":\"search_term_string\"}}],\"inLanguage\":\"es\"},{\"@type\":\"Person\",\"@id\":\"https:\/\/diarioabcdemichoacan.com.mx\/lasnoticias\/#\/schema\/person\/19ae376040f6cbc489682ebdd8524852\",\"name\":\"AR\",\"image\":{\"@type\":\"ImageObject\",\"inLanguage\":\"es\",\"@id\":\"https:\/\/diarioabcdemichoacan.com.mx\/lasnoticias\/#\/schema\/person\/image\/\",\"url\":\"https:\/\/secure.gravatar.com\/avatar\/44eca2ff970262234e20e1e082872af0?s=96&d=mm&r=g\",\"contentUrl\":\"https:\/\/secure.gravatar.com\/avatar\/44eca2ff970262234e20e1e082872af0?s=96&d=mm&r=g\",\"caption\":\"AR\"},\"url\":\"https:\/\/diarioabcdemichoacan.com.mx\/lasnoticias\/author\/adrian\/\"}]}<\/script>\n<!-- \/ Yoast SEO plugin. -->","yoast_head_json":{"title":"Gobierno de Morelia impulsa jornada ciudadana de limpieza en Villas de la Loma - Diario ABC de Michoac\u00e1n","robots":{"index":"index","follow":"follow","max-snippet":"max-snippet:-1","max-image-preview":"max-image-preview:large","max-video-preview":"max-video-preview:-1"},"canonical":"https:\/\/diarioabcdemichoacan.com.mx\/lasnoticias\/gobierno-de-morelia-impulsa-jornada-ciudadana-de-limpieza-en-villas-de-la-loma\/","og_locale":"es_ES","og_type":"article","og_title":"Gobierno de Morelia impulsa jornada ciudadana de limpieza en Villas de la Loma - Diario ABC de Michoac\u00e1n","og_description":"Vecinas y vecinos participaron activamente en las labores de mantenimiento integral del fraccionamiento &nbsp; Morelia, Mich.- El Gobierno de Morelia, a trav\u00e9s de la Secretar\u00eda de Servicios P\u00fablicos, encabez\u00f3 este s\u00e1bado una jornada ciudadana de limpieza en el Fraccionamiento Villas de la Loma, al poniente de la ciudad, con el objetivo de fortalecer entornos seguros, [&hellip;]","og_url":"https:\/\/diarioabcdemichoacan.com.mx\/lasnoticias\/gobierno-de-morelia-impulsa-jornada-ciudadana-de-limpieza-en-villas-de-la-loma\/","og_site_name":"Diario ABC de Michoac\u00e1n","article_published_time":"2025-11-24T18:48:00+00:00","og_image":[{"width":1599,"height":899,"url":"https:\/\/diarioabcdemichoacan.com.mx\/lasnoticias\/wp-content\/uploads\/2025\/11\/Imagen-de-WhatsApp-2025-11-22-a-las-15.19.51_9cbd12d4.jpg","type":"image\/jpeg"}],"author":"AR","twitter_card":"summary_large_image","twitter_misc":{"Escrito por":"AR","Tiempo de lectura":"2 minutos"},"schema":{"@context":"https:\/\/schema.org","@graph":[{"@type":"WebPage","@id":"https:\/\/diarioabcdemichoacan.com.mx\/lasnoticias\/gobierno-de-morelia-impulsa-jornada-ciudadana-de-limpieza-en-villas-de-la-loma\/","url":"https:\/\/diarioabcdemichoacan.com.mx\/lasnoticias\/gobierno-de-morelia-impulsa-jornada-ciudadana-de-limpieza-en-villas-de-la-loma\/","name":"Gobierno de Morelia impulsa jornada ciudadana de limpieza en Villas de la Loma - Diario ABC de Michoac\u00e1n","isPartOf":{"@id":"https:\/\/diarioabcdemichoacan.com.mx\/lasnoticias\/#website"},"primaryImageOfPage":{"@id":"https:\/\/diarioabcdemichoacan.com.mx\/lasnoticias\/gobierno-de-morelia-impulsa-jornada-ciudadana-de-limpieza-en-villas-de-la-loma\/#primaryimage"},"image":{"@id":"https:\/\/diarioabcdemichoacan.com.mx\/lasnoticias\/gobierno-de-morelia-impulsa-jornada-ciudadana-de-limpieza-en-villas-de-la-loma\/#primaryimage"},"thumbnailUrl":"https:\/\/diarioabcdemichoacan.com.mx\/lasnoticias\/wp-content\/uploads\/2025\/11\/Imagen-de-WhatsApp-2025-11-22-a-las-15.19.51_9cbd12d4.jpg","datePublished":"2025-11-24T18:48:00+00:00","dateModified":"2025-11-24T18:48:00+00:00","author":{"@id":"https:\/\/diarioabcdemichoacan.com.mx\/lasnoticias\/#\/schema\/person\/19ae376040f6cbc489682ebdd8524852"},"breadcrumb":{"@id":"https:\/\/diarioabcdemichoacan.com.mx\/lasnoticias\/gobierno-de-morelia-impulsa-jornada-ciudadana-de-limpieza-en-villas-de-la-loma\/#breadcrumb"},"inLanguage":"es","potentialAction":[{"@type":"ReadAction","target":["https:\/\/diarioabcdemichoacan.com.mx\/lasnoticias\/gobierno-de-morelia-impulsa-jornada-ciudadana-de-limpieza-en-villas-de-la-loma\/"]}]},{"@type":"ImageObject","inLanguage":"es","@id":"https:\/\/diarioabcdemichoacan.com.mx\/lasnoticias\/gobierno-de-morelia-impulsa-jornada-ciudadana-de-limpieza-en-villas-de-la-loma\/#primaryimage","url":"https:\/\/diarioabcdemichoacan.com.mx\/lasnoticias\/wp-content\/uploads\/2025\/11\/Imagen-de-WhatsApp-2025-11-22-a-las-15.19.51_9cbd12d4.jpg","contentUrl":"https:\/\/diarioabcdemichoacan.com.mx\/lasnoticias\/wp-content\/uploads\/2025\/11\/Imagen-de-WhatsApp-2025-11-22-a-las-15.19.51_9cbd12d4.jpg","width":1599,"height":899},{"@type":"BreadcrumbList","@id":"https:\/\/diarioabcdemichoacan.com.mx\/lasnoticias\/gobierno-de-morelia-impulsa-jornada-ciudadana-de-limpieza-en-villas-de-la-loma\/#breadcrumb","itemListElement":[{"@type":"ListItem","position":1,"name":"Portada","item":"https:\/\/diarioabcdemichoacan.com.mx\/lasnoticias\/"},{"@type":"ListItem","position":2,"name":"Gobierno de Morelia impulsa jornada ciudadana de limpieza en Villas de la Loma"}]},{"@type":"WebSite","@id":"https:\/\/diarioabcdemichoacan.com.mx\/lasnoticias\/#website","url":"https:\/\/diarioabcdemichoacan.com.mx\/lasnoticias\/","name":"Diario ABC de Michoac\u00e1n","description":"Las noticias al momento","potentialAction":[{"@type":"SearchAction","target":{"@type":"EntryPoint","urlTemplate":"https:\/\/diarioabcdemichoacan.com.mx\/lasnoticias\/?s={search_term_string}"},"query-input":{"@type":"PropertyValueSpecification","valueRequired":true,"valueName":"search_term_string"}}],"inLanguage":"es"},{"@type":"Person","@id":"https:\/\/diarioabcdemichoacan.com.mx\/lasnoticias\/#\/schema\/person\/19ae376040f6cbc489682ebdd8524852","name":"AR","image":{"@type":"ImageObject","inLanguage":"es","@id":"https:\/\/diarioabcdemichoacan.com.mx\/lasnoticias\/#\/schema\/person\/image\/","url":"https:\/\/secure.gravatar.com\/avatar\/44eca2ff970262234e20e1e082872af0?s=96&d=mm&r=g","contentUrl":"https:\/\/secure.gravatar.com\/avatar\/44eca2ff970262234e20e1e082872af0?s=96&d=mm&r=g","caption":"AR"},"url":"https:\/\/diarioabcdemichoacan.com.mx\/lasnoticias\/author\/adrian\/"}]}},"_links":{"self":[{"href":"https:\/\/diarioabcdemichoacan.com.mx\/lasnoticias\/wp-json\/wp\/v2\/posts\/72472","targetHints":{"allow":["GET"]}}],"collection":[{"href":"https:\/\/diarioabcdemichoacan.com.mx\/lasnoticias\/wp-json\/wp\/v2\/posts"}],"about":[{"href":"https:\/\/diarioabcdemichoacan.com.mx\/lasnoticias\/wp-json\/wp\/v2\/types\/post"}],"author":[{"embeddable":true,"href":"https:\/\/diarioabcdemichoacan.com.mx\/lasnoticias\/wp-json\/wp\/v2\/users\/9"}],"replies":[{"embeddable":true,"href":"https:\/\/diarioabcdemichoacan.com.mx\/lasnoticias\/wp-json\/wp\/v2\/comments?post=72472"}],"version-history":[{"count":1,"href":"https:\/\/diarioabcdemichoacan.com.mx\/lasnoticias\/wp-json\/wp\/v2\/posts\/72472\/revisions"}],"predecessor-version":[{"id":72474,"href":"https:\/\/diarioabcdemichoacan.com.mx\/lasnoticias\/wp-json\/wp\/v2\/posts\/72472\/revisions\/72474"}],"wp:featuredmedia":[{"embeddable":true,"href":"https:\/\/diarioabcdemichoacan.com.mx\/lasnoticias\/wp-json\/wp\/v2\/media\/72473"}],"wp:attachment":[{"href":"https:\/\/diarioabcdemichoacan.com.mx\/lasnoticias\/wp-json\/wp\/v2\/media?parent=72472"}],"wp:term":[{"taxonomy":"category","embeddable":true,"href":"https:\/\/diarioabcdemichoacan.com.mx\/lasnoticias\/wp-json\/wp\/v2\/categories?post=72472"},{"taxonomy":"post_tag","embeddable":true,"href":"https:\/\/diarioabcdemichoacan.com.mx\/lasnoticias\/wp-json\/wp\/v2\/tags?post=72472"}],"curies":[{"name":"wp","href":"https:\/\/api.w.org\/{rel}","templated":true}]}}