{"id":72493,"date":"2025-11-24T12:56:45","date_gmt":"2025-11-24T18:56:45","guid":{"rendered":"https:\/\/diarioabcdemichoacan.com.mx\/lasnoticias\/?p=72493"},"modified":"2025-11-24T12:56:45","modified_gmt":"2025-11-24T18:56:45","slug":"triunfal-presentacion-de-la-filarmonica-joven-de-colombia","status":"publish","type":"post","link":"https:\/\/diarioabcdemichoacan.com.mx\/lasnoticias\/triunfal-presentacion-de-la-filarmonica-joven-de-colombia\/","title":{"rendered":"Triunfal presentaci\u00f3n de la Filarm\u00f3nica Joven de Colombia"},"content":{"rendered":"<h2>Aplauso interminable del p\u00fablico al cierre del 37 FMM.<\/h2>\n<p>&nbsp;<\/p>\n<h6>Por Sara\u00ed RAngel<\/h6>\n<hr \/>\n<p>Morelia, Mich.- En su primera visita a nuestro pa\u00eds, la Filarm\u00f3nica Joven de Colombia se llev\u00f3 las palmas del p\u00fablico moreliano al cierre de la edici\u00f3n 37 del Festival de M\u00fasica de Morelia \u00abMiguel Bernal Jim\u00e9nez\u00bb.<\/p>\n<p>Bajo la direcci\u00f3n de Juan Felipe Molano, la orquesta, m\u00e1s que un concierto de c\u00e1mara, nos obsequi\u00f3 un performance de arte contempor\u00e1neo, al incorporar a las notas, movimientos corporales que rompieron con la solemnidad habitual de este tipo de espect\u00e1culos culturales.<\/p>\n<p>Obras del siglo XX, resonaron con fuerza, en el Teatro Mariano Matamoros, autor\u00eda de compositores como Jimmy L\u00f3pez, Amparo \u00c1ngel, y Dmitri Shostakovich.<\/p>\n<p>En el caso de Amparo \u00c1ngel, se trat\u00f3 del estreno mundial de su Concierto para violonchelo, en 3 movimientos con la participaci\u00f3n solista del violonchelista colombiano Santiago Ca\u00f1\u00f3n.<\/p>\n<p>La ejecuci\u00f3n de la Sinfon\u00eda No. 5, op. 47 en re menor, le vali\u00f3 la ovaci\u00f3n de pie de los asistentes, unidos en un apluso que se sinti\u00f3 inacabable.<\/p>\n<p>Cabe destacar que Creada en 2010 por la Fundaci\u00f3n Bol\u00edvar Davivienda, la Filarm\u00f3nica<br \/>\nJoven de Colombia se ha consolidado como un \u00edcono musical y<br \/>\nsocial en Am\u00e9rica Latina. Ha ofrecido m\u00e1s de 100 conciertos en<br \/>\nColombia, Brasil y EE. UU., con giras y alianzas con instituciones<br \/>\ncomo la Sinf\u00f3nica de Houston, la YOA, la Filarm\u00f3nica de Viena y la<br \/>\nMahler Chamber Orchestra, reafirmando su compromiso con la<br \/>\nexcelencia art\u00edstica y la transformaci\u00f3n juvenil.<\/p>\n","protected":false},"excerpt":{"rendered":"<p>Aplauso interminable del p\u00fablico al cierre del 37 FMM. &nbsp; Por Sara\u00ed RAngel Morelia, Mich.- En su primera visita a nuestro pa\u00eds, la Filarm\u00f3nica Joven de Colombia se llev\u00f3 las palmas del p\u00fablico moreliano al cierre de la edici\u00f3n 37 del Festival de M\u00fasica de Morelia \u00abMiguel Bernal Jim\u00e9nez\u00bb. Bajo la direcci\u00f3n de Juan Felipe [&hellip;]<\/p>\n","protected":false},"author":9,"featured_media":72494,"comment_status":"closed","ping_status":"closed","sticky":false,"template":"","format":"standard","meta":{"footnotes":""},"categories":[8,27,37],"tags":[],"class_list":{"0":"post-72493","1":"post","2":"type-post","3":"status-publish","4":"format-standard","5":"has-post-thumbnail","7":"category-cultura","8":"category-slider","9":"category-turismo"},"yoast_head":"<!-- This site is optimized with the Yoast SEO plugin v24.0 - https:\/\/yoast.com\/wordpress\/plugins\/seo\/ -->\n<title>Triunfal presentaci\u00f3n de la Filarm\u00f3nica Joven de Colombia - Diario ABC de Michoac\u00e1n<\/title>\n<meta name=\"robots\" content=\"index, follow, max-snippet:-1, max-image-preview:large, max-video-preview:-1\" \/>\n<link rel=\"canonical\" href=\"https:\/\/diarioabcdemichoacan.com.mx\/lasnoticias\/triunfal-presentacion-de-la-filarmonica-joven-de-colombia\/\" \/>\n<meta property=\"og:locale\" content=\"es_ES\" \/>\n<meta property=\"og:type\" content=\"article\" \/>\n<meta property=\"og:title\" content=\"Triunfal presentaci\u00f3n de la Filarm\u00f3nica Joven de Colombia - Diario ABC de Michoac\u00e1n\" \/>\n<meta property=\"og:description\" content=\"Aplauso interminable del p\u00fablico al cierre del 37 FMM. &nbsp; Por Sara\u00ed RAngel Morelia, Mich.- En su primera visita a nuestro pa\u00eds, la Filarm\u00f3nica Joven de Colombia se llev\u00f3 las palmas del p\u00fablico moreliano al cierre de la edici\u00f3n 37 del Festival de M\u00fasica de Morelia \u00abMiguel Bernal Jim\u00e9nez\u00bb. Bajo la direcci\u00f3n de Juan Felipe [&hellip;]\" \/>\n<meta property=\"og:url\" content=\"https:\/\/diarioabcdemichoacan.com.mx\/lasnoticias\/triunfal-presentacion-de-la-filarmonica-joven-de-colombia\/\" \/>\n<meta property=\"og:site_name\" content=\"Diario ABC de Michoac\u00e1n\" \/>\n<meta property=\"article:published_time\" content=\"2025-11-24T18:56:45+00:00\" \/>\n<meta property=\"og:image\" content=\"https:\/\/diarioabcdemichoacan.com.mx\/lasnoticias\/wp-content\/uploads\/2025\/11\/Imagen-de-WhatsApp-2025-11-22-a-las-22.54.47_5ef2a617.jpg\" \/>\n\t<meta property=\"og:image:width\" content=\"1600\" \/>\n\t<meta property=\"og:image:height\" content=\"807\" \/>\n\t<meta property=\"og:image:type\" content=\"image\/jpeg\" \/>\n<meta name=\"author\" content=\"AR\" \/>\n<meta name=\"twitter:card\" content=\"summary_large_image\" \/>\n<meta name=\"twitter:label1\" content=\"Escrito por\" \/>\n\t<meta name=\"twitter:data1\" content=\"AR\" \/>\n\t<meta name=\"twitter:label2\" content=\"Tiempo de lectura\" \/>\n\t<meta name=\"twitter:data2\" content=\"2 minutos\" \/>\n<script type=\"application\/ld+json\" class=\"yoast-schema-graph\">{\"@context\":\"https:\/\/schema.org\",\"@graph\":[{\"@type\":\"WebPage\",\"@id\":\"https:\/\/diarioabcdemichoacan.com.mx\/lasnoticias\/triunfal-presentacion-de-la-filarmonica-joven-de-colombia\/\",\"url\":\"https:\/\/diarioabcdemichoacan.com.mx\/lasnoticias\/triunfal-presentacion-de-la-filarmonica-joven-de-colombia\/\",\"name\":\"Triunfal presentaci\u00f3n de la Filarm\u00f3nica Joven de Colombia - Diario ABC de Michoac\u00e1n\",\"isPartOf\":{\"@id\":\"https:\/\/diarioabcdemichoacan.com.mx\/lasnoticias\/#website\"},\"primaryImageOfPage\":{\"@id\":\"https:\/\/diarioabcdemichoacan.com.mx\/lasnoticias\/triunfal-presentacion-de-la-filarmonica-joven-de-colombia\/#primaryimage\"},\"image\":{\"@id\":\"https:\/\/diarioabcdemichoacan.com.mx\/lasnoticias\/triunfal-presentacion-de-la-filarmonica-joven-de-colombia\/#primaryimage\"},\"thumbnailUrl\":\"https:\/\/diarioabcdemichoacan.com.mx\/lasnoticias\/wp-content\/uploads\/2025\/11\/Imagen-de-WhatsApp-2025-11-22-a-las-22.54.47_5ef2a617.jpg\",\"datePublished\":\"2025-11-24T18:56:45+00:00\",\"dateModified\":\"2025-11-24T18:56:45+00:00\",\"author\":{\"@id\":\"https:\/\/diarioabcdemichoacan.com.mx\/lasnoticias\/#\/schema\/person\/19ae376040f6cbc489682ebdd8524852\"},\"breadcrumb\":{\"@id\":\"https:\/\/diarioabcdemichoacan.com.mx\/lasnoticias\/triunfal-presentacion-de-la-filarmonica-joven-de-colombia\/#breadcrumb\"},\"inLanguage\":\"es\",\"potentialAction\":[{\"@type\":\"ReadAction\",\"target\":[\"https:\/\/diarioabcdemichoacan.com.mx\/lasnoticias\/triunfal-presentacion-de-la-filarmonica-joven-de-colombia\/\"]}]},{\"@type\":\"ImageObject\",\"inLanguage\":\"es\",\"@id\":\"https:\/\/diarioabcdemichoacan.com.mx\/lasnoticias\/triunfal-presentacion-de-la-filarmonica-joven-de-colombia\/#primaryimage\",\"url\":\"https:\/\/diarioabcdemichoacan.com.mx\/lasnoticias\/wp-content\/uploads\/2025\/11\/Imagen-de-WhatsApp-2025-11-22-a-las-22.54.47_5ef2a617.jpg\",\"contentUrl\":\"https:\/\/diarioabcdemichoacan.com.mx\/lasnoticias\/wp-content\/uploads\/2025\/11\/Imagen-de-WhatsApp-2025-11-22-a-las-22.54.47_5ef2a617.jpg\",\"width\":1600,\"height\":807},{\"@type\":\"BreadcrumbList\",\"@id\":\"https:\/\/diarioabcdemichoacan.com.mx\/lasnoticias\/triunfal-presentacion-de-la-filarmonica-joven-de-colombia\/#breadcrumb\",\"itemListElement\":[{\"@type\":\"ListItem\",\"position\":1,\"name\":\"Portada\",\"item\":\"https:\/\/diarioabcdemichoacan.com.mx\/lasnoticias\/\"},{\"@type\":\"ListItem\",\"position\":2,\"name\":\"Triunfal presentaci\u00f3n de la Filarm\u00f3nica Joven de Colombia\"}]},{\"@type\":\"WebSite\",\"@id\":\"https:\/\/diarioabcdemichoacan.com.mx\/lasnoticias\/#website\",\"url\":\"https:\/\/diarioabcdemichoacan.com.mx\/lasnoticias\/\",\"name\":\"Diario ABC de Michoac\u00e1n\",\"description\":\"Las noticias al momento\",\"potentialAction\":[{\"@type\":\"SearchAction\",\"target\":{\"@type\":\"EntryPoint\",\"urlTemplate\":\"https:\/\/diarioabcdemichoacan.com.mx\/lasnoticias\/?s={search_term_string}\"},\"query-input\":{\"@type\":\"PropertyValueSpecification\",\"valueRequired\":true,\"valueName\":\"search_term_string\"}}],\"inLanguage\":\"es\"},{\"@type\":\"Person\",\"@id\":\"https:\/\/diarioabcdemichoacan.com.mx\/lasnoticias\/#\/schema\/person\/19ae376040f6cbc489682ebdd8524852\",\"name\":\"AR\",\"image\":{\"@type\":\"ImageObject\",\"inLanguage\":\"es\",\"@id\":\"https:\/\/diarioabcdemichoacan.com.mx\/lasnoticias\/#\/schema\/person\/image\/\",\"url\":\"https:\/\/secure.gravatar.com\/avatar\/44eca2ff970262234e20e1e082872af0?s=96&d=mm&r=g\",\"contentUrl\":\"https:\/\/secure.gravatar.com\/avatar\/44eca2ff970262234e20e1e082872af0?s=96&d=mm&r=g\",\"caption\":\"AR\"},\"url\":\"https:\/\/diarioabcdemichoacan.com.mx\/lasnoticias\/author\/adrian\/\"}]}<\/script>\n<!-- \/ Yoast SEO plugin. -->","yoast_head_json":{"title":"Triunfal presentaci\u00f3n de la Filarm\u00f3nica Joven de Colombia - Diario ABC de Michoac\u00e1n","robots":{"index":"index","follow":"follow","max-snippet":"max-snippet:-1","max-image-preview":"max-image-preview:large","max-video-preview":"max-video-preview:-1"},"canonical":"https:\/\/diarioabcdemichoacan.com.mx\/lasnoticias\/triunfal-presentacion-de-la-filarmonica-joven-de-colombia\/","og_locale":"es_ES","og_type":"article","og_title":"Triunfal presentaci\u00f3n de la Filarm\u00f3nica Joven de Colombia - Diario ABC de Michoac\u00e1n","og_description":"Aplauso interminable del p\u00fablico al cierre del 37 FMM. &nbsp; Por Sara\u00ed RAngel Morelia, Mich.- En su primera visita a nuestro pa\u00eds, la Filarm\u00f3nica Joven de Colombia se llev\u00f3 las palmas del p\u00fablico moreliano al cierre de la edici\u00f3n 37 del Festival de M\u00fasica de Morelia \u00abMiguel Bernal Jim\u00e9nez\u00bb. Bajo la direcci\u00f3n de Juan Felipe [&hellip;]","og_url":"https:\/\/diarioabcdemichoacan.com.mx\/lasnoticias\/triunfal-presentacion-de-la-filarmonica-joven-de-colombia\/","og_site_name":"Diario ABC de Michoac\u00e1n","article_published_time":"2025-11-24T18:56:45+00:00","og_image":[{"width":1600,"height":807,"url":"https:\/\/diarioabcdemichoacan.com.mx\/lasnoticias\/wp-content\/uploads\/2025\/11\/Imagen-de-WhatsApp-2025-11-22-a-las-22.54.47_5ef2a617.jpg","type":"image\/jpeg"}],"author":"AR","twitter_card":"summary_large_image","twitter_misc":{"Escrito por":"AR","Tiempo de lectura":"2 minutos"},"schema":{"@context":"https:\/\/schema.org","@graph":[{"@type":"WebPage","@id":"https:\/\/diarioabcdemichoacan.com.mx\/lasnoticias\/triunfal-presentacion-de-la-filarmonica-joven-de-colombia\/","url":"https:\/\/diarioabcdemichoacan.com.mx\/lasnoticias\/triunfal-presentacion-de-la-filarmonica-joven-de-colombia\/","name":"Triunfal presentaci\u00f3n de la Filarm\u00f3nica Joven de Colombia - Diario ABC de Michoac\u00e1n","isPartOf":{"@id":"https:\/\/diarioabcdemichoacan.com.mx\/lasnoticias\/#website"},"primaryImageOfPage":{"@id":"https:\/\/diarioabcdemichoacan.com.mx\/lasnoticias\/triunfal-presentacion-de-la-filarmonica-joven-de-colombia\/#primaryimage"},"image":{"@id":"https:\/\/diarioabcdemichoacan.com.mx\/lasnoticias\/triunfal-presentacion-de-la-filarmonica-joven-de-colombia\/#primaryimage"},"thumbnailUrl":"https:\/\/diarioabcdemichoacan.com.mx\/lasnoticias\/wp-content\/uploads\/2025\/11\/Imagen-de-WhatsApp-2025-11-22-a-las-22.54.47_5ef2a617.jpg","datePublished":"2025-11-24T18:56:45+00:00","dateModified":"2025-11-24T18:56:45+00:00","author":{"@id":"https:\/\/diarioabcdemichoacan.com.mx\/lasnoticias\/#\/schema\/person\/19ae376040f6cbc489682ebdd8524852"},"breadcrumb":{"@id":"https:\/\/diarioabcdemichoacan.com.mx\/lasnoticias\/triunfal-presentacion-de-la-filarmonica-joven-de-colombia\/#breadcrumb"},"inLanguage":"es","potentialAction":[{"@type":"ReadAction","target":["https:\/\/diarioabcdemichoacan.com.mx\/lasnoticias\/triunfal-presentacion-de-la-filarmonica-joven-de-colombia\/"]}]},{"@type":"ImageObject","inLanguage":"es","@id":"https:\/\/diarioabcdemichoacan.com.mx\/lasnoticias\/triunfal-presentacion-de-la-filarmonica-joven-de-colombia\/#primaryimage","url":"https:\/\/diarioabcdemichoacan.com.mx\/lasnoticias\/wp-content\/uploads\/2025\/11\/Imagen-de-WhatsApp-2025-11-22-a-las-22.54.47_5ef2a617.jpg","contentUrl":"https:\/\/diarioabcdemichoacan.com.mx\/lasnoticias\/wp-content\/uploads\/2025\/11\/Imagen-de-WhatsApp-2025-11-22-a-las-22.54.47_5ef2a617.jpg","width":1600,"height":807},{"@type":"BreadcrumbList","@id":"https:\/\/diarioabcdemichoacan.com.mx\/lasnoticias\/triunfal-presentacion-de-la-filarmonica-joven-de-colombia\/#breadcrumb","itemListElement":[{"@type":"ListItem","position":1,"name":"Portada","item":"https:\/\/diarioabcdemichoacan.com.mx\/lasnoticias\/"},{"@type":"ListItem","position":2,"name":"Triunfal presentaci\u00f3n de la Filarm\u00f3nica Joven de Colombia"}]},{"@type":"WebSite","@id":"https:\/\/diarioabcdemichoacan.com.mx\/lasnoticias\/#website","url":"https:\/\/diarioabcdemichoacan.com.mx\/lasnoticias\/","name":"Diario ABC de Michoac\u00e1n","description":"Las noticias al momento","potentialAction":[{"@type":"SearchAction","target":{"@type":"EntryPoint","urlTemplate":"https:\/\/diarioabcdemichoacan.com.mx\/lasnoticias\/?s={search_term_string}"},"query-input":{"@type":"PropertyValueSpecification","valueRequired":true,"valueName":"search_term_string"}}],"inLanguage":"es"},{"@type":"Person","@id":"https:\/\/diarioabcdemichoacan.com.mx\/lasnoticias\/#\/schema\/person\/19ae376040f6cbc489682ebdd8524852","name":"AR","image":{"@type":"ImageObject","inLanguage":"es","@id":"https:\/\/diarioabcdemichoacan.com.mx\/lasnoticias\/#\/schema\/person\/image\/","url":"https:\/\/secure.gravatar.com\/avatar\/44eca2ff970262234e20e1e082872af0?s=96&d=mm&r=g","contentUrl":"https:\/\/secure.gravatar.com\/avatar\/44eca2ff970262234e20e1e082872af0?s=96&d=mm&r=g","caption":"AR"},"url":"https:\/\/diarioabcdemichoacan.com.mx\/lasnoticias\/author\/adrian\/"}]}},"_links":{"self":[{"href":"https:\/\/diarioabcdemichoacan.com.mx\/lasnoticias\/wp-json\/wp\/v2\/posts\/72493","targetHints":{"allow":["GET"]}}],"collection":[{"href":"https:\/\/diarioabcdemichoacan.com.mx\/lasnoticias\/wp-json\/wp\/v2\/posts"}],"about":[{"href":"https:\/\/diarioabcdemichoacan.com.mx\/lasnoticias\/wp-json\/wp\/v2\/types\/post"}],"author":[{"embeddable":true,"href":"https:\/\/diarioabcdemichoacan.com.mx\/lasnoticias\/wp-json\/wp\/v2\/users\/9"}],"replies":[{"embeddable":true,"href":"https:\/\/diarioabcdemichoacan.com.mx\/lasnoticias\/wp-json\/wp\/v2\/comments?post=72493"}],"version-history":[{"count":1,"href":"https:\/\/diarioabcdemichoacan.com.mx\/lasnoticias\/wp-json\/wp\/v2\/posts\/72493\/revisions"}],"predecessor-version":[{"id":72495,"href":"https:\/\/diarioabcdemichoacan.com.mx\/lasnoticias\/wp-json\/wp\/v2\/posts\/72493\/revisions\/72495"}],"wp:featuredmedia":[{"embeddable":true,"href":"https:\/\/diarioabcdemichoacan.com.mx\/lasnoticias\/wp-json\/wp\/v2\/media\/72494"}],"wp:attachment":[{"href":"https:\/\/diarioabcdemichoacan.com.mx\/lasnoticias\/wp-json\/wp\/v2\/media?parent=72493"}],"wp:term":[{"taxonomy":"category","embeddable":true,"href":"https:\/\/diarioabcdemichoacan.com.mx\/lasnoticias\/wp-json\/wp\/v2\/categories?post=72493"},{"taxonomy":"post_tag","embeddable":true,"href":"https:\/\/diarioabcdemichoacan.com.mx\/lasnoticias\/wp-json\/wp\/v2\/tags?post=72493"}],"curies":[{"name":"wp","href":"https:\/\/api.w.org\/{rel}","templated":true}]}}