{"id":72551,"date":"2025-11-24T14:26:23","date_gmt":"2025-11-24T20:26:23","guid":{"rendered":"https:\/\/diarioabcdemichoacan.com.mx\/lasnoticias\/?p=72551"},"modified":"2025-11-24T14:26:23","modified_gmt":"2025-11-24T20:26:23","slug":"plan-michoacan-prioriza-modernizacion-del-puerto-de-lazaro-cardenas-para-impulsar-comercio","status":"publish","type":"post","link":"https:\/\/diarioabcdemichoacan.com.mx\/lasnoticias\/plan-michoacan-prioriza-modernizacion-del-puerto-de-lazaro-cardenas-para-impulsar-comercio\/","title":{"rendered":"Plan Michoac\u00e1n prioriza modernizaci\u00f3n del Puerto de L\u00e1zaro C\u00e1rdenas para impulsar comercio"},"content":{"rendered":"<h2>Ser\u00e1 el punto de salida de mercanc\u00edas para los nuevos polos econ\u00f3micos del Baj\u00edo y Uruapan<\/h2>\n<p>&nbsp;<\/p>\n<hr \/>\n<p>Morelia, Mich.- El Puerto de L\u00e1zaro C\u00e1rdenas fue incorporado como una prioridad dentro del Plan Michoac\u00e1n, al reconocerlo como una pieza estrat\u00e9gica para ampliar la capacidad de exportaci\u00f3n y fortalecer las cadenas productivas del estado, as\u00ed como el comercio internacional, indic\u00f3 el titular de la Secretar\u00eda de Desarrollo Econ\u00f3mico (Sedeco), Claudio M\u00e9ndez Fern\u00e1ndez.<\/p>\n<p>El secretario explic\u00f3 que, dentro de las primeras mesas t\u00e9cnicas del plan, se acord\u00f3 trabajar en una ruta de modernizaci\u00f3n y ampliaci\u00f3n de capacidades del puerto, especialmente en los servicios vinculados al movimiento de contenedores.<\/p>\n<p>\u201cL\u00e1zaro C\u00e1rdenas es un punto clave del comercio exterior de M\u00e9xico. Incluir su modernizaci\u00f3n como una prioridad del Plan Michoac\u00e1n nos permite ordenar el trabajo con el Gobierno de M\u00e9xico y el sector privado para mejorar tiempos log\u00edsticos y condiciones de exportaci\u00f3n\u201d, se\u00f1al\u00f3 el titular de Sedeco.<\/p>\n<p>Detall\u00f3 que la modernizaci\u00f3n del puerto no se limita a obra f\u00edsica, sino a un conjunto de decisiones de planeaci\u00f3n, procesos y fortalecimiento operativo que permitir\u00e1n atender de mejor manera la demanda creciente de sectores industriales y agroalimentarios.<\/p>\n<p>El funcionario explic\u00f3 que esta visi\u00f3n se enlaza con los proyectos de nuevos polos econ\u00f3micos en el Baj\u00edo y Uruapan, ya que el puerto ser\u00e1 el punto de salida de mercanc\u00edas en esas regiones. \u201cLas pol\u00edticas econ\u00f3micas del plan est\u00e1n pensadas para conectar a las empresas con mercados globales; por eso el puerto es fundamental en la estrategia\u201d, a\u00f1adi\u00f3.<\/p>\n<p>Reiter\u00f3 que Sedeco continuar\u00e1 con reuniones t\u00e9cnicas con autoridades federales y los operadores portuarios para definir los calendarios y alcances de esta ruta de fortalecimiento portuario dentro del Plan Michoac\u00e1n.<\/p>\n","protected":false},"excerpt":{"rendered":"<p>Ser\u00e1 el punto de salida de mercanc\u00edas para los nuevos polos econ\u00f3micos del Baj\u00edo y Uruapan &nbsp; Morelia, Mich.- El Puerto de L\u00e1zaro C\u00e1rdenas fue incorporado como una prioridad dentro del Plan Michoac\u00e1n, al reconocerlo como una pieza estrat\u00e9gica para ampliar la capacidad de exportaci\u00f3n y fortalecer las cadenas productivas del estado, as\u00ed como el [&hellip;]<\/p>\n","protected":false},"author":9,"featured_media":72552,"comment_status":"closed","ping_status":"closed","sticky":false,"template":"","format":"standard","meta":{"footnotes":""},"categories":[31,10,17,27],"tags":[],"class_list":{"0":"post-72551","1":"post","2":"type-post","3":"status-publish","4":"format-standard","5":"has-post-thumbnail","7":"category-economia-y-capital-humano","8":"category-estado","9":"category-gobierno-de-michoacan","10":"category-slider"},"yoast_head":"<!-- This site is optimized with the Yoast SEO plugin v24.0 - https:\/\/yoast.com\/wordpress\/plugins\/seo\/ -->\n<title>Plan Michoac\u00e1n prioriza modernizaci\u00f3n del Puerto de L\u00e1zaro C\u00e1rdenas para impulsar comercio - Diario ABC de Michoac\u00e1n<\/title>\n<meta name=\"robots\" content=\"index, follow, max-snippet:-1, max-image-preview:large, max-video-preview:-1\" \/>\n<link rel=\"canonical\" href=\"https:\/\/diarioabcdemichoacan.com.mx\/lasnoticias\/plan-michoacan-prioriza-modernizacion-del-puerto-de-lazaro-cardenas-para-impulsar-comercio\/\" \/>\n<meta property=\"og:locale\" content=\"es_ES\" \/>\n<meta property=\"og:type\" content=\"article\" \/>\n<meta property=\"og:title\" content=\"Plan Michoac\u00e1n prioriza modernizaci\u00f3n del Puerto de L\u00e1zaro C\u00e1rdenas para impulsar comercio - Diario ABC de Michoac\u00e1n\" \/>\n<meta property=\"og:description\" content=\"Ser\u00e1 el punto de salida de mercanc\u00edas para los nuevos polos econ\u00f3micos del Baj\u00edo y Uruapan &nbsp; Morelia, Mich.- El Puerto de L\u00e1zaro C\u00e1rdenas fue incorporado como una prioridad dentro del Plan Michoac\u00e1n, al reconocerlo como una pieza estrat\u00e9gica para ampliar la capacidad de exportaci\u00f3n y fortalecer las cadenas productivas del estado, as\u00ed como el [&hellip;]\" \/>\n<meta property=\"og:url\" content=\"https:\/\/diarioabcdemichoacan.com.mx\/lasnoticias\/plan-michoacan-prioriza-modernizacion-del-puerto-de-lazaro-cardenas-para-impulsar-comercio\/\" \/>\n<meta property=\"og:site_name\" content=\"Diario ABC de Michoac\u00e1n\" \/>\n<meta property=\"article:published_time\" content=\"2025-11-24T20:26:23+00:00\" \/>\n<meta property=\"og:image\" content=\"https:\/\/diarioabcdemichoacan.com.mx\/lasnoticias\/wp-content\/uploads\/2025\/11\/Imagen-de-WhatsApp-2025-11-24-a-las-08.42.03_1ac27491.jpg\" \/>\n\t<meta property=\"og:image:width\" content=\"1600\" \/>\n\t<meta property=\"og:image:height\" content=\"1066\" \/>\n\t<meta property=\"og:image:type\" content=\"image\/jpeg\" \/>\n<meta name=\"author\" content=\"AR\" \/>\n<meta name=\"twitter:card\" content=\"summary_large_image\" \/>\n<meta name=\"twitter:label1\" content=\"Escrito por\" \/>\n\t<meta name=\"twitter:data1\" content=\"AR\" \/>\n\t<meta name=\"twitter:label2\" content=\"Tiempo de lectura\" \/>\n\t<meta name=\"twitter:data2\" content=\"2 minutos\" \/>\n<script type=\"application\/ld+json\" class=\"yoast-schema-graph\">{\"@context\":\"https:\/\/schema.org\",\"@graph\":[{\"@type\":\"WebPage\",\"@id\":\"https:\/\/diarioabcdemichoacan.com.mx\/lasnoticias\/plan-michoacan-prioriza-modernizacion-del-puerto-de-lazaro-cardenas-para-impulsar-comercio\/\",\"url\":\"https:\/\/diarioabcdemichoacan.com.mx\/lasnoticias\/plan-michoacan-prioriza-modernizacion-del-puerto-de-lazaro-cardenas-para-impulsar-comercio\/\",\"name\":\"Plan Michoac\u00e1n prioriza modernizaci\u00f3n del Puerto de L\u00e1zaro C\u00e1rdenas para impulsar comercio - Diario ABC de Michoac\u00e1n\",\"isPartOf\":{\"@id\":\"https:\/\/diarioabcdemichoacan.com.mx\/lasnoticias\/#website\"},\"primaryImageOfPage\":{\"@id\":\"https:\/\/diarioabcdemichoacan.com.mx\/lasnoticias\/plan-michoacan-prioriza-modernizacion-del-puerto-de-lazaro-cardenas-para-impulsar-comercio\/#primaryimage\"},\"image\":{\"@id\":\"https:\/\/diarioabcdemichoacan.com.mx\/lasnoticias\/plan-michoacan-prioriza-modernizacion-del-puerto-de-lazaro-cardenas-para-impulsar-comercio\/#primaryimage\"},\"thumbnailUrl\":\"https:\/\/diarioabcdemichoacan.com.mx\/lasnoticias\/wp-content\/uploads\/2025\/11\/Imagen-de-WhatsApp-2025-11-24-a-las-08.42.03_1ac27491.jpg\",\"datePublished\":\"2025-11-24T20:26:23+00:00\",\"dateModified\":\"2025-11-24T20:26:23+00:00\",\"author\":{\"@id\":\"https:\/\/diarioabcdemichoacan.com.mx\/lasnoticias\/#\/schema\/person\/19ae376040f6cbc489682ebdd8524852\"},\"breadcrumb\":{\"@id\":\"https:\/\/diarioabcdemichoacan.com.mx\/lasnoticias\/plan-michoacan-prioriza-modernizacion-del-puerto-de-lazaro-cardenas-para-impulsar-comercio\/#breadcrumb\"},\"inLanguage\":\"es\",\"potentialAction\":[{\"@type\":\"ReadAction\",\"target\":[\"https:\/\/diarioabcdemichoacan.com.mx\/lasnoticias\/plan-michoacan-prioriza-modernizacion-del-puerto-de-lazaro-cardenas-para-impulsar-comercio\/\"]}]},{\"@type\":\"ImageObject\",\"inLanguage\":\"es\",\"@id\":\"https:\/\/diarioabcdemichoacan.com.mx\/lasnoticias\/plan-michoacan-prioriza-modernizacion-del-puerto-de-lazaro-cardenas-para-impulsar-comercio\/#primaryimage\",\"url\":\"https:\/\/diarioabcdemichoacan.com.mx\/lasnoticias\/wp-content\/uploads\/2025\/11\/Imagen-de-WhatsApp-2025-11-24-a-las-08.42.03_1ac27491.jpg\",\"contentUrl\":\"https:\/\/diarioabcdemichoacan.com.mx\/lasnoticias\/wp-content\/uploads\/2025\/11\/Imagen-de-WhatsApp-2025-11-24-a-las-08.42.03_1ac27491.jpg\",\"width\":1600,\"height\":1066},{\"@type\":\"BreadcrumbList\",\"@id\":\"https:\/\/diarioabcdemichoacan.com.mx\/lasnoticias\/plan-michoacan-prioriza-modernizacion-del-puerto-de-lazaro-cardenas-para-impulsar-comercio\/#breadcrumb\",\"itemListElement\":[{\"@type\":\"ListItem\",\"position\":1,\"name\":\"Portada\",\"item\":\"https:\/\/diarioabcdemichoacan.com.mx\/lasnoticias\/\"},{\"@type\":\"ListItem\",\"position\":2,\"name\":\"Plan Michoac\u00e1n prioriza modernizaci\u00f3n del Puerto de L\u00e1zaro C\u00e1rdenas para impulsar comercio\"}]},{\"@type\":\"WebSite\",\"@id\":\"https:\/\/diarioabcdemichoacan.com.mx\/lasnoticias\/#website\",\"url\":\"https:\/\/diarioabcdemichoacan.com.mx\/lasnoticias\/\",\"name\":\"Diario ABC de Michoac\u00e1n\",\"description\":\"Las noticias al momento\",\"potentialAction\":[{\"@type\":\"SearchAction\",\"target\":{\"@type\":\"EntryPoint\",\"urlTemplate\":\"https:\/\/diarioabcdemichoacan.com.mx\/lasnoticias\/?s={search_term_string}\"},\"query-input\":{\"@type\":\"PropertyValueSpecification\",\"valueRequired\":true,\"valueName\":\"search_term_string\"}}],\"inLanguage\":\"es\"},{\"@type\":\"Person\",\"@id\":\"https:\/\/diarioabcdemichoacan.com.mx\/lasnoticias\/#\/schema\/person\/19ae376040f6cbc489682ebdd8524852\",\"name\":\"AR\",\"image\":{\"@type\":\"ImageObject\",\"inLanguage\":\"es\",\"@id\":\"https:\/\/diarioabcdemichoacan.com.mx\/lasnoticias\/#\/schema\/person\/image\/\",\"url\":\"https:\/\/secure.gravatar.com\/avatar\/44eca2ff970262234e20e1e082872af0?s=96&d=mm&r=g\",\"contentUrl\":\"https:\/\/secure.gravatar.com\/avatar\/44eca2ff970262234e20e1e082872af0?s=96&d=mm&r=g\",\"caption\":\"AR\"},\"url\":\"https:\/\/diarioabcdemichoacan.com.mx\/lasnoticias\/author\/adrian\/\"}]}<\/script>\n<!-- \/ Yoast SEO plugin. -->","yoast_head_json":{"title":"Plan Michoac\u00e1n prioriza modernizaci\u00f3n del Puerto de L\u00e1zaro C\u00e1rdenas para impulsar comercio - Diario ABC de Michoac\u00e1n","robots":{"index":"index","follow":"follow","max-snippet":"max-snippet:-1","max-image-preview":"max-image-preview:large","max-video-preview":"max-video-preview:-1"},"canonical":"https:\/\/diarioabcdemichoacan.com.mx\/lasnoticias\/plan-michoacan-prioriza-modernizacion-del-puerto-de-lazaro-cardenas-para-impulsar-comercio\/","og_locale":"es_ES","og_type":"article","og_title":"Plan Michoac\u00e1n prioriza modernizaci\u00f3n del Puerto de L\u00e1zaro C\u00e1rdenas para impulsar comercio - Diario ABC de Michoac\u00e1n","og_description":"Ser\u00e1 el punto de salida de mercanc\u00edas para los nuevos polos econ\u00f3micos del Baj\u00edo y Uruapan &nbsp; Morelia, Mich.- El Puerto de L\u00e1zaro C\u00e1rdenas fue incorporado como una prioridad dentro del Plan Michoac\u00e1n, al reconocerlo como una pieza estrat\u00e9gica para ampliar la capacidad de exportaci\u00f3n y fortalecer las cadenas productivas del estado, as\u00ed como el [&hellip;]","og_url":"https:\/\/diarioabcdemichoacan.com.mx\/lasnoticias\/plan-michoacan-prioriza-modernizacion-del-puerto-de-lazaro-cardenas-para-impulsar-comercio\/","og_site_name":"Diario ABC de Michoac\u00e1n","article_published_time":"2025-11-24T20:26:23+00:00","og_image":[{"width":1600,"height":1066,"url":"https:\/\/diarioabcdemichoacan.com.mx\/lasnoticias\/wp-content\/uploads\/2025\/11\/Imagen-de-WhatsApp-2025-11-24-a-las-08.42.03_1ac27491.jpg","type":"image\/jpeg"}],"author":"AR","twitter_card":"summary_large_image","twitter_misc":{"Escrito por":"AR","Tiempo de lectura":"2 minutos"},"schema":{"@context":"https:\/\/schema.org","@graph":[{"@type":"WebPage","@id":"https:\/\/diarioabcdemichoacan.com.mx\/lasnoticias\/plan-michoacan-prioriza-modernizacion-del-puerto-de-lazaro-cardenas-para-impulsar-comercio\/","url":"https:\/\/diarioabcdemichoacan.com.mx\/lasnoticias\/plan-michoacan-prioriza-modernizacion-del-puerto-de-lazaro-cardenas-para-impulsar-comercio\/","name":"Plan Michoac\u00e1n prioriza modernizaci\u00f3n del Puerto de L\u00e1zaro C\u00e1rdenas para impulsar comercio - Diario ABC de Michoac\u00e1n","isPartOf":{"@id":"https:\/\/diarioabcdemichoacan.com.mx\/lasnoticias\/#website"},"primaryImageOfPage":{"@id":"https:\/\/diarioabcdemichoacan.com.mx\/lasnoticias\/plan-michoacan-prioriza-modernizacion-del-puerto-de-lazaro-cardenas-para-impulsar-comercio\/#primaryimage"},"image":{"@id":"https:\/\/diarioabcdemichoacan.com.mx\/lasnoticias\/plan-michoacan-prioriza-modernizacion-del-puerto-de-lazaro-cardenas-para-impulsar-comercio\/#primaryimage"},"thumbnailUrl":"https:\/\/diarioabcdemichoacan.com.mx\/lasnoticias\/wp-content\/uploads\/2025\/11\/Imagen-de-WhatsApp-2025-11-24-a-las-08.42.03_1ac27491.jpg","datePublished":"2025-11-24T20:26:23+00:00","dateModified":"2025-11-24T20:26:23+00:00","author":{"@id":"https:\/\/diarioabcdemichoacan.com.mx\/lasnoticias\/#\/schema\/person\/19ae376040f6cbc489682ebdd8524852"},"breadcrumb":{"@id":"https:\/\/diarioabcdemichoacan.com.mx\/lasnoticias\/plan-michoacan-prioriza-modernizacion-del-puerto-de-lazaro-cardenas-para-impulsar-comercio\/#breadcrumb"},"inLanguage":"es","potentialAction":[{"@type":"ReadAction","target":["https:\/\/diarioabcdemichoacan.com.mx\/lasnoticias\/plan-michoacan-prioriza-modernizacion-del-puerto-de-lazaro-cardenas-para-impulsar-comercio\/"]}]},{"@type":"ImageObject","inLanguage":"es","@id":"https:\/\/diarioabcdemichoacan.com.mx\/lasnoticias\/plan-michoacan-prioriza-modernizacion-del-puerto-de-lazaro-cardenas-para-impulsar-comercio\/#primaryimage","url":"https:\/\/diarioabcdemichoacan.com.mx\/lasnoticias\/wp-content\/uploads\/2025\/11\/Imagen-de-WhatsApp-2025-11-24-a-las-08.42.03_1ac27491.jpg","contentUrl":"https:\/\/diarioabcdemichoacan.com.mx\/lasnoticias\/wp-content\/uploads\/2025\/11\/Imagen-de-WhatsApp-2025-11-24-a-las-08.42.03_1ac27491.jpg","width":1600,"height":1066},{"@type":"BreadcrumbList","@id":"https:\/\/diarioabcdemichoacan.com.mx\/lasnoticias\/plan-michoacan-prioriza-modernizacion-del-puerto-de-lazaro-cardenas-para-impulsar-comercio\/#breadcrumb","itemListElement":[{"@type":"ListItem","position":1,"name":"Portada","item":"https:\/\/diarioabcdemichoacan.com.mx\/lasnoticias\/"},{"@type":"ListItem","position":2,"name":"Plan Michoac\u00e1n prioriza modernizaci\u00f3n del Puerto de L\u00e1zaro C\u00e1rdenas para impulsar comercio"}]},{"@type":"WebSite","@id":"https:\/\/diarioabcdemichoacan.com.mx\/lasnoticias\/#website","url":"https:\/\/diarioabcdemichoacan.com.mx\/lasnoticias\/","name":"Diario ABC de Michoac\u00e1n","description":"Las noticias al momento","potentialAction":[{"@type":"SearchAction","target":{"@type":"EntryPoint","urlTemplate":"https:\/\/diarioabcdemichoacan.com.mx\/lasnoticias\/?s={search_term_string}"},"query-input":{"@type":"PropertyValueSpecification","valueRequired":true,"valueName":"search_term_string"}}],"inLanguage":"es"},{"@type":"Person","@id":"https:\/\/diarioabcdemichoacan.com.mx\/lasnoticias\/#\/schema\/person\/19ae376040f6cbc489682ebdd8524852","name":"AR","image":{"@type":"ImageObject","inLanguage":"es","@id":"https:\/\/diarioabcdemichoacan.com.mx\/lasnoticias\/#\/schema\/person\/image\/","url":"https:\/\/secure.gravatar.com\/avatar\/44eca2ff970262234e20e1e082872af0?s=96&d=mm&r=g","contentUrl":"https:\/\/secure.gravatar.com\/avatar\/44eca2ff970262234e20e1e082872af0?s=96&d=mm&r=g","caption":"AR"},"url":"https:\/\/diarioabcdemichoacan.com.mx\/lasnoticias\/author\/adrian\/"}]}},"_links":{"self":[{"href":"https:\/\/diarioabcdemichoacan.com.mx\/lasnoticias\/wp-json\/wp\/v2\/posts\/72551","targetHints":{"allow":["GET"]}}],"collection":[{"href":"https:\/\/diarioabcdemichoacan.com.mx\/lasnoticias\/wp-json\/wp\/v2\/posts"}],"about":[{"href":"https:\/\/diarioabcdemichoacan.com.mx\/lasnoticias\/wp-json\/wp\/v2\/types\/post"}],"author":[{"embeddable":true,"href":"https:\/\/diarioabcdemichoacan.com.mx\/lasnoticias\/wp-json\/wp\/v2\/users\/9"}],"replies":[{"embeddable":true,"href":"https:\/\/diarioabcdemichoacan.com.mx\/lasnoticias\/wp-json\/wp\/v2\/comments?post=72551"}],"version-history":[{"count":1,"href":"https:\/\/diarioabcdemichoacan.com.mx\/lasnoticias\/wp-json\/wp\/v2\/posts\/72551\/revisions"}],"predecessor-version":[{"id":72553,"href":"https:\/\/diarioabcdemichoacan.com.mx\/lasnoticias\/wp-json\/wp\/v2\/posts\/72551\/revisions\/72553"}],"wp:featuredmedia":[{"embeddable":true,"href":"https:\/\/diarioabcdemichoacan.com.mx\/lasnoticias\/wp-json\/wp\/v2\/media\/72552"}],"wp:attachment":[{"href":"https:\/\/diarioabcdemichoacan.com.mx\/lasnoticias\/wp-json\/wp\/v2\/media?parent=72551"}],"wp:term":[{"taxonomy":"category","embeddable":true,"href":"https:\/\/diarioabcdemichoacan.com.mx\/lasnoticias\/wp-json\/wp\/v2\/categories?post=72551"},{"taxonomy":"post_tag","embeddable":true,"href":"https:\/\/diarioabcdemichoacan.com.mx\/lasnoticias\/wp-json\/wp\/v2\/tags?post=72551"}],"curies":[{"name":"wp","href":"https:\/\/api.w.org\/{rel}","templated":true}]}}