{"id":72554,"date":"2025-11-24T14:27:13","date_gmt":"2025-11-24T20:27:13","guid":{"rendered":"https:\/\/diarioabcdemichoacan.com.mx\/lasnoticias\/?p=72554"},"modified":"2025-11-24T14:27:13","modified_gmt":"2025-11-24T20:27:13","slug":"fabiola-alanis-beca-gertrudis-bocanegra-garantiza-oportunidades-y-refuerza-el-derecho-a-la-educacion-en-michoacan","status":"publish","type":"post","link":"https:\/\/diarioabcdemichoacan.com.mx\/lasnoticias\/fabiola-alanis-beca-gertrudis-bocanegra-garantiza-oportunidades-y-refuerza-el-derecho-a-la-educacion-en-michoacan\/","title":{"rendered":"Fabiola Alan\u00eds: Beca \u201cGertrudis Bocanegra\u201d garantiza oportunidades y refuerza el derecho a la educaci\u00f3n en Michoac\u00e1n"},"content":{"rendered":"<hr \/>\n<p>Morelia, Mich.\u2013 La diputada Fabiola Alan\u00eds celebr\u00f3 el lanzamiento de la nueva Beca Gertrudis Bocanegra, programa estrat\u00e9gico del Plan Michoac\u00e1n por la Paz y la Justicia impulsado por la presidenta Claudia Sheinbaum Pardo, al destacar que este mecanismo de apoyo est\u00e1 dise\u00f1ado para que miles de j\u00f3venes del estado puedan continuar sus estudios superiores sin que la falta de recursos de transporte sea un obst\u00e1culo.<\/p>\n<p>La diputada explic\u00f3 que la beca contempla un monto de 1,900 pesos bimestrales para gastos de movilidad, con una cobertura estimada de m\u00e1s de 98,500 estudiantes universitarios en Michoac\u00e1n y una inversi\u00f3n inicial cercana a 769 millones de pesos para su implementaci\u00f3n.<\/p>\n<p>\u201cLa creaci\u00f3n de la Beca Gertrudis Bocanegra no es solo un apoyo econ\u00f3mico, es una decisi\u00f3n pol\u00edtica para que miles de j\u00f3venes no abandonen la universidad por falta de movilidad. Desde el Congreso seguiremos vigilando la transparencia para que estas becas lleguen realmente a quien las necesita\u201d, se\u00f1al\u00f3 Fabiola Alan\u00eds.<\/p>\n<p>La diputada inform\u00f3 que la convocatoria iniciar\u00e1 con asambleas informativas en las 121 instituciones p\u00fablicas de nivel superior del estado a partir del 24 de noviembre.<\/p>\n<p>Fabiola Alan\u00eds explic\u00f3 que los pagos se realizar\u00e1n mediante tarjetas del Banco del Bienestar y estar\u00e1n sujetos al avance acad\u00e9mico del beneficiario.<\/p>\n<p>Concluy\u00f3 que este programa se suma a la agenda de la 4T para reconstruir el tejido social: \u201cCon m\u00e1s j\u00f3venes en las aulas, Michoac\u00e1n gana seguridad, desarrollo y futuro\u201d.<\/p>\n","protected":false},"excerpt":{"rendered":"<p>Morelia, Mich.\u2013 La diputada Fabiola Alan\u00eds celebr\u00f3 el lanzamiento de la nueva Beca Gertrudis Bocanegra, programa estrat\u00e9gico del Plan Michoac\u00e1n por la Paz y la Justicia impulsado por la presidenta Claudia Sheinbaum Pardo, al destacar que este mecanismo de apoyo est\u00e1 dise\u00f1ado para que miles de j\u00f3venes del estado puedan continuar sus estudios superiores sin [&hellip;]<\/p>\n","protected":false},"author":9,"featured_media":72555,"comment_status":"closed","ping_status":"closed","sticky":false,"template":"","format":"standard","meta":{"footnotes":""},"categories":[13,22,28,27],"tags":[],"class_list":{"0":"post-72554","1":"post","2":"type-post","3":"status-publish","4":"format-standard","5":"has-post-thumbnail","7":"category-congreso","8":"category-congreso-de-michoacan","9":"category-politica","10":"category-slider"},"yoast_head":"<!-- This site is optimized with the Yoast SEO plugin v24.0 - https:\/\/yoast.com\/wordpress\/plugins\/seo\/ -->\n<title>Fabiola Alan\u00eds: Beca \u201cGertrudis Bocanegra\u201d garantiza oportunidades y refuerza el derecho a la educaci\u00f3n en Michoac\u00e1n - Diario ABC de Michoac\u00e1n<\/title>\n<meta name=\"robots\" content=\"index, follow, max-snippet:-1, max-image-preview:large, max-video-preview:-1\" \/>\n<link rel=\"canonical\" href=\"https:\/\/diarioabcdemichoacan.com.mx\/lasnoticias\/fabiola-alanis-beca-gertrudis-bocanegra-garantiza-oportunidades-y-refuerza-el-derecho-a-la-educacion-en-michoacan\/\" \/>\n<meta property=\"og:locale\" content=\"es_ES\" \/>\n<meta property=\"og:type\" content=\"article\" \/>\n<meta property=\"og:title\" content=\"Fabiola Alan\u00eds: Beca \u201cGertrudis Bocanegra\u201d garantiza oportunidades y refuerza el derecho a la educaci\u00f3n en Michoac\u00e1n - Diario ABC de Michoac\u00e1n\" \/>\n<meta property=\"og:description\" content=\"Morelia, Mich.\u2013 La diputada Fabiola Alan\u00eds celebr\u00f3 el lanzamiento de la nueva Beca Gertrudis Bocanegra, programa estrat\u00e9gico del Plan Michoac\u00e1n por la Paz y la Justicia impulsado por la presidenta Claudia Sheinbaum Pardo, al destacar que este mecanismo de apoyo est\u00e1 dise\u00f1ado para que miles de j\u00f3venes del estado puedan continuar sus estudios superiores sin [&hellip;]\" \/>\n<meta property=\"og:url\" content=\"https:\/\/diarioabcdemichoacan.com.mx\/lasnoticias\/fabiola-alanis-beca-gertrudis-bocanegra-garantiza-oportunidades-y-refuerza-el-derecho-a-la-educacion-en-michoacan\/\" \/>\n<meta property=\"og:site_name\" content=\"Diario ABC de Michoac\u00e1n\" \/>\n<meta property=\"article:published_time\" content=\"2025-11-24T20:27:13+00:00\" \/>\n<meta property=\"og:image\" content=\"https:\/\/diarioabcdemichoacan.com.mx\/lasnoticias\/wp-content\/uploads\/2025\/11\/Imagen-de-WhatsApp-2025-11-24-a-las-08.42.53_e9e41fe2.jpg\" \/>\n\t<meta property=\"og:image:width\" content=\"1040\" \/>\n\t<meta property=\"og:image:height\" content=\"694\" \/>\n\t<meta property=\"og:image:type\" content=\"image\/jpeg\" \/>\n<meta name=\"author\" content=\"AR\" \/>\n<meta name=\"twitter:card\" content=\"summary_large_image\" \/>\n<meta name=\"twitter:label1\" content=\"Escrito por\" \/>\n\t<meta name=\"twitter:data1\" content=\"AR\" \/>\n\t<meta name=\"twitter:label2\" content=\"Tiempo de lectura\" \/>\n\t<meta name=\"twitter:data2\" content=\"2 minutos\" \/>\n<script type=\"application\/ld+json\" class=\"yoast-schema-graph\">{\"@context\":\"https:\/\/schema.org\",\"@graph\":[{\"@type\":\"WebPage\",\"@id\":\"https:\/\/diarioabcdemichoacan.com.mx\/lasnoticias\/fabiola-alanis-beca-gertrudis-bocanegra-garantiza-oportunidades-y-refuerza-el-derecho-a-la-educacion-en-michoacan\/\",\"url\":\"https:\/\/diarioabcdemichoacan.com.mx\/lasnoticias\/fabiola-alanis-beca-gertrudis-bocanegra-garantiza-oportunidades-y-refuerza-el-derecho-a-la-educacion-en-michoacan\/\",\"name\":\"Fabiola Alan\u00eds: Beca \u201cGertrudis Bocanegra\u201d garantiza oportunidades y refuerza el derecho a la educaci\u00f3n en Michoac\u00e1n - Diario ABC de Michoac\u00e1n\",\"isPartOf\":{\"@id\":\"https:\/\/diarioabcdemichoacan.com.mx\/lasnoticias\/#website\"},\"primaryImageOfPage\":{\"@id\":\"https:\/\/diarioabcdemichoacan.com.mx\/lasnoticias\/fabiola-alanis-beca-gertrudis-bocanegra-garantiza-oportunidades-y-refuerza-el-derecho-a-la-educacion-en-michoacan\/#primaryimage\"},\"image\":{\"@id\":\"https:\/\/diarioabcdemichoacan.com.mx\/lasnoticias\/fabiola-alanis-beca-gertrudis-bocanegra-garantiza-oportunidades-y-refuerza-el-derecho-a-la-educacion-en-michoacan\/#primaryimage\"},\"thumbnailUrl\":\"https:\/\/diarioabcdemichoacan.com.mx\/lasnoticias\/wp-content\/uploads\/2025\/11\/Imagen-de-WhatsApp-2025-11-24-a-las-08.42.53_e9e41fe2.jpg\",\"datePublished\":\"2025-11-24T20:27:13+00:00\",\"dateModified\":\"2025-11-24T20:27:13+00:00\",\"author\":{\"@id\":\"https:\/\/diarioabcdemichoacan.com.mx\/lasnoticias\/#\/schema\/person\/19ae376040f6cbc489682ebdd8524852\"},\"breadcrumb\":{\"@id\":\"https:\/\/diarioabcdemichoacan.com.mx\/lasnoticias\/fabiola-alanis-beca-gertrudis-bocanegra-garantiza-oportunidades-y-refuerza-el-derecho-a-la-educacion-en-michoacan\/#breadcrumb\"},\"inLanguage\":\"es\",\"potentialAction\":[{\"@type\":\"ReadAction\",\"target\":[\"https:\/\/diarioabcdemichoacan.com.mx\/lasnoticias\/fabiola-alanis-beca-gertrudis-bocanegra-garantiza-oportunidades-y-refuerza-el-derecho-a-la-educacion-en-michoacan\/\"]}]},{\"@type\":\"ImageObject\",\"inLanguage\":\"es\",\"@id\":\"https:\/\/diarioabcdemichoacan.com.mx\/lasnoticias\/fabiola-alanis-beca-gertrudis-bocanegra-garantiza-oportunidades-y-refuerza-el-derecho-a-la-educacion-en-michoacan\/#primaryimage\",\"url\":\"https:\/\/diarioabcdemichoacan.com.mx\/lasnoticias\/wp-content\/uploads\/2025\/11\/Imagen-de-WhatsApp-2025-11-24-a-las-08.42.53_e9e41fe2.jpg\",\"contentUrl\":\"https:\/\/diarioabcdemichoacan.com.mx\/lasnoticias\/wp-content\/uploads\/2025\/11\/Imagen-de-WhatsApp-2025-11-24-a-las-08.42.53_e9e41fe2.jpg\",\"width\":1040,\"height\":694},{\"@type\":\"BreadcrumbList\",\"@id\":\"https:\/\/diarioabcdemichoacan.com.mx\/lasnoticias\/fabiola-alanis-beca-gertrudis-bocanegra-garantiza-oportunidades-y-refuerza-el-derecho-a-la-educacion-en-michoacan\/#breadcrumb\",\"itemListElement\":[{\"@type\":\"ListItem\",\"position\":1,\"name\":\"Portada\",\"item\":\"https:\/\/diarioabcdemichoacan.com.mx\/lasnoticias\/\"},{\"@type\":\"ListItem\",\"position\":2,\"name\":\"Fabiola Alan\u00eds: Beca \u201cGertrudis Bocanegra\u201d garantiza oportunidades y refuerza el derecho a la educaci\u00f3n en Michoac\u00e1n\"}]},{\"@type\":\"WebSite\",\"@id\":\"https:\/\/diarioabcdemichoacan.com.mx\/lasnoticias\/#website\",\"url\":\"https:\/\/diarioabcdemichoacan.com.mx\/lasnoticias\/\",\"name\":\"Diario ABC de Michoac\u00e1n\",\"description\":\"Las noticias al momento\",\"potentialAction\":[{\"@type\":\"SearchAction\",\"target\":{\"@type\":\"EntryPoint\",\"urlTemplate\":\"https:\/\/diarioabcdemichoacan.com.mx\/lasnoticias\/?s={search_term_string}\"},\"query-input\":{\"@type\":\"PropertyValueSpecification\",\"valueRequired\":true,\"valueName\":\"search_term_string\"}}],\"inLanguage\":\"es\"},{\"@type\":\"Person\",\"@id\":\"https:\/\/diarioabcdemichoacan.com.mx\/lasnoticias\/#\/schema\/person\/19ae376040f6cbc489682ebdd8524852\",\"name\":\"AR\",\"image\":{\"@type\":\"ImageObject\",\"inLanguage\":\"es\",\"@id\":\"https:\/\/diarioabcdemichoacan.com.mx\/lasnoticias\/#\/schema\/person\/image\/\",\"url\":\"https:\/\/secure.gravatar.com\/avatar\/44eca2ff970262234e20e1e082872af0?s=96&d=mm&r=g\",\"contentUrl\":\"https:\/\/secure.gravatar.com\/avatar\/44eca2ff970262234e20e1e082872af0?s=96&d=mm&r=g\",\"caption\":\"AR\"},\"url\":\"https:\/\/diarioabcdemichoacan.com.mx\/lasnoticias\/author\/adrian\/\"}]}<\/script>\n<!-- \/ Yoast SEO plugin. -->","yoast_head_json":{"title":"Fabiola Alan\u00eds: Beca \u201cGertrudis Bocanegra\u201d garantiza oportunidades y refuerza el derecho a la educaci\u00f3n en Michoac\u00e1n - Diario ABC de Michoac\u00e1n","robots":{"index":"index","follow":"follow","max-snippet":"max-snippet:-1","max-image-preview":"max-image-preview:large","max-video-preview":"max-video-preview:-1"},"canonical":"https:\/\/diarioabcdemichoacan.com.mx\/lasnoticias\/fabiola-alanis-beca-gertrudis-bocanegra-garantiza-oportunidades-y-refuerza-el-derecho-a-la-educacion-en-michoacan\/","og_locale":"es_ES","og_type":"article","og_title":"Fabiola Alan\u00eds: Beca \u201cGertrudis Bocanegra\u201d garantiza oportunidades y refuerza el derecho a la educaci\u00f3n en Michoac\u00e1n - Diario ABC de Michoac\u00e1n","og_description":"Morelia, Mich.\u2013 La diputada Fabiola Alan\u00eds celebr\u00f3 el lanzamiento de la nueva Beca Gertrudis Bocanegra, programa estrat\u00e9gico del Plan Michoac\u00e1n por la Paz y la Justicia impulsado por la presidenta Claudia Sheinbaum Pardo, al destacar que este mecanismo de apoyo est\u00e1 dise\u00f1ado para que miles de j\u00f3venes del estado puedan continuar sus estudios superiores sin [&hellip;]","og_url":"https:\/\/diarioabcdemichoacan.com.mx\/lasnoticias\/fabiola-alanis-beca-gertrudis-bocanegra-garantiza-oportunidades-y-refuerza-el-derecho-a-la-educacion-en-michoacan\/","og_site_name":"Diario ABC de Michoac\u00e1n","article_published_time":"2025-11-24T20:27:13+00:00","og_image":[{"width":1040,"height":694,"url":"https:\/\/diarioabcdemichoacan.com.mx\/lasnoticias\/wp-content\/uploads\/2025\/11\/Imagen-de-WhatsApp-2025-11-24-a-las-08.42.53_e9e41fe2.jpg","type":"image\/jpeg"}],"author":"AR","twitter_card":"summary_large_image","twitter_misc":{"Escrito por":"AR","Tiempo de lectura":"2 minutos"},"schema":{"@context":"https:\/\/schema.org","@graph":[{"@type":"WebPage","@id":"https:\/\/diarioabcdemichoacan.com.mx\/lasnoticias\/fabiola-alanis-beca-gertrudis-bocanegra-garantiza-oportunidades-y-refuerza-el-derecho-a-la-educacion-en-michoacan\/","url":"https:\/\/diarioabcdemichoacan.com.mx\/lasnoticias\/fabiola-alanis-beca-gertrudis-bocanegra-garantiza-oportunidades-y-refuerza-el-derecho-a-la-educacion-en-michoacan\/","name":"Fabiola Alan\u00eds: Beca \u201cGertrudis Bocanegra\u201d garantiza oportunidades y refuerza el derecho a la educaci\u00f3n en Michoac\u00e1n - Diario ABC de Michoac\u00e1n","isPartOf":{"@id":"https:\/\/diarioabcdemichoacan.com.mx\/lasnoticias\/#website"},"primaryImageOfPage":{"@id":"https:\/\/diarioabcdemichoacan.com.mx\/lasnoticias\/fabiola-alanis-beca-gertrudis-bocanegra-garantiza-oportunidades-y-refuerza-el-derecho-a-la-educacion-en-michoacan\/#primaryimage"},"image":{"@id":"https:\/\/diarioabcdemichoacan.com.mx\/lasnoticias\/fabiola-alanis-beca-gertrudis-bocanegra-garantiza-oportunidades-y-refuerza-el-derecho-a-la-educacion-en-michoacan\/#primaryimage"},"thumbnailUrl":"https:\/\/diarioabcdemichoacan.com.mx\/lasnoticias\/wp-content\/uploads\/2025\/11\/Imagen-de-WhatsApp-2025-11-24-a-las-08.42.53_e9e41fe2.jpg","datePublished":"2025-11-24T20:27:13+00:00","dateModified":"2025-11-24T20:27:13+00:00","author":{"@id":"https:\/\/diarioabcdemichoacan.com.mx\/lasnoticias\/#\/schema\/person\/19ae376040f6cbc489682ebdd8524852"},"breadcrumb":{"@id":"https:\/\/diarioabcdemichoacan.com.mx\/lasnoticias\/fabiola-alanis-beca-gertrudis-bocanegra-garantiza-oportunidades-y-refuerza-el-derecho-a-la-educacion-en-michoacan\/#breadcrumb"},"inLanguage":"es","potentialAction":[{"@type":"ReadAction","target":["https:\/\/diarioabcdemichoacan.com.mx\/lasnoticias\/fabiola-alanis-beca-gertrudis-bocanegra-garantiza-oportunidades-y-refuerza-el-derecho-a-la-educacion-en-michoacan\/"]}]},{"@type":"ImageObject","inLanguage":"es","@id":"https:\/\/diarioabcdemichoacan.com.mx\/lasnoticias\/fabiola-alanis-beca-gertrudis-bocanegra-garantiza-oportunidades-y-refuerza-el-derecho-a-la-educacion-en-michoacan\/#primaryimage","url":"https:\/\/diarioabcdemichoacan.com.mx\/lasnoticias\/wp-content\/uploads\/2025\/11\/Imagen-de-WhatsApp-2025-11-24-a-las-08.42.53_e9e41fe2.jpg","contentUrl":"https:\/\/diarioabcdemichoacan.com.mx\/lasnoticias\/wp-content\/uploads\/2025\/11\/Imagen-de-WhatsApp-2025-11-24-a-las-08.42.53_e9e41fe2.jpg","width":1040,"height":694},{"@type":"BreadcrumbList","@id":"https:\/\/diarioabcdemichoacan.com.mx\/lasnoticias\/fabiola-alanis-beca-gertrudis-bocanegra-garantiza-oportunidades-y-refuerza-el-derecho-a-la-educacion-en-michoacan\/#breadcrumb","itemListElement":[{"@type":"ListItem","position":1,"name":"Portada","item":"https:\/\/diarioabcdemichoacan.com.mx\/lasnoticias\/"},{"@type":"ListItem","position":2,"name":"Fabiola Alan\u00eds: Beca \u201cGertrudis Bocanegra\u201d garantiza oportunidades y refuerza el derecho a la educaci\u00f3n en Michoac\u00e1n"}]},{"@type":"WebSite","@id":"https:\/\/diarioabcdemichoacan.com.mx\/lasnoticias\/#website","url":"https:\/\/diarioabcdemichoacan.com.mx\/lasnoticias\/","name":"Diario ABC de Michoac\u00e1n","description":"Las noticias al momento","potentialAction":[{"@type":"SearchAction","target":{"@type":"EntryPoint","urlTemplate":"https:\/\/diarioabcdemichoacan.com.mx\/lasnoticias\/?s={search_term_string}"},"query-input":{"@type":"PropertyValueSpecification","valueRequired":true,"valueName":"search_term_string"}}],"inLanguage":"es"},{"@type":"Person","@id":"https:\/\/diarioabcdemichoacan.com.mx\/lasnoticias\/#\/schema\/person\/19ae376040f6cbc489682ebdd8524852","name":"AR","image":{"@type":"ImageObject","inLanguage":"es","@id":"https:\/\/diarioabcdemichoacan.com.mx\/lasnoticias\/#\/schema\/person\/image\/","url":"https:\/\/secure.gravatar.com\/avatar\/44eca2ff970262234e20e1e082872af0?s=96&d=mm&r=g","contentUrl":"https:\/\/secure.gravatar.com\/avatar\/44eca2ff970262234e20e1e082872af0?s=96&d=mm&r=g","caption":"AR"},"url":"https:\/\/diarioabcdemichoacan.com.mx\/lasnoticias\/author\/adrian\/"}]}},"_links":{"self":[{"href":"https:\/\/diarioabcdemichoacan.com.mx\/lasnoticias\/wp-json\/wp\/v2\/posts\/72554","targetHints":{"allow":["GET"]}}],"collection":[{"href":"https:\/\/diarioabcdemichoacan.com.mx\/lasnoticias\/wp-json\/wp\/v2\/posts"}],"about":[{"href":"https:\/\/diarioabcdemichoacan.com.mx\/lasnoticias\/wp-json\/wp\/v2\/types\/post"}],"author":[{"embeddable":true,"href":"https:\/\/diarioabcdemichoacan.com.mx\/lasnoticias\/wp-json\/wp\/v2\/users\/9"}],"replies":[{"embeddable":true,"href":"https:\/\/diarioabcdemichoacan.com.mx\/lasnoticias\/wp-json\/wp\/v2\/comments?post=72554"}],"version-history":[{"count":1,"href":"https:\/\/diarioabcdemichoacan.com.mx\/lasnoticias\/wp-json\/wp\/v2\/posts\/72554\/revisions"}],"predecessor-version":[{"id":72556,"href":"https:\/\/diarioabcdemichoacan.com.mx\/lasnoticias\/wp-json\/wp\/v2\/posts\/72554\/revisions\/72556"}],"wp:featuredmedia":[{"embeddable":true,"href":"https:\/\/diarioabcdemichoacan.com.mx\/lasnoticias\/wp-json\/wp\/v2\/media\/72555"}],"wp:attachment":[{"href":"https:\/\/diarioabcdemichoacan.com.mx\/lasnoticias\/wp-json\/wp\/v2\/media?parent=72554"}],"wp:term":[{"taxonomy":"category","embeddable":true,"href":"https:\/\/diarioabcdemichoacan.com.mx\/lasnoticias\/wp-json\/wp\/v2\/categories?post=72554"},{"taxonomy":"post_tag","embeddable":true,"href":"https:\/\/diarioabcdemichoacan.com.mx\/lasnoticias\/wp-json\/wp\/v2\/tags?post=72554"}],"curies":[{"name":"wp","href":"https:\/\/api.w.org\/{rel}","templated":true}]}}