{"id":72557,"date":"2025-11-24T14:27:54","date_gmt":"2025-11-24T20:27:54","guid":{"rendered":"https:\/\/diarioabcdemichoacan.com.mx\/lasnoticias\/?p=72557"},"modified":"2025-11-24T14:27:54","modified_gmt":"2025-11-24T20:27:54","slug":"pide-bedolla-precaucion-ante-bloqueos-carreteros-este-lunes","status":"publish","type":"post","link":"https:\/\/diarioabcdemichoacan.com.mx\/lasnoticias\/pide-bedolla-precaucion-ante-bloqueos-carreteros-este-lunes\/","title":{"rendered":"Pide Bedolla precauci\u00f3n ante bloqueos carreteros, este lunes"},"content":{"rendered":"<h6>Por Mariano Bola\u00f1os Monta\u00f1ez<\/h6>\n<hr \/>\n<p>Morelia, Mich.- Tras confirmar bloqueos inteligentes en al menos dos carreteras de la entidad en el marco del paro nacional de transportistas y productores del campo, el gobernador Alfredo Ram\u00edrez Bedolla hizo un llamado a extremar precauciones ante estos cierres intermitentes, que hasta el momento \u00fanicamente se reportan en Santa Casilda y Panind\u00edcuaro.<\/p>\n<p>El mandatario advirti\u00f3 en conferencia de prensa que seguramente aumentar\u00e1n los tiempos de traslados en las vialidades de la entidad; sin embargo, garantiz\u00f3 que al menos en nuestro estado, se han atendido y trabajado en atender las peticiones de los inconformes:<\/p>\n<p>\u00abHay que decirlo: ochenta y dos mil productores de ma\u00edz en Michoac\u00e1n, que son los peque\u00f1os productores, tienen precio de garant\u00eda de siete mil doscientos pesos la tonelada, reciben fertilizantes gratuitos, reciben tambi\u00e9n el apoyo de de bienestar para el campo\u00bb, resalt\u00f3.<\/p>\n<p>Reconoci\u00f3 que aunque hay un universo de cerca de 90 mil productores, los que tienen hasta cinco hect\u00e1reas son los beneficiados con estos apoyos.<\/p>\n<p>Sin embargo, puntualiz\u00f3 que como parte de las acciones de trabajo del Plan Michoac\u00e1n por la Paz y la Justicia, tambi\u00e9n se tiene acercamiento con productores de otros granos, como enteja y arroz, a fin de garantizarles un precio de producci\u00f3n justo.<\/p>\n","protected":false},"excerpt":{"rendered":"<p>Por Mariano Bola\u00f1os Monta\u00f1ez Morelia, Mich.- Tras confirmar bloqueos inteligentes en al menos dos carreteras de la entidad en el marco del paro nacional de transportistas y productores del campo, el gobernador Alfredo Ram\u00edrez Bedolla hizo un llamado a extremar precauciones ante estos cierres intermitentes, que hasta el momento \u00fanicamente se reportan en Santa Casilda [&hellip;]<\/p>\n","protected":false},"author":9,"featured_media":72558,"comment_status":"closed","ping_status":"closed","sticky":false,"template":"","format":"standard","meta":{"footnotes":""},"categories":[30,10,28,27],"tags":[],"class_list":{"0":"post-72557","1":"post","2":"type-post","3":"status-publish","4":"format-standard","5":"has-post-thumbnail","7":"category-columnas","8":"category-estado","9":"category-politica","10":"category-slider"},"yoast_head":"<!-- This site is optimized with the Yoast SEO plugin v24.0 - https:\/\/yoast.com\/wordpress\/plugins\/seo\/ -->\n<title>Pide Bedolla precauci\u00f3n ante bloqueos carreteros, este lunes - Diario ABC de Michoac\u00e1n<\/title>\n<meta name=\"robots\" content=\"index, follow, max-snippet:-1, max-image-preview:large, max-video-preview:-1\" \/>\n<link rel=\"canonical\" href=\"https:\/\/diarioabcdemichoacan.com.mx\/lasnoticias\/pide-bedolla-precaucion-ante-bloqueos-carreteros-este-lunes\/\" \/>\n<meta property=\"og:locale\" content=\"es_ES\" \/>\n<meta property=\"og:type\" content=\"article\" \/>\n<meta property=\"og:title\" content=\"Pide Bedolla precauci\u00f3n ante bloqueos carreteros, este lunes - Diario ABC de Michoac\u00e1n\" \/>\n<meta property=\"og:description\" content=\"Por Mariano Bola\u00f1os Monta\u00f1ez Morelia, Mich.- Tras confirmar bloqueos inteligentes en al menos dos carreteras de la entidad en el marco del paro nacional de transportistas y productores del campo, el gobernador Alfredo Ram\u00edrez Bedolla hizo un llamado a extremar precauciones ante estos cierres intermitentes, que hasta el momento \u00fanicamente se reportan en Santa Casilda [&hellip;]\" \/>\n<meta property=\"og:url\" content=\"https:\/\/diarioabcdemichoacan.com.mx\/lasnoticias\/pide-bedolla-precaucion-ante-bloqueos-carreteros-este-lunes\/\" \/>\n<meta property=\"og:site_name\" content=\"Diario ABC de Michoac\u00e1n\" \/>\n<meta property=\"article:published_time\" content=\"2025-11-24T20:27:54+00:00\" \/>\n<meta property=\"og:image\" content=\"https:\/\/diarioabcdemichoacan.com.mx\/lasnoticias\/wp-content\/uploads\/2025\/11\/Imagen-de-WhatsApp-2025-11-24-a-las-11.21.28_f651d799.jpg\" \/>\n\t<meta property=\"og:image:width\" content=\"1600\" \/>\n\t<meta property=\"og:image:height\" content=\"902\" \/>\n\t<meta property=\"og:image:type\" content=\"image\/jpeg\" \/>\n<meta name=\"author\" content=\"AR\" \/>\n<meta name=\"twitter:card\" content=\"summary_large_image\" \/>\n<meta name=\"twitter:label1\" content=\"Escrito por\" \/>\n\t<meta name=\"twitter:data1\" content=\"AR\" \/>\n\t<meta name=\"twitter:label2\" content=\"Tiempo de lectura\" \/>\n\t<meta name=\"twitter:data2\" content=\"2 minutos\" \/>\n<script type=\"application\/ld+json\" class=\"yoast-schema-graph\">{\"@context\":\"https:\/\/schema.org\",\"@graph\":[{\"@type\":\"WebPage\",\"@id\":\"https:\/\/diarioabcdemichoacan.com.mx\/lasnoticias\/pide-bedolla-precaucion-ante-bloqueos-carreteros-este-lunes\/\",\"url\":\"https:\/\/diarioabcdemichoacan.com.mx\/lasnoticias\/pide-bedolla-precaucion-ante-bloqueos-carreteros-este-lunes\/\",\"name\":\"Pide Bedolla precauci\u00f3n ante bloqueos carreteros, este lunes - Diario ABC de Michoac\u00e1n\",\"isPartOf\":{\"@id\":\"https:\/\/diarioabcdemichoacan.com.mx\/lasnoticias\/#website\"},\"primaryImageOfPage\":{\"@id\":\"https:\/\/diarioabcdemichoacan.com.mx\/lasnoticias\/pide-bedolla-precaucion-ante-bloqueos-carreteros-este-lunes\/#primaryimage\"},\"image\":{\"@id\":\"https:\/\/diarioabcdemichoacan.com.mx\/lasnoticias\/pide-bedolla-precaucion-ante-bloqueos-carreteros-este-lunes\/#primaryimage\"},\"thumbnailUrl\":\"https:\/\/diarioabcdemichoacan.com.mx\/lasnoticias\/wp-content\/uploads\/2025\/11\/Imagen-de-WhatsApp-2025-11-24-a-las-11.21.28_f651d799.jpg\",\"datePublished\":\"2025-11-24T20:27:54+00:00\",\"dateModified\":\"2025-11-24T20:27:54+00:00\",\"author\":{\"@id\":\"https:\/\/diarioabcdemichoacan.com.mx\/lasnoticias\/#\/schema\/person\/19ae376040f6cbc489682ebdd8524852\"},\"breadcrumb\":{\"@id\":\"https:\/\/diarioabcdemichoacan.com.mx\/lasnoticias\/pide-bedolla-precaucion-ante-bloqueos-carreteros-este-lunes\/#breadcrumb\"},\"inLanguage\":\"es\",\"potentialAction\":[{\"@type\":\"ReadAction\",\"target\":[\"https:\/\/diarioabcdemichoacan.com.mx\/lasnoticias\/pide-bedolla-precaucion-ante-bloqueos-carreteros-este-lunes\/\"]}]},{\"@type\":\"ImageObject\",\"inLanguage\":\"es\",\"@id\":\"https:\/\/diarioabcdemichoacan.com.mx\/lasnoticias\/pide-bedolla-precaucion-ante-bloqueos-carreteros-este-lunes\/#primaryimage\",\"url\":\"https:\/\/diarioabcdemichoacan.com.mx\/lasnoticias\/wp-content\/uploads\/2025\/11\/Imagen-de-WhatsApp-2025-11-24-a-las-11.21.28_f651d799.jpg\",\"contentUrl\":\"https:\/\/diarioabcdemichoacan.com.mx\/lasnoticias\/wp-content\/uploads\/2025\/11\/Imagen-de-WhatsApp-2025-11-24-a-las-11.21.28_f651d799.jpg\",\"width\":1600,\"height\":902},{\"@type\":\"BreadcrumbList\",\"@id\":\"https:\/\/diarioabcdemichoacan.com.mx\/lasnoticias\/pide-bedolla-precaucion-ante-bloqueos-carreteros-este-lunes\/#breadcrumb\",\"itemListElement\":[{\"@type\":\"ListItem\",\"position\":1,\"name\":\"Portada\",\"item\":\"https:\/\/diarioabcdemichoacan.com.mx\/lasnoticias\/\"},{\"@type\":\"ListItem\",\"position\":2,\"name\":\"Pide Bedolla precauci\u00f3n ante bloqueos carreteros, este lunes\"}]},{\"@type\":\"WebSite\",\"@id\":\"https:\/\/diarioabcdemichoacan.com.mx\/lasnoticias\/#website\",\"url\":\"https:\/\/diarioabcdemichoacan.com.mx\/lasnoticias\/\",\"name\":\"Diario ABC de Michoac\u00e1n\",\"description\":\"Las noticias al momento\",\"potentialAction\":[{\"@type\":\"SearchAction\",\"target\":{\"@type\":\"EntryPoint\",\"urlTemplate\":\"https:\/\/diarioabcdemichoacan.com.mx\/lasnoticias\/?s={search_term_string}\"},\"query-input\":{\"@type\":\"PropertyValueSpecification\",\"valueRequired\":true,\"valueName\":\"search_term_string\"}}],\"inLanguage\":\"es\"},{\"@type\":\"Person\",\"@id\":\"https:\/\/diarioabcdemichoacan.com.mx\/lasnoticias\/#\/schema\/person\/19ae376040f6cbc489682ebdd8524852\",\"name\":\"AR\",\"image\":{\"@type\":\"ImageObject\",\"inLanguage\":\"es\",\"@id\":\"https:\/\/diarioabcdemichoacan.com.mx\/lasnoticias\/#\/schema\/person\/image\/\",\"url\":\"https:\/\/secure.gravatar.com\/avatar\/44eca2ff970262234e20e1e082872af0?s=96&d=mm&r=g\",\"contentUrl\":\"https:\/\/secure.gravatar.com\/avatar\/44eca2ff970262234e20e1e082872af0?s=96&d=mm&r=g\",\"caption\":\"AR\"},\"url\":\"https:\/\/diarioabcdemichoacan.com.mx\/lasnoticias\/author\/adrian\/\"}]}<\/script>\n<!-- \/ Yoast SEO plugin. -->","yoast_head_json":{"title":"Pide Bedolla precauci\u00f3n ante bloqueos carreteros, este lunes - Diario ABC de Michoac\u00e1n","robots":{"index":"index","follow":"follow","max-snippet":"max-snippet:-1","max-image-preview":"max-image-preview:large","max-video-preview":"max-video-preview:-1"},"canonical":"https:\/\/diarioabcdemichoacan.com.mx\/lasnoticias\/pide-bedolla-precaucion-ante-bloqueos-carreteros-este-lunes\/","og_locale":"es_ES","og_type":"article","og_title":"Pide Bedolla precauci\u00f3n ante bloqueos carreteros, este lunes - Diario ABC de Michoac\u00e1n","og_description":"Por Mariano Bola\u00f1os Monta\u00f1ez Morelia, Mich.- Tras confirmar bloqueos inteligentes en al menos dos carreteras de la entidad en el marco del paro nacional de transportistas y productores del campo, el gobernador Alfredo Ram\u00edrez Bedolla hizo un llamado a extremar precauciones ante estos cierres intermitentes, que hasta el momento \u00fanicamente se reportan en Santa Casilda [&hellip;]","og_url":"https:\/\/diarioabcdemichoacan.com.mx\/lasnoticias\/pide-bedolla-precaucion-ante-bloqueos-carreteros-este-lunes\/","og_site_name":"Diario ABC de Michoac\u00e1n","article_published_time":"2025-11-24T20:27:54+00:00","og_image":[{"width":1600,"height":902,"url":"https:\/\/diarioabcdemichoacan.com.mx\/lasnoticias\/wp-content\/uploads\/2025\/11\/Imagen-de-WhatsApp-2025-11-24-a-las-11.21.28_f651d799.jpg","type":"image\/jpeg"}],"author":"AR","twitter_card":"summary_large_image","twitter_misc":{"Escrito por":"AR","Tiempo de lectura":"2 minutos"},"schema":{"@context":"https:\/\/schema.org","@graph":[{"@type":"WebPage","@id":"https:\/\/diarioabcdemichoacan.com.mx\/lasnoticias\/pide-bedolla-precaucion-ante-bloqueos-carreteros-este-lunes\/","url":"https:\/\/diarioabcdemichoacan.com.mx\/lasnoticias\/pide-bedolla-precaucion-ante-bloqueos-carreteros-este-lunes\/","name":"Pide Bedolla precauci\u00f3n ante bloqueos carreteros, este lunes - Diario ABC de Michoac\u00e1n","isPartOf":{"@id":"https:\/\/diarioabcdemichoacan.com.mx\/lasnoticias\/#website"},"primaryImageOfPage":{"@id":"https:\/\/diarioabcdemichoacan.com.mx\/lasnoticias\/pide-bedolla-precaucion-ante-bloqueos-carreteros-este-lunes\/#primaryimage"},"image":{"@id":"https:\/\/diarioabcdemichoacan.com.mx\/lasnoticias\/pide-bedolla-precaucion-ante-bloqueos-carreteros-este-lunes\/#primaryimage"},"thumbnailUrl":"https:\/\/diarioabcdemichoacan.com.mx\/lasnoticias\/wp-content\/uploads\/2025\/11\/Imagen-de-WhatsApp-2025-11-24-a-las-11.21.28_f651d799.jpg","datePublished":"2025-11-24T20:27:54+00:00","dateModified":"2025-11-24T20:27:54+00:00","author":{"@id":"https:\/\/diarioabcdemichoacan.com.mx\/lasnoticias\/#\/schema\/person\/19ae376040f6cbc489682ebdd8524852"},"breadcrumb":{"@id":"https:\/\/diarioabcdemichoacan.com.mx\/lasnoticias\/pide-bedolla-precaucion-ante-bloqueos-carreteros-este-lunes\/#breadcrumb"},"inLanguage":"es","potentialAction":[{"@type":"ReadAction","target":["https:\/\/diarioabcdemichoacan.com.mx\/lasnoticias\/pide-bedolla-precaucion-ante-bloqueos-carreteros-este-lunes\/"]}]},{"@type":"ImageObject","inLanguage":"es","@id":"https:\/\/diarioabcdemichoacan.com.mx\/lasnoticias\/pide-bedolla-precaucion-ante-bloqueos-carreteros-este-lunes\/#primaryimage","url":"https:\/\/diarioabcdemichoacan.com.mx\/lasnoticias\/wp-content\/uploads\/2025\/11\/Imagen-de-WhatsApp-2025-11-24-a-las-11.21.28_f651d799.jpg","contentUrl":"https:\/\/diarioabcdemichoacan.com.mx\/lasnoticias\/wp-content\/uploads\/2025\/11\/Imagen-de-WhatsApp-2025-11-24-a-las-11.21.28_f651d799.jpg","width":1600,"height":902},{"@type":"BreadcrumbList","@id":"https:\/\/diarioabcdemichoacan.com.mx\/lasnoticias\/pide-bedolla-precaucion-ante-bloqueos-carreteros-este-lunes\/#breadcrumb","itemListElement":[{"@type":"ListItem","position":1,"name":"Portada","item":"https:\/\/diarioabcdemichoacan.com.mx\/lasnoticias\/"},{"@type":"ListItem","position":2,"name":"Pide Bedolla precauci\u00f3n ante bloqueos carreteros, este lunes"}]},{"@type":"WebSite","@id":"https:\/\/diarioabcdemichoacan.com.mx\/lasnoticias\/#website","url":"https:\/\/diarioabcdemichoacan.com.mx\/lasnoticias\/","name":"Diario ABC de Michoac\u00e1n","description":"Las noticias al momento","potentialAction":[{"@type":"SearchAction","target":{"@type":"EntryPoint","urlTemplate":"https:\/\/diarioabcdemichoacan.com.mx\/lasnoticias\/?s={search_term_string}"},"query-input":{"@type":"PropertyValueSpecification","valueRequired":true,"valueName":"search_term_string"}}],"inLanguage":"es"},{"@type":"Person","@id":"https:\/\/diarioabcdemichoacan.com.mx\/lasnoticias\/#\/schema\/person\/19ae376040f6cbc489682ebdd8524852","name":"AR","image":{"@type":"ImageObject","inLanguage":"es","@id":"https:\/\/diarioabcdemichoacan.com.mx\/lasnoticias\/#\/schema\/person\/image\/","url":"https:\/\/secure.gravatar.com\/avatar\/44eca2ff970262234e20e1e082872af0?s=96&d=mm&r=g","contentUrl":"https:\/\/secure.gravatar.com\/avatar\/44eca2ff970262234e20e1e082872af0?s=96&d=mm&r=g","caption":"AR"},"url":"https:\/\/diarioabcdemichoacan.com.mx\/lasnoticias\/author\/adrian\/"}]}},"_links":{"self":[{"href":"https:\/\/diarioabcdemichoacan.com.mx\/lasnoticias\/wp-json\/wp\/v2\/posts\/72557","targetHints":{"allow":["GET"]}}],"collection":[{"href":"https:\/\/diarioabcdemichoacan.com.mx\/lasnoticias\/wp-json\/wp\/v2\/posts"}],"about":[{"href":"https:\/\/diarioabcdemichoacan.com.mx\/lasnoticias\/wp-json\/wp\/v2\/types\/post"}],"author":[{"embeddable":true,"href":"https:\/\/diarioabcdemichoacan.com.mx\/lasnoticias\/wp-json\/wp\/v2\/users\/9"}],"replies":[{"embeddable":true,"href":"https:\/\/diarioabcdemichoacan.com.mx\/lasnoticias\/wp-json\/wp\/v2\/comments?post=72557"}],"version-history":[{"count":1,"href":"https:\/\/diarioabcdemichoacan.com.mx\/lasnoticias\/wp-json\/wp\/v2\/posts\/72557\/revisions"}],"predecessor-version":[{"id":72559,"href":"https:\/\/diarioabcdemichoacan.com.mx\/lasnoticias\/wp-json\/wp\/v2\/posts\/72557\/revisions\/72559"}],"wp:featuredmedia":[{"embeddable":true,"href":"https:\/\/diarioabcdemichoacan.com.mx\/lasnoticias\/wp-json\/wp\/v2\/media\/72558"}],"wp:attachment":[{"href":"https:\/\/diarioabcdemichoacan.com.mx\/lasnoticias\/wp-json\/wp\/v2\/media?parent=72557"}],"wp:term":[{"taxonomy":"category","embeddable":true,"href":"https:\/\/diarioabcdemichoacan.com.mx\/lasnoticias\/wp-json\/wp\/v2\/categories?post=72557"},{"taxonomy":"post_tag","embeddable":true,"href":"https:\/\/diarioabcdemichoacan.com.mx\/lasnoticias\/wp-json\/wp\/v2\/tags?post=72557"}],"curies":[{"name":"wp","href":"https:\/\/api.w.org\/{rel}","templated":true}]}}