{"id":73188,"date":"2025-12-09T11:02:59","date_gmt":"2025-12-09T17:02:59","guid":{"rendered":"https:\/\/diarioabcdemichoacan.com.mx\/lasnoticias\/?p=73188"},"modified":"2025-12-09T11:02:59","modified_gmt":"2025-12-09T17:02:59","slug":"bedolla-impulsa-autonomia-economica-de-michoacanas-da-mas-de-300-kits-de-autoempleo","status":"publish","type":"post","link":"https:\/\/diarioabcdemichoacan.com.mx\/lasnoticias\/bedolla-impulsa-autonomia-economica-de-michoacanas-da-mas-de-300-kits-de-autoempleo\/","title":{"rendered":"Bedolla impulsa autonom\u00eda econ\u00f3mica de michoacanas; da m\u00e1s de 300 kits de autoempleo"},"content":{"rendered":"<h2>A trav\u00e9s del programa \u201cLas Solidarias\u201d, de la Seimujer.<\/h2>\n<p>&nbsp;<\/p>\n<hr \/>\n<p>Morelia, Mich.- El gobernador Alfredo Ram\u00edrez Bedolla y la secretaria de Igualdad Sustantiva y Desarrollo de las Mujeres, Alejandra Anguiano Gonz\u00e1lez, entregaron a 320 michoacanas kits de belleza para impulsar el autoempleo y contribuir a su autonom\u00eda econ\u00f3mica, como parte del programa \u201cLas Solidarias\u201d.<\/p>\n<p>El mandatario destac\u00f3 la esencia, sensibilidad y sencillez con que naci\u00f3 esta estrategia para empoderar desde el Gobierno estatal a las mujeres michoacanas, al proporcionarles las herramientas para que inicien su propio negocio, con lo que se cierra el c\u00edrculo de violencia econ\u00f3mica que pueden padecer o que sufren en su hogar, alej\u00e1ndolas de sus agresores.<\/p>\n<p>\u201cSe hizo en asambleas, en las colonias, en las casas de ustedes y ahora se est\u00e1 reflejando en estos kits de autoempleo y de emancipaci\u00f3n que les dan fortaleza. Tenemos que seguir fortaleciendo este programa para que las mujeres tengan un respaldo\u201d, manifest\u00f3 Ram\u00edrez Bedolla, quien puso a su disposici\u00f3n los cr\u00e9ditos con bajas tasas de inter\u00e9s que brinda su administraci\u00f3n a trav\u00e9s del S\u00ed Financia para hacer crecer sus negocios.<\/p>\n<p>Por su parte, la secretaria de Igualdad Sustantiva y Desarrollo de las Mujeres Michoacanas, Alejandra Anguiano Gonz\u00e1lez, aport\u00f3 que esta estrategia, que ha beneficiado a m\u00e1s de 600 mujeres, contribuye a reparar una deuda hist\u00f3rica con las mujeres. \u201cNo es un programa de asistencia, es un acto pol\u00edtico que reivindica que estamos viviendo un tiempo de mujeres\u201d, afirm\u00f3.<\/p>\n<p>Acompa\u00f1aron al gobernador el secretario de Gobierno, Ra\u00fal Zepeda Villase\u00f1or; las secretarias de Desarrollo Urbano y Movilidad y del Bienestar, Gladyz Butanda Mac\u00edas y Andrea Serna Hern\u00e1ndez, respectivamente; la directora del DIF Michoac\u00e1n, Ana Sof\u00eda Bautista Agu\u00ed\u00f1iga; la coordinadora de Comunicaci\u00f3n, Z\u00e1yin Villavicencio S\u00e1nchez; y mujeres beneficiadas.<\/p>\n","protected":false},"excerpt":{"rendered":"<p>A trav\u00e9s del programa \u201cLas Solidarias\u201d, de la Seimujer. &nbsp; Morelia, Mich.- El gobernador Alfredo Ram\u00edrez Bedolla y la secretaria de Igualdad Sustantiva y Desarrollo de las Mujeres, Alejandra Anguiano Gonz\u00e1lez, entregaron a 320 michoacanas kits de belleza para impulsar el autoempleo y contribuir a su autonom\u00eda econ\u00f3mica, como parte del programa \u201cLas Solidarias\u201d. El [&hellip;]<\/p>\n","protected":false},"author":9,"featured_media":73189,"comment_status":"closed","ping_status":"closed","sticky":false,"template":"","format":"standard","meta":{"footnotes":""},"categories":[10,17,28,27],"tags":[],"class_list":{"0":"post-73188","1":"post","2":"type-post","3":"status-publish","4":"format-standard","5":"has-post-thumbnail","7":"category-estado","8":"category-gobierno-de-michoacan","9":"category-politica","10":"category-slider"},"yoast_head":"<!-- This site is optimized with the Yoast SEO plugin v24.0 - https:\/\/yoast.com\/wordpress\/plugins\/seo\/ -->\n<title>Bedolla impulsa autonom\u00eda econ\u00f3mica de michoacanas; da m\u00e1s de 300 kits de autoempleo - Diario ABC de Michoac\u00e1n<\/title>\n<meta name=\"robots\" content=\"index, follow, max-snippet:-1, max-image-preview:large, max-video-preview:-1\" \/>\n<link rel=\"canonical\" href=\"https:\/\/diarioabcdemichoacan.com.mx\/lasnoticias\/bedolla-impulsa-autonomia-economica-de-michoacanas-da-mas-de-300-kits-de-autoempleo\/\" \/>\n<meta property=\"og:locale\" content=\"es_ES\" \/>\n<meta property=\"og:type\" content=\"article\" \/>\n<meta property=\"og:title\" content=\"Bedolla impulsa autonom\u00eda econ\u00f3mica de michoacanas; da m\u00e1s de 300 kits de autoempleo - Diario ABC de Michoac\u00e1n\" \/>\n<meta property=\"og:description\" content=\"A trav\u00e9s del programa \u201cLas Solidarias\u201d, de la Seimujer. &nbsp; Morelia, Mich.- El gobernador Alfredo Ram\u00edrez Bedolla y la secretaria de Igualdad Sustantiva y Desarrollo de las Mujeres, Alejandra Anguiano Gonz\u00e1lez, entregaron a 320 michoacanas kits de belleza para impulsar el autoempleo y contribuir a su autonom\u00eda econ\u00f3mica, como parte del programa \u201cLas Solidarias\u201d. El [&hellip;]\" \/>\n<meta property=\"og:url\" content=\"https:\/\/diarioabcdemichoacan.com.mx\/lasnoticias\/bedolla-impulsa-autonomia-economica-de-michoacanas-da-mas-de-300-kits-de-autoempleo\/\" \/>\n<meta property=\"og:site_name\" content=\"Diario ABC de Michoac\u00e1n\" \/>\n<meta property=\"article:published_time\" content=\"2025-12-09T17:02:59+00:00\" \/>\n<meta property=\"og:image\" content=\"https:\/\/diarioabcdemichoacan.com.mx\/lasnoticias\/wp-content\/uploads\/2025\/12\/Imagen-de-WhatsApp-2025-12-08-a-las-15.35.46_336567ef.jpg\" \/>\n\t<meta property=\"og:image:width\" content=\"1600\" \/>\n\t<meta property=\"og:image:height\" content=\"1096\" \/>\n\t<meta property=\"og:image:type\" content=\"image\/jpeg\" \/>\n<meta name=\"author\" content=\"AR\" \/>\n<meta name=\"twitter:card\" content=\"summary_large_image\" \/>\n<meta name=\"twitter:label1\" content=\"Escrito por\" \/>\n\t<meta name=\"twitter:data1\" content=\"AR\" \/>\n\t<meta name=\"twitter:label2\" content=\"Tiempo de lectura\" \/>\n\t<meta name=\"twitter:data2\" content=\"2 minutos\" \/>\n<script type=\"application\/ld+json\" class=\"yoast-schema-graph\">{\"@context\":\"https:\/\/schema.org\",\"@graph\":[{\"@type\":\"WebPage\",\"@id\":\"https:\/\/diarioabcdemichoacan.com.mx\/lasnoticias\/bedolla-impulsa-autonomia-economica-de-michoacanas-da-mas-de-300-kits-de-autoempleo\/\",\"url\":\"https:\/\/diarioabcdemichoacan.com.mx\/lasnoticias\/bedolla-impulsa-autonomia-economica-de-michoacanas-da-mas-de-300-kits-de-autoempleo\/\",\"name\":\"Bedolla impulsa autonom\u00eda econ\u00f3mica de michoacanas; da m\u00e1s de 300 kits de autoempleo - Diario ABC de Michoac\u00e1n\",\"isPartOf\":{\"@id\":\"https:\/\/diarioabcdemichoacan.com.mx\/lasnoticias\/#website\"},\"primaryImageOfPage\":{\"@id\":\"https:\/\/diarioabcdemichoacan.com.mx\/lasnoticias\/bedolla-impulsa-autonomia-economica-de-michoacanas-da-mas-de-300-kits-de-autoempleo\/#primaryimage\"},\"image\":{\"@id\":\"https:\/\/diarioabcdemichoacan.com.mx\/lasnoticias\/bedolla-impulsa-autonomia-economica-de-michoacanas-da-mas-de-300-kits-de-autoempleo\/#primaryimage\"},\"thumbnailUrl\":\"https:\/\/diarioabcdemichoacan.com.mx\/lasnoticias\/wp-content\/uploads\/2025\/12\/Imagen-de-WhatsApp-2025-12-08-a-las-15.35.46_336567ef.jpg\",\"datePublished\":\"2025-12-09T17:02:59+00:00\",\"dateModified\":\"2025-12-09T17:02:59+00:00\",\"author\":{\"@id\":\"https:\/\/diarioabcdemichoacan.com.mx\/lasnoticias\/#\/schema\/person\/19ae376040f6cbc489682ebdd8524852\"},\"breadcrumb\":{\"@id\":\"https:\/\/diarioabcdemichoacan.com.mx\/lasnoticias\/bedolla-impulsa-autonomia-economica-de-michoacanas-da-mas-de-300-kits-de-autoempleo\/#breadcrumb\"},\"inLanguage\":\"es\",\"potentialAction\":[{\"@type\":\"ReadAction\",\"target\":[\"https:\/\/diarioabcdemichoacan.com.mx\/lasnoticias\/bedolla-impulsa-autonomia-economica-de-michoacanas-da-mas-de-300-kits-de-autoempleo\/\"]}]},{\"@type\":\"ImageObject\",\"inLanguage\":\"es\",\"@id\":\"https:\/\/diarioabcdemichoacan.com.mx\/lasnoticias\/bedolla-impulsa-autonomia-economica-de-michoacanas-da-mas-de-300-kits-de-autoempleo\/#primaryimage\",\"url\":\"https:\/\/diarioabcdemichoacan.com.mx\/lasnoticias\/wp-content\/uploads\/2025\/12\/Imagen-de-WhatsApp-2025-12-08-a-las-15.35.46_336567ef.jpg\",\"contentUrl\":\"https:\/\/diarioabcdemichoacan.com.mx\/lasnoticias\/wp-content\/uploads\/2025\/12\/Imagen-de-WhatsApp-2025-12-08-a-las-15.35.46_336567ef.jpg\",\"width\":1600,\"height\":1096},{\"@type\":\"BreadcrumbList\",\"@id\":\"https:\/\/diarioabcdemichoacan.com.mx\/lasnoticias\/bedolla-impulsa-autonomia-economica-de-michoacanas-da-mas-de-300-kits-de-autoempleo\/#breadcrumb\",\"itemListElement\":[{\"@type\":\"ListItem\",\"position\":1,\"name\":\"Portada\",\"item\":\"https:\/\/diarioabcdemichoacan.com.mx\/lasnoticias\/\"},{\"@type\":\"ListItem\",\"position\":2,\"name\":\"Bedolla impulsa autonom\u00eda econ\u00f3mica de michoacanas; da m\u00e1s de 300 kits de autoempleo\"}]},{\"@type\":\"WebSite\",\"@id\":\"https:\/\/diarioabcdemichoacan.com.mx\/lasnoticias\/#website\",\"url\":\"https:\/\/diarioabcdemichoacan.com.mx\/lasnoticias\/\",\"name\":\"Diario ABC de Michoac\u00e1n\",\"description\":\"Las noticias al momento\",\"potentialAction\":[{\"@type\":\"SearchAction\",\"target\":{\"@type\":\"EntryPoint\",\"urlTemplate\":\"https:\/\/diarioabcdemichoacan.com.mx\/lasnoticias\/?s={search_term_string}\"},\"query-input\":{\"@type\":\"PropertyValueSpecification\",\"valueRequired\":true,\"valueName\":\"search_term_string\"}}],\"inLanguage\":\"es\"},{\"@type\":\"Person\",\"@id\":\"https:\/\/diarioabcdemichoacan.com.mx\/lasnoticias\/#\/schema\/person\/19ae376040f6cbc489682ebdd8524852\",\"name\":\"AR\",\"image\":{\"@type\":\"ImageObject\",\"inLanguage\":\"es\",\"@id\":\"https:\/\/diarioabcdemichoacan.com.mx\/lasnoticias\/#\/schema\/person\/image\/\",\"url\":\"https:\/\/secure.gravatar.com\/avatar\/44eca2ff970262234e20e1e082872af0?s=96&d=mm&r=g\",\"contentUrl\":\"https:\/\/secure.gravatar.com\/avatar\/44eca2ff970262234e20e1e082872af0?s=96&d=mm&r=g\",\"caption\":\"AR\"},\"url\":\"https:\/\/diarioabcdemichoacan.com.mx\/lasnoticias\/author\/adrian\/\"}]}<\/script>\n<!-- \/ Yoast SEO plugin. -->","yoast_head_json":{"title":"Bedolla impulsa autonom\u00eda econ\u00f3mica de michoacanas; da m\u00e1s de 300 kits de autoempleo - Diario ABC de Michoac\u00e1n","robots":{"index":"index","follow":"follow","max-snippet":"max-snippet:-1","max-image-preview":"max-image-preview:large","max-video-preview":"max-video-preview:-1"},"canonical":"https:\/\/diarioabcdemichoacan.com.mx\/lasnoticias\/bedolla-impulsa-autonomia-economica-de-michoacanas-da-mas-de-300-kits-de-autoempleo\/","og_locale":"es_ES","og_type":"article","og_title":"Bedolla impulsa autonom\u00eda econ\u00f3mica de michoacanas; da m\u00e1s de 300 kits de autoempleo - Diario ABC de Michoac\u00e1n","og_description":"A trav\u00e9s del programa \u201cLas Solidarias\u201d, de la Seimujer. &nbsp; Morelia, Mich.- El gobernador Alfredo Ram\u00edrez Bedolla y la secretaria de Igualdad Sustantiva y Desarrollo de las Mujeres, Alejandra Anguiano Gonz\u00e1lez, entregaron a 320 michoacanas kits de belleza para impulsar el autoempleo y contribuir a su autonom\u00eda econ\u00f3mica, como parte del programa \u201cLas Solidarias\u201d. El [&hellip;]","og_url":"https:\/\/diarioabcdemichoacan.com.mx\/lasnoticias\/bedolla-impulsa-autonomia-economica-de-michoacanas-da-mas-de-300-kits-de-autoempleo\/","og_site_name":"Diario ABC de Michoac\u00e1n","article_published_time":"2025-12-09T17:02:59+00:00","og_image":[{"width":1600,"height":1096,"url":"https:\/\/diarioabcdemichoacan.com.mx\/lasnoticias\/wp-content\/uploads\/2025\/12\/Imagen-de-WhatsApp-2025-12-08-a-las-15.35.46_336567ef.jpg","type":"image\/jpeg"}],"author":"AR","twitter_card":"summary_large_image","twitter_misc":{"Escrito por":"AR","Tiempo de lectura":"2 minutos"},"schema":{"@context":"https:\/\/schema.org","@graph":[{"@type":"WebPage","@id":"https:\/\/diarioabcdemichoacan.com.mx\/lasnoticias\/bedolla-impulsa-autonomia-economica-de-michoacanas-da-mas-de-300-kits-de-autoempleo\/","url":"https:\/\/diarioabcdemichoacan.com.mx\/lasnoticias\/bedolla-impulsa-autonomia-economica-de-michoacanas-da-mas-de-300-kits-de-autoempleo\/","name":"Bedolla impulsa autonom\u00eda econ\u00f3mica de michoacanas; da m\u00e1s de 300 kits de autoempleo - Diario ABC de Michoac\u00e1n","isPartOf":{"@id":"https:\/\/diarioabcdemichoacan.com.mx\/lasnoticias\/#website"},"primaryImageOfPage":{"@id":"https:\/\/diarioabcdemichoacan.com.mx\/lasnoticias\/bedolla-impulsa-autonomia-economica-de-michoacanas-da-mas-de-300-kits-de-autoempleo\/#primaryimage"},"image":{"@id":"https:\/\/diarioabcdemichoacan.com.mx\/lasnoticias\/bedolla-impulsa-autonomia-economica-de-michoacanas-da-mas-de-300-kits-de-autoempleo\/#primaryimage"},"thumbnailUrl":"https:\/\/diarioabcdemichoacan.com.mx\/lasnoticias\/wp-content\/uploads\/2025\/12\/Imagen-de-WhatsApp-2025-12-08-a-las-15.35.46_336567ef.jpg","datePublished":"2025-12-09T17:02:59+00:00","dateModified":"2025-12-09T17:02:59+00:00","author":{"@id":"https:\/\/diarioabcdemichoacan.com.mx\/lasnoticias\/#\/schema\/person\/19ae376040f6cbc489682ebdd8524852"},"breadcrumb":{"@id":"https:\/\/diarioabcdemichoacan.com.mx\/lasnoticias\/bedolla-impulsa-autonomia-economica-de-michoacanas-da-mas-de-300-kits-de-autoempleo\/#breadcrumb"},"inLanguage":"es","potentialAction":[{"@type":"ReadAction","target":["https:\/\/diarioabcdemichoacan.com.mx\/lasnoticias\/bedolla-impulsa-autonomia-economica-de-michoacanas-da-mas-de-300-kits-de-autoempleo\/"]}]},{"@type":"ImageObject","inLanguage":"es","@id":"https:\/\/diarioabcdemichoacan.com.mx\/lasnoticias\/bedolla-impulsa-autonomia-economica-de-michoacanas-da-mas-de-300-kits-de-autoempleo\/#primaryimage","url":"https:\/\/diarioabcdemichoacan.com.mx\/lasnoticias\/wp-content\/uploads\/2025\/12\/Imagen-de-WhatsApp-2025-12-08-a-las-15.35.46_336567ef.jpg","contentUrl":"https:\/\/diarioabcdemichoacan.com.mx\/lasnoticias\/wp-content\/uploads\/2025\/12\/Imagen-de-WhatsApp-2025-12-08-a-las-15.35.46_336567ef.jpg","width":1600,"height":1096},{"@type":"BreadcrumbList","@id":"https:\/\/diarioabcdemichoacan.com.mx\/lasnoticias\/bedolla-impulsa-autonomia-economica-de-michoacanas-da-mas-de-300-kits-de-autoempleo\/#breadcrumb","itemListElement":[{"@type":"ListItem","position":1,"name":"Portada","item":"https:\/\/diarioabcdemichoacan.com.mx\/lasnoticias\/"},{"@type":"ListItem","position":2,"name":"Bedolla impulsa autonom\u00eda econ\u00f3mica de michoacanas; da m\u00e1s de 300 kits de autoempleo"}]},{"@type":"WebSite","@id":"https:\/\/diarioabcdemichoacan.com.mx\/lasnoticias\/#website","url":"https:\/\/diarioabcdemichoacan.com.mx\/lasnoticias\/","name":"Diario ABC de Michoac\u00e1n","description":"Las noticias al momento","potentialAction":[{"@type":"SearchAction","target":{"@type":"EntryPoint","urlTemplate":"https:\/\/diarioabcdemichoacan.com.mx\/lasnoticias\/?s={search_term_string}"},"query-input":{"@type":"PropertyValueSpecification","valueRequired":true,"valueName":"search_term_string"}}],"inLanguage":"es"},{"@type":"Person","@id":"https:\/\/diarioabcdemichoacan.com.mx\/lasnoticias\/#\/schema\/person\/19ae376040f6cbc489682ebdd8524852","name":"AR","image":{"@type":"ImageObject","inLanguage":"es","@id":"https:\/\/diarioabcdemichoacan.com.mx\/lasnoticias\/#\/schema\/person\/image\/","url":"https:\/\/secure.gravatar.com\/avatar\/44eca2ff970262234e20e1e082872af0?s=96&d=mm&r=g","contentUrl":"https:\/\/secure.gravatar.com\/avatar\/44eca2ff970262234e20e1e082872af0?s=96&d=mm&r=g","caption":"AR"},"url":"https:\/\/diarioabcdemichoacan.com.mx\/lasnoticias\/author\/adrian\/"}]}},"_links":{"self":[{"href":"https:\/\/diarioabcdemichoacan.com.mx\/lasnoticias\/wp-json\/wp\/v2\/posts\/73188","targetHints":{"allow":["GET"]}}],"collection":[{"href":"https:\/\/diarioabcdemichoacan.com.mx\/lasnoticias\/wp-json\/wp\/v2\/posts"}],"about":[{"href":"https:\/\/diarioabcdemichoacan.com.mx\/lasnoticias\/wp-json\/wp\/v2\/types\/post"}],"author":[{"embeddable":true,"href":"https:\/\/diarioabcdemichoacan.com.mx\/lasnoticias\/wp-json\/wp\/v2\/users\/9"}],"replies":[{"embeddable":true,"href":"https:\/\/diarioabcdemichoacan.com.mx\/lasnoticias\/wp-json\/wp\/v2\/comments?post=73188"}],"version-history":[{"count":1,"href":"https:\/\/diarioabcdemichoacan.com.mx\/lasnoticias\/wp-json\/wp\/v2\/posts\/73188\/revisions"}],"predecessor-version":[{"id":73190,"href":"https:\/\/diarioabcdemichoacan.com.mx\/lasnoticias\/wp-json\/wp\/v2\/posts\/73188\/revisions\/73190"}],"wp:featuredmedia":[{"embeddable":true,"href":"https:\/\/diarioabcdemichoacan.com.mx\/lasnoticias\/wp-json\/wp\/v2\/media\/73189"}],"wp:attachment":[{"href":"https:\/\/diarioabcdemichoacan.com.mx\/lasnoticias\/wp-json\/wp\/v2\/media?parent=73188"}],"wp:term":[{"taxonomy":"category","embeddable":true,"href":"https:\/\/diarioabcdemichoacan.com.mx\/lasnoticias\/wp-json\/wp\/v2\/categories?post=73188"},{"taxonomy":"post_tag","embeddable":true,"href":"https:\/\/diarioabcdemichoacan.com.mx\/lasnoticias\/wp-json\/wp\/v2\/tags?post=73188"}],"curies":[{"name":"wp","href":"https:\/\/api.w.org\/{rel}","templated":true}]}}