{"id":73191,"date":"2025-12-09T11:05:09","date_gmt":"2025-12-09T17:05:09","guid":{"rendered":"https:\/\/diarioabcdemichoacan.com.mx\/lasnoticias\/?p=73191"},"modified":"2025-12-09T11:05:09","modified_gmt":"2025-12-09T17:05:09","slug":"invita-alfonso-martinez-a-celebrar-la-cuarta-magno-posada-navidena-noche-de-paz","status":"publish","type":"post","link":"https:\/\/diarioabcdemichoacan.com.mx\/lasnoticias\/invita-alfonso-martinez-a-celebrar-la-cuarta-magno-posada-navidena-noche-de-paz\/","title":{"rendered":"Invita Alfonso Mart\u00ednez a celebrar la Cuarta Magno Posada Navide\u00f1a \u201cNoche de Paz\u201d"},"content":{"rendered":"<h2>La cita es el s\u00e1bado 20 de diciembre<\/h2>\n<ul>\n<li>Fortalecer la convivencia familiar, el objetivo prioritario<\/li>\n<\/ul>\n<div><\/div>\n<div>\n<hr \/>\n<\/div>\n<div>Morelia, Mich.-El Presidente Municipal de Morelia, Alfonso Mart\u00ednez Alc\u00e1zar, acompa\u00f1ado del Arzobispo, Carlos Garfias Merlos, anunci\u00f3 esta ma\u00f1ana la Cuarta edici\u00f3n de la Magno Posada Navide\u00f1a \u201cNoche de Paz\u201d, evento emblem\u00e1tico que busca fortalecer las tradiciones, promover la convivencia familiar y resaltar la belleza del Centro Hist\u00f3rico de la capital michoacana.<\/div>\n<div><\/div>\n<div>El programa, inform\u00f3 el Alcalde, Alfonso Mart\u00ednez, se llevar\u00e1 a cabo el pr\u00f3ximo s\u00e1bado 20 de diciembre, a partir de las 17:30 horas en el Centro Hist\u00f3rico de la capital, comenzando desde el Santuario de Nuestra Se\u00f1ora de Guadalupe, con paradas en el templo de Lourdes, Las Monjas y Catedral.<\/div>\n<div><\/div>\n<div>Las actividades incluyen la tradicional petici\u00f3n de posada, un gran concierto navide\u00f1o; Encendido especial de la Catedral; Verbena popular con antojitos michoacanos: pozole, corundas, tamales, vasolotes y m\u00e1s.<\/div>\n<div><\/div>\n<div>Alfonso Mart\u00ednez estim\u00f3 la asistencia de m\u00e1s de 20 mil personas. \u201cEsta Magno Posada es una de las tradiciones m\u00e1s queridas de Morelia. Queremos que las familias vivan la Navidad en nuestro hermoso Centro Hist\u00f3rico y convivan\u201d.<\/div>\n<div><\/div>\n<div>Por su parte, el Arzobispo Carlos Garfias Merlos subray\u00f3 la importancia de recuperar el verdadero sentido de la Navidad a trav\u00e9s de la uni\u00f3n y la paz. Adem\u00e1s, destac\u00f3 el trabajo en conjunto entre el Gobierno de Morelia y la Arquidi\u00f3cesis para ofrecer eventos que fortalezcan los valores familiares.<\/div>\n<div><\/div>\n<div>Al respecto, el Coordinador de Gabinete Municipal, Alberto Guzm\u00e1n D\u00edaz, se\u00f1al\u00f3 que la paz comienza en casa y se multiplica cuando se construye en conjunto. Por eso, detall\u00f3 que 13 dependencias del Ayuntamiento de Morelia trabajan de la mano con la Arquidi\u00f3cesis para hacer posible esta gran celebraci\u00f3n que da continuidad al vasto programa de actividades de la \u201cNavidad M\u00e1gica\u201d.<\/div>\n","protected":false},"excerpt":{"rendered":"<p>La cita es el s\u00e1bado 20 de diciembre Fortalecer la convivencia familiar, el objetivo prioritario Morelia, Mich.-El Presidente Municipal de Morelia, Alfonso Mart\u00ednez Alc\u00e1zar, acompa\u00f1ado del Arzobispo, Carlos Garfias Merlos, anunci\u00f3 esta ma\u00f1ana la Cuarta edici\u00f3n de la Magno Posada Navide\u00f1a \u201cNoche de Paz\u201d, evento emblem\u00e1tico que busca fortalecer las tradiciones, promover la convivencia familiar [&hellip;]<\/p>\n","protected":false},"author":9,"featured_media":73192,"comment_status":"closed","ping_status":"closed","sticky":false,"template":"","format":"standard","meta":{"footnotes":""},"categories":[18,7,28,27],"tags":[],"class_list":{"0":"post-73191","1":"post","2":"type-post","3":"status-publish","4":"format-standard","5":"has-post-thumbnail","7":"category-ayuntamiento-de-morelia","8":"category-morelia","9":"category-politica","10":"category-slider"},"yoast_head":"<!-- This site is optimized with the Yoast SEO plugin v24.0 - https:\/\/yoast.com\/wordpress\/plugins\/seo\/ -->\n<title>Invita Alfonso Mart\u00ednez a celebrar la Cuarta Magno Posada Navide\u00f1a \u201cNoche de Paz\u201d - Diario ABC de Michoac\u00e1n<\/title>\n<meta name=\"robots\" content=\"index, follow, max-snippet:-1, max-image-preview:large, max-video-preview:-1\" \/>\n<link rel=\"canonical\" href=\"https:\/\/diarioabcdemichoacan.com.mx\/lasnoticias\/invita-alfonso-martinez-a-celebrar-la-cuarta-magno-posada-navidena-noche-de-paz\/\" \/>\n<meta property=\"og:locale\" content=\"es_ES\" \/>\n<meta property=\"og:type\" content=\"article\" \/>\n<meta property=\"og:title\" content=\"Invita Alfonso Mart\u00ednez a celebrar la Cuarta Magno Posada Navide\u00f1a \u201cNoche de Paz\u201d - Diario ABC de Michoac\u00e1n\" \/>\n<meta property=\"og:description\" content=\"La cita es el s\u00e1bado 20 de diciembre Fortalecer la convivencia familiar, el objetivo prioritario Morelia, Mich.-El Presidente Municipal de Morelia, Alfonso Mart\u00ednez Alc\u00e1zar, acompa\u00f1ado del Arzobispo, Carlos Garfias Merlos, anunci\u00f3 esta ma\u00f1ana la Cuarta edici\u00f3n de la Magno Posada Navide\u00f1a \u201cNoche de Paz\u201d, evento emblem\u00e1tico que busca fortalecer las tradiciones, promover la convivencia familiar [&hellip;]\" \/>\n<meta property=\"og:url\" content=\"https:\/\/diarioabcdemichoacan.com.mx\/lasnoticias\/invita-alfonso-martinez-a-celebrar-la-cuarta-magno-posada-navidena-noche-de-paz\/\" \/>\n<meta property=\"og:site_name\" content=\"Diario ABC de Michoac\u00e1n\" \/>\n<meta property=\"article:published_time\" content=\"2025-12-09T17:05:09+00:00\" \/>\n<meta property=\"og:image\" content=\"https:\/\/diarioabcdemichoacan.com.mx\/lasnoticias\/wp-content\/uploads\/2025\/12\/Imagen-de-WhatsApp-2025-12-08-a-las-15.36.22_299660f5.jpg\" \/>\n\t<meta property=\"og:image:width\" content=\"1280\" \/>\n\t<meta property=\"og:image:height\" content=\"853\" \/>\n\t<meta property=\"og:image:type\" content=\"image\/jpeg\" \/>\n<meta name=\"author\" content=\"AR\" \/>\n<meta name=\"twitter:card\" content=\"summary_large_image\" \/>\n<meta name=\"twitter:label1\" content=\"Escrito por\" \/>\n\t<meta name=\"twitter:data1\" content=\"AR\" \/>\n\t<meta name=\"twitter:label2\" content=\"Tiempo de lectura\" \/>\n\t<meta name=\"twitter:data2\" content=\"2 minutos\" \/>\n<script type=\"application\/ld+json\" class=\"yoast-schema-graph\">{\"@context\":\"https:\/\/schema.org\",\"@graph\":[{\"@type\":\"WebPage\",\"@id\":\"https:\/\/diarioabcdemichoacan.com.mx\/lasnoticias\/invita-alfonso-martinez-a-celebrar-la-cuarta-magno-posada-navidena-noche-de-paz\/\",\"url\":\"https:\/\/diarioabcdemichoacan.com.mx\/lasnoticias\/invita-alfonso-martinez-a-celebrar-la-cuarta-magno-posada-navidena-noche-de-paz\/\",\"name\":\"Invita Alfonso Mart\u00ednez a celebrar la Cuarta Magno Posada Navide\u00f1a \u201cNoche de Paz\u201d - Diario ABC de Michoac\u00e1n\",\"isPartOf\":{\"@id\":\"https:\/\/diarioabcdemichoacan.com.mx\/lasnoticias\/#website\"},\"primaryImageOfPage\":{\"@id\":\"https:\/\/diarioabcdemichoacan.com.mx\/lasnoticias\/invita-alfonso-martinez-a-celebrar-la-cuarta-magno-posada-navidena-noche-de-paz\/#primaryimage\"},\"image\":{\"@id\":\"https:\/\/diarioabcdemichoacan.com.mx\/lasnoticias\/invita-alfonso-martinez-a-celebrar-la-cuarta-magno-posada-navidena-noche-de-paz\/#primaryimage\"},\"thumbnailUrl\":\"https:\/\/diarioabcdemichoacan.com.mx\/lasnoticias\/wp-content\/uploads\/2025\/12\/Imagen-de-WhatsApp-2025-12-08-a-las-15.36.22_299660f5.jpg\",\"datePublished\":\"2025-12-09T17:05:09+00:00\",\"dateModified\":\"2025-12-09T17:05:09+00:00\",\"author\":{\"@id\":\"https:\/\/diarioabcdemichoacan.com.mx\/lasnoticias\/#\/schema\/person\/19ae376040f6cbc489682ebdd8524852\"},\"breadcrumb\":{\"@id\":\"https:\/\/diarioabcdemichoacan.com.mx\/lasnoticias\/invita-alfonso-martinez-a-celebrar-la-cuarta-magno-posada-navidena-noche-de-paz\/#breadcrumb\"},\"inLanguage\":\"es\",\"potentialAction\":[{\"@type\":\"ReadAction\",\"target\":[\"https:\/\/diarioabcdemichoacan.com.mx\/lasnoticias\/invita-alfonso-martinez-a-celebrar-la-cuarta-magno-posada-navidena-noche-de-paz\/\"]}]},{\"@type\":\"ImageObject\",\"inLanguage\":\"es\",\"@id\":\"https:\/\/diarioabcdemichoacan.com.mx\/lasnoticias\/invita-alfonso-martinez-a-celebrar-la-cuarta-magno-posada-navidena-noche-de-paz\/#primaryimage\",\"url\":\"https:\/\/diarioabcdemichoacan.com.mx\/lasnoticias\/wp-content\/uploads\/2025\/12\/Imagen-de-WhatsApp-2025-12-08-a-las-15.36.22_299660f5.jpg\",\"contentUrl\":\"https:\/\/diarioabcdemichoacan.com.mx\/lasnoticias\/wp-content\/uploads\/2025\/12\/Imagen-de-WhatsApp-2025-12-08-a-las-15.36.22_299660f5.jpg\",\"width\":1280,\"height\":853},{\"@type\":\"BreadcrumbList\",\"@id\":\"https:\/\/diarioabcdemichoacan.com.mx\/lasnoticias\/invita-alfonso-martinez-a-celebrar-la-cuarta-magno-posada-navidena-noche-de-paz\/#breadcrumb\",\"itemListElement\":[{\"@type\":\"ListItem\",\"position\":1,\"name\":\"Portada\",\"item\":\"https:\/\/diarioabcdemichoacan.com.mx\/lasnoticias\/\"},{\"@type\":\"ListItem\",\"position\":2,\"name\":\"Invita Alfonso Mart\u00ednez a celebrar la Cuarta Magno Posada Navide\u00f1a \u201cNoche de Paz\u201d\"}]},{\"@type\":\"WebSite\",\"@id\":\"https:\/\/diarioabcdemichoacan.com.mx\/lasnoticias\/#website\",\"url\":\"https:\/\/diarioabcdemichoacan.com.mx\/lasnoticias\/\",\"name\":\"Diario ABC de Michoac\u00e1n\",\"description\":\"Las noticias al momento\",\"potentialAction\":[{\"@type\":\"SearchAction\",\"target\":{\"@type\":\"EntryPoint\",\"urlTemplate\":\"https:\/\/diarioabcdemichoacan.com.mx\/lasnoticias\/?s={search_term_string}\"},\"query-input\":{\"@type\":\"PropertyValueSpecification\",\"valueRequired\":true,\"valueName\":\"search_term_string\"}}],\"inLanguage\":\"es\"},{\"@type\":\"Person\",\"@id\":\"https:\/\/diarioabcdemichoacan.com.mx\/lasnoticias\/#\/schema\/person\/19ae376040f6cbc489682ebdd8524852\",\"name\":\"AR\",\"image\":{\"@type\":\"ImageObject\",\"inLanguage\":\"es\",\"@id\":\"https:\/\/diarioabcdemichoacan.com.mx\/lasnoticias\/#\/schema\/person\/image\/\",\"url\":\"https:\/\/secure.gravatar.com\/avatar\/44eca2ff970262234e20e1e082872af0?s=96&d=mm&r=g\",\"contentUrl\":\"https:\/\/secure.gravatar.com\/avatar\/44eca2ff970262234e20e1e082872af0?s=96&d=mm&r=g\",\"caption\":\"AR\"},\"url\":\"https:\/\/diarioabcdemichoacan.com.mx\/lasnoticias\/author\/adrian\/\"}]}<\/script>\n<!-- \/ Yoast SEO plugin. -->","yoast_head_json":{"title":"Invita Alfonso Mart\u00ednez a celebrar la Cuarta Magno Posada Navide\u00f1a \u201cNoche de Paz\u201d - Diario ABC de Michoac\u00e1n","robots":{"index":"index","follow":"follow","max-snippet":"max-snippet:-1","max-image-preview":"max-image-preview:large","max-video-preview":"max-video-preview:-1"},"canonical":"https:\/\/diarioabcdemichoacan.com.mx\/lasnoticias\/invita-alfonso-martinez-a-celebrar-la-cuarta-magno-posada-navidena-noche-de-paz\/","og_locale":"es_ES","og_type":"article","og_title":"Invita Alfonso Mart\u00ednez a celebrar la Cuarta Magno Posada Navide\u00f1a \u201cNoche de Paz\u201d - Diario ABC de Michoac\u00e1n","og_description":"La cita es el s\u00e1bado 20 de diciembre Fortalecer la convivencia familiar, el objetivo prioritario Morelia, Mich.-El Presidente Municipal de Morelia, Alfonso Mart\u00ednez Alc\u00e1zar, acompa\u00f1ado del Arzobispo, Carlos Garfias Merlos, anunci\u00f3 esta ma\u00f1ana la Cuarta edici\u00f3n de la Magno Posada Navide\u00f1a \u201cNoche de Paz\u201d, evento emblem\u00e1tico que busca fortalecer las tradiciones, promover la convivencia familiar [&hellip;]","og_url":"https:\/\/diarioabcdemichoacan.com.mx\/lasnoticias\/invita-alfonso-martinez-a-celebrar-la-cuarta-magno-posada-navidena-noche-de-paz\/","og_site_name":"Diario ABC de Michoac\u00e1n","article_published_time":"2025-12-09T17:05:09+00:00","og_image":[{"width":1280,"height":853,"url":"https:\/\/diarioabcdemichoacan.com.mx\/lasnoticias\/wp-content\/uploads\/2025\/12\/Imagen-de-WhatsApp-2025-12-08-a-las-15.36.22_299660f5.jpg","type":"image\/jpeg"}],"author":"AR","twitter_card":"summary_large_image","twitter_misc":{"Escrito por":"AR","Tiempo de lectura":"2 minutos"},"schema":{"@context":"https:\/\/schema.org","@graph":[{"@type":"WebPage","@id":"https:\/\/diarioabcdemichoacan.com.mx\/lasnoticias\/invita-alfonso-martinez-a-celebrar-la-cuarta-magno-posada-navidena-noche-de-paz\/","url":"https:\/\/diarioabcdemichoacan.com.mx\/lasnoticias\/invita-alfonso-martinez-a-celebrar-la-cuarta-magno-posada-navidena-noche-de-paz\/","name":"Invita Alfonso Mart\u00ednez a celebrar la Cuarta Magno Posada Navide\u00f1a \u201cNoche de Paz\u201d - Diario ABC de Michoac\u00e1n","isPartOf":{"@id":"https:\/\/diarioabcdemichoacan.com.mx\/lasnoticias\/#website"},"primaryImageOfPage":{"@id":"https:\/\/diarioabcdemichoacan.com.mx\/lasnoticias\/invita-alfonso-martinez-a-celebrar-la-cuarta-magno-posada-navidena-noche-de-paz\/#primaryimage"},"image":{"@id":"https:\/\/diarioabcdemichoacan.com.mx\/lasnoticias\/invita-alfonso-martinez-a-celebrar-la-cuarta-magno-posada-navidena-noche-de-paz\/#primaryimage"},"thumbnailUrl":"https:\/\/diarioabcdemichoacan.com.mx\/lasnoticias\/wp-content\/uploads\/2025\/12\/Imagen-de-WhatsApp-2025-12-08-a-las-15.36.22_299660f5.jpg","datePublished":"2025-12-09T17:05:09+00:00","dateModified":"2025-12-09T17:05:09+00:00","author":{"@id":"https:\/\/diarioabcdemichoacan.com.mx\/lasnoticias\/#\/schema\/person\/19ae376040f6cbc489682ebdd8524852"},"breadcrumb":{"@id":"https:\/\/diarioabcdemichoacan.com.mx\/lasnoticias\/invita-alfonso-martinez-a-celebrar-la-cuarta-magno-posada-navidena-noche-de-paz\/#breadcrumb"},"inLanguage":"es","potentialAction":[{"@type":"ReadAction","target":["https:\/\/diarioabcdemichoacan.com.mx\/lasnoticias\/invita-alfonso-martinez-a-celebrar-la-cuarta-magno-posada-navidena-noche-de-paz\/"]}]},{"@type":"ImageObject","inLanguage":"es","@id":"https:\/\/diarioabcdemichoacan.com.mx\/lasnoticias\/invita-alfonso-martinez-a-celebrar-la-cuarta-magno-posada-navidena-noche-de-paz\/#primaryimage","url":"https:\/\/diarioabcdemichoacan.com.mx\/lasnoticias\/wp-content\/uploads\/2025\/12\/Imagen-de-WhatsApp-2025-12-08-a-las-15.36.22_299660f5.jpg","contentUrl":"https:\/\/diarioabcdemichoacan.com.mx\/lasnoticias\/wp-content\/uploads\/2025\/12\/Imagen-de-WhatsApp-2025-12-08-a-las-15.36.22_299660f5.jpg","width":1280,"height":853},{"@type":"BreadcrumbList","@id":"https:\/\/diarioabcdemichoacan.com.mx\/lasnoticias\/invita-alfonso-martinez-a-celebrar-la-cuarta-magno-posada-navidena-noche-de-paz\/#breadcrumb","itemListElement":[{"@type":"ListItem","position":1,"name":"Portada","item":"https:\/\/diarioabcdemichoacan.com.mx\/lasnoticias\/"},{"@type":"ListItem","position":2,"name":"Invita Alfonso Mart\u00ednez a celebrar la Cuarta Magno Posada Navide\u00f1a \u201cNoche de Paz\u201d"}]},{"@type":"WebSite","@id":"https:\/\/diarioabcdemichoacan.com.mx\/lasnoticias\/#website","url":"https:\/\/diarioabcdemichoacan.com.mx\/lasnoticias\/","name":"Diario ABC de Michoac\u00e1n","description":"Las noticias al momento","potentialAction":[{"@type":"SearchAction","target":{"@type":"EntryPoint","urlTemplate":"https:\/\/diarioabcdemichoacan.com.mx\/lasnoticias\/?s={search_term_string}"},"query-input":{"@type":"PropertyValueSpecification","valueRequired":true,"valueName":"search_term_string"}}],"inLanguage":"es"},{"@type":"Person","@id":"https:\/\/diarioabcdemichoacan.com.mx\/lasnoticias\/#\/schema\/person\/19ae376040f6cbc489682ebdd8524852","name":"AR","image":{"@type":"ImageObject","inLanguage":"es","@id":"https:\/\/diarioabcdemichoacan.com.mx\/lasnoticias\/#\/schema\/person\/image\/","url":"https:\/\/secure.gravatar.com\/avatar\/44eca2ff970262234e20e1e082872af0?s=96&d=mm&r=g","contentUrl":"https:\/\/secure.gravatar.com\/avatar\/44eca2ff970262234e20e1e082872af0?s=96&d=mm&r=g","caption":"AR"},"url":"https:\/\/diarioabcdemichoacan.com.mx\/lasnoticias\/author\/adrian\/"}]}},"_links":{"self":[{"href":"https:\/\/diarioabcdemichoacan.com.mx\/lasnoticias\/wp-json\/wp\/v2\/posts\/73191","targetHints":{"allow":["GET"]}}],"collection":[{"href":"https:\/\/diarioabcdemichoacan.com.mx\/lasnoticias\/wp-json\/wp\/v2\/posts"}],"about":[{"href":"https:\/\/diarioabcdemichoacan.com.mx\/lasnoticias\/wp-json\/wp\/v2\/types\/post"}],"author":[{"embeddable":true,"href":"https:\/\/diarioabcdemichoacan.com.mx\/lasnoticias\/wp-json\/wp\/v2\/users\/9"}],"replies":[{"embeddable":true,"href":"https:\/\/diarioabcdemichoacan.com.mx\/lasnoticias\/wp-json\/wp\/v2\/comments?post=73191"}],"version-history":[{"count":1,"href":"https:\/\/diarioabcdemichoacan.com.mx\/lasnoticias\/wp-json\/wp\/v2\/posts\/73191\/revisions"}],"predecessor-version":[{"id":73193,"href":"https:\/\/diarioabcdemichoacan.com.mx\/lasnoticias\/wp-json\/wp\/v2\/posts\/73191\/revisions\/73193"}],"wp:featuredmedia":[{"embeddable":true,"href":"https:\/\/diarioabcdemichoacan.com.mx\/lasnoticias\/wp-json\/wp\/v2\/media\/73192"}],"wp:attachment":[{"href":"https:\/\/diarioabcdemichoacan.com.mx\/lasnoticias\/wp-json\/wp\/v2\/media?parent=73191"}],"wp:term":[{"taxonomy":"category","embeddable":true,"href":"https:\/\/diarioabcdemichoacan.com.mx\/lasnoticias\/wp-json\/wp\/v2\/categories?post=73191"},{"taxonomy":"post_tag","embeddable":true,"href":"https:\/\/diarioabcdemichoacan.com.mx\/lasnoticias\/wp-json\/wp\/v2\/tags?post=73191"}],"curies":[{"name":"wp","href":"https:\/\/api.w.org\/{rel}","templated":true}]}}