{"id":73251,"date":"2025-12-10T12:57:06","date_gmt":"2025-12-10T18:57:06","guid":{"rendered":"https:\/\/diarioabcdemichoacan.com.mx\/lasnoticias\/?p=73251"},"modified":"2025-12-10T12:57:06","modified_gmt":"2025-12-10T18:57:06","slug":"a-proposito-de-la-pausada-ley-de-juez-sin-rostro","status":"publish","type":"post","link":"https:\/\/diarioabcdemichoacan.com.mx\/lasnoticias\/a-proposito-de-la-pausada-ley-de-juez-sin-rostro\/","title":{"rendered":"A prop\u00f3sito de la pausada ley de \u201cjuez sin rostro\u201d"},"content":{"rendered":"<h6>Por\u00a0 Karla Carrera<\/h6>\n<hr \/>\n<p>Despu\u00e9s de un a\u00f1o y cachito en funciones, si algo hay que reconocerle a mi paisano, el senador Javier Corral, es que haya logrado frenar -aunque sea moment\u00e1neamente- en la Comisi\u00f3n de Justicia y de Puntos Constitucionales, la iniciativa de ley de \u201cjuez sin rostro\u201d derivada de la Reforma Judicial, cuyo prop\u00f3sito es proteger la identidad de personas juzgadoras al resolver asuntos de delincuencia organizada.<\/p>\n<p>&nbsp;<\/p>\n<p>Si bien es cierto que el objetivo es noble en esencia (salvaguardar la integridad de jueces y juezas), tambi\u00e9n lo es que a la justicia mexicana le ha tomado a\u00f1os despojarse del hermetismo que hist\u00f3ricamente caracteriz\u00f3 a este Poder; cost\u00f3 trabajo, recusos y esfuerzos impulsar la apertura institucional, consolidar la publicaci\u00f3n de sentencias en lenguaje ciudadano, acercar a las personas juzgadoras a la sociedad y, sobre todo, lograr que la gente conociera el rostro de quienes imparten justicia.<\/p>\n<p>&nbsp;<\/p>\n<p>&nbsp;<\/p>\n<p>*Aprobar que se oculte esa identidad no es la soluci\u00f3n*<\/p>\n<p>&nbsp;<\/p>\n<p>Y no lo es porque significar\u00eda un retroceso en la transparencia de la impartici\u00f3n de justicia, s\u00ed, pero tambi\u00e9n porque M\u00e9xico volver\u00eda a prender varias \u201cred flags\u201d internacionales en materia de Derechos Humanos, considerando los tratados de los que el pa\u00eds es parte.<\/p>\n<p>&nbsp;<\/p>\n<p>*Los ejemplos internacionales son claros y poco alentadores*<\/p>\n<p>&nbsp;<\/p>\n<p>Las experiencias en otros pa\u00edses al intentar implementar esta figura no han sido precisamente alentadoras:<\/p>\n<p>&nbsp;<\/p>\n<p>*Per\u00fa*, en los noventa, aplic\u00f3 jueces sin rostro para casos de terrorismo. El resultado fue una lluvia de recomendaciones internacionales, cuestionamientos por violaciones al debido proceso, sentencias revertidas y un descr\u00e9dito enorme al sistema judicial.<\/p>\n<p>&nbsp;<\/p>\n<p>*El Salvador* replic\u00f3 modelos similares para delitos de pandillas. \u00bfEl saldo? Se\u00f1alamientos por opacidad, discrecionalidad, falta de garant\u00edas para las personas acusadas y una fractura en la confianza hacia las instituciones.<\/p>\n<p>&nbsp;<\/p>\n<p>Es decir: lejos de fortalecer la justicia, estas medidas la debilitaron.<\/p>\n<p>&nbsp;<\/p>\n<p>*Entonces\u2026 \u00bfqu\u00e9 se quiere?*<\/p>\n<p>&nbsp;<\/p>\n<p>Que alguien nos explique -porque parece una contradicci\u00f3n may\u00fascula- que por un lado se busque \u201cdar luz\u201d al quehacer judicial con mecanismos m\u00e1s abiertos y de participaci\u00f3n ciudadana, como la elecci\u00f3n por voto popular (lo cual celebro), y por el otro se pretenda borrar el rostro de quienes tienen en sus manos juzgar delitos de alto impacto social.<\/p>\n<p>&nbsp;<\/p>\n<p>No alcanza el argumento de \u201csalvaguardar la vida\u201d, no cuando en las calles hay miles de polic\u00edas que de frente dan la cara por la seguridad de la ciudadan\u00eda.<\/p>\n<p>&nbsp;<\/p>\n<p>Bajo esa l\u00f3gica, entonces tambi\u00e9n tendr\u00edan que ocultarse las identidades de todas las personas funcionarias p\u00fablicas relacionadas con seguridad y justicia que llevan casos de delincuencia organizada.<\/p>\n<p>&nbsp;<\/p>\n<p>*Preguntas al aire\u2026*<\/p>\n<p>&nbsp;<\/p>\n<p>\u00bfD\u00f3nde queda, entonces, la exigencia ciudadana de tener jueces y juezas cercanos a la gente?<\/p>\n<p>\u00bfA qui\u00e9n podr\u00eda cuestionarse si un fallo de estos, por ejemplo, termina favoreciendo al Estado o afectando derechos?<\/p>\n<p>\u00bfC\u00f3mo se exige rendici\u00f3n de cuentas a alguien sin rostro?<\/p>\n<p>&nbsp;<\/p>\n<p>*Lo que viene*<\/p>\n<p>&nbsp;<\/p>\n<p>Ser\u00e1 hasta febrero cuando la C\u00e1mara Alta retome la discusi\u00f3n del tema.<\/p>\n<p>&nbsp;<\/p>\n<p>Ojal\u00e1 las y los senadores regresen con nuevos br\u00edos, con visi\u00f3n m\u00e1s amplia, y \u2014sobre todo\u2014 con una iniciativa mejor pensada, que no vaya en detrimento de lo avanzado en materia de derechos humanos a nivel internacional.<\/p>\n<p>&nbsp;<\/p>\n<p>La transparencia no se negocia: se construye, se defiende y se cuida.<\/p>\n","protected":false},"excerpt":{"rendered":"<p>Por\u00a0 Karla Carrera Despu\u00e9s de un a\u00f1o y cachito en funciones, si algo hay que reconocerle a mi paisano, el senador Javier Corral, es que haya logrado frenar -aunque sea moment\u00e1neamente- en la Comisi\u00f3n de Justicia y de Puntos Constitucionales, la iniciativa de ley de \u201cjuez sin rostro\u201d derivada de la Reforma Judicial, cuyo prop\u00f3sito [&hellip;]<\/p>\n","protected":false},"author":9,"featured_media":73252,"comment_status":"closed","ping_status":"closed","sticky":false,"template":"","format":"standard","meta":{"footnotes":""},"categories":[30,28,27],"tags":[],"class_list":{"0":"post-73251","1":"post","2":"type-post","3":"status-publish","4":"format-standard","5":"has-post-thumbnail","7":"category-columnas","8":"category-politica","9":"category-slider"},"yoast_head":"<!-- This site is optimized with the Yoast SEO plugin v24.0 - https:\/\/yoast.com\/wordpress\/plugins\/seo\/ -->\n<title>A prop\u00f3sito de la pausada ley de \u201cjuez sin rostro\u201d - Diario ABC de Michoac\u00e1n<\/title>\n<meta name=\"robots\" content=\"index, follow, max-snippet:-1, max-image-preview:large, max-video-preview:-1\" \/>\n<link rel=\"canonical\" href=\"https:\/\/diarioabcdemichoacan.com.mx\/lasnoticias\/a-proposito-de-la-pausada-ley-de-juez-sin-rostro\/\" \/>\n<meta property=\"og:locale\" content=\"es_ES\" \/>\n<meta property=\"og:type\" content=\"article\" \/>\n<meta property=\"og:title\" content=\"A prop\u00f3sito de la pausada ley de \u201cjuez sin rostro\u201d - Diario ABC de Michoac\u00e1n\" \/>\n<meta property=\"og:description\" content=\"Por\u00a0 Karla Carrera Despu\u00e9s de un a\u00f1o y cachito en funciones, si algo hay que reconocerle a mi paisano, el senador Javier Corral, es que haya logrado frenar -aunque sea moment\u00e1neamente- en la Comisi\u00f3n de Justicia y de Puntos Constitucionales, la iniciativa de ley de \u201cjuez sin rostro\u201d derivada de la Reforma Judicial, cuyo prop\u00f3sito [&hellip;]\" \/>\n<meta property=\"og:url\" content=\"https:\/\/diarioabcdemichoacan.com.mx\/lasnoticias\/a-proposito-de-la-pausada-ley-de-juez-sin-rostro\/\" \/>\n<meta property=\"og:site_name\" content=\"Diario ABC de Michoac\u00e1n\" \/>\n<meta property=\"article:published_time\" content=\"2025-12-10T18:57:06+00:00\" \/>\n<meta property=\"og:image\" content=\"https:\/\/diarioabcdemichoacan.com.mx\/lasnoticias\/wp-content\/uploads\/2025\/12\/images-4.jpeg\" \/>\n\t<meta property=\"og:image:width\" content=\"576\" \/>\n\t<meta property=\"og:image:height\" content=\"324\" \/>\n\t<meta property=\"og:image:type\" content=\"image\/jpeg\" \/>\n<meta name=\"author\" content=\"AR\" \/>\n<meta name=\"twitter:card\" content=\"summary_large_image\" \/>\n<meta name=\"twitter:label1\" content=\"Escrito por\" \/>\n\t<meta name=\"twitter:data1\" content=\"AR\" \/>\n\t<meta name=\"twitter:label2\" content=\"Tiempo de lectura\" \/>\n\t<meta name=\"twitter:data2\" content=\"3 minutos\" \/>\n<script type=\"application\/ld+json\" class=\"yoast-schema-graph\">{\"@context\":\"https:\/\/schema.org\",\"@graph\":[{\"@type\":\"WebPage\",\"@id\":\"https:\/\/diarioabcdemichoacan.com.mx\/lasnoticias\/a-proposito-de-la-pausada-ley-de-juez-sin-rostro\/\",\"url\":\"https:\/\/diarioabcdemichoacan.com.mx\/lasnoticias\/a-proposito-de-la-pausada-ley-de-juez-sin-rostro\/\",\"name\":\"A prop\u00f3sito de la pausada ley de \u201cjuez sin rostro\u201d - Diario ABC de Michoac\u00e1n\",\"isPartOf\":{\"@id\":\"https:\/\/diarioabcdemichoacan.com.mx\/lasnoticias\/#website\"},\"primaryImageOfPage\":{\"@id\":\"https:\/\/diarioabcdemichoacan.com.mx\/lasnoticias\/a-proposito-de-la-pausada-ley-de-juez-sin-rostro\/#primaryimage\"},\"image\":{\"@id\":\"https:\/\/diarioabcdemichoacan.com.mx\/lasnoticias\/a-proposito-de-la-pausada-ley-de-juez-sin-rostro\/#primaryimage\"},\"thumbnailUrl\":\"https:\/\/diarioabcdemichoacan.com.mx\/lasnoticias\/wp-content\/uploads\/2025\/12\/images-4.jpeg\",\"datePublished\":\"2025-12-10T18:57:06+00:00\",\"dateModified\":\"2025-12-10T18:57:06+00:00\",\"author\":{\"@id\":\"https:\/\/diarioabcdemichoacan.com.mx\/lasnoticias\/#\/schema\/person\/19ae376040f6cbc489682ebdd8524852\"},\"breadcrumb\":{\"@id\":\"https:\/\/diarioabcdemichoacan.com.mx\/lasnoticias\/a-proposito-de-la-pausada-ley-de-juez-sin-rostro\/#breadcrumb\"},\"inLanguage\":\"es\",\"potentialAction\":[{\"@type\":\"ReadAction\",\"target\":[\"https:\/\/diarioabcdemichoacan.com.mx\/lasnoticias\/a-proposito-de-la-pausada-ley-de-juez-sin-rostro\/\"]}]},{\"@type\":\"ImageObject\",\"inLanguage\":\"es\",\"@id\":\"https:\/\/diarioabcdemichoacan.com.mx\/lasnoticias\/a-proposito-de-la-pausada-ley-de-juez-sin-rostro\/#primaryimage\",\"url\":\"https:\/\/diarioabcdemichoacan.com.mx\/lasnoticias\/wp-content\/uploads\/2025\/12\/images-4.jpeg\",\"contentUrl\":\"https:\/\/diarioabcdemichoacan.com.mx\/lasnoticias\/wp-content\/uploads\/2025\/12\/images-4.jpeg\",\"width\":576,\"height\":324},{\"@type\":\"BreadcrumbList\",\"@id\":\"https:\/\/diarioabcdemichoacan.com.mx\/lasnoticias\/a-proposito-de-la-pausada-ley-de-juez-sin-rostro\/#breadcrumb\",\"itemListElement\":[{\"@type\":\"ListItem\",\"position\":1,\"name\":\"Portada\",\"item\":\"https:\/\/diarioabcdemichoacan.com.mx\/lasnoticias\/\"},{\"@type\":\"ListItem\",\"position\":2,\"name\":\"A prop\u00f3sito de la pausada ley de \u201cjuez sin rostro\u201d\"}]},{\"@type\":\"WebSite\",\"@id\":\"https:\/\/diarioabcdemichoacan.com.mx\/lasnoticias\/#website\",\"url\":\"https:\/\/diarioabcdemichoacan.com.mx\/lasnoticias\/\",\"name\":\"Diario ABC de Michoac\u00e1n\",\"description\":\"Las noticias al momento\",\"potentialAction\":[{\"@type\":\"SearchAction\",\"target\":{\"@type\":\"EntryPoint\",\"urlTemplate\":\"https:\/\/diarioabcdemichoacan.com.mx\/lasnoticias\/?s={search_term_string}\"},\"query-input\":{\"@type\":\"PropertyValueSpecification\",\"valueRequired\":true,\"valueName\":\"search_term_string\"}}],\"inLanguage\":\"es\"},{\"@type\":\"Person\",\"@id\":\"https:\/\/diarioabcdemichoacan.com.mx\/lasnoticias\/#\/schema\/person\/19ae376040f6cbc489682ebdd8524852\",\"name\":\"AR\",\"image\":{\"@type\":\"ImageObject\",\"inLanguage\":\"es\",\"@id\":\"https:\/\/diarioabcdemichoacan.com.mx\/lasnoticias\/#\/schema\/person\/image\/\",\"url\":\"https:\/\/secure.gravatar.com\/avatar\/44eca2ff970262234e20e1e082872af0?s=96&d=mm&r=g\",\"contentUrl\":\"https:\/\/secure.gravatar.com\/avatar\/44eca2ff970262234e20e1e082872af0?s=96&d=mm&r=g\",\"caption\":\"AR\"},\"url\":\"https:\/\/diarioabcdemichoacan.com.mx\/lasnoticias\/author\/adrian\/\"}]}<\/script>\n<!-- \/ Yoast SEO plugin. -->","yoast_head_json":{"title":"A prop\u00f3sito de la pausada ley de \u201cjuez sin rostro\u201d - Diario ABC de Michoac\u00e1n","robots":{"index":"index","follow":"follow","max-snippet":"max-snippet:-1","max-image-preview":"max-image-preview:large","max-video-preview":"max-video-preview:-1"},"canonical":"https:\/\/diarioabcdemichoacan.com.mx\/lasnoticias\/a-proposito-de-la-pausada-ley-de-juez-sin-rostro\/","og_locale":"es_ES","og_type":"article","og_title":"A prop\u00f3sito de la pausada ley de \u201cjuez sin rostro\u201d - Diario ABC de Michoac\u00e1n","og_description":"Por\u00a0 Karla Carrera Despu\u00e9s de un a\u00f1o y cachito en funciones, si algo hay que reconocerle a mi paisano, el senador Javier Corral, es que haya logrado frenar -aunque sea moment\u00e1neamente- en la Comisi\u00f3n de Justicia y de Puntos Constitucionales, la iniciativa de ley de \u201cjuez sin rostro\u201d derivada de la Reforma Judicial, cuyo prop\u00f3sito [&hellip;]","og_url":"https:\/\/diarioabcdemichoacan.com.mx\/lasnoticias\/a-proposito-de-la-pausada-ley-de-juez-sin-rostro\/","og_site_name":"Diario ABC de Michoac\u00e1n","article_published_time":"2025-12-10T18:57:06+00:00","og_image":[{"width":576,"height":324,"url":"https:\/\/diarioabcdemichoacan.com.mx\/lasnoticias\/wp-content\/uploads\/2025\/12\/images-4.jpeg","type":"image\/jpeg"}],"author":"AR","twitter_card":"summary_large_image","twitter_misc":{"Escrito por":"AR","Tiempo de lectura":"3 minutos"},"schema":{"@context":"https:\/\/schema.org","@graph":[{"@type":"WebPage","@id":"https:\/\/diarioabcdemichoacan.com.mx\/lasnoticias\/a-proposito-de-la-pausada-ley-de-juez-sin-rostro\/","url":"https:\/\/diarioabcdemichoacan.com.mx\/lasnoticias\/a-proposito-de-la-pausada-ley-de-juez-sin-rostro\/","name":"A prop\u00f3sito de la pausada ley de \u201cjuez sin rostro\u201d - Diario ABC de Michoac\u00e1n","isPartOf":{"@id":"https:\/\/diarioabcdemichoacan.com.mx\/lasnoticias\/#website"},"primaryImageOfPage":{"@id":"https:\/\/diarioabcdemichoacan.com.mx\/lasnoticias\/a-proposito-de-la-pausada-ley-de-juez-sin-rostro\/#primaryimage"},"image":{"@id":"https:\/\/diarioabcdemichoacan.com.mx\/lasnoticias\/a-proposito-de-la-pausada-ley-de-juez-sin-rostro\/#primaryimage"},"thumbnailUrl":"https:\/\/diarioabcdemichoacan.com.mx\/lasnoticias\/wp-content\/uploads\/2025\/12\/images-4.jpeg","datePublished":"2025-12-10T18:57:06+00:00","dateModified":"2025-12-10T18:57:06+00:00","author":{"@id":"https:\/\/diarioabcdemichoacan.com.mx\/lasnoticias\/#\/schema\/person\/19ae376040f6cbc489682ebdd8524852"},"breadcrumb":{"@id":"https:\/\/diarioabcdemichoacan.com.mx\/lasnoticias\/a-proposito-de-la-pausada-ley-de-juez-sin-rostro\/#breadcrumb"},"inLanguage":"es","potentialAction":[{"@type":"ReadAction","target":["https:\/\/diarioabcdemichoacan.com.mx\/lasnoticias\/a-proposito-de-la-pausada-ley-de-juez-sin-rostro\/"]}]},{"@type":"ImageObject","inLanguage":"es","@id":"https:\/\/diarioabcdemichoacan.com.mx\/lasnoticias\/a-proposito-de-la-pausada-ley-de-juez-sin-rostro\/#primaryimage","url":"https:\/\/diarioabcdemichoacan.com.mx\/lasnoticias\/wp-content\/uploads\/2025\/12\/images-4.jpeg","contentUrl":"https:\/\/diarioabcdemichoacan.com.mx\/lasnoticias\/wp-content\/uploads\/2025\/12\/images-4.jpeg","width":576,"height":324},{"@type":"BreadcrumbList","@id":"https:\/\/diarioabcdemichoacan.com.mx\/lasnoticias\/a-proposito-de-la-pausada-ley-de-juez-sin-rostro\/#breadcrumb","itemListElement":[{"@type":"ListItem","position":1,"name":"Portada","item":"https:\/\/diarioabcdemichoacan.com.mx\/lasnoticias\/"},{"@type":"ListItem","position":2,"name":"A prop\u00f3sito de la pausada ley de \u201cjuez sin rostro\u201d"}]},{"@type":"WebSite","@id":"https:\/\/diarioabcdemichoacan.com.mx\/lasnoticias\/#website","url":"https:\/\/diarioabcdemichoacan.com.mx\/lasnoticias\/","name":"Diario ABC de Michoac\u00e1n","description":"Las noticias al momento","potentialAction":[{"@type":"SearchAction","target":{"@type":"EntryPoint","urlTemplate":"https:\/\/diarioabcdemichoacan.com.mx\/lasnoticias\/?s={search_term_string}"},"query-input":{"@type":"PropertyValueSpecification","valueRequired":true,"valueName":"search_term_string"}}],"inLanguage":"es"},{"@type":"Person","@id":"https:\/\/diarioabcdemichoacan.com.mx\/lasnoticias\/#\/schema\/person\/19ae376040f6cbc489682ebdd8524852","name":"AR","image":{"@type":"ImageObject","inLanguage":"es","@id":"https:\/\/diarioabcdemichoacan.com.mx\/lasnoticias\/#\/schema\/person\/image\/","url":"https:\/\/secure.gravatar.com\/avatar\/44eca2ff970262234e20e1e082872af0?s=96&d=mm&r=g","contentUrl":"https:\/\/secure.gravatar.com\/avatar\/44eca2ff970262234e20e1e082872af0?s=96&d=mm&r=g","caption":"AR"},"url":"https:\/\/diarioabcdemichoacan.com.mx\/lasnoticias\/author\/adrian\/"}]}},"_links":{"self":[{"href":"https:\/\/diarioabcdemichoacan.com.mx\/lasnoticias\/wp-json\/wp\/v2\/posts\/73251","targetHints":{"allow":["GET"]}}],"collection":[{"href":"https:\/\/diarioabcdemichoacan.com.mx\/lasnoticias\/wp-json\/wp\/v2\/posts"}],"about":[{"href":"https:\/\/diarioabcdemichoacan.com.mx\/lasnoticias\/wp-json\/wp\/v2\/types\/post"}],"author":[{"embeddable":true,"href":"https:\/\/diarioabcdemichoacan.com.mx\/lasnoticias\/wp-json\/wp\/v2\/users\/9"}],"replies":[{"embeddable":true,"href":"https:\/\/diarioabcdemichoacan.com.mx\/lasnoticias\/wp-json\/wp\/v2\/comments?post=73251"}],"version-history":[{"count":1,"href":"https:\/\/diarioabcdemichoacan.com.mx\/lasnoticias\/wp-json\/wp\/v2\/posts\/73251\/revisions"}],"predecessor-version":[{"id":73253,"href":"https:\/\/diarioabcdemichoacan.com.mx\/lasnoticias\/wp-json\/wp\/v2\/posts\/73251\/revisions\/73253"}],"wp:featuredmedia":[{"embeddable":true,"href":"https:\/\/diarioabcdemichoacan.com.mx\/lasnoticias\/wp-json\/wp\/v2\/media\/73252"}],"wp:attachment":[{"href":"https:\/\/diarioabcdemichoacan.com.mx\/lasnoticias\/wp-json\/wp\/v2\/media?parent=73251"}],"wp:term":[{"taxonomy":"category","embeddable":true,"href":"https:\/\/diarioabcdemichoacan.com.mx\/lasnoticias\/wp-json\/wp\/v2\/categories?post=73251"},{"taxonomy":"post_tag","embeddable":true,"href":"https:\/\/diarioabcdemichoacan.com.mx\/lasnoticias\/wp-json\/wp\/v2\/tags?post=73251"}],"curies":[{"name":"wp","href":"https:\/\/api.w.org\/{rel}","templated":true}]}}