{"id":73365,"date":"2025-12-15T11:12:22","date_gmt":"2025-12-15T17:12:22","guid":{"rendered":"https:\/\/diarioabcdemichoacan.com.mx\/lasnoticias\/?p=73365"},"modified":"2025-12-15T11:12:22","modified_gmt":"2025-12-15T17:12:22","slug":"lanza-el-iem-la-convocatoria-del-concurso-de-cortometraje","status":"publish","type":"post","link":"https:\/\/diarioabcdemichoacan.com.mx\/lasnoticias\/lanza-el-iem-la-convocatoria-del-concurso-de-cortometraje\/","title":{"rendered":"Lanza el IEM la convocatoria del Concurso de Cortometraje"},"content":{"rendered":"<h2>Expr\u00e9sate en Corto con el IEM<\/h2>\n<p>&nbsp;<\/p>\n<hr \/>\n<p><b><\/b>Morelia, Mich. Fomentar la participaci\u00f3n ciudadana, la creatividad y la reflexi\u00f3n democr\u00e1tica de las juventudes michoacanas mediante la producci\u00f3n de cortometrajes que promuevan el ejercicio de los derechos y deberes ciudadanos. \u00a0El Instituto Electoral de Michoac\u00e1n (IEM) lanz\u00f3 la convocatoria del Concurso de Cortometraje \u201cExpr\u00e9sate en Corto con el IEM\u201d, con la participaci\u00f3n de instituciones acad\u00e9micas, culturales y de comunicaci\u00f3n que colaboran en esta iniciativa.<\/p>\n<p>Durante la explicaci\u00f3n de la convocatoria, el Consejero Presidente del IEM, Mtro. Ignacio Hurtado G\u00f3mez, destac\u00f3 que el concurso abre un espacio para que las juventudes expresen, mediante el lenguaje audiovisual, su visi\u00f3n sobre la vida democr\u00e1tica y la participaci\u00f3n en lo p\u00fablico, fomentando nuevas formas de di\u00e1logo social y pensamiento cr\u00edtico.<\/p>\n<p>En el evento estuvieron presentes la Consejera Electoral Carol Berenice Arellano Rangel, Presidenta de la Comisi\u00f3n de Educaci\u00f3n C\u00edvica y Participaci\u00f3n Ciudadana del IEM; as\u00ed como las consejeras Silvia Ver\u00f3nica Mauricio Salazar y Selene Lizbeth Gonz\u00e1lez Medina, integrantes de dicha comisi\u00f3n. Tambi\u00e9n particip\u00f3 la Mtra. Erandi Reyes P\u00e9rez Casado, Directora Ejecutiva de Educaci\u00f3n C\u00edvica y Participaci\u00f3n Ciudadana.<\/p>\n<p>En representaci\u00f3n de la Secretar\u00eda de Cultura de Michoac\u00e1n, la Mtra. Jennifer C\u00f3rdova Sol\u00eds celebr\u00f3 la articulaci\u00f3n entre arte y ciudadan\u00eda que impulsa la convocatoria, mientras que la Dra. F\u00e1tima Ch\u00e1vez Alcaraz, Secretaria de Cultura de Morelia, resalt\u00f3 la importancia de que las y los j\u00f3venes cuenten historias que reflejen su entorno y fomenten su participaci\u00f3n en los asuntos p\u00fablicos.<\/p>\n<p>&nbsp;<\/p>\n<p>El Lic. Benjam\u00edn Mendoza Madrigal, Director General del Sistema Michoacano de Radio y Televisi\u00f3n, destac\u00f3 la relevancia de la difusi\u00f3n cultural en la vida democr\u00e1tica. A su vez, el Mtro. Luis Eduardo L\u00f3pez V\u00e1zquez, en representaci\u00f3n de la Universidad Vasco de Quiroga (UVAQ), reafirm\u00f3 el compromiso acad\u00e9mico con el impulso al talento audiovisual y la reflexi\u00f3n c\u00edvica. De igual manera, la Mtra. Mayra Cede\u00f1o S\u00e1nchez de la Universidad Montrer, enfatizaron el valor formativo del certamen para fortalecer la identidad comunitaria y promover la participaci\u00f3n social.<\/p>\n<p>&nbsp;<\/p>\n<p>Finalmente, Mtra. Flor Juana Mendoza Z\u00e1rate, Coordinadora de Participaci\u00f3n Ciudadana del IEM, detall\u00f3 las bases de la convocatoria, la cual contempla dos categor\u00edas: personas realizadoras emergentes y personas con experiencia. Asimismo, se\u00f1al\u00f3 que podr\u00e1n participar residentes de Michoac\u00e1n, as\u00ed como michoacanas y michoacanos radicados en otras entidades o en el extranjero.<\/p>\n<p>&nbsp;<\/p>\n<p>La convocatoria establece dos ejes tem\u00e1ticos: la participaci\u00f3n en elecciones, que invita a explorar narrativas relacionadas con el voto informado, la responsabilidad c\u00edvica y el papel de las juventudes en la democracia; y la construcci\u00f3n de ciudadan\u00eda, un eje que aborda la inclusi\u00f3n, la diversidad, el di\u00e1logo, el ejercicio de derechos y las acciones colectivas para mejorar la vida comunitaria.<\/p>\n<p>&nbsp;<\/p>\n<p>Los cortometrajes deber\u00e1n ser originales, con duraci\u00f3n de 3 a 6 minutos, en formato .mp4 o .mov Full HD, y podr\u00e1n realizarse en cualquier g\u00e9nero audiovisual. No se admitir\u00e1n contenidos partidistas, religiosos, discriminatorios o violentos, y en caso de utilizar herramientas de inteligencia artificial generativa, su uso deber\u00e1 ser declarado.<\/p>\n<p>&nbsp;<\/p>\n<p>La recepci\u00f3n de trabajos estar\u00e1 abierta del 10 de diciembre de 2025 al 27 de febrero de 2026, mientras que la premiaci\u00f3n se efectuar\u00e1 el 27 de marzo de 2026. El IEM invita a las juventudes y a la ciudadan\u00eda a participar en esta iniciativa que impulsa la expresi\u00f3n creativa y la cultura democr\u00e1tica. Para dudas o m\u00e1s informaci\u00f3n, se encuentra disponible el correo: <strong><b>educacionyparticipacioniem@gmail.com<\/b><\/strong>.<\/p>\n","protected":false},"excerpt":{"rendered":"<p>Expr\u00e9sate en Corto con el IEM &nbsp; Morelia, Mich. Fomentar la participaci\u00f3n ciudadana, la creatividad y la reflexi\u00f3n democr\u00e1tica de las juventudes michoacanas mediante la producci\u00f3n de cortometrajes que promuevan el ejercicio de los derechos y deberes ciudadanos. \u00a0El Instituto Electoral de Michoac\u00e1n (IEM) lanz\u00f3 la convocatoria del Concurso de Cortometraje \u201cExpr\u00e9sate en Corto con [&hellip;]<\/p>\n","protected":false},"author":9,"featured_media":73366,"comment_status":"closed","ping_status":"closed","sticky":false,"template":"","format":"standard","meta":{"footnotes":""},"categories":[40,28,27],"tags":[],"class_list":{"0":"post-73365","1":"post","2":"type-post","3":"status-publish","4":"format-standard","5":"has-post-thumbnail","7":"category-iem","8":"category-politica","9":"category-slider"},"yoast_head":"<!-- This site is optimized with the Yoast SEO plugin v24.0 - https:\/\/yoast.com\/wordpress\/plugins\/seo\/ -->\n<title>Lanza el IEM la convocatoria del Concurso de Cortometraje - Diario ABC de Michoac\u00e1n<\/title>\n<meta name=\"robots\" content=\"index, follow, max-snippet:-1, max-image-preview:large, max-video-preview:-1\" \/>\n<link rel=\"canonical\" href=\"https:\/\/diarioabcdemichoacan.com.mx\/lasnoticias\/lanza-el-iem-la-convocatoria-del-concurso-de-cortometraje\/\" \/>\n<meta property=\"og:locale\" content=\"es_ES\" \/>\n<meta property=\"og:type\" content=\"article\" \/>\n<meta property=\"og:title\" content=\"Lanza el IEM la convocatoria del Concurso de Cortometraje - Diario ABC de Michoac\u00e1n\" \/>\n<meta property=\"og:description\" content=\"Expr\u00e9sate en Corto con el IEM &nbsp; Morelia, Mich. Fomentar la participaci\u00f3n ciudadana, la creatividad y la reflexi\u00f3n democr\u00e1tica de las juventudes michoacanas mediante la producci\u00f3n de cortometrajes que promuevan el ejercicio de los derechos y deberes ciudadanos. \u00a0El Instituto Electoral de Michoac\u00e1n (IEM) lanz\u00f3 la convocatoria del Concurso de Cortometraje \u201cExpr\u00e9sate en Corto con [&hellip;]\" \/>\n<meta property=\"og:url\" content=\"https:\/\/diarioabcdemichoacan.com.mx\/lasnoticias\/lanza-el-iem-la-convocatoria-del-concurso-de-cortometraje\/\" \/>\n<meta property=\"og:site_name\" content=\"Diario ABC de Michoac\u00e1n\" \/>\n<meta property=\"article:published_time\" content=\"2025-12-15T17:12:22+00:00\" \/>\n<meta property=\"og:image\" content=\"https:\/\/diarioabcdemichoacan.com.mx\/lasnoticias\/wp-content\/uploads\/2025\/12\/WhatsApp-Image-2025-12-10-at-6.43.51-PM.jpeg\" \/>\n\t<meta property=\"og:image:width\" content=\"1600\" \/>\n\t<meta property=\"og:image:height\" content=\"742\" \/>\n\t<meta property=\"og:image:type\" content=\"image\/jpeg\" \/>\n<meta name=\"author\" content=\"AR\" \/>\n<meta name=\"twitter:card\" content=\"summary_large_image\" \/>\n<meta name=\"twitter:label1\" content=\"Escrito por\" \/>\n\t<meta name=\"twitter:data1\" content=\"AR\" \/>\n\t<meta name=\"twitter:label2\" content=\"Tiempo de lectura\" \/>\n\t<meta name=\"twitter:data2\" content=\"3 minutos\" \/>\n<script type=\"application\/ld+json\" class=\"yoast-schema-graph\">{\"@context\":\"https:\/\/schema.org\",\"@graph\":[{\"@type\":\"WebPage\",\"@id\":\"https:\/\/diarioabcdemichoacan.com.mx\/lasnoticias\/lanza-el-iem-la-convocatoria-del-concurso-de-cortometraje\/\",\"url\":\"https:\/\/diarioabcdemichoacan.com.mx\/lasnoticias\/lanza-el-iem-la-convocatoria-del-concurso-de-cortometraje\/\",\"name\":\"Lanza el IEM la convocatoria del Concurso de Cortometraje - Diario ABC de Michoac\u00e1n\",\"isPartOf\":{\"@id\":\"https:\/\/diarioabcdemichoacan.com.mx\/lasnoticias\/#website\"},\"primaryImageOfPage\":{\"@id\":\"https:\/\/diarioabcdemichoacan.com.mx\/lasnoticias\/lanza-el-iem-la-convocatoria-del-concurso-de-cortometraje\/#primaryimage\"},\"image\":{\"@id\":\"https:\/\/diarioabcdemichoacan.com.mx\/lasnoticias\/lanza-el-iem-la-convocatoria-del-concurso-de-cortometraje\/#primaryimage\"},\"thumbnailUrl\":\"https:\/\/diarioabcdemichoacan.com.mx\/lasnoticias\/wp-content\/uploads\/2025\/12\/WhatsApp-Image-2025-12-10-at-6.43.51-PM.jpeg\",\"datePublished\":\"2025-12-15T17:12:22+00:00\",\"dateModified\":\"2025-12-15T17:12:22+00:00\",\"author\":{\"@id\":\"https:\/\/diarioabcdemichoacan.com.mx\/lasnoticias\/#\/schema\/person\/19ae376040f6cbc489682ebdd8524852\"},\"breadcrumb\":{\"@id\":\"https:\/\/diarioabcdemichoacan.com.mx\/lasnoticias\/lanza-el-iem-la-convocatoria-del-concurso-de-cortometraje\/#breadcrumb\"},\"inLanguage\":\"es\",\"potentialAction\":[{\"@type\":\"ReadAction\",\"target\":[\"https:\/\/diarioabcdemichoacan.com.mx\/lasnoticias\/lanza-el-iem-la-convocatoria-del-concurso-de-cortometraje\/\"]}]},{\"@type\":\"ImageObject\",\"inLanguage\":\"es\",\"@id\":\"https:\/\/diarioabcdemichoacan.com.mx\/lasnoticias\/lanza-el-iem-la-convocatoria-del-concurso-de-cortometraje\/#primaryimage\",\"url\":\"https:\/\/diarioabcdemichoacan.com.mx\/lasnoticias\/wp-content\/uploads\/2025\/12\/WhatsApp-Image-2025-12-10-at-6.43.51-PM.jpeg\",\"contentUrl\":\"https:\/\/diarioabcdemichoacan.com.mx\/lasnoticias\/wp-content\/uploads\/2025\/12\/WhatsApp-Image-2025-12-10-at-6.43.51-PM.jpeg\",\"width\":1600,\"height\":742},{\"@type\":\"BreadcrumbList\",\"@id\":\"https:\/\/diarioabcdemichoacan.com.mx\/lasnoticias\/lanza-el-iem-la-convocatoria-del-concurso-de-cortometraje\/#breadcrumb\",\"itemListElement\":[{\"@type\":\"ListItem\",\"position\":1,\"name\":\"Portada\",\"item\":\"https:\/\/diarioabcdemichoacan.com.mx\/lasnoticias\/\"},{\"@type\":\"ListItem\",\"position\":2,\"name\":\"Lanza el IEM la convocatoria del Concurso de Cortometraje\"}]},{\"@type\":\"WebSite\",\"@id\":\"https:\/\/diarioabcdemichoacan.com.mx\/lasnoticias\/#website\",\"url\":\"https:\/\/diarioabcdemichoacan.com.mx\/lasnoticias\/\",\"name\":\"Diario ABC de Michoac\u00e1n\",\"description\":\"Las noticias al momento\",\"potentialAction\":[{\"@type\":\"SearchAction\",\"target\":{\"@type\":\"EntryPoint\",\"urlTemplate\":\"https:\/\/diarioabcdemichoacan.com.mx\/lasnoticias\/?s={search_term_string}\"},\"query-input\":{\"@type\":\"PropertyValueSpecification\",\"valueRequired\":true,\"valueName\":\"search_term_string\"}}],\"inLanguage\":\"es\"},{\"@type\":\"Person\",\"@id\":\"https:\/\/diarioabcdemichoacan.com.mx\/lasnoticias\/#\/schema\/person\/19ae376040f6cbc489682ebdd8524852\",\"name\":\"AR\",\"image\":{\"@type\":\"ImageObject\",\"inLanguage\":\"es\",\"@id\":\"https:\/\/diarioabcdemichoacan.com.mx\/lasnoticias\/#\/schema\/person\/image\/\",\"url\":\"https:\/\/secure.gravatar.com\/avatar\/44eca2ff970262234e20e1e082872af0?s=96&d=mm&r=g\",\"contentUrl\":\"https:\/\/secure.gravatar.com\/avatar\/44eca2ff970262234e20e1e082872af0?s=96&d=mm&r=g\",\"caption\":\"AR\"},\"url\":\"https:\/\/diarioabcdemichoacan.com.mx\/lasnoticias\/author\/adrian\/\"}]}<\/script>\n<!-- \/ Yoast SEO plugin. -->","yoast_head_json":{"title":"Lanza el IEM la convocatoria del Concurso de Cortometraje - Diario ABC de Michoac\u00e1n","robots":{"index":"index","follow":"follow","max-snippet":"max-snippet:-1","max-image-preview":"max-image-preview:large","max-video-preview":"max-video-preview:-1"},"canonical":"https:\/\/diarioabcdemichoacan.com.mx\/lasnoticias\/lanza-el-iem-la-convocatoria-del-concurso-de-cortometraje\/","og_locale":"es_ES","og_type":"article","og_title":"Lanza el IEM la convocatoria del Concurso de Cortometraje - Diario ABC de Michoac\u00e1n","og_description":"Expr\u00e9sate en Corto con el IEM &nbsp; Morelia, Mich. Fomentar la participaci\u00f3n ciudadana, la creatividad y la reflexi\u00f3n democr\u00e1tica de las juventudes michoacanas mediante la producci\u00f3n de cortometrajes que promuevan el ejercicio de los derechos y deberes ciudadanos. \u00a0El Instituto Electoral de Michoac\u00e1n (IEM) lanz\u00f3 la convocatoria del Concurso de Cortometraje \u201cExpr\u00e9sate en Corto con [&hellip;]","og_url":"https:\/\/diarioabcdemichoacan.com.mx\/lasnoticias\/lanza-el-iem-la-convocatoria-del-concurso-de-cortometraje\/","og_site_name":"Diario ABC de Michoac\u00e1n","article_published_time":"2025-12-15T17:12:22+00:00","og_image":[{"width":1600,"height":742,"url":"https:\/\/diarioabcdemichoacan.com.mx\/lasnoticias\/wp-content\/uploads\/2025\/12\/WhatsApp-Image-2025-12-10-at-6.43.51-PM.jpeg","type":"image\/jpeg"}],"author":"AR","twitter_card":"summary_large_image","twitter_misc":{"Escrito por":"AR","Tiempo de lectura":"3 minutos"},"schema":{"@context":"https:\/\/schema.org","@graph":[{"@type":"WebPage","@id":"https:\/\/diarioabcdemichoacan.com.mx\/lasnoticias\/lanza-el-iem-la-convocatoria-del-concurso-de-cortometraje\/","url":"https:\/\/diarioabcdemichoacan.com.mx\/lasnoticias\/lanza-el-iem-la-convocatoria-del-concurso-de-cortometraje\/","name":"Lanza el IEM la convocatoria del Concurso de Cortometraje - Diario ABC de Michoac\u00e1n","isPartOf":{"@id":"https:\/\/diarioabcdemichoacan.com.mx\/lasnoticias\/#website"},"primaryImageOfPage":{"@id":"https:\/\/diarioabcdemichoacan.com.mx\/lasnoticias\/lanza-el-iem-la-convocatoria-del-concurso-de-cortometraje\/#primaryimage"},"image":{"@id":"https:\/\/diarioabcdemichoacan.com.mx\/lasnoticias\/lanza-el-iem-la-convocatoria-del-concurso-de-cortometraje\/#primaryimage"},"thumbnailUrl":"https:\/\/diarioabcdemichoacan.com.mx\/lasnoticias\/wp-content\/uploads\/2025\/12\/WhatsApp-Image-2025-12-10-at-6.43.51-PM.jpeg","datePublished":"2025-12-15T17:12:22+00:00","dateModified":"2025-12-15T17:12:22+00:00","author":{"@id":"https:\/\/diarioabcdemichoacan.com.mx\/lasnoticias\/#\/schema\/person\/19ae376040f6cbc489682ebdd8524852"},"breadcrumb":{"@id":"https:\/\/diarioabcdemichoacan.com.mx\/lasnoticias\/lanza-el-iem-la-convocatoria-del-concurso-de-cortometraje\/#breadcrumb"},"inLanguage":"es","potentialAction":[{"@type":"ReadAction","target":["https:\/\/diarioabcdemichoacan.com.mx\/lasnoticias\/lanza-el-iem-la-convocatoria-del-concurso-de-cortometraje\/"]}]},{"@type":"ImageObject","inLanguage":"es","@id":"https:\/\/diarioabcdemichoacan.com.mx\/lasnoticias\/lanza-el-iem-la-convocatoria-del-concurso-de-cortometraje\/#primaryimage","url":"https:\/\/diarioabcdemichoacan.com.mx\/lasnoticias\/wp-content\/uploads\/2025\/12\/WhatsApp-Image-2025-12-10-at-6.43.51-PM.jpeg","contentUrl":"https:\/\/diarioabcdemichoacan.com.mx\/lasnoticias\/wp-content\/uploads\/2025\/12\/WhatsApp-Image-2025-12-10-at-6.43.51-PM.jpeg","width":1600,"height":742},{"@type":"BreadcrumbList","@id":"https:\/\/diarioabcdemichoacan.com.mx\/lasnoticias\/lanza-el-iem-la-convocatoria-del-concurso-de-cortometraje\/#breadcrumb","itemListElement":[{"@type":"ListItem","position":1,"name":"Portada","item":"https:\/\/diarioabcdemichoacan.com.mx\/lasnoticias\/"},{"@type":"ListItem","position":2,"name":"Lanza el IEM la convocatoria del Concurso de Cortometraje"}]},{"@type":"WebSite","@id":"https:\/\/diarioabcdemichoacan.com.mx\/lasnoticias\/#website","url":"https:\/\/diarioabcdemichoacan.com.mx\/lasnoticias\/","name":"Diario ABC de Michoac\u00e1n","description":"Las noticias al momento","potentialAction":[{"@type":"SearchAction","target":{"@type":"EntryPoint","urlTemplate":"https:\/\/diarioabcdemichoacan.com.mx\/lasnoticias\/?s={search_term_string}"},"query-input":{"@type":"PropertyValueSpecification","valueRequired":true,"valueName":"search_term_string"}}],"inLanguage":"es"},{"@type":"Person","@id":"https:\/\/diarioabcdemichoacan.com.mx\/lasnoticias\/#\/schema\/person\/19ae376040f6cbc489682ebdd8524852","name":"AR","image":{"@type":"ImageObject","inLanguage":"es","@id":"https:\/\/diarioabcdemichoacan.com.mx\/lasnoticias\/#\/schema\/person\/image\/","url":"https:\/\/secure.gravatar.com\/avatar\/44eca2ff970262234e20e1e082872af0?s=96&d=mm&r=g","contentUrl":"https:\/\/secure.gravatar.com\/avatar\/44eca2ff970262234e20e1e082872af0?s=96&d=mm&r=g","caption":"AR"},"url":"https:\/\/diarioabcdemichoacan.com.mx\/lasnoticias\/author\/adrian\/"}]}},"_links":{"self":[{"href":"https:\/\/diarioabcdemichoacan.com.mx\/lasnoticias\/wp-json\/wp\/v2\/posts\/73365","targetHints":{"allow":["GET"]}}],"collection":[{"href":"https:\/\/diarioabcdemichoacan.com.mx\/lasnoticias\/wp-json\/wp\/v2\/posts"}],"about":[{"href":"https:\/\/diarioabcdemichoacan.com.mx\/lasnoticias\/wp-json\/wp\/v2\/types\/post"}],"author":[{"embeddable":true,"href":"https:\/\/diarioabcdemichoacan.com.mx\/lasnoticias\/wp-json\/wp\/v2\/users\/9"}],"replies":[{"embeddable":true,"href":"https:\/\/diarioabcdemichoacan.com.mx\/lasnoticias\/wp-json\/wp\/v2\/comments?post=73365"}],"version-history":[{"count":1,"href":"https:\/\/diarioabcdemichoacan.com.mx\/lasnoticias\/wp-json\/wp\/v2\/posts\/73365\/revisions"}],"predecessor-version":[{"id":73367,"href":"https:\/\/diarioabcdemichoacan.com.mx\/lasnoticias\/wp-json\/wp\/v2\/posts\/73365\/revisions\/73367"}],"wp:featuredmedia":[{"embeddable":true,"href":"https:\/\/diarioabcdemichoacan.com.mx\/lasnoticias\/wp-json\/wp\/v2\/media\/73366"}],"wp:attachment":[{"href":"https:\/\/diarioabcdemichoacan.com.mx\/lasnoticias\/wp-json\/wp\/v2\/media?parent=73365"}],"wp:term":[{"taxonomy":"category","embeddable":true,"href":"https:\/\/diarioabcdemichoacan.com.mx\/lasnoticias\/wp-json\/wp\/v2\/categories?post=73365"},{"taxonomy":"post_tag","embeddable":true,"href":"https:\/\/diarioabcdemichoacan.com.mx\/lasnoticias\/wp-json\/wp\/v2\/tags?post=73365"}],"curies":[{"name":"wp","href":"https:\/\/api.w.org\/{rel}","templated":true}]}}