{"id":73513,"date":"2025-12-15T14:30:01","date_gmt":"2025-12-15T20:30:01","guid":{"rendered":"https:\/\/diarioabcdemichoacan.com.mx\/lasnoticias\/?p=73513"},"modified":"2025-12-15T14:30:01","modified_gmt":"2025-12-15T20:30:01","slug":"inaugura-bedolla-rehabilitacion-de-19-km-de-ciclovia-tenencia-morelos-tiripetio","status":"publish","type":"post","link":"https:\/\/diarioabcdemichoacan.com.mx\/lasnoticias\/inaugura-bedolla-rehabilitacion-de-19-km-de-ciclovia-tenencia-morelos-tiripetio\/","title":{"rendered":"Inaugura Bedolla rehabilitaci\u00f3n de 19 km de ciclov\u00eda tenencia Morelos-Tiripet\u00edo"},"content":{"rendered":"<h2>Se invirtieron 11 millones de pesos<\/h2>\n<p>&nbsp;<\/p>\n<hr \/>\n<p>Morelia, Mich.- El gobernador Alfredo Ram\u00edrez realiz\u00f3 la inauguraci\u00f3n de la rehabilitaci\u00f3n de la ciclov\u00eda que va de la tenencia Morelos a Tiripet\u00edo, que comprende un trayecto de 19 kil\u00f3metros y una inversi\u00f3n de 11 millones de pesos.<\/p>\n<p>\u201cHoy vamos a recorrer esta ciclov\u00eda reci\u00e9n rehabilitada que hac\u00eda mucha falta para miles de morelianos y morelianas\u201d, se\u00f1al\u00f3 el mandatario estatal, tras puntualizar que es una gran obra de esparcimiento para fomentar el deporte y la sana convivencia.<\/p>\n<p>Destac\u00f3 que, como parte de las labores de fortalecimiento de la movilidad, el Gobierno estatal ejecuta la construcci\u00f3n de la avenida Amalia Sol\u00f3rzano en esta zona de la capital michoacana, para comunicar de manera directa a las tenencias de Morelos, Santa Mar\u00eda de Guido y Jes\u00fas del Monte.<\/p>\n<p>Mientras que el secretario de Comunicaciones y Obras P\u00fablicas, Rogelio Zaraz\u00faa S\u00e1nchez, explic\u00f3 que se instalaron bolardos, rehabilitaron alcantarillas, reconfiguraron las paradas de transporte p\u00fablico y colocaron 43 mil metros cuadrados de microaglomerado en toda la superficie de rodamiento y se\u00f1alamientos horizontales y verticales.<\/p>\n<p>Asistieron al evento la diputada presidenta de la mesa directiva del Congreso local, Giulianna Bugarini Torres; la legisladora local por el distrito 17, Nalleli Pedraza Huerta; el secretario Ejecutivo del Sistema Estatal de Seguridad P\u00fablica, C\u00e9sar Erwin S\u00e1nchez Coria; el presidente municipal de Indaparapeo, Janitzio Zavala Vega; la jefa de la tenencia Morelos, Gabriela Aguilar Mej\u00eda; as\u00ed como la titular del Instituto Municipal de Cultura F\u00edsica y Deporte, Pablo C\u00e9sar S\u00e1nchez Silva.<\/p>\n","protected":false},"excerpt":{"rendered":"<p>Se invirtieron 11 millones de pesos &nbsp; Morelia, Mich.- El gobernador Alfredo Ram\u00edrez realiz\u00f3 la inauguraci\u00f3n de la rehabilitaci\u00f3n de la ciclov\u00eda que va de la tenencia Morelos a Tiripet\u00edo, que comprende un trayecto de 19 kil\u00f3metros y una inversi\u00f3n de 11 millones de pesos. \u201cHoy vamos a recorrer esta ciclov\u00eda reci\u00e9n rehabilitada que hac\u00eda [&hellip;]<\/p>\n","protected":false},"author":9,"featured_media":73514,"comment_status":"closed","ping_status":"closed","sticky":false,"template":"","format":"standard","meta":{"footnotes":""},"categories":[10,17,28,27],"tags":[],"class_list":{"0":"post-73513","1":"post","2":"type-post","3":"status-publish","4":"format-standard","5":"has-post-thumbnail","7":"category-estado","8":"category-gobierno-de-michoacan","9":"category-politica","10":"category-slider"},"yoast_head":"<!-- This site is optimized with the Yoast SEO plugin v24.0 - https:\/\/yoast.com\/wordpress\/plugins\/seo\/ -->\n<title>Inaugura Bedolla rehabilitaci\u00f3n de 19 km de ciclov\u00eda tenencia Morelos-Tiripet\u00edo - Diario ABC de Michoac\u00e1n<\/title>\n<meta name=\"robots\" content=\"index, follow, max-snippet:-1, max-image-preview:large, max-video-preview:-1\" \/>\n<link rel=\"canonical\" href=\"https:\/\/diarioabcdemichoacan.com.mx\/lasnoticias\/inaugura-bedolla-rehabilitacion-de-19-km-de-ciclovia-tenencia-morelos-tiripetio\/\" \/>\n<meta property=\"og:locale\" content=\"es_ES\" \/>\n<meta property=\"og:type\" content=\"article\" \/>\n<meta property=\"og:title\" content=\"Inaugura Bedolla rehabilitaci\u00f3n de 19 km de ciclov\u00eda tenencia Morelos-Tiripet\u00edo - Diario ABC de Michoac\u00e1n\" \/>\n<meta property=\"og:description\" content=\"Se invirtieron 11 millones de pesos &nbsp; Morelia, Mich.- El gobernador Alfredo Ram\u00edrez realiz\u00f3 la inauguraci\u00f3n de la rehabilitaci\u00f3n de la ciclov\u00eda que va de la tenencia Morelos a Tiripet\u00edo, que comprende un trayecto de 19 kil\u00f3metros y una inversi\u00f3n de 11 millones de pesos. \u201cHoy vamos a recorrer esta ciclov\u00eda reci\u00e9n rehabilitada que hac\u00eda [&hellip;]\" \/>\n<meta property=\"og:url\" content=\"https:\/\/diarioabcdemichoacan.com.mx\/lasnoticias\/inaugura-bedolla-rehabilitacion-de-19-km-de-ciclovia-tenencia-morelos-tiripetio\/\" \/>\n<meta property=\"og:site_name\" content=\"Diario ABC de Michoac\u00e1n\" \/>\n<meta property=\"article:published_time\" content=\"2025-12-15T20:30:01+00:00\" \/>\n<meta property=\"og:image\" content=\"https:\/\/diarioabcdemichoacan.com.mx\/lasnoticias\/wp-content\/uploads\/2025\/12\/WhatsApp-Image-2025-12-13-at-12.04.24-PM.jpeg\" \/>\n\t<meta property=\"og:image:width\" content=\"1280\" \/>\n\t<meta property=\"og:image:height\" content=\"852\" \/>\n\t<meta property=\"og:image:type\" content=\"image\/jpeg\" \/>\n<meta name=\"author\" content=\"AR\" \/>\n<meta name=\"twitter:card\" content=\"summary_large_image\" \/>\n<meta name=\"twitter:label1\" content=\"Escrito por\" \/>\n\t<meta name=\"twitter:data1\" content=\"AR\" \/>\n\t<meta name=\"twitter:label2\" content=\"Tiempo de lectura\" \/>\n\t<meta name=\"twitter:data2\" content=\"2 minutos\" \/>\n<script type=\"application\/ld+json\" class=\"yoast-schema-graph\">{\"@context\":\"https:\/\/schema.org\",\"@graph\":[{\"@type\":\"WebPage\",\"@id\":\"https:\/\/diarioabcdemichoacan.com.mx\/lasnoticias\/inaugura-bedolla-rehabilitacion-de-19-km-de-ciclovia-tenencia-morelos-tiripetio\/\",\"url\":\"https:\/\/diarioabcdemichoacan.com.mx\/lasnoticias\/inaugura-bedolla-rehabilitacion-de-19-km-de-ciclovia-tenencia-morelos-tiripetio\/\",\"name\":\"Inaugura Bedolla rehabilitaci\u00f3n de 19 km de ciclov\u00eda tenencia Morelos-Tiripet\u00edo - Diario ABC de Michoac\u00e1n\",\"isPartOf\":{\"@id\":\"https:\/\/diarioabcdemichoacan.com.mx\/lasnoticias\/#website\"},\"primaryImageOfPage\":{\"@id\":\"https:\/\/diarioabcdemichoacan.com.mx\/lasnoticias\/inaugura-bedolla-rehabilitacion-de-19-km-de-ciclovia-tenencia-morelos-tiripetio\/#primaryimage\"},\"image\":{\"@id\":\"https:\/\/diarioabcdemichoacan.com.mx\/lasnoticias\/inaugura-bedolla-rehabilitacion-de-19-km-de-ciclovia-tenencia-morelos-tiripetio\/#primaryimage\"},\"thumbnailUrl\":\"https:\/\/diarioabcdemichoacan.com.mx\/lasnoticias\/wp-content\/uploads\/2025\/12\/WhatsApp-Image-2025-12-13-at-12.04.24-PM.jpeg\",\"datePublished\":\"2025-12-15T20:30:01+00:00\",\"dateModified\":\"2025-12-15T20:30:01+00:00\",\"author\":{\"@id\":\"https:\/\/diarioabcdemichoacan.com.mx\/lasnoticias\/#\/schema\/person\/19ae376040f6cbc489682ebdd8524852\"},\"breadcrumb\":{\"@id\":\"https:\/\/diarioabcdemichoacan.com.mx\/lasnoticias\/inaugura-bedolla-rehabilitacion-de-19-km-de-ciclovia-tenencia-morelos-tiripetio\/#breadcrumb\"},\"inLanguage\":\"es\",\"potentialAction\":[{\"@type\":\"ReadAction\",\"target\":[\"https:\/\/diarioabcdemichoacan.com.mx\/lasnoticias\/inaugura-bedolla-rehabilitacion-de-19-km-de-ciclovia-tenencia-morelos-tiripetio\/\"]}]},{\"@type\":\"ImageObject\",\"inLanguage\":\"es\",\"@id\":\"https:\/\/diarioabcdemichoacan.com.mx\/lasnoticias\/inaugura-bedolla-rehabilitacion-de-19-km-de-ciclovia-tenencia-morelos-tiripetio\/#primaryimage\",\"url\":\"https:\/\/diarioabcdemichoacan.com.mx\/lasnoticias\/wp-content\/uploads\/2025\/12\/WhatsApp-Image-2025-12-13-at-12.04.24-PM.jpeg\",\"contentUrl\":\"https:\/\/diarioabcdemichoacan.com.mx\/lasnoticias\/wp-content\/uploads\/2025\/12\/WhatsApp-Image-2025-12-13-at-12.04.24-PM.jpeg\",\"width\":1280,\"height\":852},{\"@type\":\"BreadcrumbList\",\"@id\":\"https:\/\/diarioabcdemichoacan.com.mx\/lasnoticias\/inaugura-bedolla-rehabilitacion-de-19-km-de-ciclovia-tenencia-morelos-tiripetio\/#breadcrumb\",\"itemListElement\":[{\"@type\":\"ListItem\",\"position\":1,\"name\":\"Portada\",\"item\":\"https:\/\/diarioabcdemichoacan.com.mx\/lasnoticias\/\"},{\"@type\":\"ListItem\",\"position\":2,\"name\":\"Inaugura Bedolla rehabilitaci\u00f3n de 19 km de ciclov\u00eda tenencia Morelos-Tiripet\u00edo\"}]},{\"@type\":\"WebSite\",\"@id\":\"https:\/\/diarioabcdemichoacan.com.mx\/lasnoticias\/#website\",\"url\":\"https:\/\/diarioabcdemichoacan.com.mx\/lasnoticias\/\",\"name\":\"Diario ABC de Michoac\u00e1n\",\"description\":\"Las noticias al momento\",\"potentialAction\":[{\"@type\":\"SearchAction\",\"target\":{\"@type\":\"EntryPoint\",\"urlTemplate\":\"https:\/\/diarioabcdemichoacan.com.mx\/lasnoticias\/?s={search_term_string}\"},\"query-input\":{\"@type\":\"PropertyValueSpecification\",\"valueRequired\":true,\"valueName\":\"search_term_string\"}}],\"inLanguage\":\"es\"},{\"@type\":\"Person\",\"@id\":\"https:\/\/diarioabcdemichoacan.com.mx\/lasnoticias\/#\/schema\/person\/19ae376040f6cbc489682ebdd8524852\",\"name\":\"AR\",\"image\":{\"@type\":\"ImageObject\",\"inLanguage\":\"es\",\"@id\":\"https:\/\/diarioabcdemichoacan.com.mx\/lasnoticias\/#\/schema\/person\/image\/\",\"url\":\"https:\/\/secure.gravatar.com\/avatar\/44eca2ff970262234e20e1e082872af0?s=96&d=mm&r=g\",\"contentUrl\":\"https:\/\/secure.gravatar.com\/avatar\/44eca2ff970262234e20e1e082872af0?s=96&d=mm&r=g\",\"caption\":\"AR\"},\"url\":\"https:\/\/diarioabcdemichoacan.com.mx\/lasnoticias\/author\/adrian\/\"}]}<\/script>\n<!-- \/ Yoast SEO plugin. -->","yoast_head_json":{"title":"Inaugura Bedolla rehabilitaci\u00f3n de 19 km de ciclov\u00eda tenencia Morelos-Tiripet\u00edo - Diario ABC de Michoac\u00e1n","robots":{"index":"index","follow":"follow","max-snippet":"max-snippet:-1","max-image-preview":"max-image-preview:large","max-video-preview":"max-video-preview:-1"},"canonical":"https:\/\/diarioabcdemichoacan.com.mx\/lasnoticias\/inaugura-bedolla-rehabilitacion-de-19-km-de-ciclovia-tenencia-morelos-tiripetio\/","og_locale":"es_ES","og_type":"article","og_title":"Inaugura Bedolla rehabilitaci\u00f3n de 19 km de ciclov\u00eda tenencia Morelos-Tiripet\u00edo - Diario ABC de Michoac\u00e1n","og_description":"Se invirtieron 11 millones de pesos &nbsp; Morelia, Mich.- El gobernador Alfredo Ram\u00edrez realiz\u00f3 la inauguraci\u00f3n de la rehabilitaci\u00f3n de la ciclov\u00eda que va de la tenencia Morelos a Tiripet\u00edo, que comprende un trayecto de 19 kil\u00f3metros y una inversi\u00f3n de 11 millones de pesos. \u201cHoy vamos a recorrer esta ciclov\u00eda reci\u00e9n rehabilitada que hac\u00eda [&hellip;]","og_url":"https:\/\/diarioabcdemichoacan.com.mx\/lasnoticias\/inaugura-bedolla-rehabilitacion-de-19-km-de-ciclovia-tenencia-morelos-tiripetio\/","og_site_name":"Diario ABC de Michoac\u00e1n","article_published_time":"2025-12-15T20:30:01+00:00","og_image":[{"width":1280,"height":852,"url":"https:\/\/diarioabcdemichoacan.com.mx\/lasnoticias\/wp-content\/uploads\/2025\/12\/WhatsApp-Image-2025-12-13-at-12.04.24-PM.jpeg","type":"image\/jpeg"}],"author":"AR","twitter_card":"summary_large_image","twitter_misc":{"Escrito por":"AR","Tiempo de lectura":"2 minutos"},"schema":{"@context":"https:\/\/schema.org","@graph":[{"@type":"WebPage","@id":"https:\/\/diarioabcdemichoacan.com.mx\/lasnoticias\/inaugura-bedolla-rehabilitacion-de-19-km-de-ciclovia-tenencia-morelos-tiripetio\/","url":"https:\/\/diarioabcdemichoacan.com.mx\/lasnoticias\/inaugura-bedolla-rehabilitacion-de-19-km-de-ciclovia-tenencia-morelos-tiripetio\/","name":"Inaugura Bedolla rehabilitaci\u00f3n de 19 km de ciclov\u00eda tenencia Morelos-Tiripet\u00edo - Diario ABC de Michoac\u00e1n","isPartOf":{"@id":"https:\/\/diarioabcdemichoacan.com.mx\/lasnoticias\/#website"},"primaryImageOfPage":{"@id":"https:\/\/diarioabcdemichoacan.com.mx\/lasnoticias\/inaugura-bedolla-rehabilitacion-de-19-km-de-ciclovia-tenencia-morelos-tiripetio\/#primaryimage"},"image":{"@id":"https:\/\/diarioabcdemichoacan.com.mx\/lasnoticias\/inaugura-bedolla-rehabilitacion-de-19-km-de-ciclovia-tenencia-morelos-tiripetio\/#primaryimage"},"thumbnailUrl":"https:\/\/diarioabcdemichoacan.com.mx\/lasnoticias\/wp-content\/uploads\/2025\/12\/WhatsApp-Image-2025-12-13-at-12.04.24-PM.jpeg","datePublished":"2025-12-15T20:30:01+00:00","dateModified":"2025-12-15T20:30:01+00:00","author":{"@id":"https:\/\/diarioabcdemichoacan.com.mx\/lasnoticias\/#\/schema\/person\/19ae376040f6cbc489682ebdd8524852"},"breadcrumb":{"@id":"https:\/\/diarioabcdemichoacan.com.mx\/lasnoticias\/inaugura-bedolla-rehabilitacion-de-19-km-de-ciclovia-tenencia-morelos-tiripetio\/#breadcrumb"},"inLanguage":"es","potentialAction":[{"@type":"ReadAction","target":["https:\/\/diarioabcdemichoacan.com.mx\/lasnoticias\/inaugura-bedolla-rehabilitacion-de-19-km-de-ciclovia-tenencia-morelos-tiripetio\/"]}]},{"@type":"ImageObject","inLanguage":"es","@id":"https:\/\/diarioabcdemichoacan.com.mx\/lasnoticias\/inaugura-bedolla-rehabilitacion-de-19-km-de-ciclovia-tenencia-morelos-tiripetio\/#primaryimage","url":"https:\/\/diarioabcdemichoacan.com.mx\/lasnoticias\/wp-content\/uploads\/2025\/12\/WhatsApp-Image-2025-12-13-at-12.04.24-PM.jpeg","contentUrl":"https:\/\/diarioabcdemichoacan.com.mx\/lasnoticias\/wp-content\/uploads\/2025\/12\/WhatsApp-Image-2025-12-13-at-12.04.24-PM.jpeg","width":1280,"height":852},{"@type":"BreadcrumbList","@id":"https:\/\/diarioabcdemichoacan.com.mx\/lasnoticias\/inaugura-bedolla-rehabilitacion-de-19-km-de-ciclovia-tenencia-morelos-tiripetio\/#breadcrumb","itemListElement":[{"@type":"ListItem","position":1,"name":"Portada","item":"https:\/\/diarioabcdemichoacan.com.mx\/lasnoticias\/"},{"@type":"ListItem","position":2,"name":"Inaugura Bedolla rehabilitaci\u00f3n de 19 km de ciclov\u00eda tenencia Morelos-Tiripet\u00edo"}]},{"@type":"WebSite","@id":"https:\/\/diarioabcdemichoacan.com.mx\/lasnoticias\/#website","url":"https:\/\/diarioabcdemichoacan.com.mx\/lasnoticias\/","name":"Diario ABC de Michoac\u00e1n","description":"Las noticias al momento","potentialAction":[{"@type":"SearchAction","target":{"@type":"EntryPoint","urlTemplate":"https:\/\/diarioabcdemichoacan.com.mx\/lasnoticias\/?s={search_term_string}"},"query-input":{"@type":"PropertyValueSpecification","valueRequired":true,"valueName":"search_term_string"}}],"inLanguage":"es"},{"@type":"Person","@id":"https:\/\/diarioabcdemichoacan.com.mx\/lasnoticias\/#\/schema\/person\/19ae376040f6cbc489682ebdd8524852","name":"AR","image":{"@type":"ImageObject","inLanguage":"es","@id":"https:\/\/diarioabcdemichoacan.com.mx\/lasnoticias\/#\/schema\/person\/image\/","url":"https:\/\/secure.gravatar.com\/avatar\/44eca2ff970262234e20e1e082872af0?s=96&d=mm&r=g","contentUrl":"https:\/\/secure.gravatar.com\/avatar\/44eca2ff970262234e20e1e082872af0?s=96&d=mm&r=g","caption":"AR"},"url":"https:\/\/diarioabcdemichoacan.com.mx\/lasnoticias\/author\/adrian\/"}]}},"_links":{"self":[{"href":"https:\/\/diarioabcdemichoacan.com.mx\/lasnoticias\/wp-json\/wp\/v2\/posts\/73513","targetHints":{"allow":["GET"]}}],"collection":[{"href":"https:\/\/diarioabcdemichoacan.com.mx\/lasnoticias\/wp-json\/wp\/v2\/posts"}],"about":[{"href":"https:\/\/diarioabcdemichoacan.com.mx\/lasnoticias\/wp-json\/wp\/v2\/types\/post"}],"author":[{"embeddable":true,"href":"https:\/\/diarioabcdemichoacan.com.mx\/lasnoticias\/wp-json\/wp\/v2\/users\/9"}],"replies":[{"embeddable":true,"href":"https:\/\/diarioabcdemichoacan.com.mx\/lasnoticias\/wp-json\/wp\/v2\/comments?post=73513"}],"version-history":[{"count":1,"href":"https:\/\/diarioabcdemichoacan.com.mx\/lasnoticias\/wp-json\/wp\/v2\/posts\/73513\/revisions"}],"predecessor-version":[{"id":73515,"href":"https:\/\/diarioabcdemichoacan.com.mx\/lasnoticias\/wp-json\/wp\/v2\/posts\/73513\/revisions\/73515"}],"wp:featuredmedia":[{"embeddable":true,"href":"https:\/\/diarioabcdemichoacan.com.mx\/lasnoticias\/wp-json\/wp\/v2\/media\/73514"}],"wp:attachment":[{"href":"https:\/\/diarioabcdemichoacan.com.mx\/lasnoticias\/wp-json\/wp\/v2\/media?parent=73513"}],"wp:term":[{"taxonomy":"category","embeddable":true,"href":"https:\/\/diarioabcdemichoacan.com.mx\/lasnoticias\/wp-json\/wp\/v2\/categories?post=73513"},{"taxonomy":"post_tag","embeddable":true,"href":"https:\/\/diarioabcdemichoacan.com.mx\/lasnoticias\/wp-json\/wp\/v2\/tags?post=73513"}],"curies":[{"name":"wp","href":"https:\/\/api.w.org\/{rel}","templated":true}]}}