{"id":74196,"date":"2026-01-05T15:54:36","date_gmt":"2026-01-05T21:54:36","guid":{"rendered":"https:\/\/diarioabcdemichoacan.com.mx\/lasnoticias\/?p=74196"},"modified":"2026-01-05T15:54:36","modified_gmt":"2026-01-05T21:54:36","slug":"autogobierno-de-sevina-estrena-planta-de-tratamiento-sustentable-con-energia-solar-ceac","status":"publish","type":"post","link":"https:\/\/diarioabcdemichoacan.com.mx\/lasnoticias\/autogobierno-de-sevina-estrena-planta-de-tratamiento-sustentable-con-energia-solar-ceac\/","title":{"rendered":"Autogobierno de Sevina estrena planta de tratamiento sustentable con energ\u00eda solar: Ceac"},"content":{"rendered":"<h2>Reduce los gastos operativos mientras sanea el 100 % del recurso de la comunicad con autogobierno<\/h2>\n<p>&nbsp;<\/p>\n<hr \/>\n<p>Nahuatzen, Mich.- La planta de tratamiento de aguas residuales de la comunidad ind\u00edgena con autogobierno de Sevina, en el municipio de Nahuatzen, representa un modelo de infraestructura h\u00eddrica sustentable que combina procesos t\u00e9cnicos eficientes con un importante ahorro en costos de operaci\u00f3n, destac\u00f3 la coordinadora de la Comisi\u00f3n Estatal del Agua y Gesti\u00f3n de Cuencas (Ceac), Olivia C\u00e1zares Arreola.<\/p>\n<p>Inform\u00f3 que se invirtieron 11 millones de pesos entre la federaci\u00f3n, el estado y la comunidad, en esta planta que sanear\u00e1 el 100 por ciento del recurso de la localidad; detall\u00f3 que cumple con la Norma Oficial Mexicana NOM-003-SEMARNAT-1997, la cual establece los criterios de calidad para el re\u00faso seguro del agua tratada en actividades como el riego agr\u00edcola y la recarga de acu\u00edferos, lo que ampl\u00eda el aprovechamiento del recurso h\u00eddrico sin afectar la salud p\u00fablica ni el medio ambiente.<\/p>\n<p>Explic\u00f3 que entre los trabajos realizados destaca la rehabilitaci\u00f3n del sistema de pretratamiento, la laguna facultativa y la formaci\u00f3n de una laguna de maduraci\u00f3n, procesos que permiten un tratamiento natural del agua residual con bajo consumo energ\u00e9tico. Asimismo, se construy\u00f3 un edificio de operaci\u00f3n y control, una caseta rehabilitada y un lecho de secado de lodos, optimizando la gesti\u00f3n de subproductos y reduciendo costos de disposici\u00f3n final.<\/p>\n<p>La planta cuenta adem\u00e1s con infraestructura estrat\u00e9gica como un reactor anaerobio de flujo ascendente, c\u00e1rcamo de bombeo, cisternas de almacenamiento \u2014una de ellas con capacidad de 10 mil litros\u2014 y equipamiento electromec\u00e1nico en el \u00e1rea de pretratamiento, lo que garantiza un funcionamiento continuo, eficiente y acorde a las necesidades de la comunidad.<\/p>\n<p>Como parte de la visi\u00f3n sustentable del proyecto, se instalaron 26 paneles solares que permiten disminuir significativamente el consumo de energ\u00eda el\u00e9ctrica convencional, generando ahorros operativos a largo plazo y reduciendo la huella ambiental de la planta. Con estas acciones, el Gobierno de Michoac\u00e1n consolida obras hidr\u00e1ulicas funcionales, econ\u00f3micas y ambientalmente responsables que mejoran la calidad de vida de las comunidades.<\/p>\n","protected":false},"excerpt":{"rendered":"<p>Reduce los gastos operativos mientras sanea el 100 % del recurso de la comunicad con autogobierno &nbsp; Nahuatzen, Mich.- La planta de tratamiento de aguas residuales de la comunidad ind\u00edgena con autogobierno de Sevina, en el municipio de Nahuatzen, representa un modelo de infraestructura h\u00eddrica sustentable que combina procesos t\u00e9cnicos eficientes con un importante ahorro [&hellip;]<\/p>\n","protected":false},"author":9,"featured_media":74197,"comment_status":"closed","ping_status":"closed","sticky":false,"template":"","format":"standard","meta":{"footnotes":""},"categories":[1],"tags":[],"class_list":{"0":"post-74196","1":"post","2":"type-post","3":"status-publish","4":"format-standard","5":"has-post-thumbnail","7":"category-blog"},"yoast_head":"<!-- This site is optimized with the Yoast SEO plugin v24.0 - https:\/\/yoast.com\/wordpress\/plugins\/seo\/ -->\n<title>Autogobierno de Sevina estrena planta de tratamiento sustentable con energ\u00eda solar: Ceac - Diario ABC de Michoac\u00e1n<\/title>\n<meta name=\"robots\" content=\"index, follow, max-snippet:-1, max-image-preview:large, max-video-preview:-1\" \/>\n<link rel=\"canonical\" href=\"https:\/\/diarioabcdemichoacan.com.mx\/lasnoticias\/autogobierno-de-sevina-estrena-planta-de-tratamiento-sustentable-con-energia-solar-ceac\/\" \/>\n<meta property=\"og:locale\" content=\"es_ES\" \/>\n<meta property=\"og:type\" content=\"article\" \/>\n<meta property=\"og:title\" content=\"Autogobierno de Sevina estrena planta de tratamiento sustentable con energ\u00eda solar: Ceac - Diario ABC de Michoac\u00e1n\" \/>\n<meta property=\"og:description\" content=\"Reduce los gastos operativos mientras sanea el 100 % del recurso de la comunicad con autogobierno &nbsp; Nahuatzen, Mich.- La planta de tratamiento de aguas residuales de la comunidad ind\u00edgena con autogobierno de Sevina, en el municipio de Nahuatzen, representa un modelo de infraestructura h\u00eddrica sustentable que combina procesos t\u00e9cnicos eficientes con un importante ahorro [&hellip;]\" \/>\n<meta property=\"og:url\" content=\"https:\/\/diarioabcdemichoacan.com.mx\/lasnoticias\/autogobierno-de-sevina-estrena-planta-de-tratamiento-sustentable-con-energia-solar-ceac\/\" \/>\n<meta property=\"og:site_name\" content=\"Diario ABC de Michoac\u00e1n\" \/>\n<meta property=\"article:published_time\" content=\"2026-01-05T21:54:36+00:00\" \/>\n<meta property=\"og:image\" content=\"https:\/\/diarioabcdemichoacan.com.mx\/lasnoticias\/wp-content\/uploads\/2026\/01\/WhatsApp-Image-2026-01-01-at-6.14.52-PM.jpeg\" \/>\n\t<meta property=\"og:image:width\" content=\"1280\" \/>\n\t<meta property=\"og:image:height\" content=\"854\" \/>\n\t<meta property=\"og:image:type\" content=\"image\/jpeg\" \/>\n<meta name=\"author\" content=\"AR\" \/>\n<meta name=\"twitter:card\" content=\"summary_large_image\" \/>\n<meta name=\"twitter:label1\" content=\"Escrito por\" \/>\n\t<meta name=\"twitter:data1\" content=\"AR\" \/>\n\t<meta name=\"twitter:label2\" content=\"Tiempo de lectura\" \/>\n\t<meta name=\"twitter:data2\" content=\"2 minutos\" \/>\n<script type=\"application\/ld+json\" class=\"yoast-schema-graph\">{\"@context\":\"https:\/\/schema.org\",\"@graph\":[{\"@type\":\"WebPage\",\"@id\":\"https:\/\/diarioabcdemichoacan.com.mx\/lasnoticias\/autogobierno-de-sevina-estrena-planta-de-tratamiento-sustentable-con-energia-solar-ceac\/\",\"url\":\"https:\/\/diarioabcdemichoacan.com.mx\/lasnoticias\/autogobierno-de-sevina-estrena-planta-de-tratamiento-sustentable-con-energia-solar-ceac\/\",\"name\":\"Autogobierno de Sevina estrena planta de tratamiento sustentable con energ\u00eda solar: Ceac - Diario ABC de Michoac\u00e1n\",\"isPartOf\":{\"@id\":\"https:\/\/diarioabcdemichoacan.com.mx\/lasnoticias\/#website\"},\"primaryImageOfPage\":{\"@id\":\"https:\/\/diarioabcdemichoacan.com.mx\/lasnoticias\/autogobierno-de-sevina-estrena-planta-de-tratamiento-sustentable-con-energia-solar-ceac\/#primaryimage\"},\"image\":{\"@id\":\"https:\/\/diarioabcdemichoacan.com.mx\/lasnoticias\/autogobierno-de-sevina-estrena-planta-de-tratamiento-sustentable-con-energia-solar-ceac\/#primaryimage\"},\"thumbnailUrl\":\"https:\/\/diarioabcdemichoacan.com.mx\/lasnoticias\/wp-content\/uploads\/2026\/01\/WhatsApp-Image-2026-01-01-at-6.14.52-PM.jpeg\",\"datePublished\":\"2026-01-05T21:54:36+00:00\",\"dateModified\":\"2026-01-05T21:54:36+00:00\",\"author\":{\"@id\":\"https:\/\/diarioabcdemichoacan.com.mx\/lasnoticias\/#\/schema\/person\/19ae376040f6cbc489682ebdd8524852\"},\"breadcrumb\":{\"@id\":\"https:\/\/diarioabcdemichoacan.com.mx\/lasnoticias\/autogobierno-de-sevina-estrena-planta-de-tratamiento-sustentable-con-energia-solar-ceac\/#breadcrumb\"},\"inLanguage\":\"es\",\"potentialAction\":[{\"@type\":\"ReadAction\",\"target\":[\"https:\/\/diarioabcdemichoacan.com.mx\/lasnoticias\/autogobierno-de-sevina-estrena-planta-de-tratamiento-sustentable-con-energia-solar-ceac\/\"]}]},{\"@type\":\"ImageObject\",\"inLanguage\":\"es\",\"@id\":\"https:\/\/diarioabcdemichoacan.com.mx\/lasnoticias\/autogobierno-de-sevina-estrena-planta-de-tratamiento-sustentable-con-energia-solar-ceac\/#primaryimage\",\"url\":\"https:\/\/diarioabcdemichoacan.com.mx\/lasnoticias\/wp-content\/uploads\/2026\/01\/WhatsApp-Image-2026-01-01-at-6.14.52-PM.jpeg\",\"contentUrl\":\"https:\/\/diarioabcdemichoacan.com.mx\/lasnoticias\/wp-content\/uploads\/2026\/01\/WhatsApp-Image-2026-01-01-at-6.14.52-PM.jpeg\",\"width\":1280,\"height\":854},{\"@type\":\"BreadcrumbList\",\"@id\":\"https:\/\/diarioabcdemichoacan.com.mx\/lasnoticias\/autogobierno-de-sevina-estrena-planta-de-tratamiento-sustentable-con-energia-solar-ceac\/#breadcrumb\",\"itemListElement\":[{\"@type\":\"ListItem\",\"position\":1,\"name\":\"Portada\",\"item\":\"https:\/\/diarioabcdemichoacan.com.mx\/lasnoticias\/\"},{\"@type\":\"ListItem\",\"position\":2,\"name\":\"Autogobierno de Sevina estrena planta de tratamiento sustentable con energ\u00eda solar: Ceac\"}]},{\"@type\":\"WebSite\",\"@id\":\"https:\/\/diarioabcdemichoacan.com.mx\/lasnoticias\/#website\",\"url\":\"https:\/\/diarioabcdemichoacan.com.mx\/lasnoticias\/\",\"name\":\"Diario ABC de Michoac\u00e1n\",\"description\":\"Las noticias al momento\",\"potentialAction\":[{\"@type\":\"SearchAction\",\"target\":{\"@type\":\"EntryPoint\",\"urlTemplate\":\"https:\/\/diarioabcdemichoacan.com.mx\/lasnoticias\/?s={search_term_string}\"},\"query-input\":{\"@type\":\"PropertyValueSpecification\",\"valueRequired\":true,\"valueName\":\"search_term_string\"}}],\"inLanguage\":\"es\"},{\"@type\":\"Person\",\"@id\":\"https:\/\/diarioabcdemichoacan.com.mx\/lasnoticias\/#\/schema\/person\/19ae376040f6cbc489682ebdd8524852\",\"name\":\"AR\",\"image\":{\"@type\":\"ImageObject\",\"inLanguage\":\"es\",\"@id\":\"https:\/\/diarioabcdemichoacan.com.mx\/lasnoticias\/#\/schema\/person\/image\/\",\"url\":\"https:\/\/secure.gravatar.com\/avatar\/44eca2ff970262234e20e1e082872af0?s=96&d=mm&r=g\",\"contentUrl\":\"https:\/\/secure.gravatar.com\/avatar\/44eca2ff970262234e20e1e082872af0?s=96&d=mm&r=g\",\"caption\":\"AR\"},\"url\":\"https:\/\/diarioabcdemichoacan.com.mx\/lasnoticias\/author\/adrian\/\"}]}<\/script>\n<!-- \/ Yoast SEO plugin. -->","yoast_head_json":{"title":"Autogobierno de Sevina estrena planta de tratamiento sustentable con energ\u00eda solar: Ceac - Diario ABC de Michoac\u00e1n","robots":{"index":"index","follow":"follow","max-snippet":"max-snippet:-1","max-image-preview":"max-image-preview:large","max-video-preview":"max-video-preview:-1"},"canonical":"https:\/\/diarioabcdemichoacan.com.mx\/lasnoticias\/autogobierno-de-sevina-estrena-planta-de-tratamiento-sustentable-con-energia-solar-ceac\/","og_locale":"es_ES","og_type":"article","og_title":"Autogobierno de Sevina estrena planta de tratamiento sustentable con energ\u00eda solar: Ceac - Diario ABC de Michoac\u00e1n","og_description":"Reduce los gastos operativos mientras sanea el 100 % del recurso de la comunicad con autogobierno &nbsp; Nahuatzen, Mich.- La planta de tratamiento de aguas residuales de la comunidad ind\u00edgena con autogobierno de Sevina, en el municipio de Nahuatzen, representa un modelo de infraestructura h\u00eddrica sustentable que combina procesos t\u00e9cnicos eficientes con un importante ahorro [&hellip;]","og_url":"https:\/\/diarioabcdemichoacan.com.mx\/lasnoticias\/autogobierno-de-sevina-estrena-planta-de-tratamiento-sustentable-con-energia-solar-ceac\/","og_site_name":"Diario ABC de Michoac\u00e1n","article_published_time":"2026-01-05T21:54:36+00:00","og_image":[{"width":1280,"height":854,"url":"https:\/\/diarioabcdemichoacan.com.mx\/lasnoticias\/wp-content\/uploads\/2026\/01\/WhatsApp-Image-2026-01-01-at-6.14.52-PM.jpeg","type":"image\/jpeg"}],"author":"AR","twitter_card":"summary_large_image","twitter_misc":{"Escrito por":"AR","Tiempo de lectura":"2 minutos"},"schema":{"@context":"https:\/\/schema.org","@graph":[{"@type":"WebPage","@id":"https:\/\/diarioabcdemichoacan.com.mx\/lasnoticias\/autogobierno-de-sevina-estrena-planta-de-tratamiento-sustentable-con-energia-solar-ceac\/","url":"https:\/\/diarioabcdemichoacan.com.mx\/lasnoticias\/autogobierno-de-sevina-estrena-planta-de-tratamiento-sustentable-con-energia-solar-ceac\/","name":"Autogobierno de Sevina estrena planta de tratamiento sustentable con energ\u00eda solar: Ceac - Diario ABC de Michoac\u00e1n","isPartOf":{"@id":"https:\/\/diarioabcdemichoacan.com.mx\/lasnoticias\/#website"},"primaryImageOfPage":{"@id":"https:\/\/diarioabcdemichoacan.com.mx\/lasnoticias\/autogobierno-de-sevina-estrena-planta-de-tratamiento-sustentable-con-energia-solar-ceac\/#primaryimage"},"image":{"@id":"https:\/\/diarioabcdemichoacan.com.mx\/lasnoticias\/autogobierno-de-sevina-estrena-planta-de-tratamiento-sustentable-con-energia-solar-ceac\/#primaryimage"},"thumbnailUrl":"https:\/\/diarioabcdemichoacan.com.mx\/lasnoticias\/wp-content\/uploads\/2026\/01\/WhatsApp-Image-2026-01-01-at-6.14.52-PM.jpeg","datePublished":"2026-01-05T21:54:36+00:00","dateModified":"2026-01-05T21:54:36+00:00","author":{"@id":"https:\/\/diarioabcdemichoacan.com.mx\/lasnoticias\/#\/schema\/person\/19ae376040f6cbc489682ebdd8524852"},"breadcrumb":{"@id":"https:\/\/diarioabcdemichoacan.com.mx\/lasnoticias\/autogobierno-de-sevina-estrena-planta-de-tratamiento-sustentable-con-energia-solar-ceac\/#breadcrumb"},"inLanguage":"es","potentialAction":[{"@type":"ReadAction","target":["https:\/\/diarioabcdemichoacan.com.mx\/lasnoticias\/autogobierno-de-sevina-estrena-planta-de-tratamiento-sustentable-con-energia-solar-ceac\/"]}]},{"@type":"ImageObject","inLanguage":"es","@id":"https:\/\/diarioabcdemichoacan.com.mx\/lasnoticias\/autogobierno-de-sevina-estrena-planta-de-tratamiento-sustentable-con-energia-solar-ceac\/#primaryimage","url":"https:\/\/diarioabcdemichoacan.com.mx\/lasnoticias\/wp-content\/uploads\/2026\/01\/WhatsApp-Image-2026-01-01-at-6.14.52-PM.jpeg","contentUrl":"https:\/\/diarioabcdemichoacan.com.mx\/lasnoticias\/wp-content\/uploads\/2026\/01\/WhatsApp-Image-2026-01-01-at-6.14.52-PM.jpeg","width":1280,"height":854},{"@type":"BreadcrumbList","@id":"https:\/\/diarioabcdemichoacan.com.mx\/lasnoticias\/autogobierno-de-sevina-estrena-planta-de-tratamiento-sustentable-con-energia-solar-ceac\/#breadcrumb","itemListElement":[{"@type":"ListItem","position":1,"name":"Portada","item":"https:\/\/diarioabcdemichoacan.com.mx\/lasnoticias\/"},{"@type":"ListItem","position":2,"name":"Autogobierno de Sevina estrena planta de tratamiento sustentable con energ\u00eda solar: Ceac"}]},{"@type":"WebSite","@id":"https:\/\/diarioabcdemichoacan.com.mx\/lasnoticias\/#website","url":"https:\/\/diarioabcdemichoacan.com.mx\/lasnoticias\/","name":"Diario ABC de Michoac\u00e1n","description":"Las noticias al momento","potentialAction":[{"@type":"SearchAction","target":{"@type":"EntryPoint","urlTemplate":"https:\/\/diarioabcdemichoacan.com.mx\/lasnoticias\/?s={search_term_string}"},"query-input":{"@type":"PropertyValueSpecification","valueRequired":true,"valueName":"search_term_string"}}],"inLanguage":"es"},{"@type":"Person","@id":"https:\/\/diarioabcdemichoacan.com.mx\/lasnoticias\/#\/schema\/person\/19ae376040f6cbc489682ebdd8524852","name":"AR","image":{"@type":"ImageObject","inLanguage":"es","@id":"https:\/\/diarioabcdemichoacan.com.mx\/lasnoticias\/#\/schema\/person\/image\/","url":"https:\/\/secure.gravatar.com\/avatar\/44eca2ff970262234e20e1e082872af0?s=96&d=mm&r=g","contentUrl":"https:\/\/secure.gravatar.com\/avatar\/44eca2ff970262234e20e1e082872af0?s=96&d=mm&r=g","caption":"AR"},"url":"https:\/\/diarioabcdemichoacan.com.mx\/lasnoticias\/author\/adrian\/"}]}},"_links":{"self":[{"href":"https:\/\/diarioabcdemichoacan.com.mx\/lasnoticias\/wp-json\/wp\/v2\/posts\/74196","targetHints":{"allow":["GET"]}}],"collection":[{"href":"https:\/\/diarioabcdemichoacan.com.mx\/lasnoticias\/wp-json\/wp\/v2\/posts"}],"about":[{"href":"https:\/\/diarioabcdemichoacan.com.mx\/lasnoticias\/wp-json\/wp\/v2\/types\/post"}],"author":[{"embeddable":true,"href":"https:\/\/diarioabcdemichoacan.com.mx\/lasnoticias\/wp-json\/wp\/v2\/users\/9"}],"replies":[{"embeddable":true,"href":"https:\/\/diarioabcdemichoacan.com.mx\/lasnoticias\/wp-json\/wp\/v2\/comments?post=74196"}],"version-history":[{"count":1,"href":"https:\/\/diarioabcdemichoacan.com.mx\/lasnoticias\/wp-json\/wp\/v2\/posts\/74196\/revisions"}],"predecessor-version":[{"id":74198,"href":"https:\/\/diarioabcdemichoacan.com.mx\/lasnoticias\/wp-json\/wp\/v2\/posts\/74196\/revisions\/74198"}],"wp:featuredmedia":[{"embeddable":true,"href":"https:\/\/diarioabcdemichoacan.com.mx\/lasnoticias\/wp-json\/wp\/v2\/media\/74197"}],"wp:attachment":[{"href":"https:\/\/diarioabcdemichoacan.com.mx\/lasnoticias\/wp-json\/wp\/v2\/media?parent=74196"}],"wp:term":[{"taxonomy":"category","embeddable":true,"href":"https:\/\/diarioabcdemichoacan.com.mx\/lasnoticias\/wp-json\/wp\/v2\/categories?post=74196"},{"taxonomy":"post_tag","embeddable":true,"href":"https:\/\/diarioabcdemichoacan.com.mx\/lasnoticias\/wp-json\/wp\/v2\/tags?post=74196"}],"curies":[{"name":"wp","href":"https:\/\/api.w.org\/{rel}","templated":true}]}}