{"id":74248,"date":"2026-01-06T10:27:46","date_gmt":"2026-01-06T16:27:46","guid":{"rendered":"https:\/\/diarioabcdemichoacan.com.mx\/lasnoticias\/?p=74248"},"modified":"2026-01-06T10:27:46","modified_gmt":"2026-01-06T16:27:46","slug":"inaugura-bedolla-rehabilitacion-carretera-entre-penjamillo-y-numaran-fortalecera-productividad-regional","status":"publish","type":"post","link":"https:\/\/diarioabcdemichoacan.com.mx\/lasnoticias\/inaugura-bedolla-rehabilitacion-carretera-entre-penjamillo-y-numaran-fortalecera-productividad-regional\/","title":{"rendered":"Inaugura Bedolla rehabilitaci\u00f3n carretera entre Penjamillo y Numar\u00e1n; fortalecer\u00e1 productividad regional"},"content":{"rendered":"<hr \/>\n<p>Penjamillo, Mich.- El gobernador Alfredo Ram\u00edrez Bedolla inaugur\u00f3 la rehabilitaci\u00f3n de 6.5 kil\u00f3metros de tramo carretero San Jos\u00e9 R\u00e1bago\u2013Vado Blanco, de los municipios de Numar\u00e1n y Penjamillo, con una inversi\u00f3n estatal de 24.2 millones de pesos de recursos 100 por ciento estatales.<\/p>\n<p>\u201cLas carreteras son muy importantes para Michoac\u00e1n, como esta, porque son las venas que le dan viabilidad, movilidad y tr\u00e1nsito a nuestra producci\u00f3n agropecuaria\u201d. Resalt\u00f3 el mandatario al referir que el estado es l\u00edder en producci\u00f3n de berries y aguacate del pa\u00eds.<\/p>\n<p>Adem\u00e1s, el gobernador destac\u00f3 la importancia de esta carretera, la cual acorta los tiempos de traslado de los granos que se producen en la regi\u00f3n, siendo esta zona una de las m\u00e1s productivas a nivel nacional.<\/p>\n<p>Explic\u00f3 que desde el inicio de la administraci\u00f3n, se arranc\u00f3 con un esquema de rehabilitaci\u00f3n de la red carretera estatal como es el caso del tramo Cuitzeo-Zin\u00e1paro donde fueron intervenidos 123 kil\u00f3metros con 384.1 millones de pesos.<\/p>\n<p>En tanto que el secretario de Comunicaciones y Obras P\u00fablicas, Rogelio Zaraz\u00faa S\u00e1nchez, resalt\u00f3 que estas obras que construye el Gobierno de Michoac\u00e1n, son sin deuda, adem\u00e1s de que se avanza en obra p\u00fablica, como desde hace d\u00e9cadas no se constru\u00eda en la entidad.<\/p>\n<p>Acompa\u00f1aron al gobernador Mar\u00eda Mart\u00ednez Ruiz, presidenta municipal de Penjamillo; Jos\u00e9 D\u00edaz Camarena, presidente municipal de Numar\u00e1n; las diputadas locales Belinda Iturbide D\u00edaz y Melba Albavera Padilla; Alejandro Vargas Acosta, presidente del Comit\u00e9 Directivo estatal de la CMIC; Jos\u00e9 Antonio Luna Hern\u00e1ndez, beneficiario de la comunidad de Vado Blanco y Rogelio Z\u00e1rate Luna, encargado del orden.<\/p>\n","protected":false},"excerpt":{"rendered":"<p>Penjamillo, Mich.- El gobernador Alfredo Ram\u00edrez Bedolla inaugur\u00f3 la rehabilitaci\u00f3n de 6.5 kil\u00f3metros de tramo carretero San Jos\u00e9 R\u00e1bago\u2013Vado Blanco, de los municipios de Numar\u00e1n y Penjamillo, con una inversi\u00f3n estatal de 24.2 millones de pesos de recursos 100 por ciento estatales. \u201cLas carreteras son muy importantes para Michoac\u00e1n, como esta, porque son las venas [&hellip;]<\/p>\n","protected":false},"author":9,"featured_media":74249,"comment_status":"closed","ping_status":"closed","sticky":false,"template":"","format":"standard","meta":{"footnotes":""},"categories":[10,17,7,28,27],"tags":[],"class_list":{"0":"post-74248","1":"post","2":"type-post","3":"status-publish","4":"format-standard","5":"has-post-thumbnail","7":"category-estado","8":"category-gobierno-de-michoacan","9":"category-morelia","10":"category-politica","11":"category-slider"},"yoast_head":"<!-- This site is optimized with the Yoast SEO plugin v24.0 - https:\/\/yoast.com\/wordpress\/plugins\/seo\/ -->\n<title>Inaugura Bedolla rehabilitaci\u00f3n carretera entre Penjamillo y Numar\u00e1n; fortalecer\u00e1 productividad regional - Diario ABC de Michoac\u00e1n<\/title>\n<meta name=\"robots\" content=\"index, follow, max-snippet:-1, max-image-preview:large, max-video-preview:-1\" \/>\n<link rel=\"canonical\" href=\"https:\/\/diarioabcdemichoacan.com.mx\/lasnoticias\/inaugura-bedolla-rehabilitacion-carretera-entre-penjamillo-y-numaran-fortalecera-productividad-regional\/\" \/>\n<meta property=\"og:locale\" content=\"es_ES\" \/>\n<meta property=\"og:type\" content=\"article\" \/>\n<meta property=\"og:title\" content=\"Inaugura Bedolla rehabilitaci\u00f3n carretera entre Penjamillo y Numar\u00e1n; fortalecer\u00e1 productividad regional - Diario ABC de Michoac\u00e1n\" \/>\n<meta property=\"og:description\" content=\"Penjamillo, Mich.- El gobernador Alfredo Ram\u00edrez Bedolla inaugur\u00f3 la rehabilitaci\u00f3n de 6.5 kil\u00f3metros de tramo carretero San Jos\u00e9 R\u00e1bago\u2013Vado Blanco, de los municipios de Numar\u00e1n y Penjamillo, con una inversi\u00f3n estatal de 24.2 millones de pesos de recursos 100 por ciento estatales. \u201cLas carreteras son muy importantes para Michoac\u00e1n, como esta, porque son las venas [&hellip;]\" \/>\n<meta property=\"og:url\" content=\"https:\/\/diarioabcdemichoacan.com.mx\/lasnoticias\/inaugura-bedolla-rehabilitacion-carretera-entre-penjamillo-y-numaran-fortalecera-productividad-regional\/\" \/>\n<meta property=\"og:site_name\" content=\"Diario ABC de Michoac\u00e1n\" \/>\n<meta property=\"article:published_time\" content=\"2026-01-06T16:27:46+00:00\" \/>\n<meta property=\"og:image\" content=\"https:\/\/diarioabcdemichoacan.com.mx\/lasnoticias\/wp-content\/uploads\/2026\/01\/WhatsApp-Image-2026-01-03-at-1.56.54-PM.jpeg\" \/>\n\t<meta property=\"og:image:width\" content=\"1600\" \/>\n\t<meta property=\"og:image:height\" content=\"1066\" \/>\n\t<meta property=\"og:image:type\" content=\"image\/jpeg\" \/>\n<meta name=\"author\" content=\"AR\" \/>\n<meta name=\"twitter:card\" content=\"summary_large_image\" \/>\n<meta name=\"twitter:label1\" content=\"Escrito por\" \/>\n\t<meta name=\"twitter:data1\" content=\"AR\" \/>\n\t<meta name=\"twitter:label2\" content=\"Tiempo de lectura\" \/>\n\t<meta name=\"twitter:data2\" content=\"2 minutos\" \/>\n<script type=\"application\/ld+json\" class=\"yoast-schema-graph\">{\"@context\":\"https:\/\/schema.org\",\"@graph\":[{\"@type\":\"WebPage\",\"@id\":\"https:\/\/diarioabcdemichoacan.com.mx\/lasnoticias\/inaugura-bedolla-rehabilitacion-carretera-entre-penjamillo-y-numaran-fortalecera-productividad-regional\/\",\"url\":\"https:\/\/diarioabcdemichoacan.com.mx\/lasnoticias\/inaugura-bedolla-rehabilitacion-carretera-entre-penjamillo-y-numaran-fortalecera-productividad-regional\/\",\"name\":\"Inaugura Bedolla rehabilitaci\u00f3n carretera entre Penjamillo y Numar\u00e1n; fortalecer\u00e1 productividad regional - Diario ABC de Michoac\u00e1n\",\"isPartOf\":{\"@id\":\"https:\/\/diarioabcdemichoacan.com.mx\/lasnoticias\/#website\"},\"primaryImageOfPage\":{\"@id\":\"https:\/\/diarioabcdemichoacan.com.mx\/lasnoticias\/inaugura-bedolla-rehabilitacion-carretera-entre-penjamillo-y-numaran-fortalecera-productividad-regional\/#primaryimage\"},\"image\":{\"@id\":\"https:\/\/diarioabcdemichoacan.com.mx\/lasnoticias\/inaugura-bedolla-rehabilitacion-carretera-entre-penjamillo-y-numaran-fortalecera-productividad-regional\/#primaryimage\"},\"thumbnailUrl\":\"https:\/\/diarioabcdemichoacan.com.mx\/lasnoticias\/wp-content\/uploads\/2026\/01\/WhatsApp-Image-2026-01-03-at-1.56.54-PM.jpeg\",\"datePublished\":\"2026-01-06T16:27:46+00:00\",\"dateModified\":\"2026-01-06T16:27:46+00:00\",\"author\":{\"@id\":\"https:\/\/diarioabcdemichoacan.com.mx\/lasnoticias\/#\/schema\/person\/19ae376040f6cbc489682ebdd8524852\"},\"breadcrumb\":{\"@id\":\"https:\/\/diarioabcdemichoacan.com.mx\/lasnoticias\/inaugura-bedolla-rehabilitacion-carretera-entre-penjamillo-y-numaran-fortalecera-productividad-regional\/#breadcrumb\"},\"inLanguage\":\"es\",\"potentialAction\":[{\"@type\":\"ReadAction\",\"target\":[\"https:\/\/diarioabcdemichoacan.com.mx\/lasnoticias\/inaugura-bedolla-rehabilitacion-carretera-entre-penjamillo-y-numaran-fortalecera-productividad-regional\/\"]}]},{\"@type\":\"ImageObject\",\"inLanguage\":\"es\",\"@id\":\"https:\/\/diarioabcdemichoacan.com.mx\/lasnoticias\/inaugura-bedolla-rehabilitacion-carretera-entre-penjamillo-y-numaran-fortalecera-productividad-regional\/#primaryimage\",\"url\":\"https:\/\/diarioabcdemichoacan.com.mx\/lasnoticias\/wp-content\/uploads\/2026\/01\/WhatsApp-Image-2026-01-03-at-1.56.54-PM.jpeg\",\"contentUrl\":\"https:\/\/diarioabcdemichoacan.com.mx\/lasnoticias\/wp-content\/uploads\/2026\/01\/WhatsApp-Image-2026-01-03-at-1.56.54-PM.jpeg\",\"width\":1600,\"height\":1066},{\"@type\":\"BreadcrumbList\",\"@id\":\"https:\/\/diarioabcdemichoacan.com.mx\/lasnoticias\/inaugura-bedolla-rehabilitacion-carretera-entre-penjamillo-y-numaran-fortalecera-productividad-regional\/#breadcrumb\",\"itemListElement\":[{\"@type\":\"ListItem\",\"position\":1,\"name\":\"Portada\",\"item\":\"https:\/\/diarioabcdemichoacan.com.mx\/lasnoticias\/\"},{\"@type\":\"ListItem\",\"position\":2,\"name\":\"Inaugura Bedolla rehabilitaci\u00f3n carretera entre Penjamillo y Numar\u00e1n; fortalecer\u00e1 productividad regional\"}]},{\"@type\":\"WebSite\",\"@id\":\"https:\/\/diarioabcdemichoacan.com.mx\/lasnoticias\/#website\",\"url\":\"https:\/\/diarioabcdemichoacan.com.mx\/lasnoticias\/\",\"name\":\"Diario ABC de Michoac\u00e1n\",\"description\":\"Las noticias al momento\",\"potentialAction\":[{\"@type\":\"SearchAction\",\"target\":{\"@type\":\"EntryPoint\",\"urlTemplate\":\"https:\/\/diarioabcdemichoacan.com.mx\/lasnoticias\/?s={search_term_string}\"},\"query-input\":{\"@type\":\"PropertyValueSpecification\",\"valueRequired\":true,\"valueName\":\"search_term_string\"}}],\"inLanguage\":\"es\"},{\"@type\":\"Person\",\"@id\":\"https:\/\/diarioabcdemichoacan.com.mx\/lasnoticias\/#\/schema\/person\/19ae376040f6cbc489682ebdd8524852\",\"name\":\"AR\",\"image\":{\"@type\":\"ImageObject\",\"inLanguage\":\"es\",\"@id\":\"https:\/\/diarioabcdemichoacan.com.mx\/lasnoticias\/#\/schema\/person\/image\/\",\"url\":\"https:\/\/secure.gravatar.com\/avatar\/44eca2ff970262234e20e1e082872af0?s=96&d=mm&r=g\",\"contentUrl\":\"https:\/\/secure.gravatar.com\/avatar\/44eca2ff970262234e20e1e082872af0?s=96&d=mm&r=g\",\"caption\":\"AR\"},\"url\":\"https:\/\/diarioabcdemichoacan.com.mx\/lasnoticias\/author\/adrian\/\"}]}<\/script>\n<!-- \/ Yoast SEO plugin. -->","yoast_head_json":{"title":"Inaugura Bedolla rehabilitaci\u00f3n carretera entre Penjamillo y Numar\u00e1n; fortalecer\u00e1 productividad regional - Diario ABC de Michoac\u00e1n","robots":{"index":"index","follow":"follow","max-snippet":"max-snippet:-1","max-image-preview":"max-image-preview:large","max-video-preview":"max-video-preview:-1"},"canonical":"https:\/\/diarioabcdemichoacan.com.mx\/lasnoticias\/inaugura-bedolla-rehabilitacion-carretera-entre-penjamillo-y-numaran-fortalecera-productividad-regional\/","og_locale":"es_ES","og_type":"article","og_title":"Inaugura Bedolla rehabilitaci\u00f3n carretera entre Penjamillo y Numar\u00e1n; fortalecer\u00e1 productividad regional - Diario ABC de Michoac\u00e1n","og_description":"Penjamillo, Mich.- El gobernador Alfredo Ram\u00edrez Bedolla inaugur\u00f3 la rehabilitaci\u00f3n de 6.5 kil\u00f3metros de tramo carretero San Jos\u00e9 R\u00e1bago\u2013Vado Blanco, de los municipios de Numar\u00e1n y Penjamillo, con una inversi\u00f3n estatal de 24.2 millones de pesos de recursos 100 por ciento estatales. \u201cLas carreteras son muy importantes para Michoac\u00e1n, como esta, porque son las venas [&hellip;]","og_url":"https:\/\/diarioabcdemichoacan.com.mx\/lasnoticias\/inaugura-bedolla-rehabilitacion-carretera-entre-penjamillo-y-numaran-fortalecera-productividad-regional\/","og_site_name":"Diario ABC de Michoac\u00e1n","article_published_time":"2026-01-06T16:27:46+00:00","og_image":[{"width":1600,"height":1066,"url":"https:\/\/diarioabcdemichoacan.com.mx\/lasnoticias\/wp-content\/uploads\/2026\/01\/WhatsApp-Image-2026-01-03-at-1.56.54-PM.jpeg","type":"image\/jpeg"}],"author":"AR","twitter_card":"summary_large_image","twitter_misc":{"Escrito por":"AR","Tiempo de lectura":"2 minutos"},"schema":{"@context":"https:\/\/schema.org","@graph":[{"@type":"WebPage","@id":"https:\/\/diarioabcdemichoacan.com.mx\/lasnoticias\/inaugura-bedolla-rehabilitacion-carretera-entre-penjamillo-y-numaran-fortalecera-productividad-regional\/","url":"https:\/\/diarioabcdemichoacan.com.mx\/lasnoticias\/inaugura-bedolla-rehabilitacion-carretera-entre-penjamillo-y-numaran-fortalecera-productividad-regional\/","name":"Inaugura Bedolla rehabilitaci\u00f3n carretera entre Penjamillo y Numar\u00e1n; fortalecer\u00e1 productividad regional - Diario ABC de Michoac\u00e1n","isPartOf":{"@id":"https:\/\/diarioabcdemichoacan.com.mx\/lasnoticias\/#website"},"primaryImageOfPage":{"@id":"https:\/\/diarioabcdemichoacan.com.mx\/lasnoticias\/inaugura-bedolla-rehabilitacion-carretera-entre-penjamillo-y-numaran-fortalecera-productividad-regional\/#primaryimage"},"image":{"@id":"https:\/\/diarioabcdemichoacan.com.mx\/lasnoticias\/inaugura-bedolla-rehabilitacion-carretera-entre-penjamillo-y-numaran-fortalecera-productividad-regional\/#primaryimage"},"thumbnailUrl":"https:\/\/diarioabcdemichoacan.com.mx\/lasnoticias\/wp-content\/uploads\/2026\/01\/WhatsApp-Image-2026-01-03-at-1.56.54-PM.jpeg","datePublished":"2026-01-06T16:27:46+00:00","dateModified":"2026-01-06T16:27:46+00:00","author":{"@id":"https:\/\/diarioabcdemichoacan.com.mx\/lasnoticias\/#\/schema\/person\/19ae376040f6cbc489682ebdd8524852"},"breadcrumb":{"@id":"https:\/\/diarioabcdemichoacan.com.mx\/lasnoticias\/inaugura-bedolla-rehabilitacion-carretera-entre-penjamillo-y-numaran-fortalecera-productividad-regional\/#breadcrumb"},"inLanguage":"es","potentialAction":[{"@type":"ReadAction","target":["https:\/\/diarioabcdemichoacan.com.mx\/lasnoticias\/inaugura-bedolla-rehabilitacion-carretera-entre-penjamillo-y-numaran-fortalecera-productividad-regional\/"]}]},{"@type":"ImageObject","inLanguage":"es","@id":"https:\/\/diarioabcdemichoacan.com.mx\/lasnoticias\/inaugura-bedolla-rehabilitacion-carretera-entre-penjamillo-y-numaran-fortalecera-productividad-regional\/#primaryimage","url":"https:\/\/diarioabcdemichoacan.com.mx\/lasnoticias\/wp-content\/uploads\/2026\/01\/WhatsApp-Image-2026-01-03-at-1.56.54-PM.jpeg","contentUrl":"https:\/\/diarioabcdemichoacan.com.mx\/lasnoticias\/wp-content\/uploads\/2026\/01\/WhatsApp-Image-2026-01-03-at-1.56.54-PM.jpeg","width":1600,"height":1066},{"@type":"BreadcrumbList","@id":"https:\/\/diarioabcdemichoacan.com.mx\/lasnoticias\/inaugura-bedolla-rehabilitacion-carretera-entre-penjamillo-y-numaran-fortalecera-productividad-regional\/#breadcrumb","itemListElement":[{"@type":"ListItem","position":1,"name":"Portada","item":"https:\/\/diarioabcdemichoacan.com.mx\/lasnoticias\/"},{"@type":"ListItem","position":2,"name":"Inaugura Bedolla rehabilitaci\u00f3n carretera entre Penjamillo y Numar\u00e1n; fortalecer\u00e1 productividad regional"}]},{"@type":"WebSite","@id":"https:\/\/diarioabcdemichoacan.com.mx\/lasnoticias\/#website","url":"https:\/\/diarioabcdemichoacan.com.mx\/lasnoticias\/","name":"Diario ABC de Michoac\u00e1n","description":"Las noticias al momento","potentialAction":[{"@type":"SearchAction","target":{"@type":"EntryPoint","urlTemplate":"https:\/\/diarioabcdemichoacan.com.mx\/lasnoticias\/?s={search_term_string}"},"query-input":{"@type":"PropertyValueSpecification","valueRequired":true,"valueName":"search_term_string"}}],"inLanguage":"es"},{"@type":"Person","@id":"https:\/\/diarioabcdemichoacan.com.mx\/lasnoticias\/#\/schema\/person\/19ae376040f6cbc489682ebdd8524852","name":"AR","image":{"@type":"ImageObject","inLanguage":"es","@id":"https:\/\/diarioabcdemichoacan.com.mx\/lasnoticias\/#\/schema\/person\/image\/","url":"https:\/\/secure.gravatar.com\/avatar\/44eca2ff970262234e20e1e082872af0?s=96&d=mm&r=g","contentUrl":"https:\/\/secure.gravatar.com\/avatar\/44eca2ff970262234e20e1e082872af0?s=96&d=mm&r=g","caption":"AR"},"url":"https:\/\/diarioabcdemichoacan.com.mx\/lasnoticias\/author\/adrian\/"}]}},"_links":{"self":[{"href":"https:\/\/diarioabcdemichoacan.com.mx\/lasnoticias\/wp-json\/wp\/v2\/posts\/74248","targetHints":{"allow":["GET"]}}],"collection":[{"href":"https:\/\/diarioabcdemichoacan.com.mx\/lasnoticias\/wp-json\/wp\/v2\/posts"}],"about":[{"href":"https:\/\/diarioabcdemichoacan.com.mx\/lasnoticias\/wp-json\/wp\/v2\/types\/post"}],"author":[{"embeddable":true,"href":"https:\/\/diarioabcdemichoacan.com.mx\/lasnoticias\/wp-json\/wp\/v2\/users\/9"}],"replies":[{"embeddable":true,"href":"https:\/\/diarioabcdemichoacan.com.mx\/lasnoticias\/wp-json\/wp\/v2\/comments?post=74248"}],"version-history":[{"count":1,"href":"https:\/\/diarioabcdemichoacan.com.mx\/lasnoticias\/wp-json\/wp\/v2\/posts\/74248\/revisions"}],"predecessor-version":[{"id":74250,"href":"https:\/\/diarioabcdemichoacan.com.mx\/lasnoticias\/wp-json\/wp\/v2\/posts\/74248\/revisions\/74250"}],"wp:featuredmedia":[{"embeddable":true,"href":"https:\/\/diarioabcdemichoacan.com.mx\/lasnoticias\/wp-json\/wp\/v2\/media\/74249"}],"wp:attachment":[{"href":"https:\/\/diarioabcdemichoacan.com.mx\/lasnoticias\/wp-json\/wp\/v2\/media?parent=74248"}],"wp:term":[{"taxonomy":"category","embeddable":true,"href":"https:\/\/diarioabcdemichoacan.com.mx\/lasnoticias\/wp-json\/wp\/v2\/categories?post=74248"},{"taxonomy":"post_tag","embeddable":true,"href":"https:\/\/diarioabcdemichoacan.com.mx\/lasnoticias\/wp-json\/wp\/v2\/tags?post=74248"}],"curies":[{"name":"wp","href":"https:\/\/api.w.org\/{rel}","templated":true}]}}