{"id":74251,"date":"2026-01-06T10:30:36","date_gmt":"2026-01-06T16:30:36","guid":{"rendered":"https:\/\/diarioabcdemichoacan.com.mx\/lasnoticias\/?p=74251"},"modified":"2026-01-06T10:30:36","modified_gmt":"2026-01-06T16:30:36","slug":"gobierno-de-morelia-impulsa-plan-familiar-de-proteccion-civil-para-fortalecer-prevencion-en-hogares-yankel-benitez","status":"publish","type":"post","link":"https:\/\/diarioabcdemichoacan.com.mx\/lasnoticias\/gobierno-de-morelia-impulsa-plan-familiar-de-proteccion-civil-para-fortalecer-prevencion-en-hogares-yankel-benitez\/","title":{"rendered":"Gobierno de Morelia impulsa Plan Familiar de Protecci\u00f3n Civil para fortalecer prevenci\u00f3n en hogares: Yankel Ben\u00edtez"},"content":{"rendered":"<h2>La administraci\u00f3n del presidente Alfonso Mart\u00ednez Alc\u00e1zar promueve la cultura de la prevenci\u00f3n y la autoprotecci\u00f3n entre las familias morelianas.<\/h2>\n<p>&nbsp;<\/p>\n<hr \/>\n<p>Morelia, Mich.- El secretario del Ayuntamiento, Yankel Ben\u00edtez Silva reiter\u00f3 el llamado a la ciudadan\u00eda a contar con un Plan Familiar de Protecci\u00f3n Civil, como una medida clave para estar preparados ante cualquier emergencia.<\/p>\n<p>En este sentido, coment\u00f3 que desde la Secretar\u00eda del Ayuntamiento se impulsan acciones permanentes para orientar y atender a las vecinas y vecinos de Morelia, a trav\u00e9s de la Coordinaci\u00f3n de Protecci\u00f3n Civil y Bomberos, reforzando la prevenci\u00f3n como eje central de la seguridad ciudadana.<\/p>\n<p>Yankel Ben\u00edtez destac\u00f3 que as\u00ed como los establecimientos comerciales y de servicios est\u00e1n obligados por reglamento a contar con un plan de protecci\u00f3n civil, se\u00f1al\u00e9tica, extintores, botiqu\u00edn y capacitaci\u00f3n, las viviendas tambi\u00e9n deben asumir esta responsabilidad para reducir riesgos y salvar vidas.<\/p>\n<p>Subray\u00f3 la importancia de que las familias se re\u00fanan en casa \u2014incluyendo ni\u00f1as, ni\u00f1os, personas adultas mayores y todos sus integrantes\u2014 para dialogar y definir c\u00f3mo actuar ante distintas situaciones de emergencia, como sismos, incendios, inundaciones, apagones o accidentes, identificando rutas de evacuaci\u00f3n, puntos de reuni\u00f3n y n\u00fameros de emergencia.<\/p>\n<p>Asimismo, Yankel Ben\u00edtez recomend\u00f3 contar con un botiqu\u00edn de primeros auxilios, una mochila de emergencia equipada con documentos importantes, agua, cargador, bater\u00eda, impermeable y art\u00edculos b\u00e1sicos, as\u00ed como disponer de un extintor y saber utilizarlo correctamente. Tambi\u00e9n enfatiz\u00f3 la importancia de realizar simulacros en casa y mantener las salidas libres de obst\u00e1culos.<\/p>\n<p>As\u00ed, el Ayuntamiento de Morelia refrenda su compromiso con la prevenci\u00f3n y la protecci\u00f3n de las familias, impulsando acciones que fortalezcan la capacidad de respuesta desde el hogar y contribuyan a una ciudad m\u00e1s segura y preparada.<\/p>\n","protected":false},"excerpt":{"rendered":"<p>La administraci\u00f3n del presidente Alfonso Mart\u00ednez Alc\u00e1zar promueve la cultura de la prevenci\u00f3n y la autoprotecci\u00f3n entre las familias morelianas. &nbsp; Morelia, Mich.- El secretario del Ayuntamiento, Yankel Ben\u00edtez Silva reiter\u00f3 el llamado a la ciudadan\u00eda a contar con un Plan Familiar de Protecci\u00f3n Civil, como una medida clave para estar preparados ante cualquier emergencia. [&hellip;]<\/p>\n","protected":false},"author":9,"featured_media":74252,"comment_status":"closed","ping_status":"closed","sticky":false,"template":"","format":"standard","meta":{"footnotes":""},"categories":[18,7,28,27],"tags":[],"class_list":{"0":"post-74251","1":"post","2":"type-post","3":"status-publish","4":"format-standard","5":"has-post-thumbnail","7":"category-ayuntamiento-de-morelia","8":"category-morelia","9":"category-politica","10":"category-slider"},"yoast_head":"<!-- This site is optimized with the Yoast SEO plugin v24.0 - https:\/\/yoast.com\/wordpress\/plugins\/seo\/ -->\n<title>Gobierno de Morelia impulsa Plan Familiar de Protecci\u00f3n Civil para fortalecer prevenci\u00f3n en hogares: Yankel Ben\u00edtez - Diario ABC de Michoac\u00e1n<\/title>\n<meta name=\"robots\" content=\"index, follow, max-snippet:-1, max-image-preview:large, max-video-preview:-1\" \/>\n<link rel=\"canonical\" href=\"https:\/\/diarioabcdemichoacan.com.mx\/lasnoticias\/gobierno-de-morelia-impulsa-plan-familiar-de-proteccion-civil-para-fortalecer-prevencion-en-hogares-yankel-benitez\/\" \/>\n<meta property=\"og:locale\" content=\"es_ES\" \/>\n<meta property=\"og:type\" content=\"article\" \/>\n<meta property=\"og:title\" content=\"Gobierno de Morelia impulsa Plan Familiar de Protecci\u00f3n Civil para fortalecer prevenci\u00f3n en hogares: Yankel Ben\u00edtez - Diario ABC de Michoac\u00e1n\" \/>\n<meta property=\"og:description\" content=\"La administraci\u00f3n del presidente Alfonso Mart\u00ednez Alc\u00e1zar promueve la cultura de la prevenci\u00f3n y la autoprotecci\u00f3n entre las familias morelianas. &nbsp; Morelia, Mich.- El secretario del Ayuntamiento, Yankel Ben\u00edtez Silva reiter\u00f3 el llamado a la ciudadan\u00eda a contar con un Plan Familiar de Protecci\u00f3n Civil, como una medida clave para estar preparados ante cualquier emergencia. [&hellip;]\" \/>\n<meta property=\"og:url\" content=\"https:\/\/diarioabcdemichoacan.com.mx\/lasnoticias\/gobierno-de-morelia-impulsa-plan-familiar-de-proteccion-civil-para-fortalecer-prevencion-en-hogares-yankel-benitez\/\" \/>\n<meta property=\"og:site_name\" content=\"Diario ABC de Michoac\u00e1n\" \/>\n<meta property=\"article:published_time\" content=\"2026-01-06T16:30:36+00:00\" \/>\n<meta property=\"og:image\" content=\"https:\/\/diarioabcdemichoacan.com.mx\/lasnoticias\/wp-content\/uploads\/2026\/01\/WhatsApp-Image-2026-01-03-at-3.34.11-PM-scaled.jpeg\" \/>\n\t<meta property=\"og:image:width\" content=\"2560\" \/>\n\t<meta property=\"og:image:height\" content=\"1707\" \/>\n\t<meta property=\"og:image:type\" content=\"image\/jpeg\" \/>\n<meta name=\"author\" content=\"AR\" \/>\n<meta name=\"twitter:card\" content=\"summary_large_image\" \/>\n<meta name=\"twitter:label1\" content=\"Escrito por\" \/>\n\t<meta name=\"twitter:data1\" content=\"AR\" \/>\n\t<meta name=\"twitter:label2\" content=\"Tiempo de lectura\" \/>\n\t<meta name=\"twitter:data2\" content=\"2 minutos\" \/>\n<script type=\"application\/ld+json\" class=\"yoast-schema-graph\">{\"@context\":\"https:\/\/schema.org\",\"@graph\":[{\"@type\":\"WebPage\",\"@id\":\"https:\/\/diarioabcdemichoacan.com.mx\/lasnoticias\/gobierno-de-morelia-impulsa-plan-familiar-de-proteccion-civil-para-fortalecer-prevencion-en-hogares-yankel-benitez\/\",\"url\":\"https:\/\/diarioabcdemichoacan.com.mx\/lasnoticias\/gobierno-de-morelia-impulsa-plan-familiar-de-proteccion-civil-para-fortalecer-prevencion-en-hogares-yankel-benitez\/\",\"name\":\"Gobierno de Morelia impulsa Plan Familiar de Protecci\u00f3n Civil para fortalecer prevenci\u00f3n en hogares: Yankel Ben\u00edtez - Diario ABC de Michoac\u00e1n\",\"isPartOf\":{\"@id\":\"https:\/\/diarioabcdemichoacan.com.mx\/lasnoticias\/#website\"},\"primaryImageOfPage\":{\"@id\":\"https:\/\/diarioabcdemichoacan.com.mx\/lasnoticias\/gobierno-de-morelia-impulsa-plan-familiar-de-proteccion-civil-para-fortalecer-prevencion-en-hogares-yankel-benitez\/#primaryimage\"},\"image\":{\"@id\":\"https:\/\/diarioabcdemichoacan.com.mx\/lasnoticias\/gobierno-de-morelia-impulsa-plan-familiar-de-proteccion-civil-para-fortalecer-prevencion-en-hogares-yankel-benitez\/#primaryimage\"},\"thumbnailUrl\":\"https:\/\/diarioabcdemichoacan.com.mx\/lasnoticias\/wp-content\/uploads\/2026\/01\/WhatsApp-Image-2026-01-03-at-3.34.11-PM-scaled.jpeg\",\"datePublished\":\"2026-01-06T16:30:36+00:00\",\"dateModified\":\"2026-01-06T16:30:36+00:00\",\"author\":{\"@id\":\"https:\/\/diarioabcdemichoacan.com.mx\/lasnoticias\/#\/schema\/person\/19ae376040f6cbc489682ebdd8524852\"},\"breadcrumb\":{\"@id\":\"https:\/\/diarioabcdemichoacan.com.mx\/lasnoticias\/gobierno-de-morelia-impulsa-plan-familiar-de-proteccion-civil-para-fortalecer-prevencion-en-hogares-yankel-benitez\/#breadcrumb\"},\"inLanguage\":\"es\",\"potentialAction\":[{\"@type\":\"ReadAction\",\"target\":[\"https:\/\/diarioabcdemichoacan.com.mx\/lasnoticias\/gobierno-de-morelia-impulsa-plan-familiar-de-proteccion-civil-para-fortalecer-prevencion-en-hogares-yankel-benitez\/\"]}]},{\"@type\":\"ImageObject\",\"inLanguage\":\"es\",\"@id\":\"https:\/\/diarioabcdemichoacan.com.mx\/lasnoticias\/gobierno-de-morelia-impulsa-plan-familiar-de-proteccion-civil-para-fortalecer-prevencion-en-hogares-yankel-benitez\/#primaryimage\",\"url\":\"https:\/\/diarioabcdemichoacan.com.mx\/lasnoticias\/wp-content\/uploads\/2026\/01\/WhatsApp-Image-2026-01-03-at-3.34.11-PM-scaled.jpeg\",\"contentUrl\":\"https:\/\/diarioabcdemichoacan.com.mx\/lasnoticias\/wp-content\/uploads\/2026\/01\/WhatsApp-Image-2026-01-03-at-3.34.11-PM-scaled.jpeg\",\"width\":2560,\"height\":1707},{\"@type\":\"BreadcrumbList\",\"@id\":\"https:\/\/diarioabcdemichoacan.com.mx\/lasnoticias\/gobierno-de-morelia-impulsa-plan-familiar-de-proteccion-civil-para-fortalecer-prevencion-en-hogares-yankel-benitez\/#breadcrumb\",\"itemListElement\":[{\"@type\":\"ListItem\",\"position\":1,\"name\":\"Portada\",\"item\":\"https:\/\/diarioabcdemichoacan.com.mx\/lasnoticias\/\"},{\"@type\":\"ListItem\",\"position\":2,\"name\":\"Gobierno de Morelia impulsa Plan Familiar de Protecci\u00f3n Civil para fortalecer prevenci\u00f3n en hogares: Yankel Ben\u00edtez\"}]},{\"@type\":\"WebSite\",\"@id\":\"https:\/\/diarioabcdemichoacan.com.mx\/lasnoticias\/#website\",\"url\":\"https:\/\/diarioabcdemichoacan.com.mx\/lasnoticias\/\",\"name\":\"Diario ABC de Michoac\u00e1n\",\"description\":\"Las noticias al momento\",\"potentialAction\":[{\"@type\":\"SearchAction\",\"target\":{\"@type\":\"EntryPoint\",\"urlTemplate\":\"https:\/\/diarioabcdemichoacan.com.mx\/lasnoticias\/?s={search_term_string}\"},\"query-input\":{\"@type\":\"PropertyValueSpecification\",\"valueRequired\":true,\"valueName\":\"search_term_string\"}}],\"inLanguage\":\"es\"},{\"@type\":\"Person\",\"@id\":\"https:\/\/diarioabcdemichoacan.com.mx\/lasnoticias\/#\/schema\/person\/19ae376040f6cbc489682ebdd8524852\",\"name\":\"AR\",\"image\":{\"@type\":\"ImageObject\",\"inLanguage\":\"es\",\"@id\":\"https:\/\/diarioabcdemichoacan.com.mx\/lasnoticias\/#\/schema\/person\/image\/\",\"url\":\"https:\/\/secure.gravatar.com\/avatar\/44eca2ff970262234e20e1e082872af0?s=96&d=mm&r=g\",\"contentUrl\":\"https:\/\/secure.gravatar.com\/avatar\/44eca2ff970262234e20e1e082872af0?s=96&d=mm&r=g\",\"caption\":\"AR\"},\"url\":\"https:\/\/diarioabcdemichoacan.com.mx\/lasnoticias\/author\/adrian\/\"}]}<\/script>\n<!-- \/ Yoast SEO plugin. -->","yoast_head_json":{"title":"Gobierno de Morelia impulsa Plan Familiar de Protecci\u00f3n Civil para fortalecer prevenci\u00f3n en hogares: Yankel Ben\u00edtez - Diario ABC de Michoac\u00e1n","robots":{"index":"index","follow":"follow","max-snippet":"max-snippet:-1","max-image-preview":"max-image-preview:large","max-video-preview":"max-video-preview:-1"},"canonical":"https:\/\/diarioabcdemichoacan.com.mx\/lasnoticias\/gobierno-de-morelia-impulsa-plan-familiar-de-proteccion-civil-para-fortalecer-prevencion-en-hogares-yankel-benitez\/","og_locale":"es_ES","og_type":"article","og_title":"Gobierno de Morelia impulsa Plan Familiar de Protecci\u00f3n Civil para fortalecer prevenci\u00f3n en hogares: Yankel Ben\u00edtez - Diario ABC de Michoac\u00e1n","og_description":"La administraci\u00f3n del presidente Alfonso Mart\u00ednez Alc\u00e1zar promueve la cultura de la prevenci\u00f3n y la autoprotecci\u00f3n entre las familias morelianas. &nbsp; Morelia, Mich.- El secretario del Ayuntamiento, Yankel Ben\u00edtez Silva reiter\u00f3 el llamado a la ciudadan\u00eda a contar con un Plan Familiar de Protecci\u00f3n Civil, como una medida clave para estar preparados ante cualquier emergencia. [&hellip;]","og_url":"https:\/\/diarioabcdemichoacan.com.mx\/lasnoticias\/gobierno-de-morelia-impulsa-plan-familiar-de-proteccion-civil-para-fortalecer-prevencion-en-hogares-yankel-benitez\/","og_site_name":"Diario ABC de Michoac\u00e1n","article_published_time":"2026-01-06T16:30:36+00:00","og_image":[{"width":2560,"height":1707,"url":"https:\/\/diarioabcdemichoacan.com.mx\/lasnoticias\/wp-content\/uploads\/2026\/01\/WhatsApp-Image-2026-01-03-at-3.34.11-PM-scaled.jpeg","type":"image\/jpeg"}],"author":"AR","twitter_card":"summary_large_image","twitter_misc":{"Escrito por":"AR","Tiempo de lectura":"2 minutos"},"schema":{"@context":"https:\/\/schema.org","@graph":[{"@type":"WebPage","@id":"https:\/\/diarioabcdemichoacan.com.mx\/lasnoticias\/gobierno-de-morelia-impulsa-plan-familiar-de-proteccion-civil-para-fortalecer-prevencion-en-hogares-yankel-benitez\/","url":"https:\/\/diarioabcdemichoacan.com.mx\/lasnoticias\/gobierno-de-morelia-impulsa-plan-familiar-de-proteccion-civil-para-fortalecer-prevencion-en-hogares-yankel-benitez\/","name":"Gobierno de Morelia impulsa Plan Familiar de Protecci\u00f3n Civil para fortalecer prevenci\u00f3n en hogares: Yankel Ben\u00edtez - Diario ABC de Michoac\u00e1n","isPartOf":{"@id":"https:\/\/diarioabcdemichoacan.com.mx\/lasnoticias\/#website"},"primaryImageOfPage":{"@id":"https:\/\/diarioabcdemichoacan.com.mx\/lasnoticias\/gobierno-de-morelia-impulsa-plan-familiar-de-proteccion-civil-para-fortalecer-prevencion-en-hogares-yankel-benitez\/#primaryimage"},"image":{"@id":"https:\/\/diarioabcdemichoacan.com.mx\/lasnoticias\/gobierno-de-morelia-impulsa-plan-familiar-de-proteccion-civil-para-fortalecer-prevencion-en-hogares-yankel-benitez\/#primaryimage"},"thumbnailUrl":"https:\/\/diarioabcdemichoacan.com.mx\/lasnoticias\/wp-content\/uploads\/2026\/01\/WhatsApp-Image-2026-01-03-at-3.34.11-PM-scaled.jpeg","datePublished":"2026-01-06T16:30:36+00:00","dateModified":"2026-01-06T16:30:36+00:00","author":{"@id":"https:\/\/diarioabcdemichoacan.com.mx\/lasnoticias\/#\/schema\/person\/19ae376040f6cbc489682ebdd8524852"},"breadcrumb":{"@id":"https:\/\/diarioabcdemichoacan.com.mx\/lasnoticias\/gobierno-de-morelia-impulsa-plan-familiar-de-proteccion-civil-para-fortalecer-prevencion-en-hogares-yankel-benitez\/#breadcrumb"},"inLanguage":"es","potentialAction":[{"@type":"ReadAction","target":["https:\/\/diarioabcdemichoacan.com.mx\/lasnoticias\/gobierno-de-morelia-impulsa-plan-familiar-de-proteccion-civil-para-fortalecer-prevencion-en-hogares-yankel-benitez\/"]}]},{"@type":"ImageObject","inLanguage":"es","@id":"https:\/\/diarioabcdemichoacan.com.mx\/lasnoticias\/gobierno-de-morelia-impulsa-plan-familiar-de-proteccion-civil-para-fortalecer-prevencion-en-hogares-yankel-benitez\/#primaryimage","url":"https:\/\/diarioabcdemichoacan.com.mx\/lasnoticias\/wp-content\/uploads\/2026\/01\/WhatsApp-Image-2026-01-03-at-3.34.11-PM-scaled.jpeg","contentUrl":"https:\/\/diarioabcdemichoacan.com.mx\/lasnoticias\/wp-content\/uploads\/2026\/01\/WhatsApp-Image-2026-01-03-at-3.34.11-PM-scaled.jpeg","width":2560,"height":1707},{"@type":"BreadcrumbList","@id":"https:\/\/diarioabcdemichoacan.com.mx\/lasnoticias\/gobierno-de-morelia-impulsa-plan-familiar-de-proteccion-civil-para-fortalecer-prevencion-en-hogares-yankel-benitez\/#breadcrumb","itemListElement":[{"@type":"ListItem","position":1,"name":"Portada","item":"https:\/\/diarioabcdemichoacan.com.mx\/lasnoticias\/"},{"@type":"ListItem","position":2,"name":"Gobierno de Morelia impulsa Plan Familiar de Protecci\u00f3n Civil para fortalecer prevenci\u00f3n en hogares: Yankel Ben\u00edtez"}]},{"@type":"WebSite","@id":"https:\/\/diarioabcdemichoacan.com.mx\/lasnoticias\/#website","url":"https:\/\/diarioabcdemichoacan.com.mx\/lasnoticias\/","name":"Diario ABC de Michoac\u00e1n","description":"Las noticias al momento","potentialAction":[{"@type":"SearchAction","target":{"@type":"EntryPoint","urlTemplate":"https:\/\/diarioabcdemichoacan.com.mx\/lasnoticias\/?s={search_term_string}"},"query-input":{"@type":"PropertyValueSpecification","valueRequired":true,"valueName":"search_term_string"}}],"inLanguage":"es"},{"@type":"Person","@id":"https:\/\/diarioabcdemichoacan.com.mx\/lasnoticias\/#\/schema\/person\/19ae376040f6cbc489682ebdd8524852","name":"AR","image":{"@type":"ImageObject","inLanguage":"es","@id":"https:\/\/diarioabcdemichoacan.com.mx\/lasnoticias\/#\/schema\/person\/image\/","url":"https:\/\/secure.gravatar.com\/avatar\/44eca2ff970262234e20e1e082872af0?s=96&d=mm&r=g","contentUrl":"https:\/\/secure.gravatar.com\/avatar\/44eca2ff970262234e20e1e082872af0?s=96&d=mm&r=g","caption":"AR"},"url":"https:\/\/diarioabcdemichoacan.com.mx\/lasnoticias\/author\/adrian\/"}]}},"_links":{"self":[{"href":"https:\/\/diarioabcdemichoacan.com.mx\/lasnoticias\/wp-json\/wp\/v2\/posts\/74251","targetHints":{"allow":["GET"]}}],"collection":[{"href":"https:\/\/diarioabcdemichoacan.com.mx\/lasnoticias\/wp-json\/wp\/v2\/posts"}],"about":[{"href":"https:\/\/diarioabcdemichoacan.com.mx\/lasnoticias\/wp-json\/wp\/v2\/types\/post"}],"author":[{"embeddable":true,"href":"https:\/\/diarioabcdemichoacan.com.mx\/lasnoticias\/wp-json\/wp\/v2\/users\/9"}],"replies":[{"embeddable":true,"href":"https:\/\/diarioabcdemichoacan.com.mx\/lasnoticias\/wp-json\/wp\/v2\/comments?post=74251"}],"version-history":[{"count":1,"href":"https:\/\/diarioabcdemichoacan.com.mx\/lasnoticias\/wp-json\/wp\/v2\/posts\/74251\/revisions"}],"predecessor-version":[{"id":74253,"href":"https:\/\/diarioabcdemichoacan.com.mx\/lasnoticias\/wp-json\/wp\/v2\/posts\/74251\/revisions\/74253"}],"wp:featuredmedia":[{"embeddable":true,"href":"https:\/\/diarioabcdemichoacan.com.mx\/lasnoticias\/wp-json\/wp\/v2\/media\/74252"}],"wp:attachment":[{"href":"https:\/\/diarioabcdemichoacan.com.mx\/lasnoticias\/wp-json\/wp\/v2\/media?parent=74251"}],"wp:term":[{"taxonomy":"category","embeddable":true,"href":"https:\/\/diarioabcdemichoacan.com.mx\/lasnoticias\/wp-json\/wp\/v2\/categories?post=74251"},{"taxonomy":"post_tag","embeddable":true,"href":"https:\/\/diarioabcdemichoacan.com.mx\/lasnoticias\/wp-json\/wp\/v2\/tags?post=74251"}],"curies":[{"name":"wp","href":"https:\/\/api.w.org\/{rel}","templated":true}]}}