{"id":74299,"date":"2026-01-06T11:00:58","date_gmt":"2026-01-06T17:00:58","guid":{"rendered":"https:\/\/diarioabcdemichoacan.com.mx\/lasnoticias\/?p=74299"},"modified":"2026-01-06T11:00:58","modified_gmt":"2026-01-06T17:00:58","slug":"vinculan-venta-de-pirotecnia-en-la-via-publica-de-morelia-con-delincuencia-organizada","status":"publish","type":"post","link":"https:\/\/diarioabcdemichoacan.com.mx\/lasnoticias\/vinculan-venta-de-pirotecnia-en-la-via-publica-de-morelia-con-delincuencia-organizada\/","title":{"rendered":"Vinculan venta de pirotecnia en la v\u00eda p\u00fablica de Morelia con delincuencia organizada"},"content":{"rendered":"<h2>Un hombre fue detenido durante operativos de decomiso en la zona de Altozano<\/h2>\n<p>&nbsp;<\/p>\n<hr \/>\n<p>Morelia, Mich.- Autoridades municipales informaron que los puestos de pirotecnia instalados en la v\u00eda p\u00fablica de la capital michoacana mantienen presuntos v\u00ednculos con grupos de la delincuencia organizada, situaci\u00f3n que fue detectada durante recientes operativos de seguridad.<\/p>\n<p>En conferencia de prensa, el encargado de despacho de la Secretar\u00eda de Seguridad de Morelia, Pablo Alarc\u00f3n Olmedo, se\u00f1al\u00f3 que las acciones para inhibir la comercializaci\u00f3n de estos productos, considerados de alto riesgo para la poblaci\u00f3n y cuya venta aumenta en temporada decembrina, permitieron identificar que quienes operan estos puntos de venta reconocieron que los negocios se encuentran bajo alg\u00fan tipo de control.<\/p>\n<p>El funcionario explic\u00f3 que, como resultado de estos operativos, se logr\u00f3 la detenci\u00f3n de una persona en la zona de Altozano, luego de que, tras el retiro inicial de su puesto y el aseguramiento de la mercanc\u00eda, el individuo reinstalara el punto de venta horas despu\u00e9s con m\u00e1s productos, lo que deriv\u00f3 en su aseguramiento por reincidencia.<\/p>\n<p>Las autoridades reiteraron que los operativos continuar\u00e1n con el objetivo de reducir riesgos a la poblaci\u00f3n y combatir la venta ilegal de pirotecnia en espacios p\u00fablicos de la ciudad.<\/p>\n","protected":false},"excerpt":{"rendered":"<p>Un hombre fue detenido durante operativos de decomiso en la zona de Altozano &nbsp; Morelia, Mich.- Autoridades municipales informaron que los puestos de pirotecnia instalados en la v\u00eda p\u00fablica de la capital michoacana mantienen presuntos v\u00ednculos con grupos de la delincuencia organizada, situaci\u00f3n que fue detectada durante recientes operativos de seguridad. En conferencia de prensa, [&hellip;]<\/p>\n","protected":false},"author":9,"featured_media":74300,"comment_status":"closed","ping_status":"closed","sticky":false,"template":"","format":"standard","meta":{"footnotes":""},"categories":[30,7,28,27],"tags":[],"class_list":{"0":"post-74299","1":"post","2":"type-post","3":"status-publish","4":"format-standard","5":"has-post-thumbnail","7":"category-columnas","8":"category-morelia","9":"category-politica","10":"category-slider"},"yoast_head":"<!-- This site is optimized with the Yoast SEO plugin v24.0 - https:\/\/yoast.com\/wordpress\/plugins\/seo\/ -->\n<title>Vinculan venta de pirotecnia en la v\u00eda p\u00fablica de Morelia con delincuencia organizada - Diario ABC de Michoac\u00e1n<\/title>\n<meta name=\"robots\" content=\"index, follow, max-snippet:-1, max-image-preview:large, max-video-preview:-1\" \/>\n<link rel=\"canonical\" href=\"https:\/\/diarioabcdemichoacan.com.mx\/lasnoticias\/vinculan-venta-de-pirotecnia-en-la-via-publica-de-morelia-con-delincuencia-organizada\/\" \/>\n<meta property=\"og:locale\" content=\"es_ES\" \/>\n<meta property=\"og:type\" content=\"article\" \/>\n<meta property=\"og:title\" content=\"Vinculan venta de pirotecnia en la v\u00eda p\u00fablica de Morelia con delincuencia organizada - Diario ABC de Michoac\u00e1n\" \/>\n<meta property=\"og:description\" content=\"Un hombre fue detenido durante operativos de decomiso en la zona de Altozano &nbsp; Morelia, Mich.- Autoridades municipales informaron que los puestos de pirotecnia instalados en la v\u00eda p\u00fablica de la capital michoacana mantienen presuntos v\u00ednculos con grupos de la delincuencia organizada, situaci\u00f3n que fue detectada durante recientes operativos de seguridad. En conferencia de prensa, [&hellip;]\" \/>\n<meta property=\"og:url\" content=\"https:\/\/diarioabcdemichoacan.com.mx\/lasnoticias\/vinculan-venta-de-pirotecnia-en-la-via-publica-de-morelia-con-delincuencia-organizada\/\" \/>\n<meta property=\"og:site_name\" content=\"Diario ABC de Michoac\u00e1n\" \/>\n<meta property=\"article:published_time\" content=\"2026-01-06T17:00:58+00:00\" \/>\n<meta property=\"og:image\" content=\"https:\/\/diarioabcdemichoacan.com.mx\/lasnoticias\/wp-content\/uploads\/2026\/01\/WhatsApp-Image-2026-01-05-at-12.35.42-PM.jpeg\" \/>\n\t<meta property=\"og:image:width\" content=\"1280\" \/>\n\t<meta property=\"og:image:height\" content=\"721\" \/>\n\t<meta property=\"og:image:type\" content=\"image\/jpeg\" \/>\n<meta name=\"author\" content=\"AR\" \/>\n<meta name=\"twitter:card\" content=\"summary_large_image\" \/>\n<meta name=\"twitter:label1\" content=\"Escrito por\" \/>\n\t<meta name=\"twitter:data1\" content=\"AR\" \/>\n\t<meta name=\"twitter:label2\" content=\"Tiempo de lectura\" \/>\n\t<meta name=\"twitter:data2\" content=\"2 minutos\" \/>\n<script type=\"application\/ld+json\" class=\"yoast-schema-graph\">{\"@context\":\"https:\/\/schema.org\",\"@graph\":[{\"@type\":\"WebPage\",\"@id\":\"https:\/\/diarioabcdemichoacan.com.mx\/lasnoticias\/vinculan-venta-de-pirotecnia-en-la-via-publica-de-morelia-con-delincuencia-organizada\/\",\"url\":\"https:\/\/diarioabcdemichoacan.com.mx\/lasnoticias\/vinculan-venta-de-pirotecnia-en-la-via-publica-de-morelia-con-delincuencia-organizada\/\",\"name\":\"Vinculan venta de pirotecnia en la v\u00eda p\u00fablica de Morelia con delincuencia organizada - Diario ABC de Michoac\u00e1n\",\"isPartOf\":{\"@id\":\"https:\/\/diarioabcdemichoacan.com.mx\/lasnoticias\/#website\"},\"primaryImageOfPage\":{\"@id\":\"https:\/\/diarioabcdemichoacan.com.mx\/lasnoticias\/vinculan-venta-de-pirotecnia-en-la-via-publica-de-morelia-con-delincuencia-organizada\/#primaryimage\"},\"image\":{\"@id\":\"https:\/\/diarioabcdemichoacan.com.mx\/lasnoticias\/vinculan-venta-de-pirotecnia-en-la-via-publica-de-morelia-con-delincuencia-organizada\/#primaryimage\"},\"thumbnailUrl\":\"https:\/\/diarioabcdemichoacan.com.mx\/lasnoticias\/wp-content\/uploads\/2026\/01\/WhatsApp-Image-2026-01-05-at-12.35.42-PM.jpeg\",\"datePublished\":\"2026-01-06T17:00:58+00:00\",\"dateModified\":\"2026-01-06T17:00:58+00:00\",\"author\":{\"@id\":\"https:\/\/diarioabcdemichoacan.com.mx\/lasnoticias\/#\/schema\/person\/19ae376040f6cbc489682ebdd8524852\"},\"breadcrumb\":{\"@id\":\"https:\/\/diarioabcdemichoacan.com.mx\/lasnoticias\/vinculan-venta-de-pirotecnia-en-la-via-publica-de-morelia-con-delincuencia-organizada\/#breadcrumb\"},\"inLanguage\":\"es\",\"potentialAction\":[{\"@type\":\"ReadAction\",\"target\":[\"https:\/\/diarioabcdemichoacan.com.mx\/lasnoticias\/vinculan-venta-de-pirotecnia-en-la-via-publica-de-morelia-con-delincuencia-organizada\/\"]}]},{\"@type\":\"ImageObject\",\"inLanguage\":\"es\",\"@id\":\"https:\/\/diarioabcdemichoacan.com.mx\/lasnoticias\/vinculan-venta-de-pirotecnia-en-la-via-publica-de-morelia-con-delincuencia-organizada\/#primaryimage\",\"url\":\"https:\/\/diarioabcdemichoacan.com.mx\/lasnoticias\/wp-content\/uploads\/2026\/01\/WhatsApp-Image-2026-01-05-at-12.35.42-PM.jpeg\",\"contentUrl\":\"https:\/\/diarioabcdemichoacan.com.mx\/lasnoticias\/wp-content\/uploads\/2026\/01\/WhatsApp-Image-2026-01-05-at-12.35.42-PM.jpeg\",\"width\":1280,\"height\":721},{\"@type\":\"BreadcrumbList\",\"@id\":\"https:\/\/diarioabcdemichoacan.com.mx\/lasnoticias\/vinculan-venta-de-pirotecnia-en-la-via-publica-de-morelia-con-delincuencia-organizada\/#breadcrumb\",\"itemListElement\":[{\"@type\":\"ListItem\",\"position\":1,\"name\":\"Portada\",\"item\":\"https:\/\/diarioabcdemichoacan.com.mx\/lasnoticias\/\"},{\"@type\":\"ListItem\",\"position\":2,\"name\":\"Vinculan venta de pirotecnia en la v\u00eda p\u00fablica de Morelia con delincuencia organizada\"}]},{\"@type\":\"WebSite\",\"@id\":\"https:\/\/diarioabcdemichoacan.com.mx\/lasnoticias\/#website\",\"url\":\"https:\/\/diarioabcdemichoacan.com.mx\/lasnoticias\/\",\"name\":\"Diario ABC de Michoac\u00e1n\",\"description\":\"Las noticias al momento\",\"potentialAction\":[{\"@type\":\"SearchAction\",\"target\":{\"@type\":\"EntryPoint\",\"urlTemplate\":\"https:\/\/diarioabcdemichoacan.com.mx\/lasnoticias\/?s={search_term_string}\"},\"query-input\":{\"@type\":\"PropertyValueSpecification\",\"valueRequired\":true,\"valueName\":\"search_term_string\"}}],\"inLanguage\":\"es\"},{\"@type\":\"Person\",\"@id\":\"https:\/\/diarioabcdemichoacan.com.mx\/lasnoticias\/#\/schema\/person\/19ae376040f6cbc489682ebdd8524852\",\"name\":\"AR\",\"image\":{\"@type\":\"ImageObject\",\"inLanguage\":\"es\",\"@id\":\"https:\/\/diarioabcdemichoacan.com.mx\/lasnoticias\/#\/schema\/person\/image\/\",\"url\":\"https:\/\/secure.gravatar.com\/avatar\/44eca2ff970262234e20e1e082872af0?s=96&d=mm&r=g\",\"contentUrl\":\"https:\/\/secure.gravatar.com\/avatar\/44eca2ff970262234e20e1e082872af0?s=96&d=mm&r=g\",\"caption\":\"AR\"},\"url\":\"https:\/\/diarioabcdemichoacan.com.mx\/lasnoticias\/author\/adrian\/\"}]}<\/script>\n<!-- \/ Yoast SEO plugin. -->","yoast_head_json":{"title":"Vinculan venta de pirotecnia en la v\u00eda p\u00fablica de Morelia con delincuencia organizada - Diario ABC de Michoac\u00e1n","robots":{"index":"index","follow":"follow","max-snippet":"max-snippet:-1","max-image-preview":"max-image-preview:large","max-video-preview":"max-video-preview:-1"},"canonical":"https:\/\/diarioabcdemichoacan.com.mx\/lasnoticias\/vinculan-venta-de-pirotecnia-en-la-via-publica-de-morelia-con-delincuencia-organizada\/","og_locale":"es_ES","og_type":"article","og_title":"Vinculan venta de pirotecnia en la v\u00eda p\u00fablica de Morelia con delincuencia organizada - Diario ABC de Michoac\u00e1n","og_description":"Un hombre fue detenido durante operativos de decomiso en la zona de Altozano &nbsp; Morelia, Mich.- Autoridades municipales informaron que los puestos de pirotecnia instalados en la v\u00eda p\u00fablica de la capital michoacana mantienen presuntos v\u00ednculos con grupos de la delincuencia organizada, situaci\u00f3n que fue detectada durante recientes operativos de seguridad. En conferencia de prensa, [&hellip;]","og_url":"https:\/\/diarioabcdemichoacan.com.mx\/lasnoticias\/vinculan-venta-de-pirotecnia-en-la-via-publica-de-morelia-con-delincuencia-organizada\/","og_site_name":"Diario ABC de Michoac\u00e1n","article_published_time":"2026-01-06T17:00:58+00:00","og_image":[{"width":1280,"height":721,"url":"https:\/\/diarioabcdemichoacan.com.mx\/lasnoticias\/wp-content\/uploads\/2026\/01\/WhatsApp-Image-2026-01-05-at-12.35.42-PM.jpeg","type":"image\/jpeg"}],"author":"AR","twitter_card":"summary_large_image","twitter_misc":{"Escrito por":"AR","Tiempo de lectura":"2 minutos"},"schema":{"@context":"https:\/\/schema.org","@graph":[{"@type":"WebPage","@id":"https:\/\/diarioabcdemichoacan.com.mx\/lasnoticias\/vinculan-venta-de-pirotecnia-en-la-via-publica-de-morelia-con-delincuencia-organizada\/","url":"https:\/\/diarioabcdemichoacan.com.mx\/lasnoticias\/vinculan-venta-de-pirotecnia-en-la-via-publica-de-morelia-con-delincuencia-organizada\/","name":"Vinculan venta de pirotecnia en la v\u00eda p\u00fablica de Morelia con delincuencia organizada - Diario ABC de Michoac\u00e1n","isPartOf":{"@id":"https:\/\/diarioabcdemichoacan.com.mx\/lasnoticias\/#website"},"primaryImageOfPage":{"@id":"https:\/\/diarioabcdemichoacan.com.mx\/lasnoticias\/vinculan-venta-de-pirotecnia-en-la-via-publica-de-morelia-con-delincuencia-organizada\/#primaryimage"},"image":{"@id":"https:\/\/diarioabcdemichoacan.com.mx\/lasnoticias\/vinculan-venta-de-pirotecnia-en-la-via-publica-de-morelia-con-delincuencia-organizada\/#primaryimage"},"thumbnailUrl":"https:\/\/diarioabcdemichoacan.com.mx\/lasnoticias\/wp-content\/uploads\/2026\/01\/WhatsApp-Image-2026-01-05-at-12.35.42-PM.jpeg","datePublished":"2026-01-06T17:00:58+00:00","dateModified":"2026-01-06T17:00:58+00:00","author":{"@id":"https:\/\/diarioabcdemichoacan.com.mx\/lasnoticias\/#\/schema\/person\/19ae376040f6cbc489682ebdd8524852"},"breadcrumb":{"@id":"https:\/\/diarioabcdemichoacan.com.mx\/lasnoticias\/vinculan-venta-de-pirotecnia-en-la-via-publica-de-morelia-con-delincuencia-organizada\/#breadcrumb"},"inLanguage":"es","potentialAction":[{"@type":"ReadAction","target":["https:\/\/diarioabcdemichoacan.com.mx\/lasnoticias\/vinculan-venta-de-pirotecnia-en-la-via-publica-de-morelia-con-delincuencia-organizada\/"]}]},{"@type":"ImageObject","inLanguage":"es","@id":"https:\/\/diarioabcdemichoacan.com.mx\/lasnoticias\/vinculan-venta-de-pirotecnia-en-la-via-publica-de-morelia-con-delincuencia-organizada\/#primaryimage","url":"https:\/\/diarioabcdemichoacan.com.mx\/lasnoticias\/wp-content\/uploads\/2026\/01\/WhatsApp-Image-2026-01-05-at-12.35.42-PM.jpeg","contentUrl":"https:\/\/diarioabcdemichoacan.com.mx\/lasnoticias\/wp-content\/uploads\/2026\/01\/WhatsApp-Image-2026-01-05-at-12.35.42-PM.jpeg","width":1280,"height":721},{"@type":"BreadcrumbList","@id":"https:\/\/diarioabcdemichoacan.com.mx\/lasnoticias\/vinculan-venta-de-pirotecnia-en-la-via-publica-de-morelia-con-delincuencia-organizada\/#breadcrumb","itemListElement":[{"@type":"ListItem","position":1,"name":"Portada","item":"https:\/\/diarioabcdemichoacan.com.mx\/lasnoticias\/"},{"@type":"ListItem","position":2,"name":"Vinculan venta de pirotecnia en la v\u00eda p\u00fablica de Morelia con delincuencia organizada"}]},{"@type":"WebSite","@id":"https:\/\/diarioabcdemichoacan.com.mx\/lasnoticias\/#website","url":"https:\/\/diarioabcdemichoacan.com.mx\/lasnoticias\/","name":"Diario ABC de Michoac\u00e1n","description":"Las noticias al momento","potentialAction":[{"@type":"SearchAction","target":{"@type":"EntryPoint","urlTemplate":"https:\/\/diarioabcdemichoacan.com.mx\/lasnoticias\/?s={search_term_string}"},"query-input":{"@type":"PropertyValueSpecification","valueRequired":true,"valueName":"search_term_string"}}],"inLanguage":"es"},{"@type":"Person","@id":"https:\/\/diarioabcdemichoacan.com.mx\/lasnoticias\/#\/schema\/person\/19ae376040f6cbc489682ebdd8524852","name":"AR","image":{"@type":"ImageObject","inLanguage":"es","@id":"https:\/\/diarioabcdemichoacan.com.mx\/lasnoticias\/#\/schema\/person\/image\/","url":"https:\/\/secure.gravatar.com\/avatar\/44eca2ff970262234e20e1e082872af0?s=96&d=mm&r=g","contentUrl":"https:\/\/secure.gravatar.com\/avatar\/44eca2ff970262234e20e1e082872af0?s=96&d=mm&r=g","caption":"AR"},"url":"https:\/\/diarioabcdemichoacan.com.mx\/lasnoticias\/author\/adrian\/"}]}},"_links":{"self":[{"href":"https:\/\/diarioabcdemichoacan.com.mx\/lasnoticias\/wp-json\/wp\/v2\/posts\/74299","targetHints":{"allow":["GET"]}}],"collection":[{"href":"https:\/\/diarioabcdemichoacan.com.mx\/lasnoticias\/wp-json\/wp\/v2\/posts"}],"about":[{"href":"https:\/\/diarioabcdemichoacan.com.mx\/lasnoticias\/wp-json\/wp\/v2\/types\/post"}],"author":[{"embeddable":true,"href":"https:\/\/diarioabcdemichoacan.com.mx\/lasnoticias\/wp-json\/wp\/v2\/users\/9"}],"replies":[{"embeddable":true,"href":"https:\/\/diarioabcdemichoacan.com.mx\/lasnoticias\/wp-json\/wp\/v2\/comments?post=74299"}],"version-history":[{"count":1,"href":"https:\/\/diarioabcdemichoacan.com.mx\/lasnoticias\/wp-json\/wp\/v2\/posts\/74299\/revisions"}],"predecessor-version":[{"id":74301,"href":"https:\/\/diarioabcdemichoacan.com.mx\/lasnoticias\/wp-json\/wp\/v2\/posts\/74299\/revisions\/74301"}],"wp:featuredmedia":[{"embeddable":true,"href":"https:\/\/diarioabcdemichoacan.com.mx\/lasnoticias\/wp-json\/wp\/v2\/media\/74300"}],"wp:attachment":[{"href":"https:\/\/diarioabcdemichoacan.com.mx\/lasnoticias\/wp-json\/wp\/v2\/media?parent=74299"}],"wp:term":[{"taxonomy":"category","embeddable":true,"href":"https:\/\/diarioabcdemichoacan.com.mx\/lasnoticias\/wp-json\/wp\/v2\/categories?post=74299"},{"taxonomy":"post_tag","embeddable":true,"href":"https:\/\/diarioabcdemichoacan.com.mx\/lasnoticias\/wp-json\/wp\/v2\/tags?post=74299"}],"curies":[{"name":"wp","href":"https:\/\/api.w.org\/{rel}","templated":true}]}}