{"id":74492,"date":"2025-12-13T15:36:15","date_gmt":"2025-12-13T21:36:15","guid":{"rendered":"https:\/\/diarioabcdemichoacan.com.mx\/lasnoticias\/?p=74492"},"modified":"2026-01-13T15:38:16","modified_gmt":"2026-01-13T21:38:16","slug":"yarabi-avila-convoca-al-equipo-de-trabajo-de-la-umsnh-a-formar-un-frente-contra-la-violencia-de-genero","status":"publish","type":"post","link":"https:\/\/diarioabcdemichoacan.com.mx\/lasnoticias\/yarabi-avila-convoca-al-equipo-de-trabajo-de-la-umsnh-a-formar-un-frente-contra-la-violencia-de-genero\/","title":{"rendered":"Yarab\u00ed \u00c1vila convoca al equipo de trabajo de la UMSNH a formar un frente contra la violencia de g\u00e9nero"},"content":{"rendered":"<hr \/>\n<h2>La rectora sostuvo una reuni\u00f3n con funcionarias y funcionarios nicolaitas en donde se compartieron los acuerdos aprobados por el Consejo Universitario en aras de prevenir cualquier acto de violencia en la instituci\u00f3n.<\/h2>\n<p>&nbsp;<\/p>\n<p>&nbsp;<\/p>\n<hr \/>\n<p>Morelia, Mich.- A formar un frente contra la violencia de g\u00e9nero, as\u00ed como a no permitir ning\u00fan acto que lacere los Derechos Humanos de la comunidad nicolaita, convoc\u00f3 la rectora de la Universidad Michoacana de San Nicol\u00e1s de Hidalgo (UMSNH), Yarab\u00ed \u00c1vila Gonz\u00e1lez a integrantes del equipo de trabajo.<\/p>\n<p>&nbsp;<\/p>\n<p>Durante la reuni\u00f3n que sostuvo con funcionarias y funcionarios nicolaitas, la rectora subray\u00f3 que en su administraci\u00f3n hay cero tolerancia a la violencia, tras se\u00f1alar que desde el inicio de su gesti\u00f3n se ha trabajado fomentando el respeto a todas y todos.<\/p>\n<p>&nbsp;<\/p>\n<p>Afirm\u00f3 que la UMSNH debe ser un espacio tranquilo y de sana convivencia para su comunidad, al referir que para las alumnas y alumnos la Universidad es una extensi\u00f3n de su hogar y de su familia y por lo tanto debe ser un lugar seguro y libre de cualquier tipo de violencia.<\/p>\n<p>&nbsp;<\/p>\n<p>La rectora invit\u00f3 a las y los servidores p\u00fablicos a reflexionar sobre el papel que cada persona tiene para generar una cultura de paz, y apunt\u00f3 que desde el primer a\u00f1o de esta administraci\u00f3n se cre\u00f3 la Coordinaci\u00f3n General de Igualdad de G\u00e9nero, Inclusi\u00f3n y Cultura de Paz, as\u00ed como la Unidad de Atenci\u00f3n Integral a la Violencia de G\u00e9nero porque hay un firme compromiso en torno a este tema.<\/p>\n<p>&nbsp;<\/p>\n<p>Apunt\u00f3 que el Consejo Universitario acord\u00f3 endurecer sanciones contra personas generadoras de violencia, as\u00ed como para fortalecer la seguridad en la instituci\u00f3n, tras enfatizar que lo m\u00e1s importante es el bienestar de las y los estudiantes pero tambi\u00e9n de las profesoras, profesores y administrativos.<\/p>\n<p>&nbsp;<\/p>\n<p>Por su parte, el secretario general, Javier Cervantes Rodr\u00edguez, comparti\u00f3 con el funcionariado los acuerdos aprobados por el m\u00e1ximo \u00f3rgano de gobierno de la UMSNH en la sesi\u00f3n realizada el pasado 12 de diciembre.<\/p>\n<p>&nbsp;<\/p>\n<p>En tanto, el secretario Auxiliar, Jorge Manzo M\u00e9ndez, precis\u00f3 que se iniciar\u00e1 una amplia campa\u00f1a de sensibilizaci\u00f3n sobre prevenci\u00f3n de la violencia, en este sentido invit\u00f3 a las y los funcionarios nicolaitas a sumarse activamente, al tiempo que adelant\u00f3 que a partir de enero pr\u00f3ximo todas las \u00e1reas de la casa de estudios deber\u00e1n realizar acciones que impulsen una cultura de paz, la igualdad de g\u00e9nero y el respeto a los Derechos Humanos.<\/p>\n","protected":false},"excerpt":{"rendered":"<p>La rectora sostuvo una reuni\u00f3n con funcionarias y funcionarios nicolaitas en donde se compartieron los acuerdos aprobados por el Consejo Universitario en aras de prevenir cualquier acto de violencia en la instituci\u00f3n. &nbsp; &nbsp; Morelia, Mich.- A formar un frente contra la violencia de g\u00e9nero, as\u00ed como a no permitir ning\u00fan acto que lacere los [&hellip;]<\/p>\n","protected":false},"author":9,"featured_media":74493,"comment_status":"closed","ping_status":"closed","sticky":false,"template":"","format":"standard","meta":{"footnotes":""},"categories":[15,27,23],"tags":[],"class_list":{"0":"post-74492","1":"post","2":"type-post","3":"status-publish","4":"format-standard","5":"has-post-thumbnail","7":"category-educacion","8":"category-slider","9":"category-universidad-michoacana"},"yoast_head":"<!-- This site is optimized with the Yoast SEO plugin v24.0 - https:\/\/yoast.com\/wordpress\/plugins\/seo\/ -->\n<title>Yarab\u00ed \u00c1vila convoca al equipo de trabajo de la UMSNH a formar un frente contra la violencia de g\u00e9nero - Diario ABC de Michoac\u00e1n<\/title>\n<meta name=\"robots\" content=\"index, follow, max-snippet:-1, max-image-preview:large, max-video-preview:-1\" \/>\n<link rel=\"canonical\" href=\"https:\/\/diarioabcdemichoacan.com.mx\/lasnoticias\/yarabi-avila-convoca-al-equipo-de-trabajo-de-la-umsnh-a-formar-un-frente-contra-la-violencia-de-genero\/\" \/>\n<meta property=\"og:locale\" content=\"es_ES\" \/>\n<meta property=\"og:type\" content=\"article\" \/>\n<meta property=\"og:title\" content=\"Yarab\u00ed \u00c1vila convoca al equipo de trabajo de la UMSNH a formar un frente contra la violencia de g\u00e9nero - Diario ABC de Michoac\u00e1n\" \/>\n<meta property=\"og:description\" content=\"La rectora sostuvo una reuni\u00f3n con funcionarias y funcionarios nicolaitas en donde se compartieron los acuerdos aprobados por el Consejo Universitario en aras de prevenir cualquier acto de violencia en la instituci\u00f3n. &nbsp; &nbsp; Morelia, Mich.- A formar un frente contra la violencia de g\u00e9nero, as\u00ed como a no permitir ning\u00fan acto que lacere los [&hellip;]\" \/>\n<meta property=\"og:url\" content=\"https:\/\/diarioabcdemichoacan.com.mx\/lasnoticias\/yarabi-avila-convoca-al-equipo-de-trabajo-de-la-umsnh-a-formar-un-frente-contra-la-violencia-de-genero\/\" \/>\n<meta property=\"og:site_name\" content=\"Diario ABC de Michoac\u00e1n\" \/>\n<meta property=\"article:published_time\" content=\"2025-12-13T21:36:15+00:00\" \/>\n<meta property=\"article:modified_time\" content=\"2026-01-13T21:38:16+00:00\" \/>\n<meta property=\"og:image\" content=\"https:\/\/diarioabcdemichoacan.com.mx\/lasnoticias\/wp-content\/uploads\/2026\/01\/IMG-20251215-WA0166-scaled.jpg\" \/>\n\t<meta property=\"og:image:width\" content=\"2560\" \/>\n\t<meta property=\"og:image:height\" content=\"1706\" \/>\n\t<meta property=\"og:image:type\" content=\"image\/jpeg\" \/>\n<meta name=\"author\" content=\"AR\" \/>\n<meta name=\"twitter:card\" content=\"summary_large_image\" \/>\n<meta name=\"twitter:label1\" content=\"Escrito por\" \/>\n\t<meta name=\"twitter:data1\" content=\"AR\" \/>\n\t<meta name=\"twitter:label2\" content=\"Tiempo de lectura\" \/>\n\t<meta name=\"twitter:data2\" content=\"3 minutos\" \/>\n<script type=\"application\/ld+json\" class=\"yoast-schema-graph\">{\"@context\":\"https:\/\/schema.org\",\"@graph\":[{\"@type\":\"WebPage\",\"@id\":\"https:\/\/diarioabcdemichoacan.com.mx\/lasnoticias\/yarabi-avila-convoca-al-equipo-de-trabajo-de-la-umsnh-a-formar-un-frente-contra-la-violencia-de-genero\/\",\"url\":\"https:\/\/diarioabcdemichoacan.com.mx\/lasnoticias\/yarabi-avila-convoca-al-equipo-de-trabajo-de-la-umsnh-a-formar-un-frente-contra-la-violencia-de-genero\/\",\"name\":\"Yarab\u00ed \u00c1vila convoca al equipo de trabajo de la UMSNH a formar un frente contra la violencia de g\u00e9nero - Diario ABC de Michoac\u00e1n\",\"isPartOf\":{\"@id\":\"https:\/\/diarioabcdemichoacan.com.mx\/lasnoticias\/#website\"},\"primaryImageOfPage\":{\"@id\":\"https:\/\/diarioabcdemichoacan.com.mx\/lasnoticias\/yarabi-avila-convoca-al-equipo-de-trabajo-de-la-umsnh-a-formar-un-frente-contra-la-violencia-de-genero\/#primaryimage\"},\"image\":{\"@id\":\"https:\/\/diarioabcdemichoacan.com.mx\/lasnoticias\/yarabi-avila-convoca-al-equipo-de-trabajo-de-la-umsnh-a-formar-un-frente-contra-la-violencia-de-genero\/#primaryimage\"},\"thumbnailUrl\":\"https:\/\/diarioabcdemichoacan.com.mx\/lasnoticias\/wp-content\/uploads\/2026\/01\/IMG-20251215-WA0166-scaled.jpg\",\"datePublished\":\"2025-12-13T21:36:15+00:00\",\"dateModified\":\"2026-01-13T21:38:16+00:00\",\"author\":{\"@id\":\"https:\/\/diarioabcdemichoacan.com.mx\/lasnoticias\/#\/schema\/person\/19ae376040f6cbc489682ebdd8524852\"},\"breadcrumb\":{\"@id\":\"https:\/\/diarioabcdemichoacan.com.mx\/lasnoticias\/yarabi-avila-convoca-al-equipo-de-trabajo-de-la-umsnh-a-formar-un-frente-contra-la-violencia-de-genero\/#breadcrumb\"},\"inLanguage\":\"es\",\"potentialAction\":[{\"@type\":\"ReadAction\",\"target\":[\"https:\/\/diarioabcdemichoacan.com.mx\/lasnoticias\/yarabi-avila-convoca-al-equipo-de-trabajo-de-la-umsnh-a-formar-un-frente-contra-la-violencia-de-genero\/\"]}]},{\"@type\":\"ImageObject\",\"inLanguage\":\"es\",\"@id\":\"https:\/\/diarioabcdemichoacan.com.mx\/lasnoticias\/yarabi-avila-convoca-al-equipo-de-trabajo-de-la-umsnh-a-formar-un-frente-contra-la-violencia-de-genero\/#primaryimage\",\"url\":\"https:\/\/diarioabcdemichoacan.com.mx\/lasnoticias\/wp-content\/uploads\/2026\/01\/IMG-20251215-WA0166-scaled.jpg\",\"contentUrl\":\"https:\/\/diarioabcdemichoacan.com.mx\/lasnoticias\/wp-content\/uploads\/2026\/01\/IMG-20251215-WA0166-scaled.jpg\",\"width\":2560,\"height\":1706},{\"@type\":\"BreadcrumbList\",\"@id\":\"https:\/\/diarioabcdemichoacan.com.mx\/lasnoticias\/yarabi-avila-convoca-al-equipo-de-trabajo-de-la-umsnh-a-formar-un-frente-contra-la-violencia-de-genero\/#breadcrumb\",\"itemListElement\":[{\"@type\":\"ListItem\",\"position\":1,\"name\":\"Portada\",\"item\":\"https:\/\/diarioabcdemichoacan.com.mx\/lasnoticias\/\"},{\"@type\":\"ListItem\",\"position\":2,\"name\":\"Yarab\u00ed \u00c1vila convoca al equipo de trabajo de la UMSNH a formar un frente contra la violencia de g\u00e9nero\"}]},{\"@type\":\"WebSite\",\"@id\":\"https:\/\/diarioabcdemichoacan.com.mx\/lasnoticias\/#website\",\"url\":\"https:\/\/diarioabcdemichoacan.com.mx\/lasnoticias\/\",\"name\":\"Diario ABC de Michoac\u00e1n\",\"description\":\"Las noticias al momento\",\"potentialAction\":[{\"@type\":\"SearchAction\",\"target\":{\"@type\":\"EntryPoint\",\"urlTemplate\":\"https:\/\/diarioabcdemichoacan.com.mx\/lasnoticias\/?s={search_term_string}\"},\"query-input\":{\"@type\":\"PropertyValueSpecification\",\"valueRequired\":true,\"valueName\":\"search_term_string\"}}],\"inLanguage\":\"es\"},{\"@type\":\"Person\",\"@id\":\"https:\/\/diarioabcdemichoacan.com.mx\/lasnoticias\/#\/schema\/person\/19ae376040f6cbc489682ebdd8524852\",\"name\":\"AR\",\"image\":{\"@type\":\"ImageObject\",\"inLanguage\":\"es\",\"@id\":\"https:\/\/diarioabcdemichoacan.com.mx\/lasnoticias\/#\/schema\/person\/image\/\",\"url\":\"https:\/\/secure.gravatar.com\/avatar\/44eca2ff970262234e20e1e082872af0?s=96&d=mm&r=g\",\"contentUrl\":\"https:\/\/secure.gravatar.com\/avatar\/44eca2ff970262234e20e1e082872af0?s=96&d=mm&r=g\",\"caption\":\"AR\"},\"url\":\"https:\/\/diarioabcdemichoacan.com.mx\/lasnoticias\/author\/adrian\/\"}]}<\/script>\n<!-- \/ Yoast SEO plugin. -->","yoast_head_json":{"title":"Yarab\u00ed \u00c1vila convoca al equipo de trabajo de la UMSNH a formar un frente contra la violencia de g\u00e9nero - Diario ABC de Michoac\u00e1n","robots":{"index":"index","follow":"follow","max-snippet":"max-snippet:-1","max-image-preview":"max-image-preview:large","max-video-preview":"max-video-preview:-1"},"canonical":"https:\/\/diarioabcdemichoacan.com.mx\/lasnoticias\/yarabi-avila-convoca-al-equipo-de-trabajo-de-la-umsnh-a-formar-un-frente-contra-la-violencia-de-genero\/","og_locale":"es_ES","og_type":"article","og_title":"Yarab\u00ed \u00c1vila convoca al equipo de trabajo de la UMSNH a formar un frente contra la violencia de g\u00e9nero - Diario ABC de Michoac\u00e1n","og_description":"La rectora sostuvo una reuni\u00f3n con funcionarias y funcionarios nicolaitas en donde se compartieron los acuerdos aprobados por el Consejo Universitario en aras de prevenir cualquier acto de violencia en la instituci\u00f3n. &nbsp; &nbsp; Morelia, Mich.- A formar un frente contra la violencia de g\u00e9nero, as\u00ed como a no permitir ning\u00fan acto que lacere los [&hellip;]","og_url":"https:\/\/diarioabcdemichoacan.com.mx\/lasnoticias\/yarabi-avila-convoca-al-equipo-de-trabajo-de-la-umsnh-a-formar-un-frente-contra-la-violencia-de-genero\/","og_site_name":"Diario ABC de Michoac\u00e1n","article_published_time":"2025-12-13T21:36:15+00:00","article_modified_time":"2026-01-13T21:38:16+00:00","og_image":[{"width":2560,"height":1706,"url":"https:\/\/diarioabcdemichoacan.com.mx\/lasnoticias\/wp-content\/uploads\/2026\/01\/IMG-20251215-WA0166-scaled.jpg","type":"image\/jpeg"}],"author":"AR","twitter_card":"summary_large_image","twitter_misc":{"Escrito por":"AR","Tiempo de lectura":"3 minutos"},"schema":{"@context":"https:\/\/schema.org","@graph":[{"@type":"WebPage","@id":"https:\/\/diarioabcdemichoacan.com.mx\/lasnoticias\/yarabi-avila-convoca-al-equipo-de-trabajo-de-la-umsnh-a-formar-un-frente-contra-la-violencia-de-genero\/","url":"https:\/\/diarioabcdemichoacan.com.mx\/lasnoticias\/yarabi-avila-convoca-al-equipo-de-trabajo-de-la-umsnh-a-formar-un-frente-contra-la-violencia-de-genero\/","name":"Yarab\u00ed \u00c1vila convoca al equipo de trabajo de la UMSNH a formar un frente contra la violencia de g\u00e9nero - Diario ABC de Michoac\u00e1n","isPartOf":{"@id":"https:\/\/diarioabcdemichoacan.com.mx\/lasnoticias\/#website"},"primaryImageOfPage":{"@id":"https:\/\/diarioabcdemichoacan.com.mx\/lasnoticias\/yarabi-avila-convoca-al-equipo-de-trabajo-de-la-umsnh-a-formar-un-frente-contra-la-violencia-de-genero\/#primaryimage"},"image":{"@id":"https:\/\/diarioabcdemichoacan.com.mx\/lasnoticias\/yarabi-avila-convoca-al-equipo-de-trabajo-de-la-umsnh-a-formar-un-frente-contra-la-violencia-de-genero\/#primaryimage"},"thumbnailUrl":"https:\/\/diarioabcdemichoacan.com.mx\/lasnoticias\/wp-content\/uploads\/2026\/01\/IMG-20251215-WA0166-scaled.jpg","datePublished":"2025-12-13T21:36:15+00:00","dateModified":"2026-01-13T21:38:16+00:00","author":{"@id":"https:\/\/diarioabcdemichoacan.com.mx\/lasnoticias\/#\/schema\/person\/19ae376040f6cbc489682ebdd8524852"},"breadcrumb":{"@id":"https:\/\/diarioabcdemichoacan.com.mx\/lasnoticias\/yarabi-avila-convoca-al-equipo-de-trabajo-de-la-umsnh-a-formar-un-frente-contra-la-violencia-de-genero\/#breadcrumb"},"inLanguage":"es","potentialAction":[{"@type":"ReadAction","target":["https:\/\/diarioabcdemichoacan.com.mx\/lasnoticias\/yarabi-avila-convoca-al-equipo-de-trabajo-de-la-umsnh-a-formar-un-frente-contra-la-violencia-de-genero\/"]}]},{"@type":"ImageObject","inLanguage":"es","@id":"https:\/\/diarioabcdemichoacan.com.mx\/lasnoticias\/yarabi-avila-convoca-al-equipo-de-trabajo-de-la-umsnh-a-formar-un-frente-contra-la-violencia-de-genero\/#primaryimage","url":"https:\/\/diarioabcdemichoacan.com.mx\/lasnoticias\/wp-content\/uploads\/2026\/01\/IMG-20251215-WA0166-scaled.jpg","contentUrl":"https:\/\/diarioabcdemichoacan.com.mx\/lasnoticias\/wp-content\/uploads\/2026\/01\/IMG-20251215-WA0166-scaled.jpg","width":2560,"height":1706},{"@type":"BreadcrumbList","@id":"https:\/\/diarioabcdemichoacan.com.mx\/lasnoticias\/yarabi-avila-convoca-al-equipo-de-trabajo-de-la-umsnh-a-formar-un-frente-contra-la-violencia-de-genero\/#breadcrumb","itemListElement":[{"@type":"ListItem","position":1,"name":"Portada","item":"https:\/\/diarioabcdemichoacan.com.mx\/lasnoticias\/"},{"@type":"ListItem","position":2,"name":"Yarab\u00ed \u00c1vila convoca al equipo de trabajo de la UMSNH a formar un frente contra la violencia de g\u00e9nero"}]},{"@type":"WebSite","@id":"https:\/\/diarioabcdemichoacan.com.mx\/lasnoticias\/#website","url":"https:\/\/diarioabcdemichoacan.com.mx\/lasnoticias\/","name":"Diario ABC de Michoac\u00e1n","description":"Las noticias al momento","potentialAction":[{"@type":"SearchAction","target":{"@type":"EntryPoint","urlTemplate":"https:\/\/diarioabcdemichoacan.com.mx\/lasnoticias\/?s={search_term_string}"},"query-input":{"@type":"PropertyValueSpecification","valueRequired":true,"valueName":"search_term_string"}}],"inLanguage":"es"},{"@type":"Person","@id":"https:\/\/diarioabcdemichoacan.com.mx\/lasnoticias\/#\/schema\/person\/19ae376040f6cbc489682ebdd8524852","name":"AR","image":{"@type":"ImageObject","inLanguage":"es","@id":"https:\/\/diarioabcdemichoacan.com.mx\/lasnoticias\/#\/schema\/person\/image\/","url":"https:\/\/secure.gravatar.com\/avatar\/44eca2ff970262234e20e1e082872af0?s=96&d=mm&r=g","contentUrl":"https:\/\/secure.gravatar.com\/avatar\/44eca2ff970262234e20e1e082872af0?s=96&d=mm&r=g","caption":"AR"},"url":"https:\/\/diarioabcdemichoacan.com.mx\/lasnoticias\/author\/adrian\/"}]}},"_links":{"self":[{"href":"https:\/\/diarioabcdemichoacan.com.mx\/lasnoticias\/wp-json\/wp\/v2\/posts\/74492","targetHints":{"allow":["GET"]}}],"collection":[{"href":"https:\/\/diarioabcdemichoacan.com.mx\/lasnoticias\/wp-json\/wp\/v2\/posts"}],"about":[{"href":"https:\/\/diarioabcdemichoacan.com.mx\/lasnoticias\/wp-json\/wp\/v2\/types\/post"}],"author":[{"embeddable":true,"href":"https:\/\/diarioabcdemichoacan.com.mx\/lasnoticias\/wp-json\/wp\/v2\/users\/9"}],"replies":[{"embeddable":true,"href":"https:\/\/diarioabcdemichoacan.com.mx\/lasnoticias\/wp-json\/wp\/v2\/comments?post=74492"}],"version-history":[{"count":1,"href":"https:\/\/diarioabcdemichoacan.com.mx\/lasnoticias\/wp-json\/wp\/v2\/posts\/74492\/revisions"}],"predecessor-version":[{"id":74494,"href":"https:\/\/diarioabcdemichoacan.com.mx\/lasnoticias\/wp-json\/wp\/v2\/posts\/74492\/revisions\/74494"}],"wp:featuredmedia":[{"embeddable":true,"href":"https:\/\/diarioabcdemichoacan.com.mx\/lasnoticias\/wp-json\/wp\/v2\/media\/74493"}],"wp:attachment":[{"href":"https:\/\/diarioabcdemichoacan.com.mx\/lasnoticias\/wp-json\/wp\/v2\/media?parent=74492"}],"wp:term":[{"taxonomy":"category","embeddable":true,"href":"https:\/\/diarioabcdemichoacan.com.mx\/lasnoticias\/wp-json\/wp\/v2\/categories?post=74492"},{"taxonomy":"post_tag","embeddable":true,"href":"https:\/\/diarioabcdemichoacan.com.mx\/lasnoticias\/wp-json\/wp\/v2\/tags?post=74492"}],"curies":[{"name":"wp","href":"https:\/\/api.w.org\/{rel}","templated":true}]}}