{"id":74498,"date":"2025-12-13T15:41:23","date_gmt":"2025-12-13T21:41:23","guid":{"rendered":"https:\/\/diarioabcdemichoacan.com.mx\/lasnoticias\/?p=74498"},"modified":"2026-01-13T15:50:10","modified_gmt":"2026-01-13T21:50:10","slug":"nicolaita-activa-tu-credencial-visita-los-modulos-ubicados-en-cu","status":"publish","type":"post","link":"https:\/\/diarioabcdemichoacan.com.mx\/lasnoticias\/nicolaita-activa-tu-credencial-visita-los-modulos-ubicados-en-cu\/","title":{"rendered":"\u00a1Nicolaita activa tu credencial!, visita los m\u00f3dulos ubicados en CU"},"content":{"rendered":"<h2>Se invita a la comunidad universitaria a realizar el tr\u00e1mite que es f\u00e1cil y r\u00e1pido.<\/h2>\n<p>&nbsp;<\/p>\n<hr \/>\n<p>Morelia, Mich.- Con el objetivo de credencializar a la totalidad de la comunidad universitaria, la Universidad Michoacana de San Nicol\u00e1s de Hidalgo (UMSNH) inici\u00f3 con la activaci\u00f3n de tarjetas institucionales para estudiantes, personal administrativo y docente de la casa de estudios, tr\u00e1mite que se puede realizar en alguno de los m\u00f3dulos instalados al interior del campus universitario.<\/p>\n<p>&nbsp;<\/p>\n<p>La directora de Control Escolar, Marisela Morf\u00edn Am\u00e9zquita, indic\u00f3 que en el caso de las y los alumnos de nuevo ingreso el tener este documento es el \u00faltimo paso de su inscripci\u00f3n, y una vez que cuenten con su credencial, en los semestres posteriores deber\u00e1n acudir a resellar.<\/p>\n<p>&nbsp;<\/p>\n<p>Explic\u00f3 que este tr\u00e1mite es parte de una iniciativa de la rectora Yarab\u00ed \u00c1vila Gonz\u00e1lez para modernizar los procesos al interior de la Universidad Michoacana, \u201cpara que todos y cada uno de los procesos que llevamos en el \u00e1rea de Control Escolar entren tambi\u00e9n en esa modernizaci\u00f3n, y ahora con un click ya se pueden obtener muchos documentos oficiales de la instituci\u00f3n, en este caso la activaci\u00f3n de su credencial, un tr\u00e1mite que lleva menos de un minuto realizarlo\u201d.<\/p>\n<p>&nbsp;<\/p>\n<p>Mencion\u00f3 que pr\u00e1cticamente todo el estudiantado ya cuenta con su credencial y en estos momentos se est\u00e1 llevando a cabo un proceso de validaci\u00f3n, \u201cno s\u00f3lo de las credenciales de las y los alumnos sino tambi\u00e9n de docentes y administrativos para que puedan entrar en un sistema de alta seguridad dentro de los campus universitarios\u201d.<\/p>\n<p>&nbsp;<\/p>\n<p>En ese sentido, explic\u00f3 que en el ciclo 2025-2026 se han producido m\u00e1s de 50 mil credenciales incluyendo tarjetas de reposici\u00f3n para casos de extrav\u00edo o da\u00f1o de la credencial, \u201cel proceso es sumamente importante, yo siempre les comento a las y los estudiantes que una vez que la credencial est\u00e1 elaborada y\/o resellada su proceso est\u00e1 completo y est\u00e1n vigentes en el ciclo lectivo, y es tambi\u00e9n un sentido de pertenencia a la Universidad Michoacana, es un gran orgullo ser nicolaita y la credencial nos identifica como parte de esta gran comunidad\u201d.<\/p>\n<p>&nbsp;<\/p>\n<p>Finalmente, indic\u00f3 que se pretende que todas y cada una de las credenciales que se emitieron en alg\u00fan momento y est\u00e1n circulando entre la comunidad universitaria entren en este proceso de activaci\u00f3n, \u201cpor lo que estamos invitando a todo el personal administrativo y docente para que acudan a alguno de los m\u00f3dulos y hagan tambi\u00e9n su activaci\u00f3n en esta primera etapa\u201d.<\/p>\n<p>&nbsp;<\/p>\n<p>En total son cuatro los m\u00f3dulos instalados para realizar el tr\u00e1mite, el primero en la Direcci\u00f3n de Control Escolar ubicada en el edificio Q en un horario de las 9:00 a 17:00 horas, el segundo en la Direcci\u00f3n de Personal, edificio TR de 9:00 a 15:00 horas, un m\u00f3dulo m\u00e1s en la Direcci\u00f3n de Tecnolog\u00edas de la Informaci\u00f3n y Comunicaci\u00f3n (DTIC), edificio N con horario de atenci\u00f3n de 9:00 a 15;00 horas, y en la Facultad de Contadur\u00eda y Ciencias Administrativas, edificio A-II de 9:00 a 14:00 horas.<\/p>\n","protected":false},"excerpt":{"rendered":"<p>Se invita a la comunidad universitaria a realizar el tr\u00e1mite que es f\u00e1cil y r\u00e1pido. &nbsp; Morelia, Mich.- Con el objetivo de credencializar a la totalidad de la comunidad universitaria, la Universidad Michoacana de San Nicol\u00e1s de Hidalgo (UMSNH) inici\u00f3 con la activaci\u00f3n de tarjetas institucionales para estudiantes, personal administrativo y docente de la casa [&hellip;]<\/p>\n","protected":false},"author":9,"featured_media":74499,"comment_status":"closed","ping_status":"closed","sticky":false,"template":"","format":"standard","meta":{"footnotes":""},"categories":[15,28,23],"tags":[],"class_list":{"0":"post-74498","1":"post","2":"type-post","3":"status-publish","4":"format-standard","5":"has-post-thumbnail","7":"category-educacion","8":"category-politica","9":"category-universidad-michoacana"},"yoast_head":"<!-- This site is optimized with the Yoast SEO plugin v24.0 - https:\/\/yoast.com\/wordpress\/plugins\/seo\/ -->\n<title>\u00a1Nicolaita activa tu credencial!, visita los m\u00f3dulos ubicados en CU - Diario ABC de Michoac\u00e1n<\/title>\n<meta name=\"robots\" content=\"index, follow, max-snippet:-1, max-image-preview:large, max-video-preview:-1\" \/>\n<link rel=\"canonical\" href=\"https:\/\/diarioabcdemichoacan.com.mx\/lasnoticias\/nicolaita-activa-tu-credencial-visita-los-modulos-ubicados-en-cu\/\" \/>\n<meta property=\"og:locale\" content=\"es_ES\" \/>\n<meta property=\"og:type\" content=\"article\" \/>\n<meta property=\"og:title\" content=\"\u00a1Nicolaita activa tu credencial!, visita los m\u00f3dulos ubicados en CU - Diario ABC de Michoac\u00e1n\" \/>\n<meta property=\"og:description\" content=\"Se invita a la comunidad universitaria a realizar el tr\u00e1mite que es f\u00e1cil y r\u00e1pido. &nbsp; Morelia, Mich.- Con el objetivo de credencializar a la totalidad de la comunidad universitaria, la Universidad Michoacana de San Nicol\u00e1s de Hidalgo (UMSNH) inici\u00f3 con la activaci\u00f3n de tarjetas institucionales para estudiantes, personal administrativo y docente de la casa [&hellip;]\" \/>\n<meta property=\"og:url\" content=\"https:\/\/diarioabcdemichoacan.com.mx\/lasnoticias\/nicolaita-activa-tu-credencial-visita-los-modulos-ubicados-en-cu\/\" \/>\n<meta property=\"og:site_name\" content=\"Diario ABC de Michoac\u00e1n\" \/>\n<meta property=\"article:published_time\" content=\"2025-12-13T21:41:23+00:00\" \/>\n<meta property=\"article:modified_time\" content=\"2026-01-13T21:50:10+00:00\" \/>\n<meta property=\"og:image\" content=\"https:\/\/diarioabcdemichoacan.com.mx\/lasnoticias\/wp-content\/uploads\/2026\/01\/IMG-20251216-WA0099.jpg\" \/>\n\t<meta property=\"og:image:width\" content=\"2560\" \/>\n\t<meta property=\"og:image:height\" content=\"1706\" \/>\n\t<meta property=\"og:image:type\" content=\"image\/jpeg\" \/>\n<meta name=\"author\" content=\"AR\" \/>\n<meta name=\"twitter:card\" content=\"summary_large_image\" \/>\n<meta name=\"twitter:label1\" content=\"Escrito por\" \/>\n\t<meta name=\"twitter:data1\" content=\"AR\" \/>\n\t<meta name=\"twitter:label2\" content=\"Tiempo de lectura\" \/>\n\t<meta name=\"twitter:data2\" content=\"3 minutos\" \/>\n<script type=\"application\/ld+json\" class=\"yoast-schema-graph\">{\"@context\":\"https:\/\/schema.org\",\"@graph\":[{\"@type\":\"WebPage\",\"@id\":\"https:\/\/diarioabcdemichoacan.com.mx\/lasnoticias\/nicolaita-activa-tu-credencial-visita-los-modulos-ubicados-en-cu\/\",\"url\":\"https:\/\/diarioabcdemichoacan.com.mx\/lasnoticias\/nicolaita-activa-tu-credencial-visita-los-modulos-ubicados-en-cu\/\",\"name\":\"\u00a1Nicolaita activa tu credencial!, visita los m\u00f3dulos ubicados en CU - Diario ABC de Michoac\u00e1n\",\"isPartOf\":{\"@id\":\"https:\/\/diarioabcdemichoacan.com.mx\/lasnoticias\/#website\"},\"primaryImageOfPage\":{\"@id\":\"https:\/\/diarioabcdemichoacan.com.mx\/lasnoticias\/nicolaita-activa-tu-credencial-visita-los-modulos-ubicados-en-cu\/#primaryimage\"},\"image\":{\"@id\":\"https:\/\/diarioabcdemichoacan.com.mx\/lasnoticias\/nicolaita-activa-tu-credencial-visita-los-modulos-ubicados-en-cu\/#primaryimage\"},\"thumbnailUrl\":\"https:\/\/diarioabcdemichoacan.com.mx\/lasnoticias\/wp-content\/uploads\/2026\/01\/IMG-20251216-WA0099.jpg\",\"datePublished\":\"2025-12-13T21:41:23+00:00\",\"dateModified\":\"2026-01-13T21:50:10+00:00\",\"author\":{\"@id\":\"https:\/\/diarioabcdemichoacan.com.mx\/lasnoticias\/#\/schema\/person\/19ae376040f6cbc489682ebdd8524852\"},\"breadcrumb\":{\"@id\":\"https:\/\/diarioabcdemichoacan.com.mx\/lasnoticias\/nicolaita-activa-tu-credencial-visita-los-modulos-ubicados-en-cu\/#breadcrumb\"},\"inLanguage\":\"es\",\"potentialAction\":[{\"@type\":\"ReadAction\",\"target\":[\"https:\/\/diarioabcdemichoacan.com.mx\/lasnoticias\/nicolaita-activa-tu-credencial-visita-los-modulos-ubicados-en-cu\/\"]}]},{\"@type\":\"ImageObject\",\"inLanguage\":\"es\",\"@id\":\"https:\/\/diarioabcdemichoacan.com.mx\/lasnoticias\/nicolaita-activa-tu-credencial-visita-los-modulos-ubicados-en-cu\/#primaryimage\",\"url\":\"https:\/\/diarioabcdemichoacan.com.mx\/lasnoticias\/wp-content\/uploads\/2026\/01\/IMG-20251216-WA0099.jpg\",\"contentUrl\":\"https:\/\/diarioabcdemichoacan.com.mx\/lasnoticias\/wp-content\/uploads\/2026\/01\/IMG-20251216-WA0099.jpg\",\"width\":2560,\"height\":1706},{\"@type\":\"BreadcrumbList\",\"@id\":\"https:\/\/diarioabcdemichoacan.com.mx\/lasnoticias\/nicolaita-activa-tu-credencial-visita-los-modulos-ubicados-en-cu\/#breadcrumb\",\"itemListElement\":[{\"@type\":\"ListItem\",\"position\":1,\"name\":\"Portada\",\"item\":\"https:\/\/diarioabcdemichoacan.com.mx\/lasnoticias\/\"},{\"@type\":\"ListItem\",\"position\":2,\"name\":\"\u00a1Nicolaita activa tu credencial!, visita los m\u00f3dulos ubicados en CU\"}]},{\"@type\":\"WebSite\",\"@id\":\"https:\/\/diarioabcdemichoacan.com.mx\/lasnoticias\/#website\",\"url\":\"https:\/\/diarioabcdemichoacan.com.mx\/lasnoticias\/\",\"name\":\"Diario ABC de Michoac\u00e1n\",\"description\":\"Las noticias al momento\",\"potentialAction\":[{\"@type\":\"SearchAction\",\"target\":{\"@type\":\"EntryPoint\",\"urlTemplate\":\"https:\/\/diarioabcdemichoacan.com.mx\/lasnoticias\/?s={search_term_string}\"},\"query-input\":{\"@type\":\"PropertyValueSpecification\",\"valueRequired\":true,\"valueName\":\"search_term_string\"}}],\"inLanguage\":\"es\"},{\"@type\":\"Person\",\"@id\":\"https:\/\/diarioabcdemichoacan.com.mx\/lasnoticias\/#\/schema\/person\/19ae376040f6cbc489682ebdd8524852\",\"name\":\"AR\",\"image\":{\"@type\":\"ImageObject\",\"inLanguage\":\"es\",\"@id\":\"https:\/\/diarioabcdemichoacan.com.mx\/lasnoticias\/#\/schema\/person\/image\/\",\"url\":\"https:\/\/secure.gravatar.com\/avatar\/44eca2ff970262234e20e1e082872af0?s=96&d=mm&r=g\",\"contentUrl\":\"https:\/\/secure.gravatar.com\/avatar\/44eca2ff970262234e20e1e082872af0?s=96&d=mm&r=g\",\"caption\":\"AR\"},\"url\":\"https:\/\/diarioabcdemichoacan.com.mx\/lasnoticias\/author\/adrian\/\"}]}<\/script>\n<!-- \/ Yoast SEO plugin. -->","yoast_head_json":{"title":"\u00a1Nicolaita activa tu credencial!, visita los m\u00f3dulos ubicados en CU - Diario ABC de Michoac\u00e1n","robots":{"index":"index","follow":"follow","max-snippet":"max-snippet:-1","max-image-preview":"max-image-preview:large","max-video-preview":"max-video-preview:-1"},"canonical":"https:\/\/diarioabcdemichoacan.com.mx\/lasnoticias\/nicolaita-activa-tu-credencial-visita-los-modulos-ubicados-en-cu\/","og_locale":"es_ES","og_type":"article","og_title":"\u00a1Nicolaita activa tu credencial!, visita los m\u00f3dulos ubicados en CU - Diario ABC de Michoac\u00e1n","og_description":"Se invita a la comunidad universitaria a realizar el tr\u00e1mite que es f\u00e1cil y r\u00e1pido. &nbsp; Morelia, Mich.- Con el objetivo de credencializar a la totalidad de la comunidad universitaria, la Universidad Michoacana de San Nicol\u00e1s de Hidalgo (UMSNH) inici\u00f3 con la activaci\u00f3n de tarjetas institucionales para estudiantes, personal administrativo y docente de la casa [&hellip;]","og_url":"https:\/\/diarioabcdemichoacan.com.mx\/lasnoticias\/nicolaita-activa-tu-credencial-visita-los-modulos-ubicados-en-cu\/","og_site_name":"Diario ABC de Michoac\u00e1n","article_published_time":"2025-12-13T21:41:23+00:00","article_modified_time":"2026-01-13T21:50:10+00:00","og_image":[{"width":2560,"height":1706,"url":"https:\/\/diarioabcdemichoacan.com.mx\/lasnoticias\/wp-content\/uploads\/2026\/01\/IMG-20251216-WA0099.jpg","type":"image\/jpeg"}],"author":"AR","twitter_card":"summary_large_image","twitter_misc":{"Escrito por":"AR","Tiempo de lectura":"3 minutos"},"schema":{"@context":"https:\/\/schema.org","@graph":[{"@type":"WebPage","@id":"https:\/\/diarioabcdemichoacan.com.mx\/lasnoticias\/nicolaita-activa-tu-credencial-visita-los-modulos-ubicados-en-cu\/","url":"https:\/\/diarioabcdemichoacan.com.mx\/lasnoticias\/nicolaita-activa-tu-credencial-visita-los-modulos-ubicados-en-cu\/","name":"\u00a1Nicolaita activa tu credencial!, visita los m\u00f3dulos ubicados en CU - Diario ABC de Michoac\u00e1n","isPartOf":{"@id":"https:\/\/diarioabcdemichoacan.com.mx\/lasnoticias\/#website"},"primaryImageOfPage":{"@id":"https:\/\/diarioabcdemichoacan.com.mx\/lasnoticias\/nicolaita-activa-tu-credencial-visita-los-modulos-ubicados-en-cu\/#primaryimage"},"image":{"@id":"https:\/\/diarioabcdemichoacan.com.mx\/lasnoticias\/nicolaita-activa-tu-credencial-visita-los-modulos-ubicados-en-cu\/#primaryimage"},"thumbnailUrl":"https:\/\/diarioabcdemichoacan.com.mx\/lasnoticias\/wp-content\/uploads\/2026\/01\/IMG-20251216-WA0099.jpg","datePublished":"2025-12-13T21:41:23+00:00","dateModified":"2026-01-13T21:50:10+00:00","author":{"@id":"https:\/\/diarioabcdemichoacan.com.mx\/lasnoticias\/#\/schema\/person\/19ae376040f6cbc489682ebdd8524852"},"breadcrumb":{"@id":"https:\/\/diarioabcdemichoacan.com.mx\/lasnoticias\/nicolaita-activa-tu-credencial-visita-los-modulos-ubicados-en-cu\/#breadcrumb"},"inLanguage":"es","potentialAction":[{"@type":"ReadAction","target":["https:\/\/diarioabcdemichoacan.com.mx\/lasnoticias\/nicolaita-activa-tu-credencial-visita-los-modulos-ubicados-en-cu\/"]}]},{"@type":"ImageObject","inLanguage":"es","@id":"https:\/\/diarioabcdemichoacan.com.mx\/lasnoticias\/nicolaita-activa-tu-credencial-visita-los-modulos-ubicados-en-cu\/#primaryimage","url":"https:\/\/diarioabcdemichoacan.com.mx\/lasnoticias\/wp-content\/uploads\/2026\/01\/IMG-20251216-WA0099.jpg","contentUrl":"https:\/\/diarioabcdemichoacan.com.mx\/lasnoticias\/wp-content\/uploads\/2026\/01\/IMG-20251216-WA0099.jpg","width":2560,"height":1706},{"@type":"BreadcrumbList","@id":"https:\/\/diarioabcdemichoacan.com.mx\/lasnoticias\/nicolaita-activa-tu-credencial-visita-los-modulos-ubicados-en-cu\/#breadcrumb","itemListElement":[{"@type":"ListItem","position":1,"name":"Portada","item":"https:\/\/diarioabcdemichoacan.com.mx\/lasnoticias\/"},{"@type":"ListItem","position":2,"name":"\u00a1Nicolaita activa tu credencial!, visita los m\u00f3dulos ubicados en CU"}]},{"@type":"WebSite","@id":"https:\/\/diarioabcdemichoacan.com.mx\/lasnoticias\/#website","url":"https:\/\/diarioabcdemichoacan.com.mx\/lasnoticias\/","name":"Diario ABC de Michoac\u00e1n","description":"Las noticias al momento","potentialAction":[{"@type":"SearchAction","target":{"@type":"EntryPoint","urlTemplate":"https:\/\/diarioabcdemichoacan.com.mx\/lasnoticias\/?s={search_term_string}"},"query-input":{"@type":"PropertyValueSpecification","valueRequired":true,"valueName":"search_term_string"}}],"inLanguage":"es"},{"@type":"Person","@id":"https:\/\/diarioabcdemichoacan.com.mx\/lasnoticias\/#\/schema\/person\/19ae376040f6cbc489682ebdd8524852","name":"AR","image":{"@type":"ImageObject","inLanguage":"es","@id":"https:\/\/diarioabcdemichoacan.com.mx\/lasnoticias\/#\/schema\/person\/image\/","url":"https:\/\/secure.gravatar.com\/avatar\/44eca2ff970262234e20e1e082872af0?s=96&d=mm&r=g","contentUrl":"https:\/\/secure.gravatar.com\/avatar\/44eca2ff970262234e20e1e082872af0?s=96&d=mm&r=g","caption":"AR"},"url":"https:\/\/diarioabcdemichoacan.com.mx\/lasnoticias\/author\/adrian\/"}]}},"_links":{"self":[{"href":"https:\/\/diarioabcdemichoacan.com.mx\/lasnoticias\/wp-json\/wp\/v2\/posts\/74498","targetHints":{"allow":["GET"]}}],"collection":[{"href":"https:\/\/diarioabcdemichoacan.com.mx\/lasnoticias\/wp-json\/wp\/v2\/posts"}],"about":[{"href":"https:\/\/diarioabcdemichoacan.com.mx\/lasnoticias\/wp-json\/wp\/v2\/types\/post"}],"author":[{"embeddable":true,"href":"https:\/\/diarioabcdemichoacan.com.mx\/lasnoticias\/wp-json\/wp\/v2\/users\/9"}],"replies":[{"embeddable":true,"href":"https:\/\/diarioabcdemichoacan.com.mx\/lasnoticias\/wp-json\/wp\/v2\/comments?post=74498"}],"version-history":[{"count":1,"href":"https:\/\/diarioabcdemichoacan.com.mx\/lasnoticias\/wp-json\/wp\/v2\/posts\/74498\/revisions"}],"predecessor-version":[{"id":74500,"href":"https:\/\/diarioabcdemichoacan.com.mx\/lasnoticias\/wp-json\/wp\/v2\/posts\/74498\/revisions\/74500"}],"wp:featuredmedia":[{"embeddable":true,"href":"https:\/\/diarioabcdemichoacan.com.mx\/lasnoticias\/wp-json\/wp\/v2\/media\/74499"}],"wp:attachment":[{"href":"https:\/\/diarioabcdemichoacan.com.mx\/lasnoticias\/wp-json\/wp\/v2\/media?parent=74498"}],"wp:term":[{"taxonomy":"category","embeddable":true,"href":"https:\/\/diarioabcdemichoacan.com.mx\/lasnoticias\/wp-json\/wp\/v2\/categories?post=74498"},{"taxonomy":"post_tag","embeddable":true,"href":"https:\/\/diarioabcdemichoacan.com.mx\/lasnoticias\/wp-json\/wp\/v2\/tags?post=74498"}],"curies":[{"name":"wp","href":"https:\/\/api.w.org\/{rel}","templated":true}]}}