{"id":7627,"date":"2024-05-25T21:21:51","date_gmt":"2024-05-26T03:21:51","guid":{"rendered":"https:\/\/diarioabcdemichoacan.com.mx\/lasnoticias\/?p=7627"},"modified":"2024-05-25T21:23:32","modified_gmt":"2024-05-26T03:23:32","slug":"juan-manzo-en-cierre-de-campana-el-pueblo-ya-decidio-la-transformacion-tendra-triunfo-historico","status":"publish","type":"post","link":"https:\/\/diarioabcdemichoacan.com.mx\/lasnoticias\/juan-manzo-en-cierre-de-campana-el-pueblo-ya-decidio-la-transformacion-tendra-triunfo-historico\/","title":{"rendered":"Juan Manzo en cierre de campa\u00f1a: el pueblo ya decidi\u00f3, la transformaci\u00f3n tendr\u00e1 triunfo hist\u00f3rico"},"content":{"rendered":"<h2>Juan Manzo, destac\u00f3 la cercan\u00eda de su campa\u00f1a con la ciudadan\u00eda<\/h2>\n<h6>POR REDACCI\u00d3N, DIARIO ABC DE MICHOAC\u00c1N, 25 DE MAYO DE 2024<\/h6>\n<hr \/>\n<p>Uruapan, Michoac\u00e1n.- En su cierre de campa\u00f1a del distrito norte de Uruapan, el candidato a diputado local por la coalici\u00f3n \u00abSigamos Haciendo Historia\u00bb, Juan Manzo, destac\u00f3 la cercan\u00eda de su campa\u00f1a con la ciudadan\u00eda, siguiendo el ejemplo del presidente L\u00f3pez Obrador. \u00abDurante m\u00e1s de 40 d\u00edas de campa\u00f1a, recorrimos casa por casa, llevando el mensaje de la transformaci\u00f3n y escuchando las propuestas de la gente. Nuestro proyecto ha recibido un gran apoyo\u00bb, afirm\u00f3 Manzo.<\/p>\n<p><img loading=\"lazy\" decoding=\"async\" class=\"alignnone size-full wp-image-7629\" src=\"https:\/\/diarioabcdemichoacan.com.mx\/lasnoticias\/wp-content\/uploads\/2024\/05\/IMG-20240525-WA0173.jpg\" alt=\"\" width=\"1600\" height=\"1066\" srcset=\"https:\/\/diarioabcdemichoacan.com.mx\/lasnoticias\/wp-content\/uploads\/2024\/05\/IMG-20240525-WA0173.jpg 1600w, https:\/\/diarioabcdemichoacan.com.mx\/lasnoticias\/wp-content\/uploads\/2024\/05\/IMG-20240525-WA0173-500x333.jpg 500w, https:\/\/diarioabcdemichoacan.com.mx\/lasnoticias\/wp-content\/uploads\/2024\/05\/IMG-20240525-WA0173-1024x682.jpg 1024w, https:\/\/diarioabcdemichoacan.com.mx\/lasnoticias\/wp-content\/uploads\/2024\/05\/IMG-20240525-WA0173-768x512.jpg 768w, https:\/\/diarioabcdemichoacan.com.mx\/lasnoticias\/wp-content\/uploads\/2024\/05\/IMG-20240525-WA0173-1536x1023.jpg 1536w, https:\/\/diarioabcdemichoacan.com.mx\/lasnoticias\/wp-content\/uploads\/2024\/05\/IMG-20240525-WA0173-150x100.jpg 150w, https:\/\/diarioabcdemichoacan.com.mx\/lasnoticias\/wp-content\/uploads\/2024\/05\/IMG-20240525-WA0173-300x200.jpg 300w, https:\/\/diarioabcdemichoacan.com.mx\/lasnoticias\/wp-content\/uploads\/2024\/05\/IMG-20240525-WA0173-696x464.jpg 696w, https:\/\/diarioabcdemichoacan.com.mx\/lasnoticias\/wp-content\/uploads\/2024\/05\/IMG-20240525-WA0173-1068x712.jpg 1068w\" sizes=\"auto, (max-width: 1600px) 100vw, 1600px\" \/><\/p>\n<p>El candidato enfatiz\u00f3 que su campa\u00f1a se ha centrado en ser cercana al pueblo, siguiendo las instrucciones de AMLO. \u00abAs\u00ed es como se construye la transformaci\u00f3n\u00bb, se\u00f1al\u00f3. Manzo tambi\u00e9n resalt\u00f3 que han escuchado las inquietudes de la poblaci\u00f3n y presentado soluciones pr\u00e1cticas. \u00abSeremos diputados participativos, con propuestas propias y concretas, que entienden la realidad de nuestro entorno\u00bb, asegur\u00f3.<\/p>\n<p><img loading=\"lazy\" decoding=\"async\" class=\"alignnone size-full wp-image-7630\" src=\"https:\/\/diarioabcdemichoacan.com.mx\/lasnoticias\/wp-content\/uploads\/2024\/05\/IMG-20240525-WA0172.jpg\" alt=\"\" width=\"1600\" height=\"1066\" srcset=\"https:\/\/diarioabcdemichoacan.com.mx\/lasnoticias\/wp-content\/uploads\/2024\/05\/IMG-20240525-WA0172.jpg 1600w, https:\/\/diarioabcdemichoacan.com.mx\/lasnoticias\/wp-content\/uploads\/2024\/05\/IMG-20240525-WA0172-500x333.jpg 500w, https:\/\/diarioabcdemichoacan.com.mx\/lasnoticias\/wp-content\/uploads\/2024\/05\/IMG-20240525-WA0172-1024x682.jpg 1024w, https:\/\/diarioabcdemichoacan.com.mx\/lasnoticias\/wp-content\/uploads\/2024\/05\/IMG-20240525-WA0172-768x512.jpg 768w, https:\/\/diarioabcdemichoacan.com.mx\/lasnoticias\/wp-content\/uploads\/2024\/05\/IMG-20240525-WA0172-1536x1023.jpg 1536w, https:\/\/diarioabcdemichoacan.com.mx\/lasnoticias\/wp-content\/uploads\/2024\/05\/IMG-20240525-WA0172-150x100.jpg 150w, https:\/\/diarioabcdemichoacan.com.mx\/lasnoticias\/wp-content\/uploads\/2024\/05\/IMG-20240525-WA0172-300x200.jpg 300w, https:\/\/diarioabcdemichoacan.com.mx\/lasnoticias\/wp-content\/uploads\/2024\/05\/IMG-20240525-WA0172-696x464.jpg 696w, https:\/\/diarioabcdemichoacan.com.mx\/lasnoticias\/wp-content\/uploads\/2024\/05\/IMG-20240525-WA0172-1068x712.jpg 1068w\" sizes=\"auto, (max-width: 1600px) 100vw, 1600px\" \/><\/p>\n<p>Juan Manzo hizo un llamado al voto masivo para Morena, subrayando la importancia de tener mayor\u00eda en el Congreso para apoyar los programas y propuestas de Claudia Sheinbaum, en caso de ser electa presidenta. \u00abEn este distrito, la gente est\u00e1 con la transformaci\u00f3n, apoya los programas sociales y la ideolog\u00eda de que, por el bien de todos, primero los pobres. Estamos seguros de una victoria contundente\u00bb, declar\u00f3 con confianza.<\/p>\n<p><img loading=\"lazy\" decoding=\"async\" class=\"alignnone size-full wp-image-7631\" src=\"https:\/\/diarioabcdemichoacan.com.mx\/lasnoticias\/wp-content\/uploads\/2024\/05\/IMG-20240525-WA0171.jpg\" alt=\"\" width=\"1600\" height=\"1066\" srcset=\"https:\/\/diarioabcdemichoacan.com.mx\/lasnoticias\/wp-content\/uploads\/2024\/05\/IMG-20240525-WA0171.jpg 1600w, https:\/\/diarioabcdemichoacan.com.mx\/lasnoticias\/wp-content\/uploads\/2024\/05\/IMG-20240525-WA0171-500x333.jpg 500w, https:\/\/diarioabcdemichoacan.com.mx\/lasnoticias\/wp-content\/uploads\/2024\/05\/IMG-20240525-WA0171-1024x682.jpg 1024w, https:\/\/diarioabcdemichoacan.com.mx\/lasnoticias\/wp-content\/uploads\/2024\/05\/IMG-20240525-WA0171-768x512.jpg 768w, https:\/\/diarioabcdemichoacan.com.mx\/lasnoticias\/wp-content\/uploads\/2024\/05\/IMG-20240525-WA0171-1536x1023.jpg 1536w, https:\/\/diarioabcdemichoacan.com.mx\/lasnoticias\/wp-content\/uploads\/2024\/05\/IMG-20240525-WA0171-150x100.jpg 150w, https:\/\/diarioabcdemichoacan.com.mx\/lasnoticias\/wp-content\/uploads\/2024\/05\/IMG-20240525-WA0171-300x200.jpg 300w, https:\/\/diarioabcdemichoacan.com.mx\/lasnoticias\/wp-content\/uploads\/2024\/05\/IMG-20240525-WA0171-696x464.jpg 696w, https:\/\/diarioabcdemichoacan.com.mx\/lasnoticias\/wp-content\/uploads\/2024\/05\/IMG-20240525-WA0171-1068x712.jpg 1068w\" sizes=\"auto, (max-width: 1600px) 100vw, 1600px\" \/><\/p>\n","protected":false},"excerpt":{"rendered":"<p>Juan Manzo, destac\u00f3 la cercan\u00eda de su campa\u00f1a con la ciudadan\u00eda POR REDACCI\u00d3N, DIARIO ABC DE MICHOAC\u00c1N, 25 DE MAYO DE 2024 Uruapan, Michoac\u00e1n.- En su cierre de campa\u00f1a del distrito norte de Uruapan, el candidato a diputado local por la coalici\u00f3n \u00abSigamos Haciendo Historia\u00bb, Juan Manzo, destac\u00f3 la cercan\u00eda de su campa\u00f1a con la [&hellip;]<\/p>\n","protected":false},"author":6,"featured_media":7628,"comment_status":"closed","ping_status":"closed","sticky":false,"template":"","format":"standard","meta":{"footnotes":""},"categories":[10,28,27,3],"tags":[],"class_list":{"0":"post-7627","1":"post","2":"type-post","3":"status-publish","4":"format-standard","5":"has-post-thumbnail","7":"category-estado","8":"category-politica","9":"category-slider","10":"category-uruapan"},"yoast_head":"<!-- This site is optimized with the Yoast SEO plugin v24.0 - https:\/\/yoast.com\/wordpress\/plugins\/seo\/ -->\n<title>Juan Manzo en cierre de campa\u00f1a: el pueblo ya decidi\u00f3, la transformaci\u00f3n tendr\u00e1 triunfo hist\u00f3rico - Diario ABC de Michoac\u00e1n<\/title>\n<meta name=\"robots\" content=\"index, follow, max-snippet:-1, max-image-preview:large, max-video-preview:-1\" \/>\n<link rel=\"canonical\" href=\"https:\/\/diarioabcdemichoacan.com.mx\/lasnoticias\/juan-manzo-en-cierre-de-campana-el-pueblo-ya-decidio-la-transformacion-tendra-triunfo-historico\/\" \/>\n<meta property=\"og:locale\" content=\"es_ES\" \/>\n<meta property=\"og:type\" content=\"article\" \/>\n<meta property=\"og:title\" content=\"Juan Manzo en cierre de campa\u00f1a: el pueblo ya decidi\u00f3, la transformaci\u00f3n tendr\u00e1 triunfo hist\u00f3rico - Diario ABC de Michoac\u00e1n\" \/>\n<meta property=\"og:description\" content=\"Juan Manzo, destac\u00f3 la cercan\u00eda de su campa\u00f1a con la ciudadan\u00eda POR REDACCI\u00d3N, DIARIO ABC DE MICHOAC\u00c1N, 25 DE MAYO DE 2024 Uruapan, Michoac\u00e1n.- En su cierre de campa\u00f1a del distrito norte de Uruapan, el candidato a diputado local por la coalici\u00f3n \u00abSigamos Haciendo Historia\u00bb, Juan Manzo, destac\u00f3 la cercan\u00eda de su campa\u00f1a con la [&hellip;]\" \/>\n<meta property=\"og:url\" content=\"https:\/\/diarioabcdemichoacan.com.mx\/lasnoticias\/juan-manzo-en-cierre-de-campana-el-pueblo-ya-decidio-la-transformacion-tendra-triunfo-historico\/\" \/>\n<meta property=\"og:site_name\" content=\"Diario ABC de Michoac\u00e1n\" \/>\n<meta property=\"article:published_time\" content=\"2024-05-26T03:21:51+00:00\" \/>\n<meta property=\"article:modified_time\" content=\"2024-05-26T03:23:32+00:00\" \/>\n<meta property=\"og:image\" content=\"https:\/\/diarioabcdemichoacan.com.mx\/lasnoticias\/wp-content\/uploads\/2024\/05\/IMG-20240525-WA0174.jpg\" \/>\n\t<meta property=\"og:image:width\" content=\"1600\" \/>\n\t<meta property=\"og:image:height\" content=\"1066\" \/>\n\t<meta property=\"og:image:type\" content=\"image\/jpeg\" \/>\n<meta name=\"author\" content=\"MB\" \/>\n<meta name=\"twitter:card\" content=\"summary_large_image\" \/>\n<meta name=\"twitter:label1\" content=\"Escrito por\" \/>\n\t<meta name=\"twitter:data1\" content=\"MB\" \/>\n\t<meta name=\"twitter:label2\" content=\"Tiempo de lectura\" \/>\n\t<meta name=\"twitter:data2\" content=\"2 minutos\" \/>\n<script type=\"application\/ld+json\" class=\"yoast-schema-graph\">{\"@context\":\"https:\/\/schema.org\",\"@graph\":[{\"@type\":\"WebPage\",\"@id\":\"https:\/\/diarioabcdemichoacan.com.mx\/lasnoticias\/juan-manzo-en-cierre-de-campana-el-pueblo-ya-decidio-la-transformacion-tendra-triunfo-historico\/\",\"url\":\"https:\/\/diarioabcdemichoacan.com.mx\/lasnoticias\/juan-manzo-en-cierre-de-campana-el-pueblo-ya-decidio-la-transformacion-tendra-triunfo-historico\/\",\"name\":\"Juan Manzo en cierre de campa\u00f1a: el pueblo ya decidi\u00f3, la transformaci\u00f3n tendr\u00e1 triunfo hist\u00f3rico - Diario ABC de Michoac\u00e1n\",\"isPartOf\":{\"@id\":\"https:\/\/diarioabcdemichoacan.com.mx\/lasnoticias\/#website\"},\"primaryImageOfPage\":{\"@id\":\"https:\/\/diarioabcdemichoacan.com.mx\/lasnoticias\/juan-manzo-en-cierre-de-campana-el-pueblo-ya-decidio-la-transformacion-tendra-triunfo-historico\/#primaryimage\"},\"image\":{\"@id\":\"https:\/\/diarioabcdemichoacan.com.mx\/lasnoticias\/juan-manzo-en-cierre-de-campana-el-pueblo-ya-decidio-la-transformacion-tendra-triunfo-historico\/#primaryimage\"},\"thumbnailUrl\":\"https:\/\/diarioabcdemichoacan.com.mx\/lasnoticias\/wp-content\/uploads\/2024\/05\/IMG-20240525-WA0174.jpg\",\"datePublished\":\"2024-05-26T03:21:51+00:00\",\"dateModified\":\"2024-05-26T03:23:32+00:00\",\"author\":{\"@id\":\"https:\/\/diarioabcdemichoacan.com.mx\/lasnoticias\/#\/schema\/person\/0546f9c3407148f7452ca932715c5e88\"},\"breadcrumb\":{\"@id\":\"https:\/\/diarioabcdemichoacan.com.mx\/lasnoticias\/juan-manzo-en-cierre-de-campana-el-pueblo-ya-decidio-la-transformacion-tendra-triunfo-historico\/#breadcrumb\"},\"inLanguage\":\"es\",\"potentialAction\":[{\"@type\":\"ReadAction\",\"target\":[\"https:\/\/diarioabcdemichoacan.com.mx\/lasnoticias\/juan-manzo-en-cierre-de-campana-el-pueblo-ya-decidio-la-transformacion-tendra-triunfo-historico\/\"]}]},{\"@type\":\"ImageObject\",\"inLanguage\":\"es\",\"@id\":\"https:\/\/diarioabcdemichoacan.com.mx\/lasnoticias\/juan-manzo-en-cierre-de-campana-el-pueblo-ya-decidio-la-transformacion-tendra-triunfo-historico\/#primaryimage\",\"url\":\"https:\/\/diarioabcdemichoacan.com.mx\/lasnoticias\/wp-content\/uploads\/2024\/05\/IMG-20240525-WA0174.jpg\",\"contentUrl\":\"https:\/\/diarioabcdemichoacan.com.mx\/lasnoticias\/wp-content\/uploads\/2024\/05\/IMG-20240525-WA0174.jpg\",\"width\":1600,\"height\":1066},{\"@type\":\"BreadcrumbList\",\"@id\":\"https:\/\/diarioabcdemichoacan.com.mx\/lasnoticias\/juan-manzo-en-cierre-de-campana-el-pueblo-ya-decidio-la-transformacion-tendra-triunfo-historico\/#breadcrumb\",\"itemListElement\":[{\"@type\":\"ListItem\",\"position\":1,\"name\":\"Portada\",\"item\":\"https:\/\/diarioabcdemichoacan.com.mx\/lasnoticias\/\"},{\"@type\":\"ListItem\",\"position\":2,\"name\":\"Juan Manzo en cierre de campa\u00f1a: el pueblo ya decidi\u00f3, la transformaci\u00f3n tendr\u00e1 triunfo hist\u00f3rico\"}]},{\"@type\":\"WebSite\",\"@id\":\"https:\/\/diarioabcdemichoacan.com.mx\/lasnoticias\/#website\",\"url\":\"https:\/\/diarioabcdemichoacan.com.mx\/lasnoticias\/\",\"name\":\"Diario ABC de Michoac\u00e1n\",\"description\":\"Las noticias al momento\",\"potentialAction\":[{\"@type\":\"SearchAction\",\"target\":{\"@type\":\"EntryPoint\",\"urlTemplate\":\"https:\/\/diarioabcdemichoacan.com.mx\/lasnoticias\/?s={search_term_string}\"},\"query-input\":{\"@type\":\"PropertyValueSpecification\",\"valueRequired\":true,\"valueName\":\"search_term_string\"}}],\"inLanguage\":\"es\"},{\"@type\":\"Person\",\"@id\":\"https:\/\/diarioabcdemichoacan.com.mx\/lasnoticias\/#\/schema\/person\/0546f9c3407148f7452ca932715c5e88\",\"name\":\"MB\",\"image\":{\"@type\":\"ImageObject\",\"inLanguage\":\"es\",\"@id\":\"https:\/\/diarioabcdemichoacan.com.mx\/lasnoticias\/#\/schema\/person\/image\/\",\"url\":\"https:\/\/secure.gravatar.com\/avatar\/adcd41fde6b8d0b5d9d0de001d3112b3?s=96&d=mm&r=g\",\"contentUrl\":\"https:\/\/secure.gravatar.com\/avatar\/adcd41fde6b8d0b5d9d0de001d3112b3?s=96&d=mm&r=g\",\"caption\":\"MB\"},\"url\":\"https:\/\/diarioabcdemichoacan.com.mx\/lasnoticias\/author\/bomariano03\/\"}]}<\/script>\n<!-- \/ Yoast SEO plugin. -->","yoast_head_json":{"title":"Juan Manzo en cierre de campa\u00f1a: el pueblo ya decidi\u00f3, la transformaci\u00f3n tendr\u00e1 triunfo hist\u00f3rico - Diario ABC de Michoac\u00e1n","robots":{"index":"index","follow":"follow","max-snippet":"max-snippet:-1","max-image-preview":"max-image-preview:large","max-video-preview":"max-video-preview:-1"},"canonical":"https:\/\/diarioabcdemichoacan.com.mx\/lasnoticias\/juan-manzo-en-cierre-de-campana-el-pueblo-ya-decidio-la-transformacion-tendra-triunfo-historico\/","og_locale":"es_ES","og_type":"article","og_title":"Juan Manzo en cierre de campa\u00f1a: el pueblo ya decidi\u00f3, la transformaci\u00f3n tendr\u00e1 triunfo hist\u00f3rico - Diario ABC de Michoac\u00e1n","og_description":"Juan Manzo, destac\u00f3 la cercan\u00eda de su campa\u00f1a con la ciudadan\u00eda POR REDACCI\u00d3N, DIARIO ABC DE MICHOAC\u00c1N, 25 DE MAYO DE 2024 Uruapan, Michoac\u00e1n.- En su cierre de campa\u00f1a del distrito norte de Uruapan, el candidato a diputado local por la coalici\u00f3n \u00abSigamos Haciendo Historia\u00bb, Juan Manzo, destac\u00f3 la cercan\u00eda de su campa\u00f1a con la [&hellip;]","og_url":"https:\/\/diarioabcdemichoacan.com.mx\/lasnoticias\/juan-manzo-en-cierre-de-campana-el-pueblo-ya-decidio-la-transformacion-tendra-triunfo-historico\/","og_site_name":"Diario ABC de Michoac\u00e1n","article_published_time":"2024-05-26T03:21:51+00:00","article_modified_time":"2024-05-26T03:23:32+00:00","og_image":[{"width":1600,"height":1066,"url":"https:\/\/diarioabcdemichoacan.com.mx\/lasnoticias\/wp-content\/uploads\/2024\/05\/IMG-20240525-WA0174.jpg","type":"image\/jpeg"}],"author":"MB","twitter_card":"summary_large_image","twitter_misc":{"Escrito por":"MB","Tiempo de lectura":"2 minutos"},"schema":{"@context":"https:\/\/schema.org","@graph":[{"@type":"WebPage","@id":"https:\/\/diarioabcdemichoacan.com.mx\/lasnoticias\/juan-manzo-en-cierre-de-campana-el-pueblo-ya-decidio-la-transformacion-tendra-triunfo-historico\/","url":"https:\/\/diarioabcdemichoacan.com.mx\/lasnoticias\/juan-manzo-en-cierre-de-campana-el-pueblo-ya-decidio-la-transformacion-tendra-triunfo-historico\/","name":"Juan Manzo en cierre de campa\u00f1a: el pueblo ya decidi\u00f3, la transformaci\u00f3n tendr\u00e1 triunfo hist\u00f3rico - Diario ABC de Michoac\u00e1n","isPartOf":{"@id":"https:\/\/diarioabcdemichoacan.com.mx\/lasnoticias\/#website"},"primaryImageOfPage":{"@id":"https:\/\/diarioabcdemichoacan.com.mx\/lasnoticias\/juan-manzo-en-cierre-de-campana-el-pueblo-ya-decidio-la-transformacion-tendra-triunfo-historico\/#primaryimage"},"image":{"@id":"https:\/\/diarioabcdemichoacan.com.mx\/lasnoticias\/juan-manzo-en-cierre-de-campana-el-pueblo-ya-decidio-la-transformacion-tendra-triunfo-historico\/#primaryimage"},"thumbnailUrl":"https:\/\/diarioabcdemichoacan.com.mx\/lasnoticias\/wp-content\/uploads\/2024\/05\/IMG-20240525-WA0174.jpg","datePublished":"2024-05-26T03:21:51+00:00","dateModified":"2024-05-26T03:23:32+00:00","author":{"@id":"https:\/\/diarioabcdemichoacan.com.mx\/lasnoticias\/#\/schema\/person\/0546f9c3407148f7452ca932715c5e88"},"breadcrumb":{"@id":"https:\/\/diarioabcdemichoacan.com.mx\/lasnoticias\/juan-manzo-en-cierre-de-campana-el-pueblo-ya-decidio-la-transformacion-tendra-triunfo-historico\/#breadcrumb"},"inLanguage":"es","potentialAction":[{"@type":"ReadAction","target":["https:\/\/diarioabcdemichoacan.com.mx\/lasnoticias\/juan-manzo-en-cierre-de-campana-el-pueblo-ya-decidio-la-transformacion-tendra-triunfo-historico\/"]}]},{"@type":"ImageObject","inLanguage":"es","@id":"https:\/\/diarioabcdemichoacan.com.mx\/lasnoticias\/juan-manzo-en-cierre-de-campana-el-pueblo-ya-decidio-la-transformacion-tendra-triunfo-historico\/#primaryimage","url":"https:\/\/diarioabcdemichoacan.com.mx\/lasnoticias\/wp-content\/uploads\/2024\/05\/IMG-20240525-WA0174.jpg","contentUrl":"https:\/\/diarioabcdemichoacan.com.mx\/lasnoticias\/wp-content\/uploads\/2024\/05\/IMG-20240525-WA0174.jpg","width":1600,"height":1066},{"@type":"BreadcrumbList","@id":"https:\/\/diarioabcdemichoacan.com.mx\/lasnoticias\/juan-manzo-en-cierre-de-campana-el-pueblo-ya-decidio-la-transformacion-tendra-triunfo-historico\/#breadcrumb","itemListElement":[{"@type":"ListItem","position":1,"name":"Portada","item":"https:\/\/diarioabcdemichoacan.com.mx\/lasnoticias\/"},{"@type":"ListItem","position":2,"name":"Juan Manzo en cierre de campa\u00f1a: el pueblo ya decidi\u00f3, la transformaci\u00f3n tendr\u00e1 triunfo hist\u00f3rico"}]},{"@type":"WebSite","@id":"https:\/\/diarioabcdemichoacan.com.mx\/lasnoticias\/#website","url":"https:\/\/diarioabcdemichoacan.com.mx\/lasnoticias\/","name":"Diario ABC de Michoac\u00e1n","description":"Las noticias al momento","potentialAction":[{"@type":"SearchAction","target":{"@type":"EntryPoint","urlTemplate":"https:\/\/diarioabcdemichoacan.com.mx\/lasnoticias\/?s={search_term_string}"},"query-input":{"@type":"PropertyValueSpecification","valueRequired":true,"valueName":"search_term_string"}}],"inLanguage":"es"},{"@type":"Person","@id":"https:\/\/diarioabcdemichoacan.com.mx\/lasnoticias\/#\/schema\/person\/0546f9c3407148f7452ca932715c5e88","name":"MB","image":{"@type":"ImageObject","inLanguage":"es","@id":"https:\/\/diarioabcdemichoacan.com.mx\/lasnoticias\/#\/schema\/person\/image\/","url":"https:\/\/secure.gravatar.com\/avatar\/adcd41fde6b8d0b5d9d0de001d3112b3?s=96&d=mm&r=g","contentUrl":"https:\/\/secure.gravatar.com\/avatar\/adcd41fde6b8d0b5d9d0de001d3112b3?s=96&d=mm&r=g","caption":"MB"},"url":"https:\/\/diarioabcdemichoacan.com.mx\/lasnoticias\/author\/bomariano03\/"}]}},"_links":{"self":[{"href":"https:\/\/diarioabcdemichoacan.com.mx\/lasnoticias\/wp-json\/wp\/v2\/posts\/7627","targetHints":{"allow":["GET"]}}],"collection":[{"href":"https:\/\/diarioabcdemichoacan.com.mx\/lasnoticias\/wp-json\/wp\/v2\/posts"}],"about":[{"href":"https:\/\/diarioabcdemichoacan.com.mx\/lasnoticias\/wp-json\/wp\/v2\/types\/post"}],"author":[{"embeddable":true,"href":"https:\/\/diarioabcdemichoacan.com.mx\/lasnoticias\/wp-json\/wp\/v2\/users\/6"}],"replies":[{"embeddable":true,"href":"https:\/\/diarioabcdemichoacan.com.mx\/lasnoticias\/wp-json\/wp\/v2\/comments?post=7627"}],"version-history":[{"count":3,"href":"https:\/\/diarioabcdemichoacan.com.mx\/lasnoticias\/wp-json\/wp\/v2\/posts\/7627\/revisions"}],"predecessor-version":[{"id":7634,"href":"https:\/\/diarioabcdemichoacan.com.mx\/lasnoticias\/wp-json\/wp\/v2\/posts\/7627\/revisions\/7634"}],"wp:featuredmedia":[{"embeddable":true,"href":"https:\/\/diarioabcdemichoacan.com.mx\/lasnoticias\/wp-json\/wp\/v2\/media\/7628"}],"wp:attachment":[{"href":"https:\/\/diarioabcdemichoacan.com.mx\/lasnoticias\/wp-json\/wp\/v2\/media?parent=7627"}],"wp:term":[{"taxonomy":"category","embeddable":true,"href":"https:\/\/diarioabcdemichoacan.com.mx\/lasnoticias\/wp-json\/wp\/v2\/categories?post=7627"},{"taxonomy":"post_tag","embeddable":true,"href":"https:\/\/diarioabcdemichoacan.com.mx\/lasnoticias\/wp-json\/wp\/v2\/tags?post=7627"}],"curies":[{"name":"wp","href":"https:\/\/api.w.org\/{rel}","templated":true}]}}