{"id":7661,"date":"2024-05-25T22:25:51","date_gmt":"2024-05-26T04:25:51","guid":{"rendered":"https:\/\/diarioabcdemichoacan.com.mx\/lasnoticias\/?p=7661"},"modified":"2024-05-25T22:26:52","modified_gmt":"2024-05-26T04:26:52","slug":"gracias-ya-ganamos-torres-pina-en-su-primer-cierre-de-campana","status":"publish","type":"post","link":"https:\/\/diarioabcdemichoacan.com.mx\/lasnoticias\/gracias-ya-ganamos-torres-pina-en-su-primer-cierre-de-campana\/","title":{"rendered":"\u201cGracias, ya ganamos\u201d: Torres Pi\u00f1a en su primer cierre de campa\u00f1a\u00a0"},"content":{"rendered":"<h2>Har\u00e1 otros tres cierres regionales<\/h2>\n<h6>POR REDACCI\u00d3N, DIARIO ABC DE MICHOAC\u00c1N, 25 DE MAYO DE 2024<\/h6>\n<hr \/>\n<p>Morelia, Mich.- Morena llevar\u00e1 carro completo en las siguientes elecciones: ganaremos la presidencia de la Rep\u00fablica, con la doctora Claudia Sheinbaum, senadur\u00edas, diputaciones, tanto locales como federales, y, por supuesto, la presidencia de Morelia.<\/p>\n<p><img loading=\"lazy\" decoding=\"async\" class=\"alignnone size-full wp-image-7664\" src=\"https:\/\/diarioabcdemichoacan.com.mx\/lasnoticias\/wp-content\/uploads\/2024\/05\/IMG-20240525-WA0201.jpg\" alt=\"\" width=\"1280\" height=\"978\" srcset=\"https:\/\/diarioabcdemichoacan.com.mx\/lasnoticias\/wp-content\/uploads\/2024\/05\/IMG-20240525-WA0201.jpg 1280w, https:\/\/diarioabcdemichoacan.com.mx\/lasnoticias\/wp-content\/uploads\/2024\/05\/IMG-20240525-WA0201-500x382.jpg 500w, https:\/\/diarioabcdemichoacan.com.mx\/lasnoticias\/wp-content\/uploads\/2024\/05\/IMG-20240525-WA0201-1024x782.jpg 1024w, https:\/\/diarioabcdemichoacan.com.mx\/lasnoticias\/wp-content\/uploads\/2024\/05\/IMG-20240525-WA0201-768x587.jpg 768w, https:\/\/diarioabcdemichoacan.com.mx\/lasnoticias\/wp-content\/uploads\/2024\/05\/IMG-20240525-WA0201-150x115.jpg 150w, https:\/\/diarioabcdemichoacan.com.mx\/lasnoticias\/wp-content\/uploads\/2024\/05\/IMG-20240525-WA0201-300x229.jpg 300w, https:\/\/diarioabcdemichoacan.com.mx\/lasnoticias\/wp-content\/uploads\/2024\/05\/IMG-20240525-WA0201-696x532.jpg 696w, https:\/\/diarioabcdemichoacan.com.mx\/lasnoticias\/wp-content\/uploads\/2024\/05\/IMG-20240525-WA0201-1068x816.jpg 1068w\" sizes=\"auto, (max-width: 1280px) 100vw, 1280px\" \/><\/p>\n<p>As\u00ed lo afirm\u00f3 Carlos Torres Pi\u00f1a en su primer cierre de campa\u00f1a distrital, celebrado en el Distrito 17, en la colonia Trincheras, donde miles de simpatizantes de la 4T ratificaron su respaldo al morenista y pr\u00f3ximo presidente municipal.<\/p>\n<p>\u201cLos de enfrente est\u00e1n preocupados porque se saben derrotados, por eso su guerra sucia, por eso la informaci\u00f3n falsa que est\u00e1n promoviendo para desacreditar nuestro movimiento, pero ya no les va a funcionar\u201d, subray\u00f3.<\/p>\n<p><img loading=\"lazy\" decoding=\"async\" class=\"alignnone size-full wp-image-7663\" src=\"https:\/\/diarioabcdemichoacan.com.mx\/lasnoticias\/wp-content\/uploads\/2024\/05\/IMG-20240525-WA0200.jpg\" alt=\"\" width=\"1280\" height=\"906\" srcset=\"https:\/\/diarioabcdemichoacan.com.mx\/lasnoticias\/wp-content\/uploads\/2024\/05\/IMG-20240525-WA0200.jpg 1280w, https:\/\/diarioabcdemichoacan.com.mx\/lasnoticias\/wp-content\/uploads\/2024\/05\/IMG-20240525-WA0200-500x354.jpg 500w, https:\/\/diarioabcdemichoacan.com.mx\/lasnoticias\/wp-content\/uploads\/2024\/05\/IMG-20240525-WA0200-1024x725.jpg 1024w, https:\/\/diarioabcdemichoacan.com.mx\/lasnoticias\/wp-content\/uploads\/2024\/05\/IMG-20240525-WA0200-768x544.jpg 768w, https:\/\/diarioabcdemichoacan.com.mx\/lasnoticias\/wp-content\/uploads\/2024\/05\/IMG-20240525-WA0200-150x106.jpg 150w, https:\/\/diarioabcdemichoacan.com.mx\/lasnoticias\/wp-content\/uploads\/2024\/05\/IMG-20240525-WA0200-300x212.jpg 300w, https:\/\/diarioabcdemichoacan.com.mx\/lasnoticias\/wp-content\/uploads\/2024\/05\/IMG-20240525-WA0200-696x493.jpg 696w, https:\/\/diarioabcdemichoacan.com.mx\/lasnoticias\/wp-content\/uploads\/2024\/05\/IMG-20240525-WA0200-1068x756.jpg 1068w\" sizes=\"auto, (max-width: 1280px) 100vw, 1280px\" \/><\/p>\n<p>Torres Pi\u00f1a augur\u00f3 un triunfo contundente e irrefutable para Morena y sus aliados el pr\u00f3ximo 2 de junio, cuando, subray\u00f3, se colocar\u00e1 en Morelia la primera piedra del segundo piso de la Cuarta Transformaci\u00f3n.<\/p>\n<p>As\u00ed, el candidato a la presidencia de Morelia por la coalici\u00f3n Sigamos Haciendo Historia denot\u00f3 confianza en que la 4T llegar\u00e1 a la capital michoacana, hoy gobernada por una administraci\u00f3n municipal que, conden\u00f3, trabaja con base en intereses personales y no para el pueblo moreliano.<\/p>\n","protected":false},"excerpt":{"rendered":"<p>Har\u00e1 otros tres cierres regionales POR REDACCI\u00d3N, DIARIO ABC DE MICHOAC\u00c1N, 25 DE MAYO DE 2024 Morelia, Mich.- Morena llevar\u00e1 carro completo en las siguientes elecciones: ganaremos la presidencia de la Rep\u00fablica, con la doctora Claudia Sheinbaum, senadur\u00edas, diputaciones, tanto locales como federales, y, por supuesto, la presidencia de Morelia. As\u00ed lo afirm\u00f3 Carlos Torres [&hellip;]<\/p>\n","protected":false},"author":6,"featured_media":7662,"comment_status":"closed","ping_status":"closed","sticky":false,"template":"","format":"standard","meta":{"footnotes":""},"categories":[10,7,28],"tags":[],"class_list":{"0":"post-7661","1":"post","2":"type-post","3":"status-publish","4":"format-standard","5":"has-post-thumbnail","7":"category-estado","8":"category-morelia","9":"category-politica"},"yoast_head":"<!-- This site is optimized with the Yoast SEO plugin v24.0 - https:\/\/yoast.com\/wordpress\/plugins\/seo\/ -->\n<title>\u201cGracias, ya ganamos\u201d: Torres Pi\u00f1a en su primer cierre de campa\u00f1a\u00a0 - Diario ABC de Michoac\u00e1n<\/title>\n<meta name=\"robots\" content=\"index, follow, max-snippet:-1, max-image-preview:large, max-video-preview:-1\" \/>\n<link rel=\"canonical\" href=\"https:\/\/diarioabcdemichoacan.com.mx\/lasnoticias\/gracias-ya-ganamos-torres-pina-en-su-primer-cierre-de-campana\/\" \/>\n<meta property=\"og:locale\" content=\"es_ES\" \/>\n<meta property=\"og:type\" content=\"article\" \/>\n<meta property=\"og:title\" content=\"\u201cGracias, ya ganamos\u201d: Torres Pi\u00f1a en su primer cierre de campa\u00f1a\u00a0 - Diario ABC de Michoac\u00e1n\" \/>\n<meta property=\"og:description\" content=\"Har\u00e1 otros tres cierres regionales POR REDACCI\u00d3N, DIARIO ABC DE MICHOAC\u00c1N, 25 DE MAYO DE 2024 Morelia, Mich.- Morena llevar\u00e1 carro completo en las siguientes elecciones: ganaremos la presidencia de la Rep\u00fablica, con la doctora Claudia Sheinbaum, senadur\u00edas, diputaciones, tanto locales como federales, y, por supuesto, la presidencia de Morelia. As\u00ed lo afirm\u00f3 Carlos Torres [&hellip;]\" \/>\n<meta property=\"og:url\" content=\"https:\/\/diarioabcdemichoacan.com.mx\/lasnoticias\/gracias-ya-ganamos-torres-pina-en-su-primer-cierre-de-campana\/\" \/>\n<meta property=\"og:site_name\" content=\"Diario ABC de Michoac\u00e1n\" \/>\n<meta property=\"article:published_time\" content=\"2024-05-26T04:25:51+00:00\" \/>\n<meta property=\"article:modified_time\" content=\"2024-05-26T04:26:52+00:00\" \/>\n<meta property=\"og:image\" content=\"https:\/\/diarioabcdemichoacan.com.mx\/lasnoticias\/wp-content\/uploads\/2024\/05\/IMG-20240525-WA0202.jpg\" \/>\n\t<meta property=\"og:image:width\" content=\"1600\" \/>\n\t<meta property=\"og:image:height\" content=\"1150\" \/>\n\t<meta property=\"og:image:type\" content=\"image\/jpeg\" \/>\n<meta name=\"author\" content=\"MB\" \/>\n<meta name=\"twitter:card\" content=\"summary_large_image\" \/>\n<meta name=\"twitter:label1\" content=\"Escrito por\" \/>\n\t<meta name=\"twitter:data1\" content=\"MB\" \/>\n\t<meta name=\"twitter:label2\" content=\"Tiempo de lectura\" \/>\n\t<meta name=\"twitter:data2\" content=\"2 minutos\" \/>\n<script type=\"application\/ld+json\" class=\"yoast-schema-graph\">{\"@context\":\"https:\/\/schema.org\",\"@graph\":[{\"@type\":\"WebPage\",\"@id\":\"https:\/\/diarioabcdemichoacan.com.mx\/lasnoticias\/gracias-ya-ganamos-torres-pina-en-su-primer-cierre-de-campana\/\",\"url\":\"https:\/\/diarioabcdemichoacan.com.mx\/lasnoticias\/gracias-ya-ganamos-torres-pina-en-su-primer-cierre-de-campana\/\",\"name\":\"\u201cGracias, ya ganamos\u201d: Torres Pi\u00f1a en su primer cierre de campa\u00f1a\u00a0 - Diario ABC de Michoac\u00e1n\",\"isPartOf\":{\"@id\":\"https:\/\/diarioabcdemichoacan.com.mx\/lasnoticias\/#website\"},\"primaryImageOfPage\":{\"@id\":\"https:\/\/diarioabcdemichoacan.com.mx\/lasnoticias\/gracias-ya-ganamos-torres-pina-en-su-primer-cierre-de-campana\/#primaryimage\"},\"image\":{\"@id\":\"https:\/\/diarioabcdemichoacan.com.mx\/lasnoticias\/gracias-ya-ganamos-torres-pina-en-su-primer-cierre-de-campana\/#primaryimage\"},\"thumbnailUrl\":\"https:\/\/diarioabcdemichoacan.com.mx\/lasnoticias\/wp-content\/uploads\/2024\/05\/IMG-20240525-WA0202.jpg\",\"datePublished\":\"2024-05-26T04:25:51+00:00\",\"dateModified\":\"2024-05-26T04:26:52+00:00\",\"author\":{\"@id\":\"https:\/\/diarioabcdemichoacan.com.mx\/lasnoticias\/#\/schema\/person\/0546f9c3407148f7452ca932715c5e88\"},\"breadcrumb\":{\"@id\":\"https:\/\/diarioabcdemichoacan.com.mx\/lasnoticias\/gracias-ya-ganamos-torres-pina-en-su-primer-cierre-de-campana\/#breadcrumb\"},\"inLanguage\":\"es\",\"potentialAction\":[{\"@type\":\"ReadAction\",\"target\":[\"https:\/\/diarioabcdemichoacan.com.mx\/lasnoticias\/gracias-ya-ganamos-torres-pina-en-su-primer-cierre-de-campana\/\"]}]},{\"@type\":\"ImageObject\",\"inLanguage\":\"es\",\"@id\":\"https:\/\/diarioabcdemichoacan.com.mx\/lasnoticias\/gracias-ya-ganamos-torres-pina-en-su-primer-cierre-de-campana\/#primaryimage\",\"url\":\"https:\/\/diarioabcdemichoacan.com.mx\/lasnoticias\/wp-content\/uploads\/2024\/05\/IMG-20240525-WA0202.jpg\",\"contentUrl\":\"https:\/\/diarioabcdemichoacan.com.mx\/lasnoticias\/wp-content\/uploads\/2024\/05\/IMG-20240525-WA0202.jpg\",\"width\":1600,\"height\":1150},{\"@type\":\"BreadcrumbList\",\"@id\":\"https:\/\/diarioabcdemichoacan.com.mx\/lasnoticias\/gracias-ya-ganamos-torres-pina-en-su-primer-cierre-de-campana\/#breadcrumb\",\"itemListElement\":[{\"@type\":\"ListItem\",\"position\":1,\"name\":\"Portada\",\"item\":\"https:\/\/diarioabcdemichoacan.com.mx\/lasnoticias\/\"},{\"@type\":\"ListItem\",\"position\":2,\"name\":\"\u201cGracias, ya ganamos\u201d: Torres Pi\u00f1a en su primer cierre de campa\u00f1a\u00a0\"}]},{\"@type\":\"WebSite\",\"@id\":\"https:\/\/diarioabcdemichoacan.com.mx\/lasnoticias\/#website\",\"url\":\"https:\/\/diarioabcdemichoacan.com.mx\/lasnoticias\/\",\"name\":\"Diario ABC de Michoac\u00e1n\",\"description\":\"Las noticias al momento\",\"potentialAction\":[{\"@type\":\"SearchAction\",\"target\":{\"@type\":\"EntryPoint\",\"urlTemplate\":\"https:\/\/diarioabcdemichoacan.com.mx\/lasnoticias\/?s={search_term_string}\"},\"query-input\":{\"@type\":\"PropertyValueSpecification\",\"valueRequired\":true,\"valueName\":\"search_term_string\"}}],\"inLanguage\":\"es\"},{\"@type\":\"Person\",\"@id\":\"https:\/\/diarioabcdemichoacan.com.mx\/lasnoticias\/#\/schema\/person\/0546f9c3407148f7452ca932715c5e88\",\"name\":\"MB\",\"image\":{\"@type\":\"ImageObject\",\"inLanguage\":\"es\",\"@id\":\"https:\/\/diarioabcdemichoacan.com.mx\/lasnoticias\/#\/schema\/person\/image\/\",\"url\":\"https:\/\/secure.gravatar.com\/avatar\/adcd41fde6b8d0b5d9d0de001d3112b3?s=96&d=mm&r=g\",\"contentUrl\":\"https:\/\/secure.gravatar.com\/avatar\/adcd41fde6b8d0b5d9d0de001d3112b3?s=96&d=mm&r=g\",\"caption\":\"MB\"},\"url\":\"https:\/\/diarioabcdemichoacan.com.mx\/lasnoticias\/author\/bomariano03\/\"}]}<\/script>\n<!-- \/ Yoast SEO plugin. -->","yoast_head_json":{"title":"\u201cGracias, ya ganamos\u201d: Torres Pi\u00f1a en su primer cierre de campa\u00f1a\u00a0 - Diario ABC de Michoac\u00e1n","robots":{"index":"index","follow":"follow","max-snippet":"max-snippet:-1","max-image-preview":"max-image-preview:large","max-video-preview":"max-video-preview:-1"},"canonical":"https:\/\/diarioabcdemichoacan.com.mx\/lasnoticias\/gracias-ya-ganamos-torres-pina-en-su-primer-cierre-de-campana\/","og_locale":"es_ES","og_type":"article","og_title":"\u201cGracias, ya ganamos\u201d: Torres Pi\u00f1a en su primer cierre de campa\u00f1a\u00a0 - Diario ABC de Michoac\u00e1n","og_description":"Har\u00e1 otros tres cierres regionales POR REDACCI\u00d3N, DIARIO ABC DE MICHOAC\u00c1N, 25 DE MAYO DE 2024 Morelia, Mich.- Morena llevar\u00e1 carro completo en las siguientes elecciones: ganaremos la presidencia de la Rep\u00fablica, con la doctora Claudia Sheinbaum, senadur\u00edas, diputaciones, tanto locales como federales, y, por supuesto, la presidencia de Morelia. As\u00ed lo afirm\u00f3 Carlos Torres [&hellip;]","og_url":"https:\/\/diarioabcdemichoacan.com.mx\/lasnoticias\/gracias-ya-ganamos-torres-pina-en-su-primer-cierre-de-campana\/","og_site_name":"Diario ABC de Michoac\u00e1n","article_published_time":"2024-05-26T04:25:51+00:00","article_modified_time":"2024-05-26T04:26:52+00:00","og_image":[{"width":1600,"height":1150,"url":"https:\/\/diarioabcdemichoacan.com.mx\/lasnoticias\/wp-content\/uploads\/2024\/05\/IMG-20240525-WA0202.jpg","type":"image\/jpeg"}],"author":"MB","twitter_card":"summary_large_image","twitter_misc":{"Escrito por":"MB","Tiempo de lectura":"2 minutos"},"schema":{"@context":"https:\/\/schema.org","@graph":[{"@type":"WebPage","@id":"https:\/\/diarioabcdemichoacan.com.mx\/lasnoticias\/gracias-ya-ganamos-torres-pina-en-su-primer-cierre-de-campana\/","url":"https:\/\/diarioabcdemichoacan.com.mx\/lasnoticias\/gracias-ya-ganamos-torres-pina-en-su-primer-cierre-de-campana\/","name":"\u201cGracias, ya ganamos\u201d: Torres Pi\u00f1a en su primer cierre de campa\u00f1a\u00a0 - Diario ABC de Michoac\u00e1n","isPartOf":{"@id":"https:\/\/diarioabcdemichoacan.com.mx\/lasnoticias\/#website"},"primaryImageOfPage":{"@id":"https:\/\/diarioabcdemichoacan.com.mx\/lasnoticias\/gracias-ya-ganamos-torres-pina-en-su-primer-cierre-de-campana\/#primaryimage"},"image":{"@id":"https:\/\/diarioabcdemichoacan.com.mx\/lasnoticias\/gracias-ya-ganamos-torres-pina-en-su-primer-cierre-de-campana\/#primaryimage"},"thumbnailUrl":"https:\/\/diarioabcdemichoacan.com.mx\/lasnoticias\/wp-content\/uploads\/2024\/05\/IMG-20240525-WA0202.jpg","datePublished":"2024-05-26T04:25:51+00:00","dateModified":"2024-05-26T04:26:52+00:00","author":{"@id":"https:\/\/diarioabcdemichoacan.com.mx\/lasnoticias\/#\/schema\/person\/0546f9c3407148f7452ca932715c5e88"},"breadcrumb":{"@id":"https:\/\/diarioabcdemichoacan.com.mx\/lasnoticias\/gracias-ya-ganamos-torres-pina-en-su-primer-cierre-de-campana\/#breadcrumb"},"inLanguage":"es","potentialAction":[{"@type":"ReadAction","target":["https:\/\/diarioabcdemichoacan.com.mx\/lasnoticias\/gracias-ya-ganamos-torres-pina-en-su-primer-cierre-de-campana\/"]}]},{"@type":"ImageObject","inLanguage":"es","@id":"https:\/\/diarioabcdemichoacan.com.mx\/lasnoticias\/gracias-ya-ganamos-torres-pina-en-su-primer-cierre-de-campana\/#primaryimage","url":"https:\/\/diarioabcdemichoacan.com.mx\/lasnoticias\/wp-content\/uploads\/2024\/05\/IMG-20240525-WA0202.jpg","contentUrl":"https:\/\/diarioabcdemichoacan.com.mx\/lasnoticias\/wp-content\/uploads\/2024\/05\/IMG-20240525-WA0202.jpg","width":1600,"height":1150},{"@type":"BreadcrumbList","@id":"https:\/\/diarioabcdemichoacan.com.mx\/lasnoticias\/gracias-ya-ganamos-torres-pina-en-su-primer-cierre-de-campana\/#breadcrumb","itemListElement":[{"@type":"ListItem","position":1,"name":"Portada","item":"https:\/\/diarioabcdemichoacan.com.mx\/lasnoticias\/"},{"@type":"ListItem","position":2,"name":"\u201cGracias, ya ganamos\u201d: Torres Pi\u00f1a en su primer cierre de campa\u00f1a\u00a0"}]},{"@type":"WebSite","@id":"https:\/\/diarioabcdemichoacan.com.mx\/lasnoticias\/#website","url":"https:\/\/diarioabcdemichoacan.com.mx\/lasnoticias\/","name":"Diario ABC de Michoac\u00e1n","description":"Las noticias al momento","potentialAction":[{"@type":"SearchAction","target":{"@type":"EntryPoint","urlTemplate":"https:\/\/diarioabcdemichoacan.com.mx\/lasnoticias\/?s={search_term_string}"},"query-input":{"@type":"PropertyValueSpecification","valueRequired":true,"valueName":"search_term_string"}}],"inLanguage":"es"},{"@type":"Person","@id":"https:\/\/diarioabcdemichoacan.com.mx\/lasnoticias\/#\/schema\/person\/0546f9c3407148f7452ca932715c5e88","name":"MB","image":{"@type":"ImageObject","inLanguage":"es","@id":"https:\/\/diarioabcdemichoacan.com.mx\/lasnoticias\/#\/schema\/person\/image\/","url":"https:\/\/secure.gravatar.com\/avatar\/adcd41fde6b8d0b5d9d0de001d3112b3?s=96&d=mm&r=g","contentUrl":"https:\/\/secure.gravatar.com\/avatar\/adcd41fde6b8d0b5d9d0de001d3112b3?s=96&d=mm&r=g","caption":"MB"},"url":"https:\/\/diarioabcdemichoacan.com.mx\/lasnoticias\/author\/bomariano03\/"}]}},"_links":{"self":[{"href":"https:\/\/diarioabcdemichoacan.com.mx\/lasnoticias\/wp-json\/wp\/v2\/posts\/7661","targetHints":{"allow":["GET"]}}],"collection":[{"href":"https:\/\/diarioabcdemichoacan.com.mx\/lasnoticias\/wp-json\/wp\/v2\/posts"}],"about":[{"href":"https:\/\/diarioabcdemichoacan.com.mx\/lasnoticias\/wp-json\/wp\/v2\/types\/post"}],"author":[{"embeddable":true,"href":"https:\/\/diarioabcdemichoacan.com.mx\/lasnoticias\/wp-json\/wp\/v2\/users\/6"}],"replies":[{"embeddable":true,"href":"https:\/\/diarioabcdemichoacan.com.mx\/lasnoticias\/wp-json\/wp\/v2\/comments?post=7661"}],"version-history":[{"count":2,"href":"https:\/\/diarioabcdemichoacan.com.mx\/lasnoticias\/wp-json\/wp\/v2\/posts\/7661\/revisions"}],"predecessor-version":[{"id":7667,"href":"https:\/\/diarioabcdemichoacan.com.mx\/lasnoticias\/wp-json\/wp\/v2\/posts\/7661\/revisions\/7667"}],"wp:featuredmedia":[{"embeddable":true,"href":"https:\/\/diarioabcdemichoacan.com.mx\/lasnoticias\/wp-json\/wp\/v2\/media\/7662"}],"wp:attachment":[{"href":"https:\/\/diarioabcdemichoacan.com.mx\/lasnoticias\/wp-json\/wp\/v2\/media?parent=7661"}],"wp:term":[{"taxonomy":"category","embeddable":true,"href":"https:\/\/diarioabcdemichoacan.com.mx\/lasnoticias\/wp-json\/wp\/v2\/categories?post=7661"},{"taxonomy":"post_tag","embeddable":true,"href":"https:\/\/diarioabcdemichoacan.com.mx\/lasnoticias\/wp-json\/wp\/v2\/tags?post=7661"}],"curies":[{"name":"wp","href":"https:\/\/api.w.org\/{rel}","templated":true}]}}