{"id":7668,"date":"2024-05-25T22:35:00","date_gmt":"2024-05-26T04:35:00","guid":{"rendered":"https:\/\/diarioabcdemichoacan.com.mx\/lasnoticias\/?p=7668"},"modified":"2024-05-25T22:36:35","modified_gmt":"2024-05-26T04:36:35","slug":"empezo-la-cuenta-regresiva-para-los-corruptos-morena-va-a-recuperar-morelia-torres-pina","status":"publish","type":"post","link":"https:\/\/diarioabcdemichoacan.com.mx\/lasnoticias\/empezo-la-cuenta-regresiva-para-los-corruptos-morena-va-a-recuperar-morelia-torres-pina\/","title":{"rendered":"Empez\u00f3 la cuenta regresiva para los corruptos; Morena va a recuperar Morelia: Torres Pi\u00f1a"},"content":{"rendered":"<h2>Torres Pi\u00f1a subray\u00f3 que atender\u00e1 las m\u00faltiples problem\u00e1ticas que aquejan a Morelia<\/h2>\n<h6>POR REDACCI\u00d3N, DIARIO ABC DE MICHOAC\u00c1N, 25 DE MAYO DE 2024<\/h6>\n<hr \/>\n<p>Morelia, Michoac\u00e1n.- Morelia ya decidi\u00f3 y el pr\u00f3ximo 2 de junio impulsar\u00e1 la llegada de la Cuarta Transformaci\u00f3n a Palacio Municipal, sentenci\u00f3 el candidato a la presidencia de Morelia por la coalici\u00f3n Sigamos Haciendo Historia, Carlos Torres Pi\u00f1a, durante su primer cierre de campa\u00f1a en el Distrito 17.<\/p>\n<p>Ante miles de simpatizantes de la 4T que arroparon a Torres Pi\u00f1a en la colonia Trincheras, el abanderado de Morena, Partido del Trabajo y Verde Ecologista de M\u00e9xico afirm\u00f3 que en Morelia dicha coalici\u00f3n se llevar\u00e1 carro completo: la presidencia de la Rep\u00fablica, con Claudia Sheinbaum; las senadur\u00edas, las diputaciones, tanto locales como federales, y, por supuesto, la alcald\u00eda de la capital michoacana.<\/p>\n<p><img loading=\"lazy\" decoding=\"async\" class=\"alignnone size-full wp-image-7669\" src=\"https:\/\/diarioabcdemichoacan.com.mx\/lasnoticias\/wp-content\/uploads\/2024\/05\/IMG-20240525-WA0203.jpg\" alt=\"\" width=\"1600\" height=\"1470\" srcset=\"https:\/\/diarioabcdemichoacan.com.mx\/lasnoticias\/wp-content\/uploads\/2024\/05\/IMG-20240525-WA0203.jpg 1600w, https:\/\/diarioabcdemichoacan.com.mx\/lasnoticias\/wp-content\/uploads\/2024\/05\/IMG-20240525-WA0203-500x459.jpg 500w, https:\/\/diarioabcdemichoacan.com.mx\/lasnoticias\/wp-content\/uploads\/2024\/05\/IMG-20240525-WA0203-1024x941.jpg 1024w, https:\/\/diarioabcdemichoacan.com.mx\/lasnoticias\/wp-content\/uploads\/2024\/05\/IMG-20240525-WA0203-768x706.jpg 768w, https:\/\/diarioabcdemichoacan.com.mx\/lasnoticias\/wp-content\/uploads\/2024\/05\/IMG-20240525-WA0203-1536x1411.jpg 1536w, https:\/\/diarioabcdemichoacan.com.mx\/lasnoticias\/wp-content\/uploads\/2024\/05\/IMG-20240525-WA0203-150x138.jpg 150w, https:\/\/diarioabcdemichoacan.com.mx\/lasnoticias\/wp-content\/uploads\/2024\/05\/IMG-20240525-WA0203-300x276.jpg 300w, https:\/\/diarioabcdemichoacan.com.mx\/lasnoticias\/wp-content\/uploads\/2024\/05\/IMG-20240525-WA0203-696x639.jpg 696w, https:\/\/diarioabcdemichoacan.com.mx\/lasnoticias\/wp-content\/uploads\/2024\/05\/IMG-20240525-WA0203-1068x981.jpg 1068w\" sizes=\"auto, (max-width: 1600px) 100vw, 1600px\" \/><\/p>\n<p>\u201cLas y los morelianos ya decidieron, el pr\u00f3ximo 2 de junio acompa\u00f1ar\u00e1n la llegada de la 4T a la capital michoacana, consciente de que es la \u00fanica v\u00eda para recuperar nuestro municipio\u201d, enfatiz\u00f3 en compa\u00f1\u00eda del dirigente de estatal de Morena, Juan Pablo Celis; los candidatos al Senado de la Rep\u00fablica, Ra\u00fal Mor\u00f3n Orozco y Celeste Ascencio, as\u00ed como la candidata a diputada federal por el distrito 10, Carolina Rangel; la candidata a diputada local por la misma coalici\u00f3n, Nalleli Pedraza; el candidato a diputado local por el Distrito 10 y coordinador de campa\u00f1a, Marco Polo Aguirre, y el diputado local V\u00edctor Zurita.<\/p>\n<p>Torres Pi\u00f1a subray\u00f3 que, con el respaldo del pueblo moreliano, atender\u00e1 las m\u00faltiples problem\u00e1ticas que aquejan a la capital, sobre todo en lo que respecta a la delincuencia que impera en el municipio, la crisis de agua que se vive en la actualidad, el no reconocimiento de colonias populares, y la corrupci\u00f3n que gira en torno a la ejecuci\u00f3n de obra p\u00fablica en la presente administraci\u00f3n municipal.<\/p>\n<p>\u201cVamos a ganar, lo saben los de enfrente, por eso promueven mentiras y guerra sucia en contra de los candidatos de la 4T, pero no les va a funcionar, Morena y sus aliados afianzar\u00e1n un triunfo contundente e irrefutable el pr\u00f3ximo 2 de junio, que se vayan preparando legalmente, porque ni en tribunales van a poder frenar la marea guinda\u201d, finaliz\u00f3.<\/p>\n","protected":false},"excerpt":{"rendered":"<p>Torres Pi\u00f1a subray\u00f3 que atender\u00e1 las m\u00faltiples problem\u00e1ticas que aquejan a Morelia POR REDACCI\u00d3N, DIARIO ABC DE MICHOAC\u00c1N, 25 DE MAYO DE 2024 Morelia, Michoac\u00e1n.- Morelia ya decidi\u00f3 y el pr\u00f3ximo 2 de junio impulsar\u00e1 la llegada de la Cuarta Transformaci\u00f3n a Palacio Municipal, sentenci\u00f3 el candidato a la presidencia de Morelia por la coalici\u00f3n [&hellip;]<\/p>\n","protected":false},"author":6,"featured_media":7670,"comment_status":"closed","ping_status":"closed","sticky":false,"template":"","format":"standard","meta":{"footnotes":""},"categories":[10,7,28,27],"tags":[],"class_list":{"0":"post-7668","1":"post","2":"type-post","3":"status-publish","4":"format-standard","5":"has-post-thumbnail","7":"category-estado","8":"category-morelia","9":"category-politica","10":"category-slider"},"yoast_head":"<!-- This site is optimized with the Yoast SEO plugin v24.0 - https:\/\/yoast.com\/wordpress\/plugins\/seo\/ -->\n<title>Empez\u00f3 la cuenta regresiva para los corruptos; Morena va a recuperar Morelia: Torres Pi\u00f1a - Diario ABC de Michoac\u00e1n<\/title>\n<meta name=\"robots\" content=\"index, follow, max-snippet:-1, max-image-preview:large, max-video-preview:-1\" \/>\n<link rel=\"canonical\" href=\"https:\/\/diarioabcdemichoacan.com.mx\/lasnoticias\/empezo-la-cuenta-regresiva-para-los-corruptos-morena-va-a-recuperar-morelia-torres-pina\/\" \/>\n<meta property=\"og:locale\" content=\"es_ES\" \/>\n<meta property=\"og:type\" content=\"article\" \/>\n<meta property=\"og:title\" content=\"Empez\u00f3 la cuenta regresiva para los corruptos; Morena va a recuperar Morelia: Torres Pi\u00f1a - Diario ABC de Michoac\u00e1n\" \/>\n<meta property=\"og:description\" content=\"Torres Pi\u00f1a subray\u00f3 que atender\u00e1 las m\u00faltiples problem\u00e1ticas que aquejan a Morelia POR REDACCI\u00d3N, DIARIO ABC DE MICHOAC\u00c1N, 25 DE MAYO DE 2024 Morelia, Michoac\u00e1n.- Morelia ya decidi\u00f3 y el pr\u00f3ximo 2 de junio impulsar\u00e1 la llegada de la Cuarta Transformaci\u00f3n a Palacio Municipal, sentenci\u00f3 el candidato a la presidencia de Morelia por la coalici\u00f3n [&hellip;]\" \/>\n<meta property=\"og:url\" content=\"https:\/\/diarioabcdemichoacan.com.mx\/lasnoticias\/empezo-la-cuenta-regresiva-para-los-corruptos-morena-va-a-recuperar-morelia-torres-pina\/\" \/>\n<meta property=\"og:site_name\" content=\"Diario ABC de Michoac\u00e1n\" \/>\n<meta property=\"article:published_time\" content=\"2024-05-26T04:35:00+00:00\" \/>\n<meta property=\"article:modified_time\" content=\"2024-05-26T04:36:35+00:00\" \/>\n<meta property=\"og:image\" content=\"https:\/\/diarioabcdemichoacan.com.mx\/lasnoticias\/wp-content\/uploads\/2024\/05\/IMG-20240525-WA0204.jpg\" \/>\n\t<meta property=\"og:image:width\" content=\"1600\" \/>\n\t<meta property=\"og:image:height\" content=\"1150\" \/>\n\t<meta property=\"og:image:type\" content=\"image\/jpeg\" \/>\n<meta name=\"author\" content=\"MB\" \/>\n<meta name=\"twitter:card\" content=\"summary_large_image\" \/>\n<meta name=\"twitter:label1\" content=\"Escrito por\" \/>\n\t<meta name=\"twitter:data1\" content=\"MB\" \/>\n\t<meta name=\"twitter:label2\" content=\"Tiempo de lectura\" \/>\n\t<meta name=\"twitter:data2\" content=\"3 minutos\" \/>\n<script type=\"application\/ld+json\" class=\"yoast-schema-graph\">{\"@context\":\"https:\/\/schema.org\",\"@graph\":[{\"@type\":\"WebPage\",\"@id\":\"https:\/\/diarioabcdemichoacan.com.mx\/lasnoticias\/empezo-la-cuenta-regresiva-para-los-corruptos-morena-va-a-recuperar-morelia-torres-pina\/\",\"url\":\"https:\/\/diarioabcdemichoacan.com.mx\/lasnoticias\/empezo-la-cuenta-regresiva-para-los-corruptos-morena-va-a-recuperar-morelia-torres-pina\/\",\"name\":\"Empez\u00f3 la cuenta regresiva para los corruptos; Morena va a recuperar Morelia: Torres Pi\u00f1a - Diario ABC de Michoac\u00e1n\",\"isPartOf\":{\"@id\":\"https:\/\/diarioabcdemichoacan.com.mx\/lasnoticias\/#website\"},\"primaryImageOfPage\":{\"@id\":\"https:\/\/diarioabcdemichoacan.com.mx\/lasnoticias\/empezo-la-cuenta-regresiva-para-los-corruptos-morena-va-a-recuperar-morelia-torres-pina\/#primaryimage\"},\"image\":{\"@id\":\"https:\/\/diarioabcdemichoacan.com.mx\/lasnoticias\/empezo-la-cuenta-regresiva-para-los-corruptos-morena-va-a-recuperar-morelia-torres-pina\/#primaryimage\"},\"thumbnailUrl\":\"https:\/\/diarioabcdemichoacan.com.mx\/lasnoticias\/wp-content\/uploads\/2024\/05\/IMG-20240525-WA0204.jpg\",\"datePublished\":\"2024-05-26T04:35:00+00:00\",\"dateModified\":\"2024-05-26T04:36:35+00:00\",\"author\":{\"@id\":\"https:\/\/diarioabcdemichoacan.com.mx\/lasnoticias\/#\/schema\/person\/0546f9c3407148f7452ca932715c5e88\"},\"breadcrumb\":{\"@id\":\"https:\/\/diarioabcdemichoacan.com.mx\/lasnoticias\/empezo-la-cuenta-regresiva-para-los-corruptos-morena-va-a-recuperar-morelia-torres-pina\/#breadcrumb\"},\"inLanguage\":\"es\",\"potentialAction\":[{\"@type\":\"ReadAction\",\"target\":[\"https:\/\/diarioabcdemichoacan.com.mx\/lasnoticias\/empezo-la-cuenta-regresiva-para-los-corruptos-morena-va-a-recuperar-morelia-torres-pina\/\"]}]},{\"@type\":\"ImageObject\",\"inLanguage\":\"es\",\"@id\":\"https:\/\/diarioabcdemichoacan.com.mx\/lasnoticias\/empezo-la-cuenta-regresiva-para-los-corruptos-morena-va-a-recuperar-morelia-torres-pina\/#primaryimage\",\"url\":\"https:\/\/diarioabcdemichoacan.com.mx\/lasnoticias\/wp-content\/uploads\/2024\/05\/IMG-20240525-WA0204.jpg\",\"contentUrl\":\"https:\/\/diarioabcdemichoacan.com.mx\/lasnoticias\/wp-content\/uploads\/2024\/05\/IMG-20240525-WA0204.jpg\",\"width\":1600,\"height\":1150},{\"@type\":\"BreadcrumbList\",\"@id\":\"https:\/\/diarioabcdemichoacan.com.mx\/lasnoticias\/empezo-la-cuenta-regresiva-para-los-corruptos-morena-va-a-recuperar-morelia-torres-pina\/#breadcrumb\",\"itemListElement\":[{\"@type\":\"ListItem\",\"position\":1,\"name\":\"Portada\",\"item\":\"https:\/\/diarioabcdemichoacan.com.mx\/lasnoticias\/\"},{\"@type\":\"ListItem\",\"position\":2,\"name\":\"Empez\u00f3 la cuenta regresiva para los corruptos; Morena va a recuperar Morelia: Torres Pi\u00f1a\"}]},{\"@type\":\"WebSite\",\"@id\":\"https:\/\/diarioabcdemichoacan.com.mx\/lasnoticias\/#website\",\"url\":\"https:\/\/diarioabcdemichoacan.com.mx\/lasnoticias\/\",\"name\":\"Diario ABC de Michoac\u00e1n\",\"description\":\"Las noticias al momento\",\"potentialAction\":[{\"@type\":\"SearchAction\",\"target\":{\"@type\":\"EntryPoint\",\"urlTemplate\":\"https:\/\/diarioabcdemichoacan.com.mx\/lasnoticias\/?s={search_term_string}\"},\"query-input\":{\"@type\":\"PropertyValueSpecification\",\"valueRequired\":true,\"valueName\":\"search_term_string\"}}],\"inLanguage\":\"es\"},{\"@type\":\"Person\",\"@id\":\"https:\/\/diarioabcdemichoacan.com.mx\/lasnoticias\/#\/schema\/person\/0546f9c3407148f7452ca932715c5e88\",\"name\":\"MB\",\"image\":{\"@type\":\"ImageObject\",\"inLanguage\":\"es\",\"@id\":\"https:\/\/diarioabcdemichoacan.com.mx\/lasnoticias\/#\/schema\/person\/image\/\",\"url\":\"https:\/\/secure.gravatar.com\/avatar\/adcd41fde6b8d0b5d9d0de001d3112b3?s=96&d=mm&r=g\",\"contentUrl\":\"https:\/\/secure.gravatar.com\/avatar\/adcd41fde6b8d0b5d9d0de001d3112b3?s=96&d=mm&r=g\",\"caption\":\"MB\"},\"url\":\"https:\/\/diarioabcdemichoacan.com.mx\/lasnoticias\/author\/bomariano03\/\"}]}<\/script>\n<!-- \/ Yoast SEO plugin. -->","yoast_head_json":{"title":"Empez\u00f3 la cuenta regresiva para los corruptos; Morena va a recuperar Morelia: Torres Pi\u00f1a - Diario ABC de Michoac\u00e1n","robots":{"index":"index","follow":"follow","max-snippet":"max-snippet:-1","max-image-preview":"max-image-preview:large","max-video-preview":"max-video-preview:-1"},"canonical":"https:\/\/diarioabcdemichoacan.com.mx\/lasnoticias\/empezo-la-cuenta-regresiva-para-los-corruptos-morena-va-a-recuperar-morelia-torres-pina\/","og_locale":"es_ES","og_type":"article","og_title":"Empez\u00f3 la cuenta regresiva para los corruptos; Morena va a recuperar Morelia: Torres Pi\u00f1a - Diario ABC de Michoac\u00e1n","og_description":"Torres Pi\u00f1a subray\u00f3 que atender\u00e1 las m\u00faltiples problem\u00e1ticas que aquejan a Morelia POR REDACCI\u00d3N, DIARIO ABC DE MICHOAC\u00c1N, 25 DE MAYO DE 2024 Morelia, Michoac\u00e1n.- Morelia ya decidi\u00f3 y el pr\u00f3ximo 2 de junio impulsar\u00e1 la llegada de la Cuarta Transformaci\u00f3n a Palacio Municipal, sentenci\u00f3 el candidato a la presidencia de Morelia por la coalici\u00f3n [&hellip;]","og_url":"https:\/\/diarioabcdemichoacan.com.mx\/lasnoticias\/empezo-la-cuenta-regresiva-para-los-corruptos-morena-va-a-recuperar-morelia-torres-pina\/","og_site_name":"Diario ABC de Michoac\u00e1n","article_published_time":"2024-05-26T04:35:00+00:00","article_modified_time":"2024-05-26T04:36:35+00:00","og_image":[{"width":1600,"height":1150,"url":"https:\/\/diarioabcdemichoacan.com.mx\/lasnoticias\/wp-content\/uploads\/2024\/05\/IMG-20240525-WA0204.jpg","type":"image\/jpeg"}],"author":"MB","twitter_card":"summary_large_image","twitter_misc":{"Escrito por":"MB","Tiempo de lectura":"3 minutos"},"schema":{"@context":"https:\/\/schema.org","@graph":[{"@type":"WebPage","@id":"https:\/\/diarioabcdemichoacan.com.mx\/lasnoticias\/empezo-la-cuenta-regresiva-para-los-corruptos-morena-va-a-recuperar-morelia-torres-pina\/","url":"https:\/\/diarioabcdemichoacan.com.mx\/lasnoticias\/empezo-la-cuenta-regresiva-para-los-corruptos-morena-va-a-recuperar-morelia-torres-pina\/","name":"Empez\u00f3 la cuenta regresiva para los corruptos; Morena va a recuperar Morelia: Torres Pi\u00f1a - Diario ABC de Michoac\u00e1n","isPartOf":{"@id":"https:\/\/diarioabcdemichoacan.com.mx\/lasnoticias\/#website"},"primaryImageOfPage":{"@id":"https:\/\/diarioabcdemichoacan.com.mx\/lasnoticias\/empezo-la-cuenta-regresiva-para-los-corruptos-morena-va-a-recuperar-morelia-torres-pina\/#primaryimage"},"image":{"@id":"https:\/\/diarioabcdemichoacan.com.mx\/lasnoticias\/empezo-la-cuenta-regresiva-para-los-corruptos-morena-va-a-recuperar-morelia-torres-pina\/#primaryimage"},"thumbnailUrl":"https:\/\/diarioabcdemichoacan.com.mx\/lasnoticias\/wp-content\/uploads\/2024\/05\/IMG-20240525-WA0204.jpg","datePublished":"2024-05-26T04:35:00+00:00","dateModified":"2024-05-26T04:36:35+00:00","author":{"@id":"https:\/\/diarioabcdemichoacan.com.mx\/lasnoticias\/#\/schema\/person\/0546f9c3407148f7452ca932715c5e88"},"breadcrumb":{"@id":"https:\/\/diarioabcdemichoacan.com.mx\/lasnoticias\/empezo-la-cuenta-regresiva-para-los-corruptos-morena-va-a-recuperar-morelia-torres-pina\/#breadcrumb"},"inLanguage":"es","potentialAction":[{"@type":"ReadAction","target":["https:\/\/diarioabcdemichoacan.com.mx\/lasnoticias\/empezo-la-cuenta-regresiva-para-los-corruptos-morena-va-a-recuperar-morelia-torres-pina\/"]}]},{"@type":"ImageObject","inLanguage":"es","@id":"https:\/\/diarioabcdemichoacan.com.mx\/lasnoticias\/empezo-la-cuenta-regresiva-para-los-corruptos-morena-va-a-recuperar-morelia-torres-pina\/#primaryimage","url":"https:\/\/diarioabcdemichoacan.com.mx\/lasnoticias\/wp-content\/uploads\/2024\/05\/IMG-20240525-WA0204.jpg","contentUrl":"https:\/\/diarioabcdemichoacan.com.mx\/lasnoticias\/wp-content\/uploads\/2024\/05\/IMG-20240525-WA0204.jpg","width":1600,"height":1150},{"@type":"BreadcrumbList","@id":"https:\/\/diarioabcdemichoacan.com.mx\/lasnoticias\/empezo-la-cuenta-regresiva-para-los-corruptos-morena-va-a-recuperar-morelia-torres-pina\/#breadcrumb","itemListElement":[{"@type":"ListItem","position":1,"name":"Portada","item":"https:\/\/diarioabcdemichoacan.com.mx\/lasnoticias\/"},{"@type":"ListItem","position":2,"name":"Empez\u00f3 la cuenta regresiva para los corruptos; Morena va a recuperar Morelia: Torres Pi\u00f1a"}]},{"@type":"WebSite","@id":"https:\/\/diarioabcdemichoacan.com.mx\/lasnoticias\/#website","url":"https:\/\/diarioabcdemichoacan.com.mx\/lasnoticias\/","name":"Diario ABC de Michoac\u00e1n","description":"Las noticias al momento","potentialAction":[{"@type":"SearchAction","target":{"@type":"EntryPoint","urlTemplate":"https:\/\/diarioabcdemichoacan.com.mx\/lasnoticias\/?s={search_term_string}"},"query-input":{"@type":"PropertyValueSpecification","valueRequired":true,"valueName":"search_term_string"}}],"inLanguage":"es"},{"@type":"Person","@id":"https:\/\/diarioabcdemichoacan.com.mx\/lasnoticias\/#\/schema\/person\/0546f9c3407148f7452ca932715c5e88","name":"MB","image":{"@type":"ImageObject","inLanguage":"es","@id":"https:\/\/diarioabcdemichoacan.com.mx\/lasnoticias\/#\/schema\/person\/image\/","url":"https:\/\/secure.gravatar.com\/avatar\/adcd41fde6b8d0b5d9d0de001d3112b3?s=96&d=mm&r=g","contentUrl":"https:\/\/secure.gravatar.com\/avatar\/adcd41fde6b8d0b5d9d0de001d3112b3?s=96&d=mm&r=g","caption":"MB"},"url":"https:\/\/diarioabcdemichoacan.com.mx\/lasnoticias\/author\/bomariano03\/"}]}},"_links":{"self":[{"href":"https:\/\/diarioabcdemichoacan.com.mx\/lasnoticias\/wp-json\/wp\/v2\/posts\/7668","targetHints":{"allow":["GET"]}}],"collection":[{"href":"https:\/\/diarioabcdemichoacan.com.mx\/lasnoticias\/wp-json\/wp\/v2\/posts"}],"about":[{"href":"https:\/\/diarioabcdemichoacan.com.mx\/lasnoticias\/wp-json\/wp\/v2\/types\/post"}],"author":[{"embeddable":true,"href":"https:\/\/diarioabcdemichoacan.com.mx\/lasnoticias\/wp-json\/wp\/v2\/users\/6"}],"replies":[{"embeddable":true,"href":"https:\/\/diarioabcdemichoacan.com.mx\/lasnoticias\/wp-json\/wp\/v2\/comments?post=7668"}],"version-history":[{"count":3,"href":"https:\/\/diarioabcdemichoacan.com.mx\/lasnoticias\/wp-json\/wp\/v2\/posts\/7668\/revisions"}],"predecessor-version":[{"id":7673,"href":"https:\/\/diarioabcdemichoacan.com.mx\/lasnoticias\/wp-json\/wp\/v2\/posts\/7668\/revisions\/7673"}],"wp:featuredmedia":[{"embeddable":true,"href":"https:\/\/diarioabcdemichoacan.com.mx\/lasnoticias\/wp-json\/wp\/v2\/media\/7670"}],"wp:attachment":[{"href":"https:\/\/diarioabcdemichoacan.com.mx\/lasnoticias\/wp-json\/wp\/v2\/media?parent=7668"}],"wp:term":[{"taxonomy":"category","embeddable":true,"href":"https:\/\/diarioabcdemichoacan.com.mx\/lasnoticias\/wp-json\/wp\/v2\/categories?post=7668"},{"taxonomy":"post_tag","embeddable":true,"href":"https:\/\/diarioabcdemichoacan.com.mx\/lasnoticias\/wp-json\/wp\/v2\/tags?post=7668"}],"curies":[{"name":"wp","href":"https:\/\/api.w.org\/{rel}","templated":true}]}}