{"id":76825,"date":"2026-03-06T12:10:07","date_gmt":"2026-03-06T18:10:07","guid":{"rendered":"https:\/\/diarioabcdemichoacan.com.mx\/lasnoticias\/?p=76825"},"modified":"2026-03-06T12:10:07","modified_gmt":"2026-03-06T18:10:07","slug":"elias-ibarra-supervisa-jornada-de-vacunacion-en-uruapan","status":"publish","type":"post","link":"https:\/\/diarioabcdemichoacan.com.mx\/lasnoticias\/elias-ibarra-supervisa-jornada-de-vacunacion-en-uruapan\/","title":{"rendered":"El\u00edas Ibarra supervisa jornada de vacunaci\u00f3n en Uruapan"},"content":{"rendered":"<h6>Por Michel Ortiz<\/h6>\n<hr \/>\n<p>Uruapan, Mich.- El\u00edas Ibarra Torres, secretario de Salud de Michoac\u00e1n, encabez\u00f3 un recorrido de supervisi\u00f3n por diversos m\u00f3dulos de vacunaci\u00f3n e instituciones educativas en esta ciudad.<\/p>\n<p>Esto con el objetivo de fortalecer la barrera inmunol\u00f3gica en la entidad, est\u00e1 jornada forma parte de una estrategia prioritaria para erradicar los brotes epidemiol\u00f3gicos de sarampi\u00f3n y completar esquemas b\u00e1sicos de salud.<\/p>\n<p>Durante su visita, el funcionario estatal constat\u00f3 la aplicaci\u00f3n de biol\u00f3gicos contra el sarampi\u00f3n, influenza y COVID-19, adem\u00e1s de la administraci\u00f3n de dosis del cuadro b\u00e1sico para la poblaci\u00f3n infantil y reci\u00e9n nacidos.<\/p>\n<p>Ibarra Torres enfatiz\u00f3 que la prevenci\u00f3n es la herramienta m\u00e1s efectiva para salvaguardar la vida de las familias michoacanas y llam\u00f3 a la corresponsabilidad ciudadana; \u00abes fundamental que la sociedad acuda a vacunarse; reducir el brote de sarampi\u00f3n es una prioridad absoluta para las autoridades sanitarias\u00bb, declar\u00f3.<\/p>\n<p>Tambi\u00e9n estuvo presente Guillermo L\u00f3pez Aguilera, jefe de la Jurisdicci\u00f3n Sanitaria No. 5, Sarah\u00ed Rosales, jefa de enfermer\u00eda y Julio C\u00e9sar Espinoza Roch\u00edn, director del Centro de Salud Urbano de Uruapan \u00abJos\u00e9 \u00c1lvarez Am\u00e9zquita\u00bb.<\/p>\n<p>Las brigadas de salud contin\u00faan desplegadas en escuelas y puntos estrat\u00e9gicos, garantizando que los menores de edad y grupos vulnerables reciban la protecci\u00f3n necesaria de manera gratuita y profesional.<\/p>\n","protected":false},"excerpt":{"rendered":"<p>Por Michel Ortiz Uruapan, Mich.- El\u00edas Ibarra Torres, secretario de Salud de Michoac\u00e1n, encabez\u00f3 un recorrido de supervisi\u00f3n por diversos m\u00f3dulos de vacunaci\u00f3n e instituciones educativas en esta ciudad. Esto con el objetivo de fortalecer la barrera inmunol\u00f3gica en la entidad, est\u00e1 jornada forma parte de una estrategia prioritaria para erradicar los brotes epidemiol\u00f3gicos de [&hellip;]<\/p>\n","protected":false},"author":9,"featured_media":76826,"comment_status":"closed","ping_status":"closed","sticky":false,"template":"","format":"standard","meta":{"footnotes":""},"categories":[30,10,29,27,3],"tags":[],"class_list":{"0":"post-76825","1":"post","2":"type-post","3":"status-publish","4":"format-standard","5":"has-post-thumbnail","7":"category-columnas","8":"category-estado","9":"category-salud","10":"category-slider","11":"category-uruapan"},"yoast_head":"<!-- This site is optimized with the Yoast SEO plugin v24.0 - https:\/\/yoast.com\/wordpress\/plugins\/seo\/ -->\n<title>El\u00edas Ibarra supervisa jornada de vacunaci\u00f3n en Uruapan - Diario ABC de Michoac\u00e1n<\/title>\n<meta name=\"robots\" content=\"index, follow, max-snippet:-1, max-image-preview:large, max-video-preview:-1\" \/>\n<link rel=\"canonical\" href=\"https:\/\/diarioabcdemichoacan.com.mx\/lasnoticias\/elias-ibarra-supervisa-jornada-de-vacunacion-en-uruapan\/\" \/>\n<meta property=\"og:locale\" content=\"es_ES\" \/>\n<meta property=\"og:type\" content=\"article\" \/>\n<meta property=\"og:title\" content=\"El\u00edas Ibarra supervisa jornada de vacunaci\u00f3n en Uruapan - Diario ABC de Michoac\u00e1n\" \/>\n<meta property=\"og:description\" content=\"Por Michel Ortiz Uruapan, Mich.- El\u00edas Ibarra Torres, secretario de Salud de Michoac\u00e1n, encabez\u00f3 un recorrido de supervisi\u00f3n por diversos m\u00f3dulos de vacunaci\u00f3n e instituciones educativas en esta ciudad. Esto con el objetivo de fortalecer la barrera inmunol\u00f3gica en la entidad, est\u00e1 jornada forma parte de una estrategia prioritaria para erradicar los brotes epidemiol\u00f3gicos de [&hellip;]\" \/>\n<meta property=\"og:url\" content=\"https:\/\/diarioabcdemichoacan.com.mx\/lasnoticias\/elias-ibarra-supervisa-jornada-de-vacunacion-en-uruapan\/\" \/>\n<meta property=\"og:site_name\" content=\"Diario ABC de Michoac\u00e1n\" \/>\n<meta property=\"article:published_time\" content=\"2026-03-06T18:10:07+00:00\" \/>\n<meta property=\"og:image\" content=\"https:\/\/diarioabcdemichoacan.com.mx\/lasnoticias\/wp-content\/uploads\/2026\/03\/WhatsApp-Image-2026-03-05-at-6.10.40-PM.jpeg\" \/>\n\t<meta property=\"og:image:width\" content=\"1599\" \/>\n\t<meta property=\"og:image:height\" content=\"1066\" \/>\n\t<meta property=\"og:image:type\" content=\"image\/jpeg\" \/>\n<meta name=\"author\" content=\"AR\" \/>\n<meta name=\"twitter:card\" content=\"summary_large_image\" \/>\n<meta name=\"twitter:label1\" content=\"Escrito por\" \/>\n\t<meta name=\"twitter:data1\" content=\"AR\" \/>\n\t<meta name=\"twitter:label2\" content=\"Tiempo de lectura\" \/>\n\t<meta name=\"twitter:data2\" content=\"2 minutos\" \/>\n<script type=\"application\/ld+json\" class=\"yoast-schema-graph\">{\"@context\":\"https:\/\/schema.org\",\"@graph\":[{\"@type\":\"WebPage\",\"@id\":\"https:\/\/diarioabcdemichoacan.com.mx\/lasnoticias\/elias-ibarra-supervisa-jornada-de-vacunacion-en-uruapan\/\",\"url\":\"https:\/\/diarioabcdemichoacan.com.mx\/lasnoticias\/elias-ibarra-supervisa-jornada-de-vacunacion-en-uruapan\/\",\"name\":\"El\u00edas Ibarra supervisa jornada de vacunaci\u00f3n en Uruapan - Diario ABC de Michoac\u00e1n\",\"isPartOf\":{\"@id\":\"https:\/\/diarioabcdemichoacan.com.mx\/lasnoticias\/#website\"},\"primaryImageOfPage\":{\"@id\":\"https:\/\/diarioabcdemichoacan.com.mx\/lasnoticias\/elias-ibarra-supervisa-jornada-de-vacunacion-en-uruapan\/#primaryimage\"},\"image\":{\"@id\":\"https:\/\/diarioabcdemichoacan.com.mx\/lasnoticias\/elias-ibarra-supervisa-jornada-de-vacunacion-en-uruapan\/#primaryimage\"},\"thumbnailUrl\":\"https:\/\/diarioabcdemichoacan.com.mx\/lasnoticias\/wp-content\/uploads\/2026\/03\/WhatsApp-Image-2026-03-05-at-6.10.40-PM.jpeg\",\"datePublished\":\"2026-03-06T18:10:07+00:00\",\"dateModified\":\"2026-03-06T18:10:07+00:00\",\"author\":{\"@id\":\"https:\/\/diarioabcdemichoacan.com.mx\/lasnoticias\/#\/schema\/person\/19ae376040f6cbc489682ebdd8524852\"},\"breadcrumb\":{\"@id\":\"https:\/\/diarioabcdemichoacan.com.mx\/lasnoticias\/elias-ibarra-supervisa-jornada-de-vacunacion-en-uruapan\/#breadcrumb\"},\"inLanguage\":\"es\",\"potentialAction\":[{\"@type\":\"ReadAction\",\"target\":[\"https:\/\/diarioabcdemichoacan.com.mx\/lasnoticias\/elias-ibarra-supervisa-jornada-de-vacunacion-en-uruapan\/\"]}]},{\"@type\":\"ImageObject\",\"inLanguage\":\"es\",\"@id\":\"https:\/\/diarioabcdemichoacan.com.mx\/lasnoticias\/elias-ibarra-supervisa-jornada-de-vacunacion-en-uruapan\/#primaryimage\",\"url\":\"https:\/\/diarioabcdemichoacan.com.mx\/lasnoticias\/wp-content\/uploads\/2026\/03\/WhatsApp-Image-2026-03-05-at-6.10.40-PM.jpeg\",\"contentUrl\":\"https:\/\/diarioabcdemichoacan.com.mx\/lasnoticias\/wp-content\/uploads\/2026\/03\/WhatsApp-Image-2026-03-05-at-6.10.40-PM.jpeg\",\"width\":1599,\"height\":1066},{\"@type\":\"BreadcrumbList\",\"@id\":\"https:\/\/diarioabcdemichoacan.com.mx\/lasnoticias\/elias-ibarra-supervisa-jornada-de-vacunacion-en-uruapan\/#breadcrumb\",\"itemListElement\":[{\"@type\":\"ListItem\",\"position\":1,\"name\":\"Portada\",\"item\":\"https:\/\/diarioabcdemichoacan.com.mx\/lasnoticias\/\"},{\"@type\":\"ListItem\",\"position\":2,\"name\":\"El\u00edas Ibarra supervisa jornada de vacunaci\u00f3n en Uruapan\"}]},{\"@type\":\"WebSite\",\"@id\":\"https:\/\/diarioabcdemichoacan.com.mx\/lasnoticias\/#website\",\"url\":\"https:\/\/diarioabcdemichoacan.com.mx\/lasnoticias\/\",\"name\":\"Diario ABC de Michoac\u00e1n\",\"description\":\"Las noticias al momento\",\"potentialAction\":[{\"@type\":\"SearchAction\",\"target\":{\"@type\":\"EntryPoint\",\"urlTemplate\":\"https:\/\/diarioabcdemichoacan.com.mx\/lasnoticias\/?s={search_term_string}\"},\"query-input\":{\"@type\":\"PropertyValueSpecification\",\"valueRequired\":true,\"valueName\":\"search_term_string\"}}],\"inLanguage\":\"es\"},{\"@type\":\"Person\",\"@id\":\"https:\/\/diarioabcdemichoacan.com.mx\/lasnoticias\/#\/schema\/person\/19ae376040f6cbc489682ebdd8524852\",\"name\":\"AR\",\"image\":{\"@type\":\"ImageObject\",\"inLanguage\":\"es\",\"@id\":\"https:\/\/diarioabcdemichoacan.com.mx\/lasnoticias\/#\/schema\/person\/image\/\",\"url\":\"https:\/\/secure.gravatar.com\/avatar\/44eca2ff970262234e20e1e082872af0?s=96&d=mm&r=g\",\"contentUrl\":\"https:\/\/secure.gravatar.com\/avatar\/44eca2ff970262234e20e1e082872af0?s=96&d=mm&r=g\",\"caption\":\"AR\"},\"url\":\"https:\/\/diarioabcdemichoacan.com.mx\/lasnoticias\/author\/adrian\/\"}]}<\/script>\n<!-- \/ Yoast SEO plugin. -->","yoast_head_json":{"title":"El\u00edas Ibarra supervisa jornada de vacunaci\u00f3n en Uruapan - Diario ABC de Michoac\u00e1n","robots":{"index":"index","follow":"follow","max-snippet":"max-snippet:-1","max-image-preview":"max-image-preview:large","max-video-preview":"max-video-preview:-1"},"canonical":"https:\/\/diarioabcdemichoacan.com.mx\/lasnoticias\/elias-ibarra-supervisa-jornada-de-vacunacion-en-uruapan\/","og_locale":"es_ES","og_type":"article","og_title":"El\u00edas Ibarra supervisa jornada de vacunaci\u00f3n en Uruapan - Diario ABC de Michoac\u00e1n","og_description":"Por Michel Ortiz Uruapan, Mich.- El\u00edas Ibarra Torres, secretario de Salud de Michoac\u00e1n, encabez\u00f3 un recorrido de supervisi\u00f3n por diversos m\u00f3dulos de vacunaci\u00f3n e instituciones educativas en esta ciudad. Esto con el objetivo de fortalecer la barrera inmunol\u00f3gica en la entidad, est\u00e1 jornada forma parte de una estrategia prioritaria para erradicar los brotes epidemiol\u00f3gicos de [&hellip;]","og_url":"https:\/\/diarioabcdemichoacan.com.mx\/lasnoticias\/elias-ibarra-supervisa-jornada-de-vacunacion-en-uruapan\/","og_site_name":"Diario ABC de Michoac\u00e1n","article_published_time":"2026-03-06T18:10:07+00:00","og_image":[{"width":1599,"height":1066,"url":"https:\/\/diarioabcdemichoacan.com.mx\/lasnoticias\/wp-content\/uploads\/2026\/03\/WhatsApp-Image-2026-03-05-at-6.10.40-PM.jpeg","type":"image\/jpeg"}],"author":"AR","twitter_card":"summary_large_image","twitter_misc":{"Escrito por":"AR","Tiempo de lectura":"2 minutos"},"schema":{"@context":"https:\/\/schema.org","@graph":[{"@type":"WebPage","@id":"https:\/\/diarioabcdemichoacan.com.mx\/lasnoticias\/elias-ibarra-supervisa-jornada-de-vacunacion-en-uruapan\/","url":"https:\/\/diarioabcdemichoacan.com.mx\/lasnoticias\/elias-ibarra-supervisa-jornada-de-vacunacion-en-uruapan\/","name":"El\u00edas Ibarra supervisa jornada de vacunaci\u00f3n en Uruapan - Diario ABC de Michoac\u00e1n","isPartOf":{"@id":"https:\/\/diarioabcdemichoacan.com.mx\/lasnoticias\/#website"},"primaryImageOfPage":{"@id":"https:\/\/diarioabcdemichoacan.com.mx\/lasnoticias\/elias-ibarra-supervisa-jornada-de-vacunacion-en-uruapan\/#primaryimage"},"image":{"@id":"https:\/\/diarioabcdemichoacan.com.mx\/lasnoticias\/elias-ibarra-supervisa-jornada-de-vacunacion-en-uruapan\/#primaryimage"},"thumbnailUrl":"https:\/\/diarioabcdemichoacan.com.mx\/lasnoticias\/wp-content\/uploads\/2026\/03\/WhatsApp-Image-2026-03-05-at-6.10.40-PM.jpeg","datePublished":"2026-03-06T18:10:07+00:00","dateModified":"2026-03-06T18:10:07+00:00","author":{"@id":"https:\/\/diarioabcdemichoacan.com.mx\/lasnoticias\/#\/schema\/person\/19ae376040f6cbc489682ebdd8524852"},"breadcrumb":{"@id":"https:\/\/diarioabcdemichoacan.com.mx\/lasnoticias\/elias-ibarra-supervisa-jornada-de-vacunacion-en-uruapan\/#breadcrumb"},"inLanguage":"es","potentialAction":[{"@type":"ReadAction","target":["https:\/\/diarioabcdemichoacan.com.mx\/lasnoticias\/elias-ibarra-supervisa-jornada-de-vacunacion-en-uruapan\/"]}]},{"@type":"ImageObject","inLanguage":"es","@id":"https:\/\/diarioabcdemichoacan.com.mx\/lasnoticias\/elias-ibarra-supervisa-jornada-de-vacunacion-en-uruapan\/#primaryimage","url":"https:\/\/diarioabcdemichoacan.com.mx\/lasnoticias\/wp-content\/uploads\/2026\/03\/WhatsApp-Image-2026-03-05-at-6.10.40-PM.jpeg","contentUrl":"https:\/\/diarioabcdemichoacan.com.mx\/lasnoticias\/wp-content\/uploads\/2026\/03\/WhatsApp-Image-2026-03-05-at-6.10.40-PM.jpeg","width":1599,"height":1066},{"@type":"BreadcrumbList","@id":"https:\/\/diarioabcdemichoacan.com.mx\/lasnoticias\/elias-ibarra-supervisa-jornada-de-vacunacion-en-uruapan\/#breadcrumb","itemListElement":[{"@type":"ListItem","position":1,"name":"Portada","item":"https:\/\/diarioabcdemichoacan.com.mx\/lasnoticias\/"},{"@type":"ListItem","position":2,"name":"El\u00edas Ibarra supervisa jornada de vacunaci\u00f3n en Uruapan"}]},{"@type":"WebSite","@id":"https:\/\/diarioabcdemichoacan.com.mx\/lasnoticias\/#website","url":"https:\/\/diarioabcdemichoacan.com.mx\/lasnoticias\/","name":"Diario ABC de Michoac\u00e1n","description":"Las noticias al momento","potentialAction":[{"@type":"SearchAction","target":{"@type":"EntryPoint","urlTemplate":"https:\/\/diarioabcdemichoacan.com.mx\/lasnoticias\/?s={search_term_string}"},"query-input":{"@type":"PropertyValueSpecification","valueRequired":true,"valueName":"search_term_string"}}],"inLanguage":"es"},{"@type":"Person","@id":"https:\/\/diarioabcdemichoacan.com.mx\/lasnoticias\/#\/schema\/person\/19ae376040f6cbc489682ebdd8524852","name":"AR","image":{"@type":"ImageObject","inLanguage":"es","@id":"https:\/\/diarioabcdemichoacan.com.mx\/lasnoticias\/#\/schema\/person\/image\/","url":"https:\/\/secure.gravatar.com\/avatar\/44eca2ff970262234e20e1e082872af0?s=96&d=mm&r=g","contentUrl":"https:\/\/secure.gravatar.com\/avatar\/44eca2ff970262234e20e1e082872af0?s=96&d=mm&r=g","caption":"AR"},"url":"https:\/\/diarioabcdemichoacan.com.mx\/lasnoticias\/author\/adrian\/"}]}},"_links":{"self":[{"href":"https:\/\/diarioabcdemichoacan.com.mx\/lasnoticias\/wp-json\/wp\/v2\/posts\/76825","targetHints":{"allow":["GET"]}}],"collection":[{"href":"https:\/\/diarioabcdemichoacan.com.mx\/lasnoticias\/wp-json\/wp\/v2\/posts"}],"about":[{"href":"https:\/\/diarioabcdemichoacan.com.mx\/lasnoticias\/wp-json\/wp\/v2\/types\/post"}],"author":[{"embeddable":true,"href":"https:\/\/diarioabcdemichoacan.com.mx\/lasnoticias\/wp-json\/wp\/v2\/users\/9"}],"replies":[{"embeddable":true,"href":"https:\/\/diarioabcdemichoacan.com.mx\/lasnoticias\/wp-json\/wp\/v2\/comments?post=76825"}],"version-history":[{"count":1,"href":"https:\/\/diarioabcdemichoacan.com.mx\/lasnoticias\/wp-json\/wp\/v2\/posts\/76825\/revisions"}],"predecessor-version":[{"id":76827,"href":"https:\/\/diarioabcdemichoacan.com.mx\/lasnoticias\/wp-json\/wp\/v2\/posts\/76825\/revisions\/76827"}],"wp:featuredmedia":[{"embeddable":true,"href":"https:\/\/diarioabcdemichoacan.com.mx\/lasnoticias\/wp-json\/wp\/v2\/media\/76826"}],"wp:attachment":[{"href":"https:\/\/diarioabcdemichoacan.com.mx\/lasnoticias\/wp-json\/wp\/v2\/media?parent=76825"}],"wp:term":[{"taxonomy":"category","embeddable":true,"href":"https:\/\/diarioabcdemichoacan.com.mx\/lasnoticias\/wp-json\/wp\/v2\/categories?post=76825"},{"taxonomy":"post_tag","embeddable":true,"href":"https:\/\/diarioabcdemichoacan.com.mx\/lasnoticias\/wp-json\/wp\/v2\/tags?post=76825"}],"curies":[{"name":"wp","href":"https:\/\/api.w.org\/{rel}","templated":true}]}}