{"id":76894,"date":"2026-03-06T13:17:35","date_gmt":"2026-03-06T19:17:35","guid":{"rendered":"https:\/\/diarioabcdemichoacan.com.mx\/lasnoticias\/?p=76894"},"modified":"2026-03-06T13:17:35","modified_gmt":"2026-03-06T19:17:35","slug":"brinda-dif-morelia-atencion-temprana-a-menores-con-espectro-autista-paola-delgadillo","status":"publish","type":"post","link":"https:\/\/diarioabcdemichoacan.com.mx\/lasnoticias\/brinda-dif-morelia-atencion-temprana-a-menores-con-espectro-autista-paola-delgadillo\/","title":{"rendered":"Brinda DIF Morelia atenci\u00f3n temprana a menores con espectro autista: Paola Delgadillo"},"content":{"rendered":"<h2>Se capacita a personal educativo para identificar se\u00f1ales desde la primera infancia.<\/h2>\n<ul>\n<li>Ofrecemos diagn\u00f3stico temprano, intervenci\u00f3n terap\u00e9utica y acompa\u00f1amiento familiar.<\/li>\n<\/ul>\n<div><\/div>\n<div><\/div>\n<div>\n<hr \/>\n<p>Morelia, Mich.\u2013 Con el objetivo de fortalecer la detecci\u00f3n temprana del Trastorno del Espectro Autista (TEA), la presidenta honoraria del DIF Morelia, Paola Delgadillo Hern\u00e1ndez, impulsa acciones permanentes de capacitaci\u00f3n y sensibilizaci\u00f3n dirigidas a personal educativo y familias, a fin de que ni\u00f1as y ni\u00f1os reciban atenci\u00f3n oportuna desde sus primeros a\u00f1os de vida.<\/p><\/div>\n<div><\/div>\n<div>A trav\u00e9s del Centro de Autismo Morelia, el organismo desarrolla estrategias formativas que permiten identificar se\u00f1ales de alerta en etapas iniciales del desarrollo infantil. La detecci\u00f3n temprana facilita intervenciones especializadas que mejoran la comunicaci\u00f3n, la interacci\u00f3n social y la autonom\u00eda de ni\u00f1as y ni\u00f1os con TEA.<\/div>\n<div><\/div>\n<div>En el marco de estas acciones, se imparti\u00f3 la charla \u201cDetecci\u00f3n del trastorno del espectro autista en las edades tempranas del desarrollo\u201d, en la Guarder\u00eda 001 del IMSS Morelia, brindando herramientas pr\u00e1cticas al personal encargado del cuidado infantil dentro de una estrategia continua de formaci\u00f3n e inclusi\u00f3n.<\/div>\n<div><\/div>\n<div>El presidente municipal de Morelia, Alfonso Mart\u00ednez Alc\u00e1zar, ha reiterado que la inclusi\u00f3n debe construirse desde la prevenci\u00f3n y la educaci\u00f3n, fortaleciendo instituciones p\u00fablicas que garanticen igualdad de oportunidades para todas y todos.<\/div>\n<div><\/div>\n<div>El Centro de Autismo Morelia, primer espacio p\u00fablico especializado en TEA en Michoac\u00e1n, ofrece diagn\u00f3stico temprano, intervenci\u00f3n terap\u00e9utica y acompa\u00f1amiento familiar, fortaleciendo el desarrollo infantil desde un enfoque profesional y multidisciplinario.<\/div>\n<div><\/div>\n<div>\u201cHablar de autismo es abrir oportunidades desde la infancia, ya que informar y capacitar a quienes conviven diariamente con ni\u00f1as y ni\u00f1os permite derribar mitos y generar entornos escolares m\u00e1s emp\u00e1ticos y preparados\u201d, destac\u00f3 la presidenta del DIF Morelia, Paola Delgadillo.<\/div>\n<div><\/div>\n<div>Con estas acciones, el DIF Morelia fortalece una cultura de inclusi\u00f3n que permite a m\u00e1s familias acceder a orientaci\u00f3n especializada y atenci\u00f3n integral, consolidando a Morelia como el mejor lugar para vivir, donde cada ni\u00f1a y ni\u00f1o puede desarrollar su potencial en un entorno que construye la paz.<\/div>\n","protected":false},"excerpt":{"rendered":"<p>Se capacita a personal educativo para identificar se\u00f1ales desde la primera infancia. Ofrecemos diagn\u00f3stico temprano, intervenci\u00f3n terap\u00e9utica y acompa\u00f1amiento familiar. Morelia, Mich.\u2013 Con el objetivo de fortalecer la detecci\u00f3n temprana del Trastorno del Espectro Autista (TEA), la presidenta honoraria del DIF Morelia, Paola Delgadillo Hern\u00e1ndez, impulsa acciones permanentes de capacitaci\u00f3n y sensibilizaci\u00f3n dirigidas a personal [&hellip;]<\/p>\n","protected":false},"author":9,"featured_media":76895,"comment_status":"closed","ping_status":"closed","sticky":false,"template":"","format":"standard","meta":{"footnotes":""},"categories":[18,7,27],"tags":[],"class_list":{"0":"post-76894","1":"post","2":"type-post","3":"status-publish","4":"format-standard","5":"has-post-thumbnail","7":"category-ayuntamiento-de-morelia","8":"category-morelia","9":"category-slider"},"yoast_head":"<!-- This site is optimized with the Yoast SEO plugin v24.0 - https:\/\/yoast.com\/wordpress\/plugins\/seo\/ -->\n<title>Brinda DIF Morelia atenci\u00f3n temprana a menores con espectro autista: Paola Delgadillo - Diario ABC de Michoac\u00e1n<\/title>\n<meta name=\"robots\" content=\"index, follow, max-snippet:-1, max-image-preview:large, max-video-preview:-1\" \/>\n<link rel=\"canonical\" href=\"https:\/\/diarioabcdemichoacan.com.mx\/lasnoticias\/brinda-dif-morelia-atencion-temprana-a-menores-con-espectro-autista-paola-delgadillo\/\" \/>\n<meta property=\"og:locale\" content=\"es_ES\" \/>\n<meta property=\"og:type\" content=\"article\" \/>\n<meta property=\"og:title\" content=\"Brinda DIF Morelia atenci\u00f3n temprana a menores con espectro autista: Paola Delgadillo - Diario ABC de Michoac\u00e1n\" \/>\n<meta property=\"og:description\" content=\"Se capacita a personal educativo para identificar se\u00f1ales desde la primera infancia. Ofrecemos diagn\u00f3stico temprano, intervenci\u00f3n terap\u00e9utica y acompa\u00f1amiento familiar. Morelia, Mich.\u2013 Con el objetivo de fortalecer la detecci\u00f3n temprana del Trastorno del Espectro Autista (TEA), la presidenta honoraria del DIF Morelia, Paola Delgadillo Hern\u00e1ndez, impulsa acciones permanentes de capacitaci\u00f3n y sensibilizaci\u00f3n dirigidas a personal [&hellip;]\" \/>\n<meta property=\"og:url\" content=\"https:\/\/diarioabcdemichoacan.com.mx\/lasnoticias\/brinda-dif-morelia-atencion-temprana-a-menores-con-espectro-autista-paola-delgadillo\/\" \/>\n<meta property=\"og:site_name\" content=\"Diario ABC de Michoac\u00e1n\" \/>\n<meta property=\"article:published_time\" content=\"2026-03-06T19:17:35+00:00\" \/>\n<meta property=\"og:image\" content=\"https:\/\/diarioabcdemichoacan.com.mx\/lasnoticias\/wp-content\/uploads\/2026\/03\/WhatsApp-Image-2026-03-01-at-3.21.25-PM.jpeg\" \/>\n\t<meta property=\"og:image:width\" content=\"1280\" \/>\n\t<meta property=\"og:image:height\" content=\"853\" \/>\n\t<meta property=\"og:image:type\" content=\"image\/jpeg\" \/>\n<meta name=\"author\" content=\"AR\" \/>\n<meta name=\"twitter:card\" content=\"summary_large_image\" \/>\n<meta name=\"twitter:label1\" content=\"Escrito por\" \/>\n\t<meta name=\"twitter:data1\" content=\"AR\" \/>\n\t<meta name=\"twitter:label2\" content=\"Tiempo de lectura\" \/>\n\t<meta name=\"twitter:data2\" content=\"2 minutos\" \/>\n<script type=\"application\/ld+json\" class=\"yoast-schema-graph\">{\"@context\":\"https:\/\/schema.org\",\"@graph\":[{\"@type\":\"WebPage\",\"@id\":\"https:\/\/diarioabcdemichoacan.com.mx\/lasnoticias\/brinda-dif-morelia-atencion-temprana-a-menores-con-espectro-autista-paola-delgadillo\/\",\"url\":\"https:\/\/diarioabcdemichoacan.com.mx\/lasnoticias\/brinda-dif-morelia-atencion-temprana-a-menores-con-espectro-autista-paola-delgadillo\/\",\"name\":\"Brinda DIF Morelia atenci\u00f3n temprana a menores con espectro autista: Paola Delgadillo - Diario ABC de Michoac\u00e1n\",\"isPartOf\":{\"@id\":\"https:\/\/diarioabcdemichoacan.com.mx\/lasnoticias\/#website\"},\"primaryImageOfPage\":{\"@id\":\"https:\/\/diarioabcdemichoacan.com.mx\/lasnoticias\/brinda-dif-morelia-atencion-temprana-a-menores-con-espectro-autista-paola-delgadillo\/#primaryimage\"},\"image\":{\"@id\":\"https:\/\/diarioabcdemichoacan.com.mx\/lasnoticias\/brinda-dif-morelia-atencion-temprana-a-menores-con-espectro-autista-paola-delgadillo\/#primaryimage\"},\"thumbnailUrl\":\"https:\/\/diarioabcdemichoacan.com.mx\/lasnoticias\/wp-content\/uploads\/2026\/03\/WhatsApp-Image-2026-03-01-at-3.21.25-PM.jpeg\",\"datePublished\":\"2026-03-06T19:17:35+00:00\",\"dateModified\":\"2026-03-06T19:17:35+00:00\",\"author\":{\"@id\":\"https:\/\/diarioabcdemichoacan.com.mx\/lasnoticias\/#\/schema\/person\/19ae376040f6cbc489682ebdd8524852\"},\"breadcrumb\":{\"@id\":\"https:\/\/diarioabcdemichoacan.com.mx\/lasnoticias\/brinda-dif-morelia-atencion-temprana-a-menores-con-espectro-autista-paola-delgadillo\/#breadcrumb\"},\"inLanguage\":\"es\",\"potentialAction\":[{\"@type\":\"ReadAction\",\"target\":[\"https:\/\/diarioabcdemichoacan.com.mx\/lasnoticias\/brinda-dif-morelia-atencion-temprana-a-menores-con-espectro-autista-paola-delgadillo\/\"]}]},{\"@type\":\"ImageObject\",\"inLanguage\":\"es\",\"@id\":\"https:\/\/diarioabcdemichoacan.com.mx\/lasnoticias\/brinda-dif-morelia-atencion-temprana-a-menores-con-espectro-autista-paola-delgadillo\/#primaryimage\",\"url\":\"https:\/\/diarioabcdemichoacan.com.mx\/lasnoticias\/wp-content\/uploads\/2026\/03\/WhatsApp-Image-2026-03-01-at-3.21.25-PM.jpeg\",\"contentUrl\":\"https:\/\/diarioabcdemichoacan.com.mx\/lasnoticias\/wp-content\/uploads\/2026\/03\/WhatsApp-Image-2026-03-01-at-3.21.25-PM.jpeg\",\"width\":1280,\"height\":853},{\"@type\":\"BreadcrumbList\",\"@id\":\"https:\/\/diarioabcdemichoacan.com.mx\/lasnoticias\/brinda-dif-morelia-atencion-temprana-a-menores-con-espectro-autista-paola-delgadillo\/#breadcrumb\",\"itemListElement\":[{\"@type\":\"ListItem\",\"position\":1,\"name\":\"Portada\",\"item\":\"https:\/\/diarioabcdemichoacan.com.mx\/lasnoticias\/\"},{\"@type\":\"ListItem\",\"position\":2,\"name\":\"Brinda DIF Morelia atenci\u00f3n temprana a menores con espectro autista: Paola Delgadillo\"}]},{\"@type\":\"WebSite\",\"@id\":\"https:\/\/diarioabcdemichoacan.com.mx\/lasnoticias\/#website\",\"url\":\"https:\/\/diarioabcdemichoacan.com.mx\/lasnoticias\/\",\"name\":\"Diario ABC de Michoac\u00e1n\",\"description\":\"Las noticias al momento\",\"potentialAction\":[{\"@type\":\"SearchAction\",\"target\":{\"@type\":\"EntryPoint\",\"urlTemplate\":\"https:\/\/diarioabcdemichoacan.com.mx\/lasnoticias\/?s={search_term_string}\"},\"query-input\":{\"@type\":\"PropertyValueSpecification\",\"valueRequired\":true,\"valueName\":\"search_term_string\"}}],\"inLanguage\":\"es\"},{\"@type\":\"Person\",\"@id\":\"https:\/\/diarioabcdemichoacan.com.mx\/lasnoticias\/#\/schema\/person\/19ae376040f6cbc489682ebdd8524852\",\"name\":\"AR\",\"image\":{\"@type\":\"ImageObject\",\"inLanguage\":\"es\",\"@id\":\"https:\/\/diarioabcdemichoacan.com.mx\/lasnoticias\/#\/schema\/person\/image\/\",\"url\":\"https:\/\/secure.gravatar.com\/avatar\/44eca2ff970262234e20e1e082872af0?s=96&d=mm&r=g\",\"contentUrl\":\"https:\/\/secure.gravatar.com\/avatar\/44eca2ff970262234e20e1e082872af0?s=96&d=mm&r=g\",\"caption\":\"AR\"},\"url\":\"https:\/\/diarioabcdemichoacan.com.mx\/lasnoticias\/author\/adrian\/\"}]}<\/script>\n<!-- \/ Yoast SEO plugin. -->","yoast_head_json":{"title":"Brinda DIF Morelia atenci\u00f3n temprana a menores con espectro autista: Paola Delgadillo - Diario ABC de Michoac\u00e1n","robots":{"index":"index","follow":"follow","max-snippet":"max-snippet:-1","max-image-preview":"max-image-preview:large","max-video-preview":"max-video-preview:-1"},"canonical":"https:\/\/diarioabcdemichoacan.com.mx\/lasnoticias\/brinda-dif-morelia-atencion-temprana-a-menores-con-espectro-autista-paola-delgadillo\/","og_locale":"es_ES","og_type":"article","og_title":"Brinda DIF Morelia atenci\u00f3n temprana a menores con espectro autista: Paola Delgadillo - Diario ABC de Michoac\u00e1n","og_description":"Se capacita a personal educativo para identificar se\u00f1ales desde la primera infancia. Ofrecemos diagn\u00f3stico temprano, intervenci\u00f3n terap\u00e9utica y acompa\u00f1amiento familiar. Morelia, Mich.\u2013 Con el objetivo de fortalecer la detecci\u00f3n temprana del Trastorno del Espectro Autista (TEA), la presidenta honoraria del DIF Morelia, Paola Delgadillo Hern\u00e1ndez, impulsa acciones permanentes de capacitaci\u00f3n y sensibilizaci\u00f3n dirigidas a personal [&hellip;]","og_url":"https:\/\/diarioabcdemichoacan.com.mx\/lasnoticias\/brinda-dif-morelia-atencion-temprana-a-menores-con-espectro-autista-paola-delgadillo\/","og_site_name":"Diario ABC de Michoac\u00e1n","article_published_time":"2026-03-06T19:17:35+00:00","og_image":[{"width":1280,"height":853,"url":"https:\/\/diarioabcdemichoacan.com.mx\/lasnoticias\/wp-content\/uploads\/2026\/03\/WhatsApp-Image-2026-03-01-at-3.21.25-PM.jpeg","type":"image\/jpeg"}],"author":"AR","twitter_card":"summary_large_image","twitter_misc":{"Escrito por":"AR","Tiempo de lectura":"2 minutos"},"schema":{"@context":"https:\/\/schema.org","@graph":[{"@type":"WebPage","@id":"https:\/\/diarioabcdemichoacan.com.mx\/lasnoticias\/brinda-dif-morelia-atencion-temprana-a-menores-con-espectro-autista-paola-delgadillo\/","url":"https:\/\/diarioabcdemichoacan.com.mx\/lasnoticias\/brinda-dif-morelia-atencion-temprana-a-menores-con-espectro-autista-paola-delgadillo\/","name":"Brinda DIF Morelia atenci\u00f3n temprana a menores con espectro autista: Paola Delgadillo - Diario ABC de Michoac\u00e1n","isPartOf":{"@id":"https:\/\/diarioabcdemichoacan.com.mx\/lasnoticias\/#website"},"primaryImageOfPage":{"@id":"https:\/\/diarioabcdemichoacan.com.mx\/lasnoticias\/brinda-dif-morelia-atencion-temprana-a-menores-con-espectro-autista-paola-delgadillo\/#primaryimage"},"image":{"@id":"https:\/\/diarioabcdemichoacan.com.mx\/lasnoticias\/brinda-dif-morelia-atencion-temprana-a-menores-con-espectro-autista-paola-delgadillo\/#primaryimage"},"thumbnailUrl":"https:\/\/diarioabcdemichoacan.com.mx\/lasnoticias\/wp-content\/uploads\/2026\/03\/WhatsApp-Image-2026-03-01-at-3.21.25-PM.jpeg","datePublished":"2026-03-06T19:17:35+00:00","dateModified":"2026-03-06T19:17:35+00:00","author":{"@id":"https:\/\/diarioabcdemichoacan.com.mx\/lasnoticias\/#\/schema\/person\/19ae376040f6cbc489682ebdd8524852"},"breadcrumb":{"@id":"https:\/\/diarioabcdemichoacan.com.mx\/lasnoticias\/brinda-dif-morelia-atencion-temprana-a-menores-con-espectro-autista-paola-delgadillo\/#breadcrumb"},"inLanguage":"es","potentialAction":[{"@type":"ReadAction","target":["https:\/\/diarioabcdemichoacan.com.mx\/lasnoticias\/brinda-dif-morelia-atencion-temprana-a-menores-con-espectro-autista-paola-delgadillo\/"]}]},{"@type":"ImageObject","inLanguage":"es","@id":"https:\/\/diarioabcdemichoacan.com.mx\/lasnoticias\/brinda-dif-morelia-atencion-temprana-a-menores-con-espectro-autista-paola-delgadillo\/#primaryimage","url":"https:\/\/diarioabcdemichoacan.com.mx\/lasnoticias\/wp-content\/uploads\/2026\/03\/WhatsApp-Image-2026-03-01-at-3.21.25-PM.jpeg","contentUrl":"https:\/\/diarioabcdemichoacan.com.mx\/lasnoticias\/wp-content\/uploads\/2026\/03\/WhatsApp-Image-2026-03-01-at-3.21.25-PM.jpeg","width":1280,"height":853},{"@type":"BreadcrumbList","@id":"https:\/\/diarioabcdemichoacan.com.mx\/lasnoticias\/brinda-dif-morelia-atencion-temprana-a-menores-con-espectro-autista-paola-delgadillo\/#breadcrumb","itemListElement":[{"@type":"ListItem","position":1,"name":"Portada","item":"https:\/\/diarioabcdemichoacan.com.mx\/lasnoticias\/"},{"@type":"ListItem","position":2,"name":"Brinda DIF Morelia atenci\u00f3n temprana a menores con espectro autista: Paola Delgadillo"}]},{"@type":"WebSite","@id":"https:\/\/diarioabcdemichoacan.com.mx\/lasnoticias\/#website","url":"https:\/\/diarioabcdemichoacan.com.mx\/lasnoticias\/","name":"Diario ABC de Michoac\u00e1n","description":"Las noticias al momento","potentialAction":[{"@type":"SearchAction","target":{"@type":"EntryPoint","urlTemplate":"https:\/\/diarioabcdemichoacan.com.mx\/lasnoticias\/?s={search_term_string}"},"query-input":{"@type":"PropertyValueSpecification","valueRequired":true,"valueName":"search_term_string"}}],"inLanguage":"es"},{"@type":"Person","@id":"https:\/\/diarioabcdemichoacan.com.mx\/lasnoticias\/#\/schema\/person\/19ae376040f6cbc489682ebdd8524852","name":"AR","image":{"@type":"ImageObject","inLanguage":"es","@id":"https:\/\/diarioabcdemichoacan.com.mx\/lasnoticias\/#\/schema\/person\/image\/","url":"https:\/\/secure.gravatar.com\/avatar\/44eca2ff970262234e20e1e082872af0?s=96&d=mm&r=g","contentUrl":"https:\/\/secure.gravatar.com\/avatar\/44eca2ff970262234e20e1e082872af0?s=96&d=mm&r=g","caption":"AR"},"url":"https:\/\/diarioabcdemichoacan.com.mx\/lasnoticias\/author\/adrian\/"}]}},"_links":{"self":[{"href":"https:\/\/diarioabcdemichoacan.com.mx\/lasnoticias\/wp-json\/wp\/v2\/posts\/76894","targetHints":{"allow":["GET"]}}],"collection":[{"href":"https:\/\/diarioabcdemichoacan.com.mx\/lasnoticias\/wp-json\/wp\/v2\/posts"}],"about":[{"href":"https:\/\/diarioabcdemichoacan.com.mx\/lasnoticias\/wp-json\/wp\/v2\/types\/post"}],"author":[{"embeddable":true,"href":"https:\/\/diarioabcdemichoacan.com.mx\/lasnoticias\/wp-json\/wp\/v2\/users\/9"}],"replies":[{"embeddable":true,"href":"https:\/\/diarioabcdemichoacan.com.mx\/lasnoticias\/wp-json\/wp\/v2\/comments?post=76894"}],"version-history":[{"count":1,"href":"https:\/\/diarioabcdemichoacan.com.mx\/lasnoticias\/wp-json\/wp\/v2\/posts\/76894\/revisions"}],"predecessor-version":[{"id":76896,"href":"https:\/\/diarioabcdemichoacan.com.mx\/lasnoticias\/wp-json\/wp\/v2\/posts\/76894\/revisions\/76896"}],"wp:featuredmedia":[{"embeddable":true,"href":"https:\/\/diarioabcdemichoacan.com.mx\/lasnoticias\/wp-json\/wp\/v2\/media\/76895"}],"wp:attachment":[{"href":"https:\/\/diarioabcdemichoacan.com.mx\/lasnoticias\/wp-json\/wp\/v2\/media?parent=76894"}],"wp:term":[{"taxonomy":"category","embeddable":true,"href":"https:\/\/diarioabcdemichoacan.com.mx\/lasnoticias\/wp-json\/wp\/v2\/categories?post=76894"},{"taxonomy":"post_tag","embeddable":true,"href":"https:\/\/diarioabcdemichoacan.com.mx\/lasnoticias\/wp-json\/wp\/v2\/tags?post=76894"}],"curies":[{"name":"wp","href":"https:\/\/api.w.org\/{rel}","templated":true}]}}