{"id":76915,"date":"2026-03-06T13:35:54","date_gmt":"2026-03-06T19:35:54","guid":{"rendered":"https:\/\/diarioabcdemichoacan.com.mx\/lasnoticias\/?p=76915"},"modified":"2026-03-06T13:35:54","modified_gmt":"2026-03-06T19:35:54","slug":"gaby-molina-descarta-promocion-de-su-imagen-con-uso-de-recursos-publicos","status":"publish","type":"post","link":"https:\/\/diarioabcdemichoacan.com.mx\/lasnoticias\/gaby-molina-descarta-promocion-de-su-imagen-con-uso-de-recursos-publicos\/","title":{"rendered":"Gaby Molina descarta promoci\u00f3n de su imagen con uso de recursos p\u00fablicos"},"content":{"rendered":"<h6>Por Mariano Bola\u00f1os Monta\u00f1ez<\/h6>\n<hr \/>\n<p>Morelia, Mich.- La titular de la Secretar\u00eda de Educaci\u00f3n en el Estado (SEE), Gabriela Molina Aguilar, rechaz\u00f3 que se utilicen recursos p\u00fablicos para promocionar su imagen rumbo a las elecciones de 2027.<\/p>\n<p>Durante un foro feminista realizado en Morelia, en el marco del pr\u00f3ximo D\u00eda Internacional de la Mujer, la funcionaria explic\u00f3 que el evento tuvo como objetivo el empoderamiento y capacitaci\u00f3n de l\u00edderes educativas y personal docente, actividad que, dijo, se realiza cada a\u00f1o en fechas cercanas al 8 de marzo.<\/p>\n<p>Al ser cuestionada sobre posibles preferencias para definir a quien encabezar\u00e1 la candidatura de Morena a la gubernatura de Michoac\u00e1n, pidi\u00f3 esperar los tiempos y que se establezcan las reglas del proceso.<\/p>\n<p>Y es que Molina Aguilar ha sido mencionada entre los perfiles que podr\u00edan encabezar la Coordinaci\u00f3n de Comit\u00e9s en Defensa de la Cuarta Transformaci\u00f3n en el estado, lo que eventualmente la colocar\u00eda como posible candidata para los comicios de 2027.<\/p>\n","protected":false},"excerpt":{"rendered":"<p>Por Mariano Bola\u00f1os Monta\u00f1ez Morelia, Mich.- La titular de la Secretar\u00eda de Educaci\u00f3n en el Estado (SEE), Gabriela Molina Aguilar, rechaz\u00f3 que se utilicen recursos p\u00fablicos para promocionar su imagen rumbo a las elecciones de 2027. Durante un foro feminista realizado en Morelia, en el marco del pr\u00f3ximo D\u00eda Internacional de la Mujer, la funcionaria [&hellip;]<\/p>\n","protected":false},"author":9,"featured_media":76916,"comment_status":"closed","ping_status":"closed","sticky":false,"template":"","format":"standard","meta":{"footnotes":""},"categories":[30,28,27],"tags":[],"class_list":{"0":"post-76915","1":"post","2":"type-post","3":"status-publish","4":"format-standard","5":"has-post-thumbnail","7":"category-columnas","8":"category-politica","9":"category-slider"},"yoast_head":"<!-- This site is optimized with the Yoast SEO plugin v24.0 - https:\/\/yoast.com\/wordpress\/plugins\/seo\/ -->\n<title>Gaby Molina descarta promoci\u00f3n de su imagen con uso de recursos p\u00fablicos - Diario ABC de Michoac\u00e1n<\/title>\n<meta name=\"robots\" content=\"index, follow, max-snippet:-1, max-image-preview:large, max-video-preview:-1\" \/>\n<link rel=\"canonical\" href=\"https:\/\/diarioabcdemichoacan.com.mx\/lasnoticias\/gaby-molina-descarta-promocion-de-su-imagen-con-uso-de-recursos-publicos\/\" \/>\n<meta property=\"og:locale\" content=\"es_ES\" \/>\n<meta property=\"og:type\" content=\"article\" \/>\n<meta property=\"og:title\" content=\"Gaby Molina descarta promoci\u00f3n de su imagen con uso de recursos p\u00fablicos - Diario ABC de Michoac\u00e1n\" \/>\n<meta property=\"og:description\" content=\"Por Mariano Bola\u00f1os Monta\u00f1ez Morelia, Mich.- La titular de la Secretar\u00eda de Educaci\u00f3n en el Estado (SEE), Gabriela Molina Aguilar, rechaz\u00f3 que se utilicen recursos p\u00fablicos para promocionar su imagen rumbo a las elecciones de 2027. Durante un foro feminista realizado en Morelia, en el marco del pr\u00f3ximo D\u00eda Internacional de la Mujer, la funcionaria [&hellip;]\" \/>\n<meta property=\"og:url\" content=\"https:\/\/diarioabcdemichoacan.com.mx\/lasnoticias\/gaby-molina-descarta-promocion-de-su-imagen-con-uso-de-recursos-publicos\/\" \/>\n<meta property=\"og:site_name\" content=\"Diario ABC de Michoac\u00e1n\" \/>\n<meta property=\"article:published_time\" content=\"2026-03-06T19:35:54+00:00\" \/>\n<meta property=\"og:image\" content=\"https:\/\/diarioabcdemichoacan.com.mx\/lasnoticias\/wp-content\/uploads\/2026\/03\/WhatsApp-Image-2026-03-06-at-1.28.55-PM.jpeg\" \/>\n\t<meta property=\"og:image:width\" content=\"1600\" \/>\n\t<meta property=\"og:image:height\" content=\"902\" \/>\n\t<meta property=\"og:image:type\" content=\"image\/jpeg\" \/>\n<meta name=\"author\" content=\"AR\" \/>\n<meta name=\"twitter:card\" content=\"summary_large_image\" \/>\n<meta name=\"twitter:label1\" content=\"Escrito por\" \/>\n\t<meta name=\"twitter:data1\" content=\"AR\" \/>\n\t<meta name=\"twitter:label2\" content=\"Tiempo de lectura\" \/>\n\t<meta name=\"twitter:data2\" content=\"1 minuto\" \/>\n<script type=\"application\/ld+json\" class=\"yoast-schema-graph\">{\"@context\":\"https:\/\/schema.org\",\"@graph\":[{\"@type\":\"WebPage\",\"@id\":\"https:\/\/diarioabcdemichoacan.com.mx\/lasnoticias\/gaby-molina-descarta-promocion-de-su-imagen-con-uso-de-recursos-publicos\/\",\"url\":\"https:\/\/diarioabcdemichoacan.com.mx\/lasnoticias\/gaby-molina-descarta-promocion-de-su-imagen-con-uso-de-recursos-publicos\/\",\"name\":\"Gaby Molina descarta promoci\u00f3n de su imagen con uso de recursos p\u00fablicos - Diario ABC de Michoac\u00e1n\",\"isPartOf\":{\"@id\":\"https:\/\/diarioabcdemichoacan.com.mx\/lasnoticias\/#website\"},\"primaryImageOfPage\":{\"@id\":\"https:\/\/diarioabcdemichoacan.com.mx\/lasnoticias\/gaby-molina-descarta-promocion-de-su-imagen-con-uso-de-recursos-publicos\/#primaryimage\"},\"image\":{\"@id\":\"https:\/\/diarioabcdemichoacan.com.mx\/lasnoticias\/gaby-molina-descarta-promocion-de-su-imagen-con-uso-de-recursos-publicos\/#primaryimage\"},\"thumbnailUrl\":\"https:\/\/diarioabcdemichoacan.com.mx\/lasnoticias\/wp-content\/uploads\/2026\/03\/WhatsApp-Image-2026-03-06-at-1.28.55-PM.jpeg\",\"datePublished\":\"2026-03-06T19:35:54+00:00\",\"dateModified\":\"2026-03-06T19:35:54+00:00\",\"author\":{\"@id\":\"https:\/\/diarioabcdemichoacan.com.mx\/lasnoticias\/#\/schema\/person\/19ae376040f6cbc489682ebdd8524852\"},\"breadcrumb\":{\"@id\":\"https:\/\/diarioabcdemichoacan.com.mx\/lasnoticias\/gaby-molina-descarta-promocion-de-su-imagen-con-uso-de-recursos-publicos\/#breadcrumb\"},\"inLanguage\":\"es\",\"potentialAction\":[{\"@type\":\"ReadAction\",\"target\":[\"https:\/\/diarioabcdemichoacan.com.mx\/lasnoticias\/gaby-molina-descarta-promocion-de-su-imagen-con-uso-de-recursos-publicos\/\"]}]},{\"@type\":\"ImageObject\",\"inLanguage\":\"es\",\"@id\":\"https:\/\/diarioabcdemichoacan.com.mx\/lasnoticias\/gaby-molina-descarta-promocion-de-su-imagen-con-uso-de-recursos-publicos\/#primaryimage\",\"url\":\"https:\/\/diarioabcdemichoacan.com.mx\/lasnoticias\/wp-content\/uploads\/2026\/03\/WhatsApp-Image-2026-03-06-at-1.28.55-PM.jpeg\",\"contentUrl\":\"https:\/\/diarioabcdemichoacan.com.mx\/lasnoticias\/wp-content\/uploads\/2026\/03\/WhatsApp-Image-2026-03-06-at-1.28.55-PM.jpeg\",\"width\":1600,\"height\":902},{\"@type\":\"BreadcrumbList\",\"@id\":\"https:\/\/diarioabcdemichoacan.com.mx\/lasnoticias\/gaby-molina-descarta-promocion-de-su-imagen-con-uso-de-recursos-publicos\/#breadcrumb\",\"itemListElement\":[{\"@type\":\"ListItem\",\"position\":1,\"name\":\"Portada\",\"item\":\"https:\/\/diarioabcdemichoacan.com.mx\/lasnoticias\/\"},{\"@type\":\"ListItem\",\"position\":2,\"name\":\"Gaby Molina descarta promoci\u00f3n de su imagen con uso de recursos p\u00fablicos\"}]},{\"@type\":\"WebSite\",\"@id\":\"https:\/\/diarioabcdemichoacan.com.mx\/lasnoticias\/#website\",\"url\":\"https:\/\/diarioabcdemichoacan.com.mx\/lasnoticias\/\",\"name\":\"Diario ABC de Michoac\u00e1n\",\"description\":\"Las noticias al momento\",\"potentialAction\":[{\"@type\":\"SearchAction\",\"target\":{\"@type\":\"EntryPoint\",\"urlTemplate\":\"https:\/\/diarioabcdemichoacan.com.mx\/lasnoticias\/?s={search_term_string}\"},\"query-input\":{\"@type\":\"PropertyValueSpecification\",\"valueRequired\":true,\"valueName\":\"search_term_string\"}}],\"inLanguage\":\"es\"},{\"@type\":\"Person\",\"@id\":\"https:\/\/diarioabcdemichoacan.com.mx\/lasnoticias\/#\/schema\/person\/19ae376040f6cbc489682ebdd8524852\",\"name\":\"AR\",\"image\":{\"@type\":\"ImageObject\",\"inLanguage\":\"es\",\"@id\":\"https:\/\/diarioabcdemichoacan.com.mx\/lasnoticias\/#\/schema\/person\/image\/\",\"url\":\"https:\/\/secure.gravatar.com\/avatar\/44eca2ff970262234e20e1e082872af0?s=96&d=mm&r=g\",\"contentUrl\":\"https:\/\/secure.gravatar.com\/avatar\/44eca2ff970262234e20e1e082872af0?s=96&d=mm&r=g\",\"caption\":\"AR\"},\"url\":\"https:\/\/diarioabcdemichoacan.com.mx\/lasnoticias\/author\/adrian\/\"}]}<\/script>\n<!-- \/ Yoast SEO plugin. -->","yoast_head_json":{"title":"Gaby Molina descarta promoci\u00f3n de su imagen con uso de recursos p\u00fablicos - Diario ABC de Michoac\u00e1n","robots":{"index":"index","follow":"follow","max-snippet":"max-snippet:-1","max-image-preview":"max-image-preview:large","max-video-preview":"max-video-preview:-1"},"canonical":"https:\/\/diarioabcdemichoacan.com.mx\/lasnoticias\/gaby-molina-descarta-promocion-de-su-imagen-con-uso-de-recursos-publicos\/","og_locale":"es_ES","og_type":"article","og_title":"Gaby Molina descarta promoci\u00f3n de su imagen con uso de recursos p\u00fablicos - Diario ABC de Michoac\u00e1n","og_description":"Por Mariano Bola\u00f1os Monta\u00f1ez Morelia, Mich.- La titular de la Secretar\u00eda de Educaci\u00f3n en el Estado (SEE), Gabriela Molina Aguilar, rechaz\u00f3 que se utilicen recursos p\u00fablicos para promocionar su imagen rumbo a las elecciones de 2027. Durante un foro feminista realizado en Morelia, en el marco del pr\u00f3ximo D\u00eda Internacional de la Mujer, la funcionaria [&hellip;]","og_url":"https:\/\/diarioabcdemichoacan.com.mx\/lasnoticias\/gaby-molina-descarta-promocion-de-su-imagen-con-uso-de-recursos-publicos\/","og_site_name":"Diario ABC de Michoac\u00e1n","article_published_time":"2026-03-06T19:35:54+00:00","og_image":[{"width":1600,"height":902,"url":"https:\/\/diarioabcdemichoacan.com.mx\/lasnoticias\/wp-content\/uploads\/2026\/03\/WhatsApp-Image-2026-03-06-at-1.28.55-PM.jpeg","type":"image\/jpeg"}],"author":"AR","twitter_card":"summary_large_image","twitter_misc":{"Escrito por":"AR","Tiempo de lectura":"1 minuto"},"schema":{"@context":"https:\/\/schema.org","@graph":[{"@type":"WebPage","@id":"https:\/\/diarioabcdemichoacan.com.mx\/lasnoticias\/gaby-molina-descarta-promocion-de-su-imagen-con-uso-de-recursos-publicos\/","url":"https:\/\/diarioabcdemichoacan.com.mx\/lasnoticias\/gaby-molina-descarta-promocion-de-su-imagen-con-uso-de-recursos-publicos\/","name":"Gaby Molina descarta promoci\u00f3n de su imagen con uso de recursos p\u00fablicos - Diario ABC de Michoac\u00e1n","isPartOf":{"@id":"https:\/\/diarioabcdemichoacan.com.mx\/lasnoticias\/#website"},"primaryImageOfPage":{"@id":"https:\/\/diarioabcdemichoacan.com.mx\/lasnoticias\/gaby-molina-descarta-promocion-de-su-imagen-con-uso-de-recursos-publicos\/#primaryimage"},"image":{"@id":"https:\/\/diarioabcdemichoacan.com.mx\/lasnoticias\/gaby-molina-descarta-promocion-de-su-imagen-con-uso-de-recursos-publicos\/#primaryimage"},"thumbnailUrl":"https:\/\/diarioabcdemichoacan.com.mx\/lasnoticias\/wp-content\/uploads\/2026\/03\/WhatsApp-Image-2026-03-06-at-1.28.55-PM.jpeg","datePublished":"2026-03-06T19:35:54+00:00","dateModified":"2026-03-06T19:35:54+00:00","author":{"@id":"https:\/\/diarioabcdemichoacan.com.mx\/lasnoticias\/#\/schema\/person\/19ae376040f6cbc489682ebdd8524852"},"breadcrumb":{"@id":"https:\/\/diarioabcdemichoacan.com.mx\/lasnoticias\/gaby-molina-descarta-promocion-de-su-imagen-con-uso-de-recursos-publicos\/#breadcrumb"},"inLanguage":"es","potentialAction":[{"@type":"ReadAction","target":["https:\/\/diarioabcdemichoacan.com.mx\/lasnoticias\/gaby-molina-descarta-promocion-de-su-imagen-con-uso-de-recursos-publicos\/"]}]},{"@type":"ImageObject","inLanguage":"es","@id":"https:\/\/diarioabcdemichoacan.com.mx\/lasnoticias\/gaby-molina-descarta-promocion-de-su-imagen-con-uso-de-recursos-publicos\/#primaryimage","url":"https:\/\/diarioabcdemichoacan.com.mx\/lasnoticias\/wp-content\/uploads\/2026\/03\/WhatsApp-Image-2026-03-06-at-1.28.55-PM.jpeg","contentUrl":"https:\/\/diarioabcdemichoacan.com.mx\/lasnoticias\/wp-content\/uploads\/2026\/03\/WhatsApp-Image-2026-03-06-at-1.28.55-PM.jpeg","width":1600,"height":902},{"@type":"BreadcrumbList","@id":"https:\/\/diarioabcdemichoacan.com.mx\/lasnoticias\/gaby-molina-descarta-promocion-de-su-imagen-con-uso-de-recursos-publicos\/#breadcrumb","itemListElement":[{"@type":"ListItem","position":1,"name":"Portada","item":"https:\/\/diarioabcdemichoacan.com.mx\/lasnoticias\/"},{"@type":"ListItem","position":2,"name":"Gaby Molina descarta promoci\u00f3n de su imagen con uso de recursos p\u00fablicos"}]},{"@type":"WebSite","@id":"https:\/\/diarioabcdemichoacan.com.mx\/lasnoticias\/#website","url":"https:\/\/diarioabcdemichoacan.com.mx\/lasnoticias\/","name":"Diario ABC de Michoac\u00e1n","description":"Las noticias al momento","potentialAction":[{"@type":"SearchAction","target":{"@type":"EntryPoint","urlTemplate":"https:\/\/diarioabcdemichoacan.com.mx\/lasnoticias\/?s={search_term_string}"},"query-input":{"@type":"PropertyValueSpecification","valueRequired":true,"valueName":"search_term_string"}}],"inLanguage":"es"},{"@type":"Person","@id":"https:\/\/diarioabcdemichoacan.com.mx\/lasnoticias\/#\/schema\/person\/19ae376040f6cbc489682ebdd8524852","name":"AR","image":{"@type":"ImageObject","inLanguage":"es","@id":"https:\/\/diarioabcdemichoacan.com.mx\/lasnoticias\/#\/schema\/person\/image\/","url":"https:\/\/secure.gravatar.com\/avatar\/44eca2ff970262234e20e1e082872af0?s=96&d=mm&r=g","contentUrl":"https:\/\/secure.gravatar.com\/avatar\/44eca2ff970262234e20e1e082872af0?s=96&d=mm&r=g","caption":"AR"},"url":"https:\/\/diarioabcdemichoacan.com.mx\/lasnoticias\/author\/adrian\/"}]}},"_links":{"self":[{"href":"https:\/\/diarioabcdemichoacan.com.mx\/lasnoticias\/wp-json\/wp\/v2\/posts\/76915","targetHints":{"allow":["GET"]}}],"collection":[{"href":"https:\/\/diarioabcdemichoacan.com.mx\/lasnoticias\/wp-json\/wp\/v2\/posts"}],"about":[{"href":"https:\/\/diarioabcdemichoacan.com.mx\/lasnoticias\/wp-json\/wp\/v2\/types\/post"}],"author":[{"embeddable":true,"href":"https:\/\/diarioabcdemichoacan.com.mx\/lasnoticias\/wp-json\/wp\/v2\/users\/9"}],"replies":[{"embeddable":true,"href":"https:\/\/diarioabcdemichoacan.com.mx\/lasnoticias\/wp-json\/wp\/v2\/comments?post=76915"}],"version-history":[{"count":1,"href":"https:\/\/diarioabcdemichoacan.com.mx\/lasnoticias\/wp-json\/wp\/v2\/posts\/76915\/revisions"}],"predecessor-version":[{"id":76917,"href":"https:\/\/diarioabcdemichoacan.com.mx\/lasnoticias\/wp-json\/wp\/v2\/posts\/76915\/revisions\/76917"}],"wp:featuredmedia":[{"embeddable":true,"href":"https:\/\/diarioabcdemichoacan.com.mx\/lasnoticias\/wp-json\/wp\/v2\/media\/76916"}],"wp:attachment":[{"href":"https:\/\/diarioabcdemichoacan.com.mx\/lasnoticias\/wp-json\/wp\/v2\/media?parent=76915"}],"wp:term":[{"taxonomy":"category","embeddable":true,"href":"https:\/\/diarioabcdemichoacan.com.mx\/lasnoticias\/wp-json\/wp\/v2\/categories?post=76915"},{"taxonomy":"post_tag","embeddable":true,"href":"https:\/\/diarioabcdemichoacan.com.mx\/lasnoticias\/wp-json\/wp\/v2\/tags?post=76915"}],"curies":[{"name":"wp","href":"https:\/\/api.w.org\/{rel}","templated":true}]}}