{"id":77150,"date":"2026-03-12T13:30:09","date_gmt":"2026-03-12T19:30:09","guid":{"rendered":"https:\/\/diarioabcdemichoacan.com.mx\/lasnoticias\/?p=77150"},"modified":"2026-03-12T13:30:09","modified_gmt":"2026-03-12T19:30:09","slug":"desincorporacion-de-predios-no-es-por-tema-economico-es-por-reordenamiento-gobernador","status":"publish","type":"post","link":"https:\/\/diarioabcdemichoacan.com.mx\/lasnoticias\/desincorporacion-de-predios-no-es-por-tema-economico-es-por-reordenamiento-gobernador\/","title":{"rendered":"Desincorporaci\u00f3n de predios no es por tema econ\u00f3mico, es por reordenamiento: gobernador"},"content":{"rendered":"<h6>Por Mariano Bola\u00f1os Monta\u00f1ez<\/h6>\n<hr \/>\n<p>Morelia, Mich.- En medio de la pol\u00e9mica generada por la desincorporaci\u00f3n de al menos 37 predios propiedad del Estado, y ante se\u00f1alamientos por aval\u00faos incorrectos e intereses de algunos legisladores por supuestamente adquirir esas propiedades, el gobernador Alfredo Ram\u00edrez Bedolla consider\u00f3 que se ha vuelto un tema medi\u00e1tico que se ha politizado.<\/p>\n<p>En encuentro con medios de comunicaci\u00f3n el mandatario Estatal resalt\u00f3 que esta desincorporaci\u00f3n no obedece a un tema recaudatorio sino de simple ordenamiento ya que muchos de los territorios actualmente est\u00e1n siendo ocupados por particulares e incluso se corr\u00eda el riesgo de que la administraci\u00f3n Estatal los perdiera.<\/p>\n<p>Record\u00f3 que la totalidad de terrenos desincorados 14 predios Ir\u00e1n destinados a donaciones, tanto para el Instituto Mexicano del Seguro Social, el Congreso del Estado, instituciones educativas, casas de la cultura museos y otros recintos que ahora administrar\u00e1n los municipios.<\/p>\n<p>Asegur\u00f3 que a nadie se le quitar\u00e1n sus derechos ni su propiedad sino que buscar\u00e1n aprovechar la infraestructura que tienen, as\u00ed como dar garant\u00eda legal de los predios, por lo que no hay nada que ocultar, seg\u00fan detall\u00f3.<\/p>\n<p>Inclusive adelant\u00f3 que las entregas de las donaciones ser\u00e1n p\u00fablicas y con total transparencia, ya que todo es en beneficio de las y los michoacanos.<\/p>\n","protected":false},"excerpt":{"rendered":"<p>Por Mariano Bola\u00f1os Monta\u00f1ez Morelia, Mich.- En medio de la pol\u00e9mica generada por la desincorporaci\u00f3n de al menos 37 predios propiedad del Estado, y ante se\u00f1alamientos por aval\u00faos incorrectos e intereses de algunos legisladores por supuestamente adquirir esas propiedades, el gobernador Alfredo Ram\u00edrez Bedolla consider\u00f3 que se ha vuelto un tema medi\u00e1tico que se ha [&hellip;]<\/p>\n","protected":false},"author":9,"featured_media":77151,"comment_status":"closed","ping_status":"closed","sticky":false,"template":"","format":"standard","meta":{"footnotes":""},"categories":[13,10,28,27],"tags":[],"class_list":{"0":"post-77150","1":"post","2":"type-post","3":"status-publish","4":"format-standard","5":"has-post-thumbnail","7":"category-congreso","8":"category-estado","9":"category-politica","10":"category-slider"},"yoast_head":"<!-- This site is optimized with the Yoast SEO plugin v24.0 - https:\/\/yoast.com\/wordpress\/plugins\/seo\/ -->\n<title>Desincorporaci\u00f3n de predios no es por tema econ\u00f3mico, es por reordenamiento: gobernador - Diario ABC de Michoac\u00e1n<\/title>\n<meta name=\"robots\" content=\"index, follow, max-snippet:-1, max-image-preview:large, max-video-preview:-1\" \/>\n<link rel=\"canonical\" href=\"https:\/\/diarioabcdemichoacan.com.mx\/lasnoticias\/desincorporacion-de-predios-no-es-por-tema-economico-es-por-reordenamiento-gobernador\/\" \/>\n<meta property=\"og:locale\" content=\"es_ES\" \/>\n<meta property=\"og:type\" content=\"article\" \/>\n<meta property=\"og:title\" content=\"Desincorporaci\u00f3n de predios no es por tema econ\u00f3mico, es por reordenamiento: gobernador - Diario ABC de Michoac\u00e1n\" \/>\n<meta property=\"og:description\" content=\"Por Mariano Bola\u00f1os Monta\u00f1ez Morelia, Mich.- En medio de la pol\u00e9mica generada por la desincorporaci\u00f3n de al menos 37 predios propiedad del Estado, y ante se\u00f1alamientos por aval\u00faos incorrectos e intereses de algunos legisladores por supuestamente adquirir esas propiedades, el gobernador Alfredo Ram\u00edrez Bedolla consider\u00f3 que se ha vuelto un tema medi\u00e1tico que se ha [&hellip;]\" \/>\n<meta property=\"og:url\" content=\"https:\/\/diarioabcdemichoacan.com.mx\/lasnoticias\/desincorporacion-de-predios-no-es-por-tema-economico-es-por-reordenamiento-gobernador\/\" \/>\n<meta property=\"og:site_name\" content=\"Diario ABC de Michoac\u00e1n\" \/>\n<meta property=\"article:published_time\" content=\"2026-03-12T19:30:09+00:00\" \/>\n<meta property=\"og:image\" content=\"https:\/\/diarioabcdemichoacan.com.mx\/lasnoticias\/wp-content\/uploads\/2026\/03\/WhatsApp-Image-2026-03-12-at-12.55.50-PM.jpeg\" \/>\n\t<meta property=\"og:image:width\" content=\"1106\" \/>\n\t<meta property=\"og:image:height\" content=\"649\" \/>\n\t<meta property=\"og:image:type\" content=\"image\/jpeg\" \/>\n<meta name=\"author\" content=\"AR\" \/>\n<meta name=\"twitter:card\" content=\"summary_large_image\" \/>\n<meta name=\"twitter:label1\" content=\"Escrito por\" \/>\n\t<meta name=\"twitter:data1\" content=\"AR\" \/>\n\t<meta name=\"twitter:label2\" content=\"Tiempo de lectura\" \/>\n\t<meta name=\"twitter:data2\" content=\"2 minutos\" \/>\n<script type=\"application\/ld+json\" class=\"yoast-schema-graph\">{\"@context\":\"https:\/\/schema.org\",\"@graph\":[{\"@type\":\"WebPage\",\"@id\":\"https:\/\/diarioabcdemichoacan.com.mx\/lasnoticias\/desincorporacion-de-predios-no-es-por-tema-economico-es-por-reordenamiento-gobernador\/\",\"url\":\"https:\/\/diarioabcdemichoacan.com.mx\/lasnoticias\/desincorporacion-de-predios-no-es-por-tema-economico-es-por-reordenamiento-gobernador\/\",\"name\":\"Desincorporaci\u00f3n de predios no es por tema econ\u00f3mico, es por reordenamiento: gobernador - Diario ABC de Michoac\u00e1n\",\"isPartOf\":{\"@id\":\"https:\/\/diarioabcdemichoacan.com.mx\/lasnoticias\/#website\"},\"primaryImageOfPage\":{\"@id\":\"https:\/\/diarioabcdemichoacan.com.mx\/lasnoticias\/desincorporacion-de-predios-no-es-por-tema-economico-es-por-reordenamiento-gobernador\/#primaryimage\"},\"image\":{\"@id\":\"https:\/\/diarioabcdemichoacan.com.mx\/lasnoticias\/desincorporacion-de-predios-no-es-por-tema-economico-es-por-reordenamiento-gobernador\/#primaryimage\"},\"thumbnailUrl\":\"https:\/\/diarioabcdemichoacan.com.mx\/lasnoticias\/wp-content\/uploads\/2026\/03\/WhatsApp-Image-2026-03-12-at-12.55.50-PM.jpeg\",\"datePublished\":\"2026-03-12T19:30:09+00:00\",\"dateModified\":\"2026-03-12T19:30:09+00:00\",\"author\":{\"@id\":\"https:\/\/diarioabcdemichoacan.com.mx\/lasnoticias\/#\/schema\/person\/19ae376040f6cbc489682ebdd8524852\"},\"breadcrumb\":{\"@id\":\"https:\/\/diarioabcdemichoacan.com.mx\/lasnoticias\/desincorporacion-de-predios-no-es-por-tema-economico-es-por-reordenamiento-gobernador\/#breadcrumb\"},\"inLanguage\":\"es\",\"potentialAction\":[{\"@type\":\"ReadAction\",\"target\":[\"https:\/\/diarioabcdemichoacan.com.mx\/lasnoticias\/desincorporacion-de-predios-no-es-por-tema-economico-es-por-reordenamiento-gobernador\/\"]}]},{\"@type\":\"ImageObject\",\"inLanguage\":\"es\",\"@id\":\"https:\/\/diarioabcdemichoacan.com.mx\/lasnoticias\/desincorporacion-de-predios-no-es-por-tema-economico-es-por-reordenamiento-gobernador\/#primaryimage\",\"url\":\"https:\/\/diarioabcdemichoacan.com.mx\/lasnoticias\/wp-content\/uploads\/2026\/03\/WhatsApp-Image-2026-03-12-at-12.55.50-PM.jpeg\",\"contentUrl\":\"https:\/\/diarioabcdemichoacan.com.mx\/lasnoticias\/wp-content\/uploads\/2026\/03\/WhatsApp-Image-2026-03-12-at-12.55.50-PM.jpeg\",\"width\":1106,\"height\":649},{\"@type\":\"BreadcrumbList\",\"@id\":\"https:\/\/diarioabcdemichoacan.com.mx\/lasnoticias\/desincorporacion-de-predios-no-es-por-tema-economico-es-por-reordenamiento-gobernador\/#breadcrumb\",\"itemListElement\":[{\"@type\":\"ListItem\",\"position\":1,\"name\":\"Portada\",\"item\":\"https:\/\/diarioabcdemichoacan.com.mx\/lasnoticias\/\"},{\"@type\":\"ListItem\",\"position\":2,\"name\":\"Desincorporaci\u00f3n de predios no es por tema econ\u00f3mico, es por reordenamiento: gobernador\"}]},{\"@type\":\"WebSite\",\"@id\":\"https:\/\/diarioabcdemichoacan.com.mx\/lasnoticias\/#website\",\"url\":\"https:\/\/diarioabcdemichoacan.com.mx\/lasnoticias\/\",\"name\":\"Diario ABC de Michoac\u00e1n\",\"description\":\"Las noticias al momento\",\"potentialAction\":[{\"@type\":\"SearchAction\",\"target\":{\"@type\":\"EntryPoint\",\"urlTemplate\":\"https:\/\/diarioabcdemichoacan.com.mx\/lasnoticias\/?s={search_term_string}\"},\"query-input\":{\"@type\":\"PropertyValueSpecification\",\"valueRequired\":true,\"valueName\":\"search_term_string\"}}],\"inLanguage\":\"es\"},{\"@type\":\"Person\",\"@id\":\"https:\/\/diarioabcdemichoacan.com.mx\/lasnoticias\/#\/schema\/person\/19ae376040f6cbc489682ebdd8524852\",\"name\":\"AR\",\"image\":{\"@type\":\"ImageObject\",\"inLanguage\":\"es\",\"@id\":\"https:\/\/diarioabcdemichoacan.com.mx\/lasnoticias\/#\/schema\/person\/image\/\",\"url\":\"https:\/\/secure.gravatar.com\/avatar\/44eca2ff970262234e20e1e082872af0?s=96&d=mm&r=g\",\"contentUrl\":\"https:\/\/secure.gravatar.com\/avatar\/44eca2ff970262234e20e1e082872af0?s=96&d=mm&r=g\",\"caption\":\"AR\"},\"url\":\"https:\/\/diarioabcdemichoacan.com.mx\/lasnoticias\/author\/adrian\/\"}]}<\/script>\n<!-- \/ Yoast SEO plugin. -->","yoast_head_json":{"title":"Desincorporaci\u00f3n de predios no es por tema econ\u00f3mico, es por reordenamiento: gobernador - Diario ABC de Michoac\u00e1n","robots":{"index":"index","follow":"follow","max-snippet":"max-snippet:-1","max-image-preview":"max-image-preview:large","max-video-preview":"max-video-preview:-1"},"canonical":"https:\/\/diarioabcdemichoacan.com.mx\/lasnoticias\/desincorporacion-de-predios-no-es-por-tema-economico-es-por-reordenamiento-gobernador\/","og_locale":"es_ES","og_type":"article","og_title":"Desincorporaci\u00f3n de predios no es por tema econ\u00f3mico, es por reordenamiento: gobernador - Diario ABC de Michoac\u00e1n","og_description":"Por Mariano Bola\u00f1os Monta\u00f1ez Morelia, Mich.- En medio de la pol\u00e9mica generada por la desincorporaci\u00f3n de al menos 37 predios propiedad del Estado, y ante se\u00f1alamientos por aval\u00faos incorrectos e intereses de algunos legisladores por supuestamente adquirir esas propiedades, el gobernador Alfredo Ram\u00edrez Bedolla consider\u00f3 que se ha vuelto un tema medi\u00e1tico que se ha [&hellip;]","og_url":"https:\/\/diarioabcdemichoacan.com.mx\/lasnoticias\/desincorporacion-de-predios-no-es-por-tema-economico-es-por-reordenamiento-gobernador\/","og_site_name":"Diario ABC de Michoac\u00e1n","article_published_time":"2026-03-12T19:30:09+00:00","og_image":[{"width":1106,"height":649,"url":"https:\/\/diarioabcdemichoacan.com.mx\/lasnoticias\/wp-content\/uploads\/2026\/03\/WhatsApp-Image-2026-03-12-at-12.55.50-PM.jpeg","type":"image\/jpeg"}],"author":"AR","twitter_card":"summary_large_image","twitter_misc":{"Escrito por":"AR","Tiempo de lectura":"2 minutos"},"schema":{"@context":"https:\/\/schema.org","@graph":[{"@type":"WebPage","@id":"https:\/\/diarioabcdemichoacan.com.mx\/lasnoticias\/desincorporacion-de-predios-no-es-por-tema-economico-es-por-reordenamiento-gobernador\/","url":"https:\/\/diarioabcdemichoacan.com.mx\/lasnoticias\/desincorporacion-de-predios-no-es-por-tema-economico-es-por-reordenamiento-gobernador\/","name":"Desincorporaci\u00f3n de predios no es por tema econ\u00f3mico, es por reordenamiento: gobernador - Diario ABC de Michoac\u00e1n","isPartOf":{"@id":"https:\/\/diarioabcdemichoacan.com.mx\/lasnoticias\/#website"},"primaryImageOfPage":{"@id":"https:\/\/diarioabcdemichoacan.com.mx\/lasnoticias\/desincorporacion-de-predios-no-es-por-tema-economico-es-por-reordenamiento-gobernador\/#primaryimage"},"image":{"@id":"https:\/\/diarioabcdemichoacan.com.mx\/lasnoticias\/desincorporacion-de-predios-no-es-por-tema-economico-es-por-reordenamiento-gobernador\/#primaryimage"},"thumbnailUrl":"https:\/\/diarioabcdemichoacan.com.mx\/lasnoticias\/wp-content\/uploads\/2026\/03\/WhatsApp-Image-2026-03-12-at-12.55.50-PM.jpeg","datePublished":"2026-03-12T19:30:09+00:00","dateModified":"2026-03-12T19:30:09+00:00","author":{"@id":"https:\/\/diarioabcdemichoacan.com.mx\/lasnoticias\/#\/schema\/person\/19ae376040f6cbc489682ebdd8524852"},"breadcrumb":{"@id":"https:\/\/diarioabcdemichoacan.com.mx\/lasnoticias\/desincorporacion-de-predios-no-es-por-tema-economico-es-por-reordenamiento-gobernador\/#breadcrumb"},"inLanguage":"es","potentialAction":[{"@type":"ReadAction","target":["https:\/\/diarioabcdemichoacan.com.mx\/lasnoticias\/desincorporacion-de-predios-no-es-por-tema-economico-es-por-reordenamiento-gobernador\/"]}]},{"@type":"ImageObject","inLanguage":"es","@id":"https:\/\/diarioabcdemichoacan.com.mx\/lasnoticias\/desincorporacion-de-predios-no-es-por-tema-economico-es-por-reordenamiento-gobernador\/#primaryimage","url":"https:\/\/diarioabcdemichoacan.com.mx\/lasnoticias\/wp-content\/uploads\/2026\/03\/WhatsApp-Image-2026-03-12-at-12.55.50-PM.jpeg","contentUrl":"https:\/\/diarioabcdemichoacan.com.mx\/lasnoticias\/wp-content\/uploads\/2026\/03\/WhatsApp-Image-2026-03-12-at-12.55.50-PM.jpeg","width":1106,"height":649},{"@type":"BreadcrumbList","@id":"https:\/\/diarioabcdemichoacan.com.mx\/lasnoticias\/desincorporacion-de-predios-no-es-por-tema-economico-es-por-reordenamiento-gobernador\/#breadcrumb","itemListElement":[{"@type":"ListItem","position":1,"name":"Portada","item":"https:\/\/diarioabcdemichoacan.com.mx\/lasnoticias\/"},{"@type":"ListItem","position":2,"name":"Desincorporaci\u00f3n de predios no es por tema econ\u00f3mico, es por reordenamiento: gobernador"}]},{"@type":"WebSite","@id":"https:\/\/diarioabcdemichoacan.com.mx\/lasnoticias\/#website","url":"https:\/\/diarioabcdemichoacan.com.mx\/lasnoticias\/","name":"Diario ABC de Michoac\u00e1n","description":"Las noticias al momento","potentialAction":[{"@type":"SearchAction","target":{"@type":"EntryPoint","urlTemplate":"https:\/\/diarioabcdemichoacan.com.mx\/lasnoticias\/?s={search_term_string}"},"query-input":{"@type":"PropertyValueSpecification","valueRequired":true,"valueName":"search_term_string"}}],"inLanguage":"es"},{"@type":"Person","@id":"https:\/\/diarioabcdemichoacan.com.mx\/lasnoticias\/#\/schema\/person\/19ae376040f6cbc489682ebdd8524852","name":"AR","image":{"@type":"ImageObject","inLanguage":"es","@id":"https:\/\/diarioabcdemichoacan.com.mx\/lasnoticias\/#\/schema\/person\/image\/","url":"https:\/\/secure.gravatar.com\/avatar\/44eca2ff970262234e20e1e082872af0?s=96&d=mm&r=g","contentUrl":"https:\/\/secure.gravatar.com\/avatar\/44eca2ff970262234e20e1e082872af0?s=96&d=mm&r=g","caption":"AR"},"url":"https:\/\/diarioabcdemichoacan.com.mx\/lasnoticias\/author\/adrian\/"}]}},"_links":{"self":[{"href":"https:\/\/diarioabcdemichoacan.com.mx\/lasnoticias\/wp-json\/wp\/v2\/posts\/77150","targetHints":{"allow":["GET"]}}],"collection":[{"href":"https:\/\/diarioabcdemichoacan.com.mx\/lasnoticias\/wp-json\/wp\/v2\/posts"}],"about":[{"href":"https:\/\/diarioabcdemichoacan.com.mx\/lasnoticias\/wp-json\/wp\/v2\/types\/post"}],"author":[{"embeddable":true,"href":"https:\/\/diarioabcdemichoacan.com.mx\/lasnoticias\/wp-json\/wp\/v2\/users\/9"}],"replies":[{"embeddable":true,"href":"https:\/\/diarioabcdemichoacan.com.mx\/lasnoticias\/wp-json\/wp\/v2\/comments?post=77150"}],"version-history":[{"count":1,"href":"https:\/\/diarioabcdemichoacan.com.mx\/lasnoticias\/wp-json\/wp\/v2\/posts\/77150\/revisions"}],"predecessor-version":[{"id":77152,"href":"https:\/\/diarioabcdemichoacan.com.mx\/lasnoticias\/wp-json\/wp\/v2\/posts\/77150\/revisions\/77152"}],"wp:featuredmedia":[{"embeddable":true,"href":"https:\/\/diarioabcdemichoacan.com.mx\/lasnoticias\/wp-json\/wp\/v2\/media\/77151"}],"wp:attachment":[{"href":"https:\/\/diarioabcdemichoacan.com.mx\/lasnoticias\/wp-json\/wp\/v2\/media?parent=77150"}],"wp:term":[{"taxonomy":"category","embeddable":true,"href":"https:\/\/diarioabcdemichoacan.com.mx\/lasnoticias\/wp-json\/wp\/v2\/categories?post=77150"},{"taxonomy":"post_tag","embeddable":true,"href":"https:\/\/diarioabcdemichoacan.com.mx\/lasnoticias\/wp-json\/wp\/v2\/tags?post=77150"}],"curies":[{"name":"wp","href":"https:\/\/api.w.org\/{rel}","templated":true}]}}