{"id":77167,"date":"2026-03-12T14:37:55","date_gmt":"2026-03-12T20:37:55","guid":{"rendered":"https:\/\/diarioabcdemichoacan.com.mx\/lasnoticias\/?p=77167"},"modified":"2026-03-12T14:37:55","modified_gmt":"2026-03-12T20:37:55","slug":"rechazo-a-reforma-electoral-refleja-funcionamiento-de-la-democracia-bedolla","status":"publish","type":"post","link":"https:\/\/diarioabcdemichoacan.com.mx\/lasnoticias\/rechazo-a-reforma-electoral-refleja-funcionamiento-de-la-democracia-bedolla\/","title":{"rendered":"Rechazo a reforma electoral refleja funcionamiento de la democracia: Bedolla"},"content":{"rendered":"<h6>Por Mariano Bola\u00f1os Monta\u00f1ez<\/h6>\n<hr \/>\n<p>Morelia, Mich.- El gobernador de Michoac\u00e1n, Alfredo Ram\u00edrez Bedolla, afirm\u00f3 que la no aprobaci\u00f3n de la reforma electoral impulsada por la presidenta de M\u00e9xico, Claudia Sheinbaum Pardo, en la C\u00e1mara de Diputados de M\u00e9xico es parte del funcionamiento normal de la democracia.<\/p>\n<p>En entrevista con medios de comunicaci\u00f3n, el mandatario se\u00f1al\u00f3 que la falta de consenso entre las fuerzas pol\u00edticas, donde est\u00e1n incluidos partidos aliados a Morena, refleja la pluralidad del sistema democr\u00e1tico.<\/p>\n<p>\u201cEn algunas ocasiones estamos de acuerdo y generamos consensos y mayor\u00edas, y en otras no; eso es democr\u00e1tico\u201d, expres\u00f3.<\/p>\n<p>Ram\u00edrez Bedolla reiter\u00f3 su respaldo a la presidenta al se\u00f1alar que, tras no alcanzar la mayor\u00eda calificada de dos terceras partes en el Congreso, ya se trabaja en la construcci\u00f3n de un \u201cPlan B\u201d para impulsar cambios en materia electoral.<\/p>\n<p>Finalmente, al ser cuestionado sobre si la falta de apoyo de algunos partidos podr\u00eda afectar posibles alianzas rumbo a las elecciones de 2027, el gobernador consider\u00f3 que se trata de un asunto que corresponde resolver directamente a los institutos pol\u00edticos.<\/p>\n","protected":false},"excerpt":{"rendered":"<p>Por Mariano Bola\u00f1os Monta\u00f1ez Morelia, Mich.- El gobernador de Michoac\u00e1n, Alfredo Ram\u00edrez Bedolla, afirm\u00f3 que la no aprobaci\u00f3n de la reforma electoral impulsada por la presidenta de M\u00e9xico, Claudia Sheinbaum Pardo, en la C\u00e1mara de Diputados de M\u00e9xico es parte del funcionamiento normal de la democracia. En entrevista con medios de comunicaci\u00f3n, el mandatario se\u00f1al\u00f3 [&hellip;]<\/p>\n","protected":false},"author":9,"featured_media":77157,"comment_status":"closed","ping_status":"closed","sticky":false,"template":"","format":"standard","meta":{"footnotes":""},"categories":[30,10,28,27],"tags":[],"class_list":{"0":"post-77167","1":"post","2":"type-post","3":"status-publish","4":"format-standard","5":"has-post-thumbnail","7":"category-columnas","8":"category-estado","9":"category-politica","10":"category-slider"},"yoast_head":"<!-- This site is optimized with the Yoast SEO plugin v24.0 - https:\/\/yoast.com\/wordpress\/plugins\/seo\/ -->\n<title>Rechazo a reforma electoral refleja funcionamiento de la democracia: Bedolla - Diario ABC de Michoac\u00e1n<\/title>\n<meta name=\"robots\" content=\"index, follow, max-snippet:-1, max-image-preview:large, max-video-preview:-1\" \/>\n<link rel=\"canonical\" href=\"https:\/\/diarioabcdemichoacan.com.mx\/lasnoticias\/rechazo-a-reforma-electoral-refleja-funcionamiento-de-la-democracia-bedolla\/\" \/>\n<meta property=\"og:locale\" content=\"es_ES\" \/>\n<meta property=\"og:type\" content=\"article\" \/>\n<meta property=\"og:title\" content=\"Rechazo a reforma electoral refleja funcionamiento de la democracia: Bedolla - Diario ABC de Michoac\u00e1n\" \/>\n<meta property=\"og:description\" content=\"Por Mariano Bola\u00f1os Monta\u00f1ez Morelia, Mich.- El gobernador de Michoac\u00e1n, Alfredo Ram\u00edrez Bedolla, afirm\u00f3 que la no aprobaci\u00f3n de la reforma electoral impulsada por la presidenta de M\u00e9xico, Claudia Sheinbaum Pardo, en la C\u00e1mara de Diputados de M\u00e9xico es parte del funcionamiento normal de la democracia. En entrevista con medios de comunicaci\u00f3n, el mandatario se\u00f1al\u00f3 [&hellip;]\" \/>\n<meta property=\"og:url\" content=\"https:\/\/diarioabcdemichoacan.com.mx\/lasnoticias\/rechazo-a-reforma-electoral-refleja-funcionamiento-de-la-democracia-bedolla\/\" \/>\n<meta property=\"og:site_name\" content=\"Diario ABC de Michoac\u00e1n\" \/>\n<meta property=\"article:published_time\" content=\"2026-03-12T20:37:55+00:00\" \/>\n<meta property=\"og:image\" content=\"https:\/\/diarioabcdemichoacan.com.mx\/lasnoticias\/wp-content\/uploads\/2026\/03\/WhatsApp-Image-2026-03-12-at-12.19.19-PM.jpeg\" \/>\n\t<meta property=\"og:image:width\" content=\"633\" \/>\n\t<meta property=\"og:image:height\" content=\"421\" \/>\n\t<meta property=\"og:image:type\" content=\"image\/jpeg\" \/>\n<meta name=\"author\" content=\"AR\" \/>\n<meta name=\"twitter:card\" content=\"summary_large_image\" \/>\n<meta name=\"twitter:label1\" content=\"Escrito por\" \/>\n\t<meta name=\"twitter:data1\" content=\"AR\" \/>\n\t<meta name=\"twitter:label2\" content=\"Tiempo de lectura\" \/>\n\t<meta name=\"twitter:data2\" content=\"2 minutos\" \/>\n<script type=\"application\/ld+json\" class=\"yoast-schema-graph\">{\"@context\":\"https:\/\/schema.org\",\"@graph\":[{\"@type\":\"WebPage\",\"@id\":\"https:\/\/diarioabcdemichoacan.com.mx\/lasnoticias\/rechazo-a-reforma-electoral-refleja-funcionamiento-de-la-democracia-bedolla\/\",\"url\":\"https:\/\/diarioabcdemichoacan.com.mx\/lasnoticias\/rechazo-a-reforma-electoral-refleja-funcionamiento-de-la-democracia-bedolla\/\",\"name\":\"Rechazo a reforma electoral refleja funcionamiento de la democracia: Bedolla - Diario ABC de Michoac\u00e1n\",\"isPartOf\":{\"@id\":\"https:\/\/diarioabcdemichoacan.com.mx\/lasnoticias\/#website\"},\"primaryImageOfPage\":{\"@id\":\"https:\/\/diarioabcdemichoacan.com.mx\/lasnoticias\/rechazo-a-reforma-electoral-refleja-funcionamiento-de-la-democracia-bedolla\/#primaryimage\"},\"image\":{\"@id\":\"https:\/\/diarioabcdemichoacan.com.mx\/lasnoticias\/rechazo-a-reforma-electoral-refleja-funcionamiento-de-la-democracia-bedolla\/#primaryimage\"},\"thumbnailUrl\":\"https:\/\/diarioabcdemichoacan.com.mx\/lasnoticias\/wp-content\/uploads\/2026\/03\/WhatsApp-Image-2026-03-12-at-12.19.19-PM.jpeg\",\"datePublished\":\"2026-03-12T20:37:55+00:00\",\"dateModified\":\"2026-03-12T20:37:55+00:00\",\"author\":{\"@id\":\"https:\/\/diarioabcdemichoacan.com.mx\/lasnoticias\/#\/schema\/person\/19ae376040f6cbc489682ebdd8524852\"},\"breadcrumb\":{\"@id\":\"https:\/\/diarioabcdemichoacan.com.mx\/lasnoticias\/rechazo-a-reforma-electoral-refleja-funcionamiento-de-la-democracia-bedolla\/#breadcrumb\"},\"inLanguage\":\"es\",\"potentialAction\":[{\"@type\":\"ReadAction\",\"target\":[\"https:\/\/diarioabcdemichoacan.com.mx\/lasnoticias\/rechazo-a-reforma-electoral-refleja-funcionamiento-de-la-democracia-bedolla\/\"]}]},{\"@type\":\"ImageObject\",\"inLanguage\":\"es\",\"@id\":\"https:\/\/diarioabcdemichoacan.com.mx\/lasnoticias\/rechazo-a-reforma-electoral-refleja-funcionamiento-de-la-democracia-bedolla\/#primaryimage\",\"url\":\"https:\/\/diarioabcdemichoacan.com.mx\/lasnoticias\/wp-content\/uploads\/2026\/03\/WhatsApp-Image-2026-03-12-at-12.19.19-PM.jpeg\",\"contentUrl\":\"https:\/\/diarioabcdemichoacan.com.mx\/lasnoticias\/wp-content\/uploads\/2026\/03\/WhatsApp-Image-2026-03-12-at-12.19.19-PM.jpeg\",\"width\":633,\"height\":421},{\"@type\":\"BreadcrumbList\",\"@id\":\"https:\/\/diarioabcdemichoacan.com.mx\/lasnoticias\/rechazo-a-reforma-electoral-refleja-funcionamiento-de-la-democracia-bedolla\/#breadcrumb\",\"itemListElement\":[{\"@type\":\"ListItem\",\"position\":1,\"name\":\"Portada\",\"item\":\"https:\/\/diarioabcdemichoacan.com.mx\/lasnoticias\/\"},{\"@type\":\"ListItem\",\"position\":2,\"name\":\"Rechazo a reforma electoral refleja funcionamiento de la democracia: Bedolla\"}]},{\"@type\":\"WebSite\",\"@id\":\"https:\/\/diarioabcdemichoacan.com.mx\/lasnoticias\/#website\",\"url\":\"https:\/\/diarioabcdemichoacan.com.mx\/lasnoticias\/\",\"name\":\"Diario ABC de Michoac\u00e1n\",\"description\":\"Las noticias al momento\",\"potentialAction\":[{\"@type\":\"SearchAction\",\"target\":{\"@type\":\"EntryPoint\",\"urlTemplate\":\"https:\/\/diarioabcdemichoacan.com.mx\/lasnoticias\/?s={search_term_string}\"},\"query-input\":{\"@type\":\"PropertyValueSpecification\",\"valueRequired\":true,\"valueName\":\"search_term_string\"}}],\"inLanguage\":\"es\"},{\"@type\":\"Person\",\"@id\":\"https:\/\/diarioabcdemichoacan.com.mx\/lasnoticias\/#\/schema\/person\/19ae376040f6cbc489682ebdd8524852\",\"name\":\"AR\",\"image\":{\"@type\":\"ImageObject\",\"inLanguage\":\"es\",\"@id\":\"https:\/\/diarioabcdemichoacan.com.mx\/lasnoticias\/#\/schema\/person\/image\/\",\"url\":\"https:\/\/secure.gravatar.com\/avatar\/44eca2ff970262234e20e1e082872af0?s=96&d=mm&r=g\",\"contentUrl\":\"https:\/\/secure.gravatar.com\/avatar\/44eca2ff970262234e20e1e082872af0?s=96&d=mm&r=g\",\"caption\":\"AR\"},\"url\":\"https:\/\/diarioabcdemichoacan.com.mx\/lasnoticias\/author\/adrian\/\"}]}<\/script>\n<!-- \/ Yoast SEO plugin. -->","yoast_head_json":{"title":"Rechazo a reforma electoral refleja funcionamiento de la democracia: Bedolla - Diario ABC de Michoac\u00e1n","robots":{"index":"index","follow":"follow","max-snippet":"max-snippet:-1","max-image-preview":"max-image-preview:large","max-video-preview":"max-video-preview:-1"},"canonical":"https:\/\/diarioabcdemichoacan.com.mx\/lasnoticias\/rechazo-a-reforma-electoral-refleja-funcionamiento-de-la-democracia-bedolla\/","og_locale":"es_ES","og_type":"article","og_title":"Rechazo a reforma electoral refleja funcionamiento de la democracia: Bedolla - Diario ABC de Michoac\u00e1n","og_description":"Por Mariano Bola\u00f1os Monta\u00f1ez Morelia, Mich.- El gobernador de Michoac\u00e1n, Alfredo Ram\u00edrez Bedolla, afirm\u00f3 que la no aprobaci\u00f3n de la reforma electoral impulsada por la presidenta de M\u00e9xico, Claudia Sheinbaum Pardo, en la C\u00e1mara de Diputados de M\u00e9xico es parte del funcionamiento normal de la democracia. En entrevista con medios de comunicaci\u00f3n, el mandatario se\u00f1al\u00f3 [&hellip;]","og_url":"https:\/\/diarioabcdemichoacan.com.mx\/lasnoticias\/rechazo-a-reforma-electoral-refleja-funcionamiento-de-la-democracia-bedolla\/","og_site_name":"Diario ABC de Michoac\u00e1n","article_published_time":"2026-03-12T20:37:55+00:00","og_image":[{"width":633,"height":421,"url":"https:\/\/diarioabcdemichoacan.com.mx\/lasnoticias\/wp-content\/uploads\/2026\/03\/WhatsApp-Image-2026-03-12-at-12.19.19-PM.jpeg","type":"image\/jpeg"}],"author":"AR","twitter_card":"summary_large_image","twitter_misc":{"Escrito por":"AR","Tiempo de lectura":"2 minutos"},"schema":{"@context":"https:\/\/schema.org","@graph":[{"@type":"WebPage","@id":"https:\/\/diarioabcdemichoacan.com.mx\/lasnoticias\/rechazo-a-reforma-electoral-refleja-funcionamiento-de-la-democracia-bedolla\/","url":"https:\/\/diarioabcdemichoacan.com.mx\/lasnoticias\/rechazo-a-reforma-electoral-refleja-funcionamiento-de-la-democracia-bedolla\/","name":"Rechazo a reforma electoral refleja funcionamiento de la democracia: Bedolla - Diario ABC de Michoac\u00e1n","isPartOf":{"@id":"https:\/\/diarioabcdemichoacan.com.mx\/lasnoticias\/#website"},"primaryImageOfPage":{"@id":"https:\/\/diarioabcdemichoacan.com.mx\/lasnoticias\/rechazo-a-reforma-electoral-refleja-funcionamiento-de-la-democracia-bedolla\/#primaryimage"},"image":{"@id":"https:\/\/diarioabcdemichoacan.com.mx\/lasnoticias\/rechazo-a-reforma-electoral-refleja-funcionamiento-de-la-democracia-bedolla\/#primaryimage"},"thumbnailUrl":"https:\/\/diarioabcdemichoacan.com.mx\/lasnoticias\/wp-content\/uploads\/2026\/03\/WhatsApp-Image-2026-03-12-at-12.19.19-PM.jpeg","datePublished":"2026-03-12T20:37:55+00:00","dateModified":"2026-03-12T20:37:55+00:00","author":{"@id":"https:\/\/diarioabcdemichoacan.com.mx\/lasnoticias\/#\/schema\/person\/19ae376040f6cbc489682ebdd8524852"},"breadcrumb":{"@id":"https:\/\/diarioabcdemichoacan.com.mx\/lasnoticias\/rechazo-a-reforma-electoral-refleja-funcionamiento-de-la-democracia-bedolla\/#breadcrumb"},"inLanguage":"es","potentialAction":[{"@type":"ReadAction","target":["https:\/\/diarioabcdemichoacan.com.mx\/lasnoticias\/rechazo-a-reforma-electoral-refleja-funcionamiento-de-la-democracia-bedolla\/"]}]},{"@type":"ImageObject","inLanguage":"es","@id":"https:\/\/diarioabcdemichoacan.com.mx\/lasnoticias\/rechazo-a-reforma-electoral-refleja-funcionamiento-de-la-democracia-bedolla\/#primaryimage","url":"https:\/\/diarioabcdemichoacan.com.mx\/lasnoticias\/wp-content\/uploads\/2026\/03\/WhatsApp-Image-2026-03-12-at-12.19.19-PM.jpeg","contentUrl":"https:\/\/diarioabcdemichoacan.com.mx\/lasnoticias\/wp-content\/uploads\/2026\/03\/WhatsApp-Image-2026-03-12-at-12.19.19-PM.jpeg","width":633,"height":421},{"@type":"BreadcrumbList","@id":"https:\/\/diarioabcdemichoacan.com.mx\/lasnoticias\/rechazo-a-reforma-electoral-refleja-funcionamiento-de-la-democracia-bedolla\/#breadcrumb","itemListElement":[{"@type":"ListItem","position":1,"name":"Portada","item":"https:\/\/diarioabcdemichoacan.com.mx\/lasnoticias\/"},{"@type":"ListItem","position":2,"name":"Rechazo a reforma electoral refleja funcionamiento de la democracia: Bedolla"}]},{"@type":"WebSite","@id":"https:\/\/diarioabcdemichoacan.com.mx\/lasnoticias\/#website","url":"https:\/\/diarioabcdemichoacan.com.mx\/lasnoticias\/","name":"Diario ABC de Michoac\u00e1n","description":"Las noticias al momento","potentialAction":[{"@type":"SearchAction","target":{"@type":"EntryPoint","urlTemplate":"https:\/\/diarioabcdemichoacan.com.mx\/lasnoticias\/?s={search_term_string}"},"query-input":{"@type":"PropertyValueSpecification","valueRequired":true,"valueName":"search_term_string"}}],"inLanguage":"es"},{"@type":"Person","@id":"https:\/\/diarioabcdemichoacan.com.mx\/lasnoticias\/#\/schema\/person\/19ae376040f6cbc489682ebdd8524852","name":"AR","image":{"@type":"ImageObject","inLanguage":"es","@id":"https:\/\/diarioabcdemichoacan.com.mx\/lasnoticias\/#\/schema\/person\/image\/","url":"https:\/\/secure.gravatar.com\/avatar\/44eca2ff970262234e20e1e082872af0?s=96&d=mm&r=g","contentUrl":"https:\/\/secure.gravatar.com\/avatar\/44eca2ff970262234e20e1e082872af0?s=96&d=mm&r=g","caption":"AR"},"url":"https:\/\/diarioabcdemichoacan.com.mx\/lasnoticias\/author\/adrian\/"}]}},"_links":{"self":[{"href":"https:\/\/diarioabcdemichoacan.com.mx\/lasnoticias\/wp-json\/wp\/v2\/posts\/77167","targetHints":{"allow":["GET"]}}],"collection":[{"href":"https:\/\/diarioabcdemichoacan.com.mx\/lasnoticias\/wp-json\/wp\/v2\/posts"}],"about":[{"href":"https:\/\/diarioabcdemichoacan.com.mx\/lasnoticias\/wp-json\/wp\/v2\/types\/post"}],"author":[{"embeddable":true,"href":"https:\/\/diarioabcdemichoacan.com.mx\/lasnoticias\/wp-json\/wp\/v2\/users\/9"}],"replies":[{"embeddable":true,"href":"https:\/\/diarioabcdemichoacan.com.mx\/lasnoticias\/wp-json\/wp\/v2\/comments?post=77167"}],"version-history":[{"count":1,"href":"https:\/\/diarioabcdemichoacan.com.mx\/lasnoticias\/wp-json\/wp\/v2\/posts\/77167\/revisions"}],"predecessor-version":[{"id":77168,"href":"https:\/\/diarioabcdemichoacan.com.mx\/lasnoticias\/wp-json\/wp\/v2\/posts\/77167\/revisions\/77168"}],"wp:featuredmedia":[{"embeddable":true,"href":"https:\/\/diarioabcdemichoacan.com.mx\/lasnoticias\/wp-json\/wp\/v2\/media\/77157"}],"wp:attachment":[{"href":"https:\/\/diarioabcdemichoacan.com.mx\/lasnoticias\/wp-json\/wp\/v2\/media?parent=77167"}],"wp:term":[{"taxonomy":"category","embeddable":true,"href":"https:\/\/diarioabcdemichoacan.com.mx\/lasnoticias\/wp-json\/wp\/v2\/categories?post=77167"},{"taxonomy":"post_tag","embeddable":true,"href":"https:\/\/diarioabcdemichoacan.com.mx\/lasnoticias\/wp-json\/wp\/v2\/tags?post=77167"}],"curies":[{"name":"wp","href":"https:\/\/api.w.org\/{rel}","templated":true}]}}