{"id":77171,"date":"2026-03-12T14:39:26","date_gmt":"2026-03-12T20:39:26","guid":{"rendered":"https:\/\/diarioabcdemichoacan.com.mx\/lasnoticias\/?p=77171"},"modified":"2026-03-12T14:39:26","modified_gmt":"2026-03-12T20:39:26","slug":"presenta-belinda-iturbide-iniciativa-para-reformar-la-ley-del-agua-en-michoacan","status":"publish","type":"post","link":"https:\/\/diarioabcdemichoacan.com.mx\/lasnoticias\/presenta-belinda-iturbide-iniciativa-para-reformar-la-ley-del-agua-en-michoacan\/","title":{"rendered":"Presenta Belinda Iturbide iniciativa para reformar la Ley del Agua en Michoac\u00e1n"},"content":{"rendered":"<hr \/>\n<p>Morelia, Mich.- La diputada Belinda Iturbide D\u00edaz, de extracci\u00f3n Morenista, present\u00f3 una iniciativa para reformar la Ley del Agua y Gesti\u00f3n de Cuencas para el Estado de Michoac\u00e1n, con el objetivo de reconocer el acceso al agua como un derecho humano fundamental y deje de concebirse como una mercanc\u00eda.<\/p>\n<p>La iniciativa busca armonizar la legislaci\u00f3n estatal con la Constituci\u00f3n Pol\u00edtica de los Estados Unidos Mexicanos, que reconoce el derecho al acceso, disposici\u00f3n y saneamiento de agua para consumo personal y dom\u00e9stico, es decir el reconocimiento efectivo del agua como un derecho y no como un insumo sujeto a las reglas del mercado.<\/p>\n<p>La diputada Iturbide D\u00edaz destac\u00f3 que el agua es la condici\u00f3n misma de la vida y que su acceso es esencial para la salud, la alimentaci\u00f3n, la higiene y la dignidad humana.<\/p>\n<p>La propuesta busca derogar la fracci\u00f3n XI del art\u00edculo 4 de la Ley del Agua, que establece que la gesti\u00f3n del agua debe generar recursos necesarios bajo la premisa de que \u00abel agua paga el agua\u00bb, lo que podr\u00eda tensionar el contenido esencial del derecho humano al agua. En su lugar, se propone reconocer el acceso al agua como un derecho humano fundamental y establecer que el Estado es responsable de garantizar su disponibilidad, calidad, accesibilidad y asequibilidad.<\/p>\n<p>La diputada Iturbide D\u00edaz enfatiz\u00f3 que la reforma no debilita la gesti\u00f3n t\u00e9cnica ni la disciplina administrativa, sino que la fortalece al dotarla de una br\u00fajula clara: la dignidad humana. La iniciativa ser\u00e1 analizada por la Comisi\u00f3n de Recursos Naturales y Medio Ambiente del Congreso del Estado.<\/p>\n","protected":false},"excerpt":{"rendered":"<p>Morelia, Mich.- La diputada Belinda Iturbide D\u00edaz, de extracci\u00f3n Morenista, present\u00f3 una iniciativa para reformar la Ley del Agua y Gesti\u00f3n de Cuencas para el Estado de Michoac\u00e1n, con el objetivo de reconocer el acceso al agua como un derecho humano fundamental y deje de concebirse como una mercanc\u00eda. La iniciativa busca armonizar la legislaci\u00f3n [&hellip;]<\/p>\n","protected":false},"author":9,"featured_media":77159,"comment_status":"closed","ping_status":"closed","sticky":false,"template":"","format":"standard","meta":{"footnotes":""},"categories":[13,22,28,27],"tags":[],"class_list":{"0":"post-77171","1":"post","2":"type-post","3":"status-publish","4":"format-standard","5":"has-post-thumbnail","7":"category-congreso","8":"category-congreso-de-michoacan","9":"category-politica","10":"category-slider"},"yoast_head":"<!-- This site is optimized with the Yoast SEO plugin v24.0 - https:\/\/yoast.com\/wordpress\/plugins\/seo\/ -->\n<title>Presenta Belinda Iturbide iniciativa para reformar la Ley del Agua en Michoac\u00e1n - Diario ABC de Michoac\u00e1n<\/title>\n<meta name=\"robots\" content=\"index, follow, max-snippet:-1, max-image-preview:large, max-video-preview:-1\" \/>\n<link rel=\"canonical\" href=\"https:\/\/diarioabcdemichoacan.com.mx\/lasnoticias\/presenta-belinda-iturbide-iniciativa-para-reformar-la-ley-del-agua-en-michoacan\/\" \/>\n<meta property=\"og:locale\" content=\"es_ES\" \/>\n<meta property=\"og:type\" content=\"article\" \/>\n<meta property=\"og:title\" content=\"Presenta Belinda Iturbide iniciativa para reformar la Ley del Agua en Michoac\u00e1n - Diario ABC de Michoac\u00e1n\" \/>\n<meta property=\"og:description\" content=\"Morelia, Mich.- La diputada Belinda Iturbide D\u00edaz, de extracci\u00f3n Morenista, present\u00f3 una iniciativa para reformar la Ley del Agua y Gesti\u00f3n de Cuencas para el Estado de Michoac\u00e1n, con el objetivo de reconocer el acceso al agua como un derecho humano fundamental y deje de concebirse como una mercanc\u00eda. La iniciativa busca armonizar la legislaci\u00f3n [&hellip;]\" \/>\n<meta property=\"og:url\" content=\"https:\/\/diarioabcdemichoacan.com.mx\/lasnoticias\/presenta-belinda-iturbide-iniciativa-para-reformar-la-ley-del-agua-en-michoacan\/\" \/>\n<meta property=\"og:site_name\" content=\"Diario ABC de Michoac\u00e1n\" \/>\n<meta property=\"article:published_time\" content=\"2026-03-12T20:39:26+00:00\" \/>\n<meta property=\"og:image\" content=\"https:\/\/diarioabcdemichoacan.com.mx\/lasnoticias\/wp-content\/uploads\/2026\/03\/WhatsApp-Image-2026-03-12-at-11.10.15-AM.jpeg\" \/>\n\t<meta property=\"og:image:width\" content=\"1280\" \/>\n\t<meta property=\"og:image:height\" content=\"854\" \/>\n\t<meta property=\"og:image:type\" content=\"image\/jpeg\" \/>\n<meta name=\"author\" content=\"AR\" \/>\n<meta name=\"twitter:card\" content=\"summary_large_image\" \/>\n<meta name=\"twitter:label1\" content=\"Escrito por\" \/>\n\t<meta name=\"twitter:data1\" content=\"AR\" \/>\n\t<meta name=\"twitter:label2\" content=\"Tiempo de lectura\" \/>\n\t<meta name=\"twitter:data2\" content=\"2 minutos\" \/>\n<script type=\"application\/ld+json\" class=\"yoast-schema-graph\">{\"@context\":\"https:\/\/schema.org\",\"@graph\":[{\"@type\":\"WebPage\",\"@id\":\"https:\/\/diarioabcdemichoacan.com.mx\/lasnoticias\/presenta-belinda-iturbide-iniciativa-para-reformar-la-ley-del-agua-en-michoacan\/\",\"url\":\"https:\/\/diarioabcdemichoacan.com.mx\/lasnoticias\/presenta-belinda-iturbide-iniciativa-para-reformar-la-ley-del-agua-en-michoacan\/\",\"name\":\"Presenta Belinda Iturbide iniciativa para reformar la Ley del Agua en Michoac\u00e1n - Diario ABC de Michoac\u00e1n\",\"isPartOf\":{\"@id\":\"https:\/\/diarioabcdemichoacan.com.mx\/lasnoticias\/#website\"},\"primaryImageOfPage\":{\"@id\":\"https:\/\/diarioabcdemichoacan.com.mx\/lasnoticias\/presenta-belinda-iturbide-iniciativa-para-reformar-la-ley-del-agua-en-michoacan\/#primaryimage\"},\"image\":{\"@id\":\"https:\/\/diarioabcdemichoacan.com.mx\/lasnoticias\/presenta-belinda-iturbide-iniciativa-para-reformar-la-ley-del-agua-en-michoacan\/#primaryimage\"},\"thumbnailUrl\":\"https:\/\/diarioabcdemichoacan.com.mx\/lasnoticias\/wp-content\/uploads\/2026\/03\/WhatsApp-Image-2026-03-12-at-11.10.15-AM.jpeg\",\"datePublished\":\"2026-03-12T20:39:26+00:00\",\"dateModified\":\"2026-03-12T20:39:26+00:00\",\"author\":{\"@id\":\"https:\/\/diarioabcdemichoacan.com.mx\/lasnoticias\/#\/schema\/person\/19ae376040f6cbc489682ebdd8524852\"},\"breadcrumb\":{\"@id\":\"https:\/\/diarioabcdemichoacan.com.mx\/lasnoticias\/presenta-belinda-iturbide-iniciativa-para-reformar-la-ley-del-agua-en-michoacan\/#breadcrumb\"},\"inLanguage\":\"es\",\"potentialAction\":[{\"@type\":\"ReadAction\",\"target\":[\"https:\/\/diarioabcdemichoacan.com.mx\/lasnoticias\/presenta-belinda-iturbide-iniciativa-para-reformar-la-ley-del-agua-en-michoacan\/\"]}]},{\"@type\":\"ImageObject\",\"inLanguage\":\"es\",\"@id\":\"https:\/\/diarioabcdemichoacan.com.mx\/lasnoticias\/presenta-belinda-iturbide-iniciativa-para-reformar-la-ley-del-agua-en-michoacan\/#primaryimage\",\"url\":\"https:\/\/diarioabcdemichoacan.com.mx\/lasnoticias\/wp-content\/uploads\/2026\/03\/WhatsApp-Image-2026-03-12-at-11.10.15-AM.jpeg\",\"contentUrl\":\"https:\/\/diarioabcdemichoacan.com.mx\/lasnoticias\/wp-content\/uploads\/2026\/03\/WhatsApp-Image-2026-03-12-at-11.10.15-AM.jpeg\",\"width\":1280,\"height\":854},{\"@type\":\"BreadcrumbList\",\"@id\":\"https:\/\/diarioabcdemichoacan.com.mx\/lasnoticias\/presenta-belinda-iturbide-iniciativa-para-reformar-la-ley-del-agua-en-michoacan\/#breadcrumb\",\"itemListElement\":[{\"@type\":\"ListItem\",\"position\":1,\"name\":\"Portada\",\"item\":\"https:\/\/diarioabcdemichoacan.com.mx\/lasnoticias\/\"},{\"@type\":\"ListItem\",\"position\":2,\"name\":\"Presenta Belinda Iturbide iniciativa para reformar la Ley del Agua en Michoac\u00e1n\"}]},{\"@type\":\"WebSite\",\"@id\":\"https:\/\/diarioabcdemichoacan.com.mx\/lasnoticias\/#website\",\"url\":\"https:\/\/diarioabcdemichoacan.com.mx\/lasnoticias\/\",\"name\":\"Diario ABC de Michoac\u00e1n\",\"description\":\"Las noticias al momento\",\"potentialAction\":[{\"@type\":\"SearchAction\",\"target\":{\"@type\":\"EntryPoint\",\"urlTemplate\":\"https:\/\/diarioabcdemichoacan.com.mx\/lasnoticias\/?s={search_term_string}\"},\"query-input\":{\"@type\":\"PropertyValueSpecification\",\"valueRequired\":true,\"valueName\":\"search_term_string\"}}],\"inLanguage\":\"es\"},{\"@type\":\"Person\",\"@id\":\"https:\/\/diarioabcdemichoacan.com.mx\/lasnoticias\/#\/schema\/person\/19ae376040f6cbc489682ebdd8524852\",\"name\":\"AR\",\"image\":{\"@type\":\"ImageObject\",\"inLanguage\":\"es\",\"@id\":\"https:\/\/diarioabcdemichoacan.com.mx\/lasnoticias\/#\/schema\/person\/image\/\",\"url\":\"https:\/\/secure.gravatar.com\/avatar\/44eca2ff970262234e20e1e082872af0?s=96&d=mm&r=g\",\"contentUrl\":\"https:\/\/secure.gravatar.com\/avatar\/44eca2ff970262234e20e1e082872af0?s=96&d=mm&r=g\",\"caption\":\"AR\"},\"url\":\"https:\/\/diarioabcdemichoacan.com.mx\/lasnoticias\/author\/adrian\/\"}]}<\/script>\n<!-- \/ Yoast SEO plugin. -->","yoast_head_json":{"title":"Presenta Belinda Iturbide iniciativa para reformar la Ley del Agua en Michoac\u00e1n - Diario ABC de Michoac\u00e1n","robots":{"index":"index","follow":"follow","max-snippet":"max-snippet:-1","max-image-preview":"max-image-preview:large","max-video-preview":"max-video-preview:-1"},"canonical":"https:\/\/diarioabcdemichoacan.com.mx\/lasnoticias\/presenta-belinda-iturbide-iniciativa-para-reformar-la-ley-del-agua-en-michoacan\/","og_locale":"es_ES","og_type":"article","og_title":"Presenta Belinda Iturbide iniciativa para reformar la Ley del Agua en Michoac\u00e1n - Diario ABC de Michoac\u00e1n","og_description":"Morelia, Mich.- La diputada Belinda Iturbide D\u00edaz, de extracci\u00f3n Morenista, present\u00f3 una iniciativa para reformar la Ley del Agua y Gesti\u00f3n de Cuencas para el Estado de Michoac\u00e1n, con el objetivo de reconocer el acceso al agua como un derecho humano fundamental y deje de concebirse como una mercanc\u00eda. La iniciativa busca armonizar la legislaci\u00f3n [&hellip;]","og_url":"https:\/\/diarioabcdemichoacan.com.mx\/lasnoticias\/presenta-belinda-iturbide-iniciativa-para-reformar-la-ley-del-agua-en-michoacan\/","og_site_name":"Diario ABC de Michoac\u00e1n","article_published_time":"2026-03-12T20:39:26+00:00","og_image":[{"width":1280,"height":854,"url":"https:\/\/diarioabcdemichoacan.com.mx\/lasnoticias\/wp-content\/uploads\/2026\/03\/WhatsApp-Image-2026-03-12-at-11.10.15-AM.jpeg","type":"image\/jpeg"}],"author":"AR","twitter_card":"summary_large_image","twitter_misc":{"Escrito por":"AR","Tiempo de lectura":"2 minutos"},"schema":{"@context":"https:\/\/schema.org","@graph":[{"@type":"WebPage","@id":"https:\/\/diarioabcdemichoacan.com.mx\/lasnoticias\/presenta-belinda-iturbide-iniciativa-para-reformar-la-ley-del-agua-en-michoacan\/","url":"https:\/\/diarioabcdemichoacan.com.mx\/lasnoticias\/presenta-belinda-iturbide-iniciativa-para-reformar-la-ley-del-agua-en-michoacan\/","name":"Presenta Belinda Iturbide iniciativa para reformar la Ley del Agua en Michoac\u00e1n - Diario ABC de Michoac\u00e1n","isPartOf":{"@id":"https:\/\/diarioabcdemichoacan.com.mx\/lasnoticias\/#website"},"primaryImageOfPage":{"@id":"https:\/\/diarioabcdemichoacan.com.mx\/lasnoticias\/presenta-belinda-iturbide-iniciativa-para-reformar-la-ley-del-agua-en-michoacan\/#primaryimage"},"image":{"@id":"https:\/\/diarioabcdemichoacan.com.mx\/lasnoticias\/presenta-belinda-iturbide-iniciativa-para-reformar-la-ley-del-agua-en-michoacan\/#primaryimage"},"thumbnailUrl":"https:\/\/diarioabcdemichoacan.com.mx\/lasnoticias\/wp-content\/uploads\/2026\/03\/WhatsApp-Image-2026-03-12-at-11.10.15-AM.jpeg","datePublished":"2026-03-12T20:39:26+00:00","dateModified":"2026-03-12T20:39:26+00:00","author":{"@id":"https:\/\/diarioabcdemichoacan.com.mx\/lasnoticias\/#\/schema\/person\/19ae376040f6cbc489682ebdd8524852"},"breadcrumb":{"@id":"https:\/\/diarioabcdemichoacan.com.mx\/lasnoticias\/presenta-belinda-iturbide-iniciativa-para-reformar-la-ley-del-agua-en-michoacan\/#breadcrumb"},"inLanguage":"es","potentialAction":[{"@type":"ReadAction","target":["https:\/\/diarioabcdemichoacan.com.mx\/lasnoticias\/presenta-belinda-iturbide-iniciativa-para-reformar-la-ley-del-agua-en-michoacan\/"]}]},{"@type":"ImageObject","inLanguage":"es","@id":"https:\/\/diarioabcdemichoacan.com.mx\/lasnoticias\/presenta-belinda-iturbide-iniciativa-para-reformar-la-ley-del-agua-en-michoacan\/#primaryimage","url":"https:\/\/diarioabcdemichoacan.com.mx\/lasnoticias\/wp-content\/uploads\/2026\/03\/WhatsApp-Image-2026-03-12-at-11.10.15-AM.jpeg","contentUrl":"https:\/\/diarioabcdemichoacan.com.mx\/lasnoticias\/wp-content\/uploads\/2026\/03\/WhatsApp-Image-2026-03-12-at-11.10.15-AM.jpeg","width":1280,"height":854},{"@type":"BreadcrumbList","@id":"https:\/\/diarioabcdemichoacan.com.mx\/lasnoticias\/presenta-belinda-iturbide-iniciativa-para-reformar-la-ley-del-agua-en-michoacan\/#breadcrumb","itemListElement":[{"@type":"ListItem","position":1,"name":"Portada","item":"https:\/\/diarioabcdemichoacan.com.mx\/lasnoticias\/"},{"@type":"ListItem","position":2,"name":"Presenta Belinda Iturbide iniciativa para reformar la Ley del Agua en Michoac\u00e1n"}]},{"@type":"WebSite","@id":"https:\/\/diarioabcdemichoacan.com.mx\/lasnoticias\/#website","url":"https:\/\/diarioabcdemichoacan.com.mx\/lasnoticias\/","name":"Diario ABC de Michoac\u00e1n","description":"Las noticias al momento","potentialAction":[{"@type":"SearchAction","target":{"@type":"EntryPoint","urlTemplate":"https:\/\/diarioabcdemichoacan.com.mx\/lasnoticias\/?s={search_term_string}"},"query-input":{"@type":"PropertyValueSpecification","valueRequired":true,"valueName":"search_term_string"}}],"inLanguage":"es"},{"@type":"Person","@id":"https:\/\/diarioabcdemichoacan.com.mx\/lasnoticias\/#\/schema\/person\/19ae376040f6cbc489682ebdd8524852","name":"AR","image":{"@type":"ImageObject","inLanguage":"es","@id":"https:\/\/diarioabcdemichoacan.com.mx\/lasnoticias\/#\/schema\/person\/image\/","url":"https:\/\/secure.gravatar.com\/avatar\/44eca2ff970262234e20e1e082872af0?s=96&d=mm&r=g","contentUrl":"https:\/\/secure.gravatar.com\/avatar\/44eca2ff970262234e20e1e082872af0?s=96&d=mm&r=g","caption":"AR"},"url":"https:\/\/diarioabcdemichoacan.com.mx\/lasnoticias\/author\/adrian\/"}]}},"_links":{"self":[{"href":"https:\/\/diarioabcdemichoacan.com.mx\/lasnoticias\/wp-json\/wp\/v2\/posts\/77171","targetHints":{"allow":["GET"]}}],"collection":[{"href":"https:\/\/diarioabcdemichoacan.com.mx\/lasnoticias\/wp-json\/wp\/v2\/posts"}],"about":[{"href":"https:\/\/diarioabcdemichoacan.com.mx\/lasnoticias\/wp-json\/wp\/v2\/types\/post"}],"author":[{"embeddable":true,"href":"https:\/\/diarioabcdemichoacan.com.mx\/lasnoticias\/wp-json\/wp\/v2\/users\/9"}],"replies":[{"embeddable":true,"href":"https:\/\/diarioabcdemichoacan.com.mx\/lasnoticias\/wp-json\/wp\/v2\/comments?post=77171"}],"version-history":[{"count":1,"href":"https:\/\/diarioabcdemichoacan.com.mx\/lasnoticias\/wp-json\/wp\/v2\/posts\/77171\/revisions"}],"predecessor-version":[{"id":77172,"href":"https:\/\/diarioabcdemichoacan.com.mx\/lasnoticias\/wp-json\/wp\/v2\/posts\/77171\/revisions\/77172"}],"wp:featuredmedia":[{"embeddable":true,"href":"https:\/\/diarioabcdemichoacan.com.mx\/lasnoticias\/wp-json\/wp\/v2\/media\/77159"}],"wp:attachment":[{"href":"https:\/\/diarioabcdemichoacan.com.mx\/lasnoticias\/wp-json\/wp\/v2\/media?parent=77171"}],"wp:term":[{"taxonomy":"category","embeddable":true,"href":"https:\/\/diarioabcdemichoacan.com.mx\/lasnoticias\/wp-json\/wp\/v2\/categories?post=77171"},{"taxonomy":"post_tag","embeddable":true,"href":"https:\/\/diarioabcdemichoacan.com.mx\/lasnoticias\/wp-json\/wp\/v2\/tags?post=77171"}],"curies":[{"name":"wp","href":"https:\/\/api.w.org\/{rel}","templated":true}]}}