{"id":77180,"date":"2026-03-12T14:52:32","date_gmt":"2026-03-12T20:52:32","guid":{"rendered":"https:\/\/diarioabcdemichoacan.com.mx\/lasnoticias\/?p=77180"},"modified":"2026-03-12T14:52:32","modified_gmt":"2026-03-12T20:52:32","slug":"torres-pina-descarta-por-ahora-buscar-gubernatura-prioriza-trabajo-en-fiscalia","status":"publish","type":"post","link":"https:\/\/diarioabcdemichoacan.com.mx\/lasnoticias\/torres-pina-descarta-por-ahora-buscar-gubernatura-prioriza-trabajo-en-fiscalia\/","title":{"rendered":"Torres Pi\u00f1a descarta por ahora buscar gubernatura; prioriza trabajo en Fiscal\u00eda"},"content":{"rendered":"<h6>Por Mariano Bola\u00f1os Monta\u00f1ez<\/h6>\n<hr \/>\n<p>Morelia, Mich.- El fiscal general de Michoac\u00e1n, Carlos Torres Pi\u00f1a, afirm\u00f3 que por el momento se mantiene enfocado en su responsabilidad al frente de la Fiscal\u00eda General del Estado de Michoac\u00e1n (FGE) y descart\u00f3 dejar el cargo para buscar la candidatura al gobierno estatal en el proceso electoral de 2027.<\/p>\n<p>En entrevista, el funcionario se\u00f1al\u00f3 que la tarea de procuraci\u00f3n de justicia en la entidad implica una alta responsabilidad, por lo que su prioridad es continuar con el trabajo institucional que se realiza dentro de la Fiscal\u00eda.<\/p>\n<p>Record\u00f3 adem\u00e1s que en Morena los procesos internos para definir candidaturas suelen resolverse mediante encuestas, mecanismo que no obliga a los aspirantes a renunciar a los cargos p\u00fablicos que desempe\u00f1an.<\/p>\n<p>No obstante, indic\u00f3 que cualquier decisi\u00f3n sobre una eventual participaci\u00f3n en el proceso electoral ser\u00e1 valorada en su momento, conforme se acerquen los tiempos pol\u00edticos correspondientes.<\/p>\n<p>Finalmente, subray\u00f3 que tiene al frente de la instituci\u00f3n menos de un a\u00f1o, periodo en el que a\u00fan existen diversos pendientes en materia de procuraci\u00f3n de justicia que requieren atenci\u00f3n.<\/p>\n","protected":false},"excerpt":{"rendered":"<p>Por Mariano Bola\u00f1os Monta\u00f1ez Morelia, Mich.- El fiscal general de Michoac\u00e1n, Carlos Torres Pi\u00f1a, afirm\u00f3 que por el momento se mantiene enfocado en su responsabilidad al frente de la Fiscal\u00eda General del Estado de Michoac\u00e1n (FGE) y descart\u00f3 dejar el cargo para buscar la candidatura al gobierno estatal en el proceso electoral de 2027. En [&hellip;]<\/p>\n","protected":false},"author":9,"featured_media":77181,"comment_status":"closed","ping_status":"closed","sticky":false,"template":"","format":"standard","meta":{"footnotes":""},"categories":[30,41,28,27],"tags":[],"class_list":{"0":"post-77180","1":"post","2":"type-post","3":"status-publish","4":"format-standard","5":"has-post-thumbnail","7":"category-columnas","8":"category-fge","9":"category-politica","10":"category-slider"},"yoast_head":"<!-- This site is optimized with the Yoast SEO plugin v24.0 - https:\/\/yoast.com\/wordpress\/plugins\/seo\/ -->\n<title>Torres Pi\u00f1a descarta por ahora buscar gubernatura; prioriza trabajo en Fiscal\u00eda - Diario ABC de Michoac\u00e1n<\/title>\n<meta name=\"robots\" content=\"index, follow, max-snippet:-1, max-image-preview:large, max-video-preview:-1\" \/>\n<link rel=\"canonical\" href=\"https:\/\/diarioabcdemichoacan.com.mx\/lasnoticias\/torres-pina-descarta-por-ahora-buscar-gubernatura-prioriza-trabajo-en-fiscalia\/\" \/>\n<meta property=\"og:locale\" content=\"es_ES\" \/>\n<meta property=\"og:type\" content=\"article\" \/>\n<meta property=\"og:title\" content=\"Torres Pi\u00f1a descarta por ahora buscar gubernatura; prioriza trabajo en Fiscal\u00eda - Diario ABC de Michoac\u00e1n\" \/>\n<meta property=\"og:description\" content=\"Por Mariano Bola\u00f1os Monta\u00f1ez Morelia, Mich.- El fiscal general de Michoac\u00e1n, Carlos Torres Pi\u00f1a, afirm\u00f3 que por el momento se mantiene enfocado en su responsabilidad al frente de la Fiscal\u00eda General del Estado de Michoac\u00e1n (FGE) y descart\u00f3 dejar el cargo para buscar la candidatura al gobierno estatal en el proceso electoral de 2027. En [&hellip;]\" \/>\n<meta property=\"og:url\" content=\"https:\/\/diarioabcdemichoacan.com.mx\/lasnoticias\/torres-pina-descarta-por-ahora-buscar-gubernatura-prioriza-trabajo-en-fiscalia\/\" \/>\n<meta property=\"og:site_name\" content=\"Diario ABC de Michoac\u00e1n\" \/>\n<meta property=\"article:published_time\" content=\"2026-03-12T20:52:32+00:00\" \/>\n<meta property=\"og:image\" content=\"https:\/\/diarioabcdemichoacan.com.mx\/lasnoticias\/wp-content\/uploads\/2026\/03\/WhatsApp-Image-2026-03-12-at-2.48.09-PM.jpeg\" \/>\n\t<meta property=\"og:image:width\" content=\"695\" \/>\n\t<meta property=\"og:image:height\" content=\"436\" \/>\n\t<meta property=\"og:image:type\" content=\"image\/jpeg\" \/>\n<meta name=\"author\" content=\"AR\" \/>\n<meta name=\"twitter:card\" content=\"summary_large_image\" \/>\n<meta name=\"twitter:label1\" content=\"Escrito por\" \/>\n\t<meta name=\"twitter:data1\" content=\"AR\" \/>\n\t<meta name=\"twitter:label2\" content=\"Tiempo de lectura\" \/>\n\t<meta name=\"twitter:data2\" content=\"2 minutos\" \/>\n<script type=\"application\/ld+json\" class=\"yoast-schema-graph\">{\"@context\":\"https:\/\/schema.org\",\"@graph\":[{\"@type\":\"WebPage\",\"@id\":\"https:\/\/diarioabcdemichoacan.com.mx\/lasnoticias\/torres-pina-descarta-por-ahora-buscar-gubernatura-prioriza-trabajo-en-fiscalia\/\",\"url\":\"https:\/\/diarioabcdemichoacan.com.mx\/lasnoticias\/torres-pina-descarta-por-ahora-buscar-gubernatura-prioriza-trabajo-en-fiscalia\/\",\"name\":\"Torres Pi\u00f1a descarta por ahora buscar gubernatura; prioriza trabajo en Fiscal\u00eda - Diario ABC de Michoac\u00e1n\",\"isPartOf\":{\"@id\":\"https:\/\/diarioabcdemichoacan.com.mx\/lasnoticias\/#website\"},\"primaryImageOfPage\":{\"@id\":\"https:\/\/diarioabcdemichoacan.com.mx\/lasnoticias\/torres-pina-descarta-por-ahora-buscar-gubernatura-prioriza-trabajo-en-fiscalia\/#primaryimage\"},\"image\":{\"@id\":\"https:\/\/diarioabcdemichoacan.com.mx\/lasnoticias\/torres-pina-descarta-por-ahora-buscar-gubernatura-prioriza-trabajo-en-fiscalia\/#primaryimage\"},\"thumbnailUrl\":\"https:\/\/diarioabcdemichoacan.com.mx\/lasnoticias\/wp-content\/uploads\/2026\/03\/WhatsApp-Image-2026-03-12-at-2.48.09-PM.jpeg\",\"datePublished\":\"2026-03-12T20:52:32+00:00\",\"dateModified\":\"2026-03-12T20:52:32+00:00\",\"author\":{\"@id\":\"https:\/\/diarioabcdemichoacan.com.mx\/lasnoticias\/#\/schema\/person\/19ae376040f6cbc489682ebdd8524852\"},\"breadcrumb\":{\"@id\":\"https:\/\/diarioabcdemichoacan.com.mx\/lasnoticias\/torres-pina-descarta-por-ahora-buscar-gubernatura-prioriza-trabajo-en-fiscalia\/#breadcrumb\"},\"inLanguage\":\"es\",\"potentialAction\":[{\"@type\":\"ReadAction\",\"target\":[\"https:\/\/diarioabcdemichoacan.com.mx\/lasnoticias\/torres-pina-descarta-por-ahora-buscar-gubernatura-prioriza-trabajo-en-fiscalia\/\"]}]},{\"@type\":\"ImageObject\",\"inLanguage\":\"es\",\"@id\":\"https:\/\/diarioabcdemichoacan.com.mx\/lasnoticias\/torres-pina-descarta-por-ahora-buscar-gubernatura-prioriza-trabajo-en-fiscalia\/#primaryimage\",\"url\":\"https:\/\/diarioabcdemichoacan.com.mx\/lasnoticias\/wp-content\/uploads\/2026\/03\/WhatsApp-Image-2026-03-12-at-2.48.09-PM.jpeg\",\"contentUrl\":\"https:\/\/diarioabcdemichoacan.com.mx\/lasnoticias\/wp-content\/uploads\/2026\/03\/WhatsApp-Image-2026-03-12-at-2.48.09-PM.jpeg\",\"width\":695,\"height\":436},{\"@type\":\"BreadcrumbList\",\"@id\":\"https:\/\/diarioabcdemichoacan.com.mx\/lasnoticias\/torres-pina-descarta-por-ahora-buscar-gubernatura-prioriza-trabajo-en-fiscalia\/#breadcrumb\",\"itemListElement\":[{\"@type\":\"ListItem\",\"position\":1,\"name\":\"Portada\",\"item\":\"https:\/\/diarioabcdemichoacan.com.mx\/lasnoticias\/\"},{\"@type\":\"ListItem\",\"position\":2,\"name\":\"Torres Pi\u00f1a descarta por ahora buscar gubernatura; prioriza trabajo en Fiscal\u00eda\"}]},{\"@type\":\"WebSite\",\"@id\":\"https:\/\/diarioabcdemichoacan.com.mx\/lasnoticias\/#website\",\"url\":\"https:\/\/diarioabcdemichoacan.com.mx\/lasnoticias\/\",\"name\":\"Diario ABC de Michoac\u00e1n\",\"description\":\"Las noticias al momento\",\"potentialAction\":[{\"@type\":\"SearchAction\",\"target\":{\"@type\":\"EntryPoint\",\"urlTemplate\":\"https:\/\/diarioabcdemichoacan.com.mx\/lasnoticias\/?s={search_term_string}\"},\"query-input\":{\"@type\":\"PropertyValueSpecification\",\"valueRequired\":true,\"valueName\":\"search_term_string\"}}],\"inLanguage\":\"es\"},{\"@type\":\"Person\",\"@id\":\"https:\/\/diarioabcdemichoacan.com.mx\/lasnoticias\/#\/schema\/person\/19ae376040f6cbc489682ebdd8524852\",\"name\":\"AR\",\"image\":{\"@type\":\"ImageObject\",\"inLanguage\":\"es\",\"@id\":\"https:\/\/diarioabcdemichoacan.com.mx\/lasnoticias\/#\/schema\/person\/image\/\",\"url\":\"https:\/\/secure.gravatar.com\/avatar\/44eca2ff970262234e20e1e082872af0?s=96&d=mm&r=g\",\"contentUrl\":\"https:\/\/secure.gravatar.com\/avatar\/44eca2ff970262234e20e1e082872af0?s=96&d=mm&r=g\",\"caption\":\"AR\"},\"url\":\"https:\/\/diarioabcdemichoacan.com.mx\/lasnoticias\/author\/adrian\/\"}]}<\/script>\n<!-- \/ Yoast SEO plugin. -->","yoast_head_json":{"title":"Torres Pi\u00f1a descarta por ahora buscar gubernatura; prioriza trabajo en Fiscal\u00eda - Diario ABC de Michoac\u00e1n","robots":{"index":"index","follow":"follow","max-snippet":"max-snippet:-1","max-image-preview":"max-image-preview:large","max-video-preview":"max-video-preview:-1"},"canonical":"https:\/\/diarioabcdemichoacan.com.mx\/lasnoticias\/torres-pina-descarta-por-ahora-buscar-gubernatura-prioriza-trabajo-en-fiscalia\/","og_locale":"es_ES","og_type":"article","og_title":"Torres Pi\u00f1a descarta por ahora buscar gubernatura; prioriza trabajo en Fiscal\u00eda - Diario ABC de Michoac\u00e1n","og_description":"Por Mariano Bola\u00f1os Monta\u00f1ez Morelia, Mich.- El fiscal general de Michoac\u00e1n, Carlos Torres Pi\u00f1a, afirm\u00f3 que por el momento se mantiene enfocado en su responsabilidad al frente de la Fiscal\u00eda General del Estado de Michoac\u00e1n (FGE) y descart\u00f3 dejar el cargo para buscar la candidatura al gobierno estatal en el proceso electoral de 2027. En [&hellip;]","og_url":"https:\/\/diarioabcdemichoacan.com.mx\/lasnoticias\/torres-pina-descarta-por-ahora-buscar-gubernatura-prioriza-trabajo-en-fiscalia\/","og_site_name":"Diario ABC de Michoac\u00e1n","article_published_time":"2026-03-12T20:52:32+00:00","og_image":[{"width":695,"height":436,"url":"https:\/\/diarioabcdemichoacan.com.mx\/lasnoticias\/wp-content\/uploads\/2026\/03\/WhatsApp-Image-2026-03-12-at-2.48.09-PM.jpeg","type":"image\/jpeg"}],"author":"AR","twitter_card":"summary_large_image","twitter_misc":{"Escrito por":"AR","Tiempo de lectura":"2 minutos"},"schema":{"@context":"https:\/\/schema.org","@graph":[{"@type":"WebPage","@id":"https:\/\/diarioabcdemichoacan.com.mx\/lasnoticias\/torres-pina-descarta-por-ahora-buscar-gubernatura-prioriza-trabajo-en-fiscalia\/","url":"https:\/\/diarioabcdemichoacan.com.mx\/lasnoticias\/torres-pina-descarta-por-ahora-buscar-gubernatura-prioriza-trabajo-en-fiscalia\/","name":"Torres Pi\u00f1a descarta por ahora buscar gubernatura; prioriza trabajo en Fiscal\u00eda - Diario ABC de Michoac\u00e1n","isPartOf":{"@id":"https:\/\/diarioabcdemichoacan.com.mx\/lasnoticias\/#website"},"primaryImageOfPage":{"@id":"https:\/\/diarioabcdemichoacan.com.mx\/lasnoticias\/torres-pina-descarta-por-ahora-buscar-gubernatura-prioriza-trabajo-en-fiscalia\/#primaryimage"},"image":{"@id":"https:\/\/diarioabcdemichoacan.com.mx\/lasnoticias\/torres-pina-descarta-por-ahora-buscar-gubernatura-prioriza-trabajo-en-fiscalia\/#primaryimage"},"thumbnailUrl":"https:\/\/diarioabcdemichoacan.com.mx\/lasnoticias\/wp-content\/uploads\/2026\/03\/WhatsApp-Image-2026-03-12-at-2.48.09-PM.jpeg","datePublished":"2026-03-12T20:52:32+00:00","dateModified":"2026-03-12T20:52:32+00:00","author":{"@id":"https:\/\/diarioabcdemichoacan.com.mx\/lasnoticias\/#\/schema\/person\/19ae376040f6cbc489682ebdd8524852"},"breadcrumb":{"@id":"https:\/\/diarioabcdemichoacan.com.mx\/lasnoticias\/torres-pina-descarta-por-ahora-buscar-gubernatura-prioriza-trabajo-en-fiscalia\/#breadcrumb"},"inLanguage":"es","potentialAction":[{"@type":"ReadAction","target":["https:\/\/diarioabcdemichoacan.com.mx\/lasnoticias\/torres-pina-descarta-por-ahora-buscar-gubernatura-prioriza-trabajo-en-fiscalia\/"]}]},{"@type":"ImageObject","inLanguage":"es","@id":"https:\/\/diarioabcdemichoacan.com.mx\/lasnoticias\/torres-pina-descarta-por-ahora-buscar-gubernatura-prioriza-trabajo-en-fiscalia\/#primaryimage","url":"https:\/\/diarioabcdemichoacan.com.mx\/lasnoticias\/wp-content\/uploads\/2026\/03\/WhatsApp-Image-2026-03-12-at-2.48.09-PM.jpeg","contentUrl":"https:\/\/diarioabcdemichoacan.com.mx\/lasnoticias\/wp-content\/uploads\/2026\/03\/WhatsApp-Image-2026-03-12-at-2.48.09-PM.jpeg","width":695,"height":436},{"@type":"BreadcrumbList","@id":"https:\/\/diarioabcdemichoacan.com.mx\/lasnoticias\/torres-pina-descarta-por-ahora-buscar-gubernatura-prioriza-trabajo-en-fiscalia\/#breadcrumb","itemListElement":[{"@type":"ListItem","position":1,"name":"Portada","item":"https:\/\/diarioabcdemichoacan.com.mx\/lasnoticias\/"},{"@type":"ListItem","position":2,"name":"Torres Pi\u00f1a descarta por ahora buscar gubernatura; prioriza trabajo en Fiscal\u00eda"}]},{"@type":"WebSite","@id":"https:\/\/diarioabcdemichoacan.com.mx\/lasnoticias\/#website","url":"https:\/\/diarioabcdemichoacan.com.mx\/lasnoticias\/","name":"Diario ABC de Michoac\u00e1n","description":"Las noticias al momento","potentialAction":[{"@type":"SearchAction","target":{"@type":"EntryPoint","urlTemplate":"https:\/\/diarioabcdemichoacan.com.mx\/lasnoticias\/?s={search_term_string}"},"query-input":{"@type":"PropertyValueSpecification","valueRequired":true,"valueName":"search_term_string"}}],"inLanguage":"es"},{"@type":"Person","@id":"https:\/\/diarioabcdemichoacan.com.mx\/lasnoticias\/#\/schema\/person\/19ae376040f6cbc489682ebdd8524852","name":"AR","image":{"@type":"ImageObject","inLanguage":"es","@id":"https:\/\/diarioabcdemichoacan.com.mx\/lasnoticias\/#\/schema\/person\/image\/","url":"https:\/\/secure.gravatar.com\/avatar\/44eca2ff970262234e20e1e082872af0?s=96&d=mm&r=g","contentUrl":"https:\/\/secure.gravatar.com\/avatar\/44eca2ff970262234e20e1e082872af0?s=96&d=mm&r=g","caption":"AR"},"url":"https:\/\/diarioabcdemichoacan.com.mx\/lasnoticias\/author\/adrian\/"}]}},"_links":{"self":[{"href":"https:\/\/diarioabcdemichoacan.com.mx\/lasnoticias\/wp-json\/wp\/v2\/posts\/77180","targetHints":{"allow":["GET"]}}],"collection":[{"href":"https:\/\/diarioabcdemichoacan.com.mx\/lasnoticias\/wp-json\/wp\/v2\/posts"}],"about":[{"href":"https:\/\/diarioabcdemichoacan.com.mx\/lasnoticias\/wp-json\/wp\/v2\/types\/post"}],"author":[{"embeddable":true,"href":"https:\/\/diarioabcdemichoacan.com.mx\/lasnoticias\/wp-json\/wp\/v2\/users\/9"}],"replies":[{"embeddable":true,"href":"https:\/\/diarioabcdemichoacan.com.mx\/lasnoticias\/wp-json\/wp\/v2\/comments?post=77180"}],"version-history":[{"count":1,"href":"https:\/\/diarioabcdemichoacan.com.mx\/lasnoticias\/wp-json\/wp\/v2\/posts\/77180\/revisions"}],"predecessor-version":[{"id":77182,"href":"https:\/\/diarioabcdemichoacan.com.mx\/lasnoticias\/wp-json\/wp\/v2\/posts\/77180\/revisions\/77182"}],"wp:featuredmedia":[{"embeddable":true,"href":"https:\/\/diarioabcdemichoacan.com.mx\/lasnoticias\/wp-json\/wp\/v2\/media\/77181"}],"wp:attachment":[{"href":"https:\/\/diarioabcdemichoacan.com.mx\/lasnoticias\/wp-json\/wp\/v2\/media?parent=77180"}],"wp:term":[{"taxonomy":"category","embeddable":true,"href":"https:\/\/diarioabcdemichoacan.com.mx\/lasnoticias\/wp-json\/wp\/v2\/categories?post=77180"},{"taxonomy":"post_tag","embeddable":true,"href":"https:\/\/diarioabcdemichoacan.com.mx\/lasnoticias\/wp-json\/wp\/v2\/tags?post=77180"}],"curies":[{"name":"wp","href":"https:\/\/api.w.org\/{rel}","templated":true}]}}