{"id":77189,"date":"2026-03-12T16:27:37","date_gmt":"2026-03-12T22:27:37","guid":{"rendered":"https:\/\/diarioabcdemichoacan.com.mx\/lasnoticias\/?p=77189"},"modified":"2026-03-12T16:27:37","modified_gmt":"2026-03-12T22:27:37","slug":"administracion-de-yarabi-avila-cumple-con-docentes-de-la-facultad-de-derecho","status":"publish","type":"post","link":"https:\/\/diarioabcdemichoacan.com.mx\/lasnoticias\/administracion-de-yarabi-avila-cumple-con-docentes-de-la-facultad-de-derecho\/","title":{"rendered":"Administraci\u00f3n de Yarab\u00ed \u00c1vila cumple con docentes de la Facultad de Derecho"},"content":{"rendered":"<h2>El secretario general, Javier Cervantes, indic\u00f3 que dio inicio el proceso de asignaci\u00f3n de materias definitivas a profesoras y profesores de dicha dependencia.<\/h2>\n<p>&nbsp;<\/p>\n<hr \/>\n<p>Morelia, Mich.- La administraci\u00f3n de la rectora de la Universidad Michoacana de San Nicol\u00e1s de Hidalgo (UMSNH), Yarab\u00ed \u00c1vila Gonz\u00e1lez, cumple con las y los docentes de la Facultad de Derecho y Ciencias Sociales, al iniciar con el Programa de Sustentabilidad Administrativa y Fortalecimiento Acad\u00e9mico en dicha dependencia, afirm\u00f3 el secretario general, Javier Cervantes Rodr\u00edguez.<\/p>\n<p>\u201cSe dio la indicaci\u00f3n al director de iniciar el proceso as\u00ed como la disponibilidad autorizada de materias definitivas vacantes conforme a lo que establece el Contrato Colectivo de Trabajo\u201d, enfatiz\u00f3.<\/p>\n<p>El funcionario precis\u00f3 que las maestras y maestros que ten\u00edan esperando tres a\u00f1os de que comenzara este esquema, deben tener la certeza de que hoy, la rectora est\u00e1 cumpliendo conforme a lo que qued\u00f3 establecido en la \u00faltima reuni\u00f3n que se tuvo con la planta docente.<\/p>\n<p>\u201cNo escatimaremos esfuerzos para que nuestra facultad participe en este Programa de Sustentabilidad Administrativa, que se cre\u00f3 en esta administraci\u00f3n apegado estrictamente al proceso de asignaci\u00f3n de materias vacantes\u201d, subray\u00f3 Cervantes Rodr\u00edguez.<\/p>\n","protected":false},"excerpt":{"rendered":"<p>El secretario general, Javier Cervantes, indic\u00f3 que dio inicio el proceso de asignaci\u00f3n de materias definitivas a profesoras y profesores de dicha dependencia. &nbsp; Morelia, Mich.- La administraci\u00f3n de la rectora de la Universidad Michoacana de San Nicol\u00e1s de Hidalgo (UMSNH), Yarab\u00ed \u00c1vila Gonz\u00e1lez, cumple con las y los docentes de la Facultad de Derecho [&hellip;]<\/p>\n","protected":false},"author":9,"featured_media":77190,"comment_status":"closed","ping_status":"closed","sticky":false,"template":"","format":"standard","meta":{"footnotes":""},"categories":[28,27,23],"tags":[],"class_list":{"0":"post-77189","1":"post","2":"type-post","3":"status-publish","4":"format-standard","5":"has-post-thumbnail","7":"category-politica","8":"category-slider","9":"category-universidad-michoacana"},"yoast_head":"<!-- This site is optimized with the Yoast SEO plugin v24.0 - https:\/\/yoast.com\/wordpress\/plugins\/seo\/ -->\n<title>Administraci\u00f3n de Yarab\u00ed \u00c1vila cumple con docentes de la Facultad de Derecho - Diario ABC de Michoac\u00e1n<\/title>\n<meta name=\"robots\" content=\"index, follow, max-snippet:-1, max-image-preview:large, max-video-preview:-1\" \/>\n<link rel=\"canonical\" href=\"https:\/\/diarioabcdemichoacan.com.mx\/lasnoticias\/administracion-de-yarabi-avila-cumple-con-docentes-de-la-facultad-de-derecho\/\" \/>\n<meta property=\"og:locale\" content=\"es_ES\" \/>\n<meta property=\"og:type\" content=\"article\" \/>\n<meta property=\"og:title\" content=\"Administraci\u00f3n de Yarab\u00ed \u00c1vila cumple con docentes de la Facultad de Derecho - Diario ABC de Michoac\u00e1n\" \/>\n<meta property=\"og:description\" content=\"El secretario general, Javier Cervantes, indic\u00f3 que dio inicio el proceso de asignaci\u00f3n de materias definitivas a profesoras y profesores de dicha dependencia. &nbsp; Morelia, Mich.- La administraci\u00f3n de la rectora de la Universidad Michoacana de San Nicol\u00e1s de Hidalgo (UMSNH), Yarab\u00ed \u00c1vila Gonz\u00e1lez, cumple con las y los docentes de la Facultad de Derecho [&hellip;]\" \/>\n<meta property=\"og:url\" content=\"https:\/\/diarioabcdemichoacan.com.mx\/lasnoticias\/administracion-de-yarabi-avila-cumple-con-docentes-de-la-facultad-de-derecho\/\" \/>\n<meta property=\"og:site_name\" content=\"Diario ABC de Michoac\u00e1n\" \/>\n<meta property=\"article:published_time\" content=\"2026-03-12T22:27:37+00:00\" \/>\n<meta property=\"og:image\" content=\"https:\/\/diarioabcdemichoacan.com.mx\/lasnoticias\/wp-content\/uploads\/2026\/03\/WhatsApp-Image-2026-03-11-at-9.43.17-PM.jpeg\" \/>\n\t<meta property=\"og:image:width\" content=\"2560\" \/>\n\t<meta property=\"og:image:height\" content=\"1706\" \/>\n\t<meta property=\"og:image:type\" content=\"image\/jpeg\" \/>\n<meta name=\"author\" content=\"AR\" \/>\n<meta name=\"twitter:card\" content=\"summary_large_image\" \/>\n<meta name=\"twitter:label1\" content=\"Escrito por\" \/>\n\t<meta name=\"twitter:data1\" content=\"AR\" \/>\n\t<meta name=\"twitter:label2\" content=\"Tiempo de lectura\" \/>\n\t<meta name=\"twitter:data2\" content=\"2 minutos\" \/>\n<script type=\"application\/ld+json\" class=\"yoast-schema-graph\">{\"@context\":\"https:\/\/schema.org\",\"@graph\":[{\"@type\":\"WebPage\",\"@id\":\"https:\/\/diarioabcdemichoacan.com.mx\/lasnoticias\/administracion-de-yarabi-avila-cumple-con-docentes-de-la-facultad-de-derecho\/\",\"url\":\"https:\/\/diarioabcdemichoacan.com.mx\/lasnoticias\/administracion-de-yarabi-avila-cumple-con-docentes-de-la-facultad-de-derecho\/\",\"name\":\"Administraci\u00f3n de Yarab\u00ed \u00c1vila cumple con docentes de la Facultad de Derecho - Diario ABC de Michoac\u00e1n\",\"isPartOf\":{\"@id\":\"https:\/\/diarioabcdemichoacan.com.mx\/lasnoticias\/#website\"},\"primaryImageOfPage\":{\"@id\":\"https:\/\/diarioabcdemichoacan.com.mx\/lasnoticias\/administracion-de-yarabi-avila-cumple-con-docentes-de-la-facultad-de-derecho\/#primaryimage\"},\"image\":{\"@id\":\"https:\/\/diarioabcdemichoacan.com.mx\/lasnoticias\/administracion-de-yarabi-avila-cumple-con-docentes-de-la-facultad-de-derecho\/#primaryimage\"},\"thumbnailUrl\":\"https:\/\/diarioabcdemichoacan.com.mx\/lasnoticias\/wp-content\/uploads\/2026\/03\/WhatsApp-Image-2026-03-11-at-9.43.17-PM.jpeg\",\"datePublished\":\"2026-03-12T22:27:37+00:00\",\"dateModified\":\"2026-03-12T22:27:37+00:00\",\"author\":{\"@id\":\"https:\/\/diarioabcdemichoacan.com.mx\/lasnoticias\/#\/schema\/person\/19ae376040f6cbc489682ebdd8524852\"},\"breadcrumb\":{\"@id\":\"https:\/\/diarioabcdemichoacan.com.mx\/lasnoticias\/administracion-de-yarabi-avila-cumple-con-docentes-de-la-facultad-de-derecho\/#breadcrumb\"},\"inLanguage\":\"es\",\"potentialAction\":[{\"@type\":\"ReadAction\",\"target\":[\"https:\/\/diarioabcdemichoacan.com.mx\/lasnoticias\/administracion-de-yarabi-avila-cumple-con-docentes-de-la-facultad-de-derecho\/\"]}]},{\"@type\":\"ImageObject\",\"inLanguage\":\"es\",\"@id\":\"https:\/\/diarioabcdemichoacan.com.mx\/lasnoticias\/administracion-de-yarabi-avila-cumple-con-docentes-de-la-facultad-de-derecho\/#primaryimage\",\"url\":\"https:\/\/diarioabcdemichoacan.com.mx\/lasnoticias\/wp-content\/uploads\/2026\/03\/WhatsApp-Image-2026-03-11-at-9.43.17-PM.jpeg\",\"contentUrl\":\"https:\/\/diarioabcdemichoacan.com.mx\/lasnoticias\/wp-content\/uploads\/2026\/03\/WhatsApp-Image-2026-03-11-at-9.43.17-PM.jpeg\",\"width\":2560,\"height\":1706},{\"@type\":\"BreadcrumbList\",\"@id\":\"https:\/\/diarioabcdemichoacan.com.mx\/lasnoticias\/administracion-de-yarabi-avila-cumple-con-docentes-de-la-facultad-de-derecho\/#breadcrumb\",\"itemListElement\":[{\"@type\":\"ListItem\",\"position\":1,\"name\":\"Portada\",\"item\":\"https:\/\/diarioabcdemichoacan.com.mx\/lasnoticias\/\"},{\"@type\":\"ListItem\",\"position\":2,\"name\":\"Administraci\u00f3n de Yarab\u00ed \u00c1vila cumple con docentes de la Facultad de Derecho\"}]},{\"@type\":\"WebSite\",\"@id\":\"https:\/\/diarioabcdemichoacan.com.mx\/lasnoticias\/#website\",\"url\":\"https:\/\/diarioabcdemichoacan.com.mx\/lasnoticias\/\",\"name\":\"Diario ABC de Michoac\u00e1n\",\"description\":\"Las noticias al momento\",\"potentialAction\":[{\"@type\":\"SearchAction\",\"target\":{\"@type\":\"EntryPoint\",\"urlTemplate\":\"https:\/\/diarioabcdemichoacan.com.mx\/lasnoticias\/?s={search_term_string}\"},\"query-input\":{\"@type\":\"PropertyValueSpecification\",\"valueRequired\":true,\"valueName\":\"search_term_string\"}}],\"inLanguage\":\"es\"},{\"@type\":\"Person\",\"@id\":\"https:\/\/diarioabcdemichoacan.com.mx\/lasnoticias\/#\/schema\/person\/19ae376040f6cbc489682ebdd8524852\",\"name\":\"AR\",\"image\":{\"@type\":\"ImageObject\",\"inLanguage\":\"es\",\"@id\":\"https:\/\/diarioabcdemichoacan.com.mx\/lasnoticias\/#\/schema\/person\/image\/\",\"url\":\"https:\/\/secure.gravatar.com\/avatar\/44eca2ff970262234e20e1e082872af0?s=96&d=mm&r=g\",\"contentUrl\":\"https:\/\/secure.gravatar.com\/avatar\/44eca2ff970262234e20e1e082872af0?s=96&d=mm&r=g\",\"caption\":\"AR\"},\"url\":\"https:\/\/diarioabcdemichoacan.com.mx\/lasnoticias\/author\/adrian\/\"}]}<\/script>\n<!-- \/ Yoast SEO plugin. -->","yoast_head_json":{"title":"Administraci\u00f3n de Yarab\u00ed \u00c1vila cumple con docentes de la Facultad de Derecho - Diario ABC de Michoac\u00e1n","robots":{"index":"index","follow":"follow","max-snippet":"max-snippet:-1","max-image-preview":"max-image-preview:large","max-video-preview":"max-video-preview:-1"},"canonical":"https:\/\/diarioabcdemichoacan.com.mx\/lasnoticias\/administracion-de-yarabi-avila-cumple-con-docentes-de-la-facultad-de-derecho\/","og_locale":"es_ES","og_type":"article","og_title":"Administraci\u00f3n de Yarab\u00ed \u00c1vila cumple con docentes de la Facultad de Derecho - Diario ABC de Michoac\u00e1n","og_description":"El secretario general, Javier Cervantes, indic\u00f3 que dio inicio el proceso de asignaci\u00f3n de materias definitivas a profesoras y profesores de dicha dependencia. &nbsp; Morelia, Mich.- La administraci\u00f3n de la rectora de la Universidad Michoacana de San Nicol\u00e1s de Hidalgo (UMSNH), Yarab\u00ed \u00c1vila Gonz\u00e1lez, cumple con las y los docentes de la Facultad de Derecho [&hellip;]","og_url":"https:\/\/diarioabcdemichoacan.com.mx\/lasnoticias\/administracion-de-yarabi-avila-cumple-con-docentes-de-la-facultad-de-derecho\/","og_site_name":"Diario ABC de Michoac\u00e1n","article_published_time":"2026-03-12T22:27:37+00:00","og_image":[{"width":2560,"height":1706,"url":"https:\/\/diarioabcdemichoacan.com.mx\/lasnoticias\/wp-content\/uploads\/2026\/03\/WhatsApp-Image-2026-03-11-at-9.43.17-PM.jpeg","type":"image\/jpeg"}],"author":"AR","twitter_card":"summary_large_image","twitter_misc":{"Escrito por":"AR","Tiempo de lectura":"2 minutos"},"schema":{"@context":"https:\/\/schema.org","@graph":[{"@type":"WebPage","@id":"https:\/\/diarioabcdemichoacan.com.mx\/lasnoticias\/administracion-de-yarabi-avila-cumple-con-docentes-de-la-facultad-de-derecho\/","url":"https:\/\/diarioabcdemichoacan.com.mx\/lasnoticias\/administracion-de-yarabi-avila-cumple-con-docentes-de-la-facultad-de-derecho\/","name":"Administraci\u00f3n de Yarab\u00ed \u00c1vila cumple con docentes de la Facultad de Derecho - Diario ABC de Michoac\u00e1n","isPartOf":{"@id":"https:\/\/diarioabcdemichoacan.com.mx\/lasnoticias\/#website"},"primaryImageOfPage":{"@id":"https:\/\/diarioabcdemichoacan.com.mx\/lasnoticias\/administracion-de-yarabi-avila-cumple-con-docentes-de-la-facultad-de-derecho\/#primaryimage"},"image":{"@id":"https:\/\/diarioabcdemichoacan.com.mx\/lasnoticias\/administracion-de-yarabi-avila-cumple-con-docentes-de-la-facultad-de-derecho\/#primaryimage"},"thumbnailUrl":"https:\/\/diarioabcdemichoacan.com.mx\/lasnoticias\/wp-content\/uploads\/2026\/03\/WhatsApp-Image-2026-03-11-at-9.43.17-PM.jpeg","datePublished":"2026-03-12T22:27:37+00:00","dateModified":"2026-03-12T22:27:37+00:00","author":{"@id":"https:\/\/diarioabcdemichoacan.com.mx\/lasnoticias\/#\/schema\/person\/19ae376040f6cbc489682ebdd8524852"},"breadcrumb":{"@id":"https:\/\/diarioabcdemichoacan.com.mx\/lasnoticias\/administracion-de-yarabi-avila-cumple-con-docentes-de-la-facultad-de-derecho\/#breadcrumb"},"inLanguage":"es","potentialAction":[{"@type":"ReadAction","target":["https:\/\/diarioabcdemichoacan.com.mx\/lasnoticias\/administracion-de-yarabi-avila-cumple-con-docentes-de-la-facultad-de-derecho\/"]}]},{"@type":"ImageObject","inLanguage":"es","@id":"https:\/\/diarioabcdemichoacan.com.mx\/lasnoticias\/administracion-de-yarabi-avila-cumple-con-docentes-de-la-facultad-de-derecho\/#primaryimage","url":"https:\/\/diarioabcdemichoacan.com.mx\/lasnoticias\/wp-content\/uploads\/2026\/03\/WhatsApp-Image-2026-03-11-at-9.43.17-PM.jpeg","contentUrl":"https:\/\/diarioabcdemichoacan.com.mx\/lasnoticias\/wp-content\/uploads\/2026\/03\/WhatsApp-Image-2026-03-11-at-9.43.17-PM.jpeg","width":2560,"height":1706},{"@type":"BreadcrumbList","@id":"https:\/\/diarioabcdemichoacan.com.mx\/lasnoticias\/administracion-de-yarabi-avila-cumple-con-docentes-de-la-facultad-de-derecho\/#breadcrumb","itemListElement":[{"@type":"ListItem","position":1,"name":"Portada","item":"https:\/\/diarioabcdemichoacan.com.mx\/lasnoticias\/"},{"@type":"ListItem","position":2,"name":"Administraci\u00f3n de Yarab\u00ed \u00c1vila cumple con docentes de la Facultad de Derecho"}]},{"@type":"WebSite","@id":"https:\/\/diarioabcdemichoacan.com.mx\/lasnoticias\/#website","url":"https:\/\/diarioabcdemichoacan.com.mx\/lasnoticias\/","name":"Diario ABC de Michoac\u00e1n","description":"Las noticias al momento","potentialAction":[{"@type":"SearchAction","target":{"@type":"EntryPoint","urlTemplate":"https:\/\/diarioabcdemichoacan.com.mx\/lasnoticias\/?s={search_term_string}"},"query-input":{"@type":"PropertyValueSpecification","valueRequired":true,"valueName":"search_term_string"}}],"inLanguage":"es"},{"@type":"Person","@id":"https:\/\/diarioabcdemichoacan.com.mx\/lasnoticias\/#\/schema\/person\/19ae376040f6cbc489682ebdd8524852","name":"AR","image":{"@type":"ImageObject","inLanguage":"es","@id":"https:\/\/diarioabcdemichoacan.com.mx\/lasnoticias\/#\/schema\/person\/image\/","url":"https:\/\/secure.gravatar.com\/avatar\/44eca2ff970262234e20e1e082872af0?s=96&d=mm&r=g","contentUrl":"https:\/\/secure.gravatar.com\/avatar\/44eca2ff970262234e20e1e082872af0?s=96&d=mm&r=g","caption":"AR"},"url":"https:\/\/diarioabcdemichoacan.com.mx\/lasnoticias\/author\/adrian\/"}]}},"_links":{"self":[{"href":"https:\/\/diarioabcdemichoacan.com.mx\/lasnoticias\/wp-json\/wp\/v2\/posts\/77189","targetHints":{"allow":["GET"]}}],"collection":[{"href":"https:\/\/diarioabcdemichoacan.com.mx\/lasnoticias\/wp-json\/wp\/v2\/posts"}],"about":[{"href":"https:\/\/diarioabcdemichoacan.com.mx\/lasnoticias\/wp-json\/wp\/v2\/types\/post"}],"author":[{"embeddable":true,"href":"https:\/\/diarioabcdemichoacan.com.mx\/lasnoticias\/wp-json\/wp\/v2\/users\/9"}],"replies":[{"embeddable":true,"href":"https:\/\/diarioabcdemichoacan.com.mx\/lasnoticias\/wp-json\/wp\/v2\/comments?post=77189"}],"version-history":[{"count":1,"href":"https:\/\/diarioabcdemichoacan.com.mx\/lasnoticias\/wp-json\/wp\/v2\/posts\/77189\/revisions"}],"predecessor-version":[{"id":77191,"href":"https:\/\/diarioabcdemichoacan.com.mx\/lasnoticias\/wp-json\/wp\/v2\/posts\/77189\/revisions\/77191"}],"wp:featuredmedia":[{"embeddable":true,"href":"https:\/\/diarioabcdemichoacan.com.mx\/lasnoticias\/wp-json\/wp\/v2\/media\/77190"}],"wp:attachment":[{"href":"https:\/\/diarioabcdemichoacan.com.mx\/lasnoticias\/wp-json\/wp\/v2\/media?parent=77189"}],"wp:term":[{"taxonomy":"category","embeddable":true,"href":"https:\/\/diarioabcdemichoacan.com.mx\/lasnoticias\/wp-json\/wp\/v2\/categories?post=77189"},{"taxonomy":"post_tag","embeddable":true,"href":"https:\/\/diarioabcdemichoacan.com.mx\/lasnoticias\/wp-json\/wp\/v2\/tags?post=77189"}],"curies":[{"name":"wp","href":"https:\/\/api.w.org\/{rel}","templated":true}]}}