{"id":77195,"date":"2026-03-12T16:32:42","date_gmt":"2026-03-12T22:32:42","guid":{"rendered":"https:\/\/diarioabcdemichoacan.com.mx\/lasnoticias\/?p=77195"},"modified":"2026-03-12T16:32:42","modified_gmt":"2026-03-12T22:32:42","slug":"la-inclusion-comienza-cuando-todas-y-todos-podemos-comunicarnos-paola-delgadillo","status":"publish","type":"post","link":"https:\/\/diarioabcdemichoacan.com.mx\/lasnoticias\/la-inclusion-comienza-cuando-todas-y-todos-podemos-comunicarnos-paola-delgadillo\/","title":{"rendered":"La inclusi\u00f3n comienza cuando todas y todos podemos comunicarnos: Paola Delgadillo"},"content":{"rendered":"<h2>El DIF Morelia ofrece int\u00e9rprete en Lengua de Se\u00f1as Mexicana con el programa \u201cInt\u00e9rprete a Distancia\u201d.<\/h2>\n<ul>\n<li>El servicio puede utilizarse en dependencias de gobierno, bancos, hospitales, comercios o cualquier espacio.<\/li>\n<\/ul>\n<p>&nbsp;<\/p>\n<hr \/>\n<p>Morelia, Mich.- Con el objetivo de garantizar el derecho a la comunicaci\u00f3n en cualquier entorno, la presidenta honoraria del DIF Morelia, Paola Delgadillo Hern\u00e1ndez, impulsa el programa Int\u00e9rprete a Distancia, un servicio gratuito que permite establecer comunicaci\u00f3n en Lengua de Se\u00f1as Mexicana (LSM) mediante videollamada a trav\u00e9s de WhatsApp.<\/p>\n<p>La LSM es una lengua reconocida oficialmente en M\u00e9xico y constituye el principal medio de comunicaci\u00f3n para muchas personas sordas. Sin embargo, las barreras no est\u00e1n en la discapacidad auditiva, sino en la falta de herramientas accesibles que permitan el di\u00e1logo en situaciones cotidianas.<\/p>\n<p>El servicio puede utilizarse en cualquier contexto: consultas m\u00e9dicas, bancos, farmacias, restaurantes, hoteles, centros de trabajo o gestiones administrativas. Basta con contar con un tel\u00e9fono celular con WhatsApp para establecer la videollamada, sin necesidad de descargar aplicaciones adicionales.<\/p>\n<p>Este modelo facilita la comunicaci\u00f3n en tiempo real entre la persona sorda y quien brinda el servicio, promoviendo autonom\u00eda, claridad en la informaci\u00f3n y trato digno. Adem\u00e1s, permite que cualquier persona que no conozca la LSM pueda solicitar el apoyo del int\u00e9rprete cuando se enfrente a una barrera de comunicaci\u00f3n.<\/p>\n<p>El presidente municipal de Morelia, Alfonso Mart\u00ednez Alc\u00e1zar, ha reiterado que una ciudad verdaderamente incluyente es aquella que elimina obst\u00e1culos en la vida cotidiana, por lo que este programa fortalece la accesibilidad comunicativa m\u00e1s all\u00e1 de los espacios gubernamentales.<\/p>\n<p>\u201cLa inclusi\u00f3n comienza cuando todas y todos podemos comunicarnos, ya que ninguna persona deber\u00eda enfrentar barreras para algo tan b\u00e1sico como pedir informaci\u00f3n, expresar una necesidad o tomar decisiones sobre su propia vida\u201d, destac\u00f3 la presidenta del DIF Morelia, Paola Delgadillo.<\/p>\n<p>Las personas interesadas en utilizar el servicio de Int\u00e9rprete a Distancia pueden comunicarse al 564 673 1831 o al 564 673 1969. El servicio es gratuito y est\u00e1 disponible las 24 horas del d\u00eda, los 7 d\u00edas de la semana.<\/p>\n<p>Con esta acci\u00f3n, el DIF Morelia ampl\u00eda las oportunidades de comunicaci\u00f3n y consolida una pol\u00edtica p\u00fablica basada en la accesibilidad, fortaleciendo una ciudad m\u00e1s emp\u00e1tica, m\u00e1s incluyente y donde se construye la paz desde el respeto.<\/p>\n","protected":false},"excerpt":{"rendered":"<p>El DIF Morelia ofrece int\u00e9rprete en Lengua de Se\u00f1as Mexicana con el programa \u201cInt\u00e9rprete a Distancia\u201d. El servicio puede utilizarse en dependencias de gobierno, bancos, hospitales, comercios o cualquier espacio. &nbsp; Morelia, Mich.- Con el objetivo de garantizar el derecho a la comunicaci\u00f3n en cualquier entorno, la presidenta honoraria del DIF Morelia, Paola Delgadillo Hern\u00e1ndez, [&hellip;]<\/p>\n","protected":false},"author":9,"featured_media":77196,"comment_status":"closed","ping_status":"closed","sticky":false,"template":"","format":"standard","meta":{"footnotes":""},"categories":[18,7,28,27],"tags":[],"class_list":{"0":"post-77195","1":"post","2":"type-post","3":"status-publish","4":"format-standard","5":"has-post-thumbnail","7":"category-ayuntamiento-de-morelia","8":"category-morelia","9":"category-politica","10":"category-slider"},"yoast_head":"<!-- This site is optimized with the Yoast SEO plugin v24.0 - https:\/\/yoast.com\/wordpress\/plugins\/seo\/ -->\n<title>La inclusi\u00f3n comienza cuando todas y todos podemos comunicarnos: Paola Delgadillo - Diario ABC de Michoac\u00e1n<\/title>\n<meta name=\"robots\" content=\"index, follow, max-snippet:-1, max-image-preview:large, max-video-preview:-1\" \/>\n<link rel=\"canonical\" href=\"https:\/\/diarioabcdemichoacan.com.mx\/lasnoticias\/la-inclusion-comienza-cuando-todas-y-todos-podemos-comunicarnos-paola-delgadillo\/\" \/>\n<meta property=\"og:locale\" content=\"es_ES\" \/>\n<meta property=\"og:type\" content=\"article\" \/>\n<meta property=\"og:title\" content=\"La inclusi\u00f3n comienza cuando todas y todos podemos comunicarnos: Paola Delgadillo - Diario ABC de Michoac\u00e1n\" \/>\n<meta property=\"og:description\" content=\"El DIF Morelia ofrece int\u00e9rprete en Lengua de Se\u00f1as Mexicana con el programa \u201cInt\u00e9rprete a Distancia\u201d. El servicio puede utilizarse en dependencias de gobierno, bancos, hospitales, comercios o cualquier espacio. &nbsp; Morelia, Mich.- Con el objetivo de garantizar el derecho a la comunicaci\u00f3n en cualquier entorno, la presidenta honoraria del DIF Morelia, Paola Delgadillo Hern\u00e1ndez, [&hellip;]\" \/>\n<meta property=\"og:url\" content=\"https:\/\/diarioabcdemichoacan.com.mx\/lasnoticias\/la-inclusion-comienza-cuando-todas-y-todos-podemos-comunicarnos-paola-delgadillo\/\" \/>\n<meta property=\"og:site_name\" content=\"Diario ABC de Michoac\u00e1n\" \/>\n<meta property=\"article:published_time\" content=\"2026-03-12T22:32:42+00:00\" \/>\n<meta property=\"og:image\" content=\"https:\/\/diarioabcdemichoacan.com.mx\/lasnoticias\/wp-content\/uploads\/2026\/03\/WhatsApp-Image-2026-03-11-at-8.11.43-PM.jpeg\" \/>\n\t<meta property=\"og:image:width\" content=\"1035\" \/>\n\t<meta property=\"og:image:height\" content=\"1600\" \/>\n\t<meta property=\"og:image:type\" content=\"image\/jpeg\" \/>\n<meta name=\"author\" content=\"AR\" \/>\n<meta name=\"twitter:card\" content=\"summary_large_image\" \/>\n<meta name=\"twitter:label1\" content=\"Escrito por\" \/>\n\t<meta name=\"twitter:data1\" content=\"AR\" \/>\n\t<meta name=\"twitter:label2\" content=\"Tiempo de lectura\" \/>\n\t<meta name=\"twitter:data2\" content=\"2 minutos\" \/>\n<script type=\"application\/ld+json\" class=\"yoast-schema-graph\">{\"@context\":\"https:\/\/schema.org\",\"@graph\":[{\"@type\":\"WebPage\",\"@id\":\"https:\/\/diarioabcdemichoacan.com.mx\/lasnoticias\/la-inclusion-comienza-cuando-todas-y-todos-podemos-comunicarnos-paola-delgadillo\/\",\"url\":\"https:\/\/diarioabcdemichoacan.com.mx\/lasnoticias\/la-inclusion-comienza-cuando-todas-y-todos-podemos-comunicarnos-paola-delgadillo\/\",\"name\":\"La inclusi\u00f3n comienza cuando todas y todos podemos comunicarnos: Paola Delgadillo - Diario ABC de Michoac\u00e1n\",\"isPartOf\":{\"@id\":\"https:\/\/diarioabcdemichoacan.com.mx\/lasnoticias\/#website\"},\"primaryImageOfPage\":{\"@id\":\"https:\/\/diarioabcdemichoacan.com.mx\/lasnoticias\/la-inclusion-comienza-cuando-todas-y-todos-podemos-comunicarnos-paola-delgadillo\/#primaryimage\"},\"image\":{\"@id\":\"https:\/\/diarioabcdemichoacan.com.mx\/lasnoticias\/la-inclusion-comienza-cuando-todas-y-todos-podemos-comunicarnos-paola-delgadillo\/#primaryimage\"},\"thumbnailUrl\":\"https:\/\/diarioabcdemichoacan.com.mx\/lasnoticias\/wp-content\/uploads\/2026\/03\/WhatsApp-Image-2026-03-11-at-8.11.43-PM.jpeg\",\"datePublished\":\"2026-03-12T22:32:42+00:00\",\"dateModified\":\"2026-03-12T22:32:42+00:00\",\"author\":{\"@id\":\"https:\/\/diarioabcdemichoacan.com.mx\/lasnoticias\/#\/schema\/person\/19ae376040f6cbc489682ebdd8524852\"},\"breadcrumb\":{\"@id\":\"https:\/\/diarioabcdemichoacan.com.mx\/lasnoticias\/la-inclusion-comienza-cuando-todas-y-todos-podemos-comunicarnos-paola-delgadillo\/#breadcrumb\"},\"inLanguage\":\"es\",\"potentialAction\":[{\"@type\":\"ReadAction\",\"target\":[\"https:\/\/diarioabcdemichoacan.com.mx\/lasnoticias\/la-inclusion-comienza-cuando-todas-y-todos-podemos-comunicarnos-paola-delgadillo\/\"]}]},{\"@type\":\"ImageObject\",\"inLanguage\":\"es\",\"@id\":\"https:\/\/diarioabcdemichoacan.com.mx\/lasnoticias\/la-inclusion-comienza-cuando-todas-y-todos-podemos-comunicarnos-paola-delgadillo\/#primaryimage\",\"url\":\"https:\/\/diarioabcdemichoacan.com.mx\/lasnoticias\/wp-content\/uploads\/2026\/03\/WhatsApp-Image-2026-03-11-at-8.11.43-PM.jpeg\",\"contentUrl\":\"https:\/\/diarioabcdemichoacan.com.mx\/lasnoticias\/wp-content\/uploads\/2026\/03\/WhatsApp-Image-2026-03-11-at-8.11.43-PM.jpeg\",\"width\":1035,\"height\":1600},{\"@type\":\"BreadcrumbList\",\"@id\":\"https:\/\/diarioabcdemichoacan.com.mx\/lasnoticias\/la-inclusion-comienza-cuando-todas-y-todos-podemos-comunicarnos-paola-delgadillo\/#breadcrumb\",\"itemListElement\":[{\"@type\":\"ListItem\",\"position\":1,\"name\":\"Portada\",\"item\":\"https:\/\/diarioabcdemichoacan.com.mx\/lasnoticias\/\"},{\"@type\":\"ListItem\",\"position\":2,\"name\":\"La inclusi\u00f3n comienza cuando todas y todos podemos comunicarnos: Paola Delgadillo\"}]},{\"@type\":\"WebSite\",\"@id\":\"https:\/\/diarioabcdemichoacan.com.mx\/lasnoticias\/#website\",\"url\":\"https:\/\/diarioabcdemichoacan.com.mx\/lasnoticias\/\",\"name\":\"Diario ABC de Michoac\u00e1n\",\"description\":\"Las noticias al momento\",\"potentialAction\":[{\"@type\":\"SearchAction\",\"target\":{\"@type\":\"EntryPoint\",\"urlTemplate\":\"https:\/\/diarioabcdemichoacan.com.mx\/lasnoticias\/?s={search_term_string}\"},\"query-input\":{\"@type\":\"PropertyValueSpecification\",\"valueRequired\":true,\"valueName\":\"search_term_string\"}}],\"inLanguage\":\"es\"},{\"@type\":\"Person\",\"@id\":\"https:\/\/diarioabcdemichoacan.com.mx\/lasnoticias\/#\/schema\/person\/19ae376040f6cbc489682ebdd8524852\",\"name\":\"AR\",\"image\":{\"@type\":\"ImageObject\",\"inLanguage\":\"es\",\"@id\":\"https:\/\/diarioabcdemichoacan.com.mx\/lasnoticias\/#\/schema\/person\/image\/\",\"url\":\"https:\/\/secure.gravatar.com\/avatar\/44eca2ff970262234e20e1e082872af0?s=96&d=mm&r=g\",\"contentUrl\":\"https:\/\/secure.gravatar.com\/avatar\/44eca2ff970262234e20e1e082872af0?s=96&d=mm&r=g\",\"caption\":\"AR\"},\"url\":\"https:\/\/diarioabcdemichoacan.com.mx\/lasnoticias\/author\/adrian\/\"}]}<\/script>\n<!-- \/ Yoast SEO plugin. -->","yoast_head_json":{"title":"La inclusi\u00f3n comienza cuando todas y todos podemos comunicarnos: Paola Delgadillo - Diario ABC de Michoac\u00e1n","robots":{"index":"index","follow":"follow","max-snippet":"max-snippet:-1","max-image-preview":"max-image-preview:large","max-video-preview":"max-video-preview:-1"},"canonical":"https:\/\/diarioabcdemichoacan.com.mx\/lasnoticias\/la-inclusion-comienza-cuando-todas-y-todos-podemos-comunicarnos-paola-delgadillo\/","og_locale":"es_ES","og_type":"article","og_title":"La inclusi\u00f3n comienza cuando todas y todos podemos comunicarnos: Paola Delgadillo - Diario ABC de Michoac\u00e1n","og_description":"El DIF Morelia ofrece int\u00e9rprete en Lengua de Se\u00f1as Mexicana con el programa \u201cInt\u00e9rprete a Distancia\u201d. El servicio puede utilizarse en dependencias de gobierno, bancos, hospitales, comercios o cualquier espacio. &nbsp; Morelia, Mich.- Con el objetivo de garantizar el derecho a la comunicaci\u00f3n en cualquier entorno, la presidenta honoraria del DIF Morelia, Paola Delgadillo Hern\u00e1ndez, [&hellip;]","og_url":"https:\/\/diarioabcdemichoacan.com.mx\/lasnoticias\/la-inclusion-comienza-cuando-todas-y-todos-podemos-comunicarnos-paola-delgadillo\/","og_site_name":"Diario ABC de Michoac\u00e1n","article_published_time":"2026-03-12T22:32:42+00:00","og_image":[{"width":1035,"height":1600,"url":"https:\/\/diarioabcdemichoacan.com.mx\/lasnoticias\/wp-content\/uploads\/2026\/03\/WhatsApp-Image-2026-03-11-at-8.11.43-PM.jpeg","type":"image\/jpeg"}],"author":"AR","twitter_card":"summary_large_image","twitter_misc":{"Escrito por":"AR","Tiempo de lectura":"2 minutos"},"schema":{"@context":"https:\/\/schema.org","@graph":[{"@type":"WebPage","@id":"https:\/\/diarioabcdemichoacan.com.mx\/lasnoticias\/la-inclusion-comienza-cuando-todas-y-todos-podemos-comunicarnos-paola-delgadillo\/","url":"https:\/\/diarioabcdemichoacan.com.mx\/lasnoticias\/la-inclusion-comienza-cuando-todas-y-todos-podemos-comunicarnos-paola-delgadillo\/","name":"La inclusi\u00f3n comienza cuando todas y todos podemos comunicarnos: Paola Delgadillo - Diario ABC de Michoac\u00e1n","isPartOf":{"@id":"https:\/\/diarioabcdemichoacan.com.mx\/lasnoticias\/#website"},"primaryImageOfPage":{"@id":"https:\/\/diarioabcdemichoacan.com.mx\/lasnoticias\/la-inclusion-comienza-cuando-todas-y-todos-podemos-comunicarnos-paola-delgadillo\/#primaryimage"},"image":{"@id":"https:\/\/diarioabcdemichoacan.com.mx\/lasnoticias\/la-inclusion-comienza-cuando-todas-y-todos-podemos-comunicarnos-paola-delgadillo\/#primaryimage"},"thumbnailUrl":"https:\/\/diarioabcdemichoacan.com.mx\/lasnoticias\/wp-content\/uploads\/2026\/03\/WhatsApp-Image-2026-03-11-at-8.11.43-PM.jpeg","datePublished":"2026-03-12T22:32:42+00:00","dateModified":"2026-03-12T22:32:42+00:00","author":{"@id":"https:\/\/diarioabcdemichoacan.com.mx\/lasnoticias\/#\/schema\/person\/19ae376040f6cbc489682ebdd8524852"},"breadcrumb":{"@id":"https:\/\/diarioabcdemichoacan.com.mx\/lasnoticias\/la-inclusion-comienza-cuando-todas-y-todos-podemos-comunicarnos-paola-delgadillo\/#breadcrumb"},"inLanguage":"es","potentialAction":[{"@type":"ReadAction","target":["https:\/\/diarioabcdemichoacan.com.mx\/lasnoticias\/la-inclusion-comienza-cuando-todas-y-todos-podemos-comunicarnos-paola-delgadillo\/"]}]},{"@type":"ImageObject","inLanguage":"es","@id":"https:\/\/diarioabcdemichoacan.com.mx\/lasnoticias\/la-inclusion-comienza-cuando-todas-y-todos-podemos-comunicarnos-paola-delgadillo\/#primaryimage","url":"https:\/\/diarioabcdemichoacan.com.mx\/lasnoticias\/wp-content\/uploads\/2026\/03\/WhatsApp-Image-2026-03-11-at-8.11.43-PM.jpeg","contentUrl":"https:\/\/diarioabcdemichoacan.com.mx\/lasnoticias\/wp-content\/uploads\/2026\/03\/WhatsApp-Image-2026-03-11-at-8.11.43-PM.jpeg","width":1035,"height":1600},{"@type":"BreadcrumbList","@id":"https:\/\/diarioabcdemichoacan.com.mx\/lasnoticias\/la-inclusion-comienza-cuando-todas-y-todos-podemos-comunicarnos-paola-delgadillo\/#breadcrumb","itemListElement":[{"@type":"ListItem","position":1,"name":"Portada","item":"https:\/\/diarioabcdemichoacan.com.mx\/lasnoticias\/"},{"@type":"ListItem","position":2,"name":"La inclusi\u00f3n comienza cuando todas y todos podemos comunicarnos: Paola Delgadillo"}]},{"@type":"WebSite","@id":"https:\/\/diarioabcdemichoacan.com.mx\/lasnoticias\/#website","url":"https:\/\/diarioabcdemichoacan.com.mx\/lasnoticias\/","name":"Diario ABC de Michoac\u00e1n","description":"Las noticias al momento","potentialAction":[{"@type":"SearchAction","target":{"@type":"EntryPoint","urlTemplate":"https:\/\/diarioabcdemichoacan.com.mx\/lasnoticias\/?s={search_term_string}"},"query-input":{"@type":"PropertyValueSpecification","valueRequired":true,"valueName":"search_term_string"}}],"inLanguage":"es"},{"@type":"Person","@id":"https:\/\/diarioabcdemichoacan.com.mx\/lasnoticias\/#\/schema\/person\/19ae376040f6cbc489682ebdd8524852","name":"AR","image":{"@type":"ImageObject","inLanguage":"es","@id":"https:\/\/diarioabcdemichoacan.com.mx\/lasnoticias\/#\/schema\/person\/image\/","url":"https:\/\/secure.gravatar.com\/avatar\/44eca2ff970262234e20e1e082872af0?s=96&d=mm&r=g","contentUrl":"https:\/\/secure.gravatar.com\/avatar\/44eca2ff970262234e20e1e082872af0?s=96&d=mm&r=g","caption":"AR"},"url":"https:\/\/diarioabcdemichoacan.com.mx\/lasnoticias\/author\/adrian\/"}]}},"_links":{"self":[{"href":"https:\/\/diarioabcdemichoacan.com.mx\/lasnoticias\/wp-json\/wp\/v2\/posts\/77195","targetHints":{"allow":["GET"]}}],"collection":[{"href":"https:\/\/diarioabcdemichoacan.com.mx\/lasnoticias\/wp-json\/wp\/v2\/posts"}],"about":[{"href":"https:\/\/diarioabcdemichoacan.com.mx\/lasnoticias\/wp-json\/wp\/v2\/types\/post"}],"author":[{"embeddable":true,"href":"https:\/\/diarioabcdemichoacan.com.mx\/lasnoticias\/wp-json\/wp\/v2\/users\/9"}],"replies":[{"embeddable":true,"href":"https:\/\/diarioabcdemichoacan.com.mx\/lasnoticias\/wp-json\/wp\/v2\/comments?post=77195"}],"version-history":[{"count":1,"href":"https:\/\/diarioabcdemichoacan.com.mx\/lasnoticias\/wp-json\/wp\/v2\/posts\/77195\/revisions"}],"predecessor-version":[{"id":77197,"href":"https:\/\/diarioabcdemichoacan.com.mx\/lasnoticias\/wp-json\/wp\/v2\/posts\/77195\/revisions\/77197"}],"wp:featuredmedia":[{"embeddable":true,"href":"https:\/\/diarioabcdemichoacan.com.mx\/lasnoticias\/wp-json\/wp\/v2\/media\/77196"}],"wp:attachment":[{"href":"https:\/\/diarioabcdemichoacan.com.mx\/lasnoticias\/wp-json\/wp\/v2\/media?parent=77195"}],"wp:term":[{"taxonomy":"category","embeddable":true,"href":"https:\/\/diarioabcdemichoacan.com.mx\/lasnoticias\/wp-json\/wp\/v2\/categories?post=77195"},{"taxonomy":"post_tag","embeddable":true,"href":"https:\/\/diarioabcdemichoacan.com.mx\/lasnoticias\/wp-json\/wp\/v2\/tags?post=77195"}],"curies":[{"name":"wp","href":"https:\/\/api.w.org\/{rel}","templated":true}]}}