{"id":77201,"date":"2026-03-12T16:35:38","date_gmt":"2026-03-12T22:35:38","guid":{"rendered":"https:\/\/diarioabcdemichoacan.com.mx\/lasnoticias\/?p=77201"},"modified":"2026-03-12T16:35:38","modified_gmt":"2026-03-12T22:35:38","slug":"uruapan-culiacan-y-ciudad-obregon-las-ciudades-con-mayor-percepcion-ciudadana-de-inseguridaden-mexico","status":"publish","type":"post","link":"https:\/\/diarioabcdemichoacan.com.mx\/lasnoticias\/uruapan-culiacan-y-ciudad-obregon-las-ciudades-con-mayor-percepcion-ciudadana-de-inseguridaden-mexico\/","title":{"rendered":"Uruapan, Culiac\u00e1n y Ciudad Obreg\u00f3n, las ciudades con mayor percepci\u00f3n ciudadana de inseguridad,en M\u00e9xico."},"content":{"rendered":"<h6>\nPor Roberto Mestizo Ch\u00e1vez<\/h6>\n<hr \/>\n<p>Uruapan, Mich.- Esta ciudad se mantiene como la de mayor percepci\u00f3n ciudadana de inseguridad, a nivel nacional, de acuerdo con los datos m\u00e1s recientes de la Encuesta Nacional de Seguridad P\u00fablica Urbana (ENSU).<\/p>\n<p>Dichos resultados indican que el\u00a063.8% de los adultos\u00a0considera que vivir en su ciudad es riesgoso.<\/p>\n<p>Esta cifra revela un panorama complejo donde tres localidades se posicionan con los niveles de temor m\u00e1s altos a nivel nacional.<\/p>\n<p>El an\u00e1lisis del\u00a0INEGI\u00a0destaca que la desconfianza ciudadana no es uniforme en el pa\u00eds. El listado de las ciudades donde los habitantes se sienten m\u00e1s vulnerables est\u00e1 encabezado por:<br \/>\nUruapan, con un\u00a088.7%\u00a0de su poblaci\u00f3n manifestando sentirse insegura; le sigue Culiac\u00e1n, Sinaloa, donde el 88.1%\u00a0de los habitantes percibe un entorno de peligro, y en tercera lugar se ubica Ciudad Obreg\u00f3n, Sonora, con un 88.0%, apenas por encima del municipio de\u00a0Ecatepec de Morelos.<\/p>\n<p>Estas demarcaciones concentran los porcentajes m\u00e1s elevados de personas que consideran que el entorno en el que desarrollan su vida cotidiana no ofrece las garant\u00edas m\u00ednimas de seguridad.<\/p>\n<p>El miedo se agudiza en espacios p\u00fablicos espec\u00edficos.<\/p>\n<p>Los\u00a0cajeros autom\u00e1ticos en la v\u00eda p\u00fablica\u00a0representan el punto de mayor vulnerabilidad, con un\u00a072.3%\u00a0de respuestas negativas. A este espacio le siguen el transporte p\u00fablico y las calles que los ciudadanos transitan diariamente, afectando de manera directa la movilidad urbana.<\/p>\n<p>Asimismo, los datos arrojan una diferencia significativa en c\u00f3mo se percibe la seguridad seg\u00fan el g\u00e9nero.<\/p>\n<p>Mientras que el\u00a057.1% de los hombres\u00a0reporta sentirse inseguro, la cifra se dispara al\u00a069.4% en el caso de las mujeres, evidenciando una brecha de vulnerabilidad que persiste en las ciudades mexicanas.<\/p>\n<p>El reporte concluye que la visi\u00f3n hacia el futuro es reservada, pues casi el\u00a060% de los mexicanos\u00a0estima que las condiciones de seguridad en sus localidades empeorar\u00e1n o se mantendr\u00e1n sin cambios positivos en los meses venideros.<\/p>\n","protected":false},"excerpt":{"rendered":"<p>Por Roberto Mestizo Ch\u00e1vez Uruapan, Mich.- Esta ciudad se mantiene como la de mayor percepci\u00f3n ciudadana de inseguridad, a nivel nacional, de acuerdo con los datos m\u00e1s recientes de la Encuesta Nacional de Seguridad P\u00fablica Urbana (ENSU). Dichos resultados indican que el\u00a063.8% de los adultos\u00a0considera que vivir en su ciudad es riesgoso. Esta cifra revela [&hellip;]<\/p>\n","protected":false},"author":9,"featured_media":77202,"comment_status":"closed","ping_status":"closed","sticky":false,"template":"","format":"standard","meta":{"footnotes":""},"categories":[30,28,27,3],"tags":[],"class_list":{"0":"post-77201","1":"post","2":"type-post","3":"status-publish","4":"format-standard","5":"has-post-thumbnail","7":"category-columnas","8":"category-politica","9":"category-slider","10":"category-uruapan"},"yoast_head":"<!-- This site is optimized with the Yoast SEO plugin v24.0 - https:\/\/yoast.com\/wordpress\/plugins\/seo\/ -->\n<title>Uruapan, Culiac\u00e1n y Ciudad Obreg\u00f3n, las ciudades con mayor percepci\u00f3n ciudadana de inseguridad,en M\u00e9xico. - Diario ABC de Michoac\u00e1n<\/title>\n<meta name=\"robots\" content=\"index, follow, max-snippet:-1, max-image-preview:large, max-video-preview:-1\" \/>\n<link rel=\"canonical\" href=\"https:\/\/diarioabcdemichoacan.com.mx\/lasnoticias\/uruapan-culiacan-y-ciudad-obregon-las-ciudades-con-mayor-percepcion-ciudadana-de-inseguridaden-mexico\/\" \/>\n<meta property=\"og:locale\" content=\"es_ES\" \/>\n<meta property=\"og:type\" content=\"article\" \/>\n<meta property=\"og:title\" content=\"Uruapan, Culiac\u00e1n y Ciudad Obreg\u00f3n, las ciudades con mayor percepci\u00f3n ciudadana de inseguridad,en M\u00e9xico. - Diario ABC de Michoac\u00e1n\" \/>\n<meta property=\"og:description\" content=\"Por Roberto Mestizo Ch\u00e1vez Uruapan, Mich.- Esta ciudad se mantiene como la de mayor percepci\u00f3n ciudadana de inseguridad, a nivel nacional, de acuerdo con los datos m\u00e1s recientes de la Encuesta Nacional de Seguridad P\u00fablica Urbana (ENSU). Dichos resultados indican que el\u00a063.8% de los adultos\u00a0considera que vivir en su ciudad es riesgoso. Esta cifra revela [&hellip;]\" \/>\n<meta property=\"og:url\" content=\"https:\/\/diarioabcdemichoacan.com.mx\/lasnoticias\/uruapan-culiacan-y-ciudad-obregon-las-ciudades-con-mayor-percepcion-ciudadana-de-inseguridaden-mexico\/\" \/>\n<meta property=\"og:site_name\" content=\"Diario ABC de Michoac\u00e1n\" \/>\n<meta property=\"article:published_time\" content=\"2026-03-12T22:35:38+00:00\" \/>\n<meta property=\"og:image\" content=\"https:\/\/diarioabcdemichoacan.com.mx\/lasnoticias\/wp-content\/uploads\/2026\/03\/WhatsApp-Image-2026-03-11-at-6.58.16-PM.jpeg\" \/>\n\t<meta property=\"og:image:width\" content=\"1600\" \/>\n\t<meta property=\"og:image:height\" content=\"922\" \/>\n\t<meta property=\"og:image:type\" content=\"image\/jpeg\" \/>\n<meta name=\"author\" content=\"AR\" \/>\n<meta name=\"twitter:card\" content=\"summary_large_image\" \/>\n<meta name=\"twitter:label1\" content=\"Escrito por\" \/>\n\t<meta name=\"twitter:data1\" content=\"AR\" \/>\n\t<meta name=\"twitter:label2\" content=\"Tiempo de lectura\" \/>\n\t<meta name=\"twitter:data2\" content=\"2 minutos\" \/>\n<script type=\"application\/ld+json\" class=\"yoast-schema-graph\">{\"@context\":\"https:\/\/schema.org\",\"@graph\":[{\"@type\":\"WebPage\",\"@id\":\"https:\/\/diarioabcdemichoacan.com.mx\/lasnoticias\/uruapan-culiacan-y-ciudad-obregon-las-ciudades-con-mayor-percepcion-ciudadana-de-inseguridaden-mexico\/\",\"url\":\"https:\/\/diarioabcdemichoacan.com.mx\/lasnoticias\/uruapan-culiacan-y-ciudad-obregon-las-ciudades-con-mayor-percepcion-ciudadana-de-inseguridaden-mexico\/\",\"name\":\"Uruapan, Culiac\u00e1n y Ciudad Obreg\u00f3n, las ciudades con mayor percepci\u00f3n ciudadana de inseguridad,en M\u00e9xico. - Diario ABC de Michoac\u00e1n\",\"isPartOf\":{\"@id\":\"https:\/\/diarioabcdemichoacan.com.mx\/lasnoticias\/#website\"},\"primaryImageOfPage\":{\"@id\":\"https:\/\/diarioabcdemichoacan.com.mx\/lasnoticias\/uruapan-culiacan-y-ciudad-obregon-las-ciudades-con-mayor-percepcion-ciudadana-de-inseguridaden-mexico\/#primaryimage\"},\"image\":{\"@id\":\"https:\/\/diarioabcdemichoacan.com.mx\/lasnoticias\/uruapan-culiacan-y-ciudad-obregon-las-ciudades-con-mayor-percepcion-ciudadana-de-inseguridaden-mexico\/#primaryimage\"},\"thumbnailUrl\":\"https:\/\/diarioabcdemichoacan.com.mx\/lasnoticias\/wp-content\/uploads\/2026\/03\/WhatsApp-Image-2026-03-11-at-6.58.16-PM.jpeg\",\"datePublished\":\"2026-03-12T22:35:38+00:00\",\"dateModified\":\"2026-03-12T22:35:38+00:00\",\"author\":{\"@id\":\"https:\/\/diarioabcdemichoacan.com.mx\/lasnoticias\/#\/schema\/person\/19ae376040f6cbc489682ebdd8524852\"},\"breadcrumb\":{\"@id\":\"https:\/\/diarioabcdemichoacan.com.mx\/lasnoticias\/uruapan-culiacan-y-ciudad-obregon-las-ciudades-con-mayor-percepcion-ciudadana-de-inseguridaden-mexico\/#breadcrumb\"},\"inLanguage\":\"es\",\"potentialAction\":[{\"@type\":\"ReadAction\",\"target\":[\"https:\/\/diarioabcdemichoacan.com.mx\/lasnoticias\/uruapan-culiacan-y-ciudad-obregon-las-ciudades-con-mayor-percepcion-ciudadana-de-inseguridaden-mexico\/\"]}]},{\"@type\":\"ImageObject\",\"inLanguage\":\"es\",\"@id\":\"https:\/\/diarioabcdemichoacan.com.mx\/lasnoticias\/uruapan-culiacan-y-ciudad-obregon-las-ciudades-con-mayor-percepcion-ciudadana-de-inseguridaden-mexico\/#primaryimage\",\"url\":\"https:\/\/diarioabcdemichoacan.com.mx\/lasnoticias\/wp-content\/uploads\/2026\/03\/WhatsApp-Image-2026-03-11-at-6.58.16-PM.jpeg\",\"contentUrl\":\"https:\/\/diarioabcdemichoacan.com.mx\/lasnoticias\/wp-content\/uploads\/2026\/03\/WhatsApp-Image-2026-03-11-at-6.58.16-PM.jpeg\",\"width\":1600,\"height\":922},{\"@type\":\"BreadcrumbList\",\"@id\":\"https:\/\/diarioabcdemichoacan.com.mx\/lasnoticias\/uruapan-culiacan-y-ciudad-obregon-las-ciudades-con-mayor-percepcion-ciudadana-de-inseguridaden-mexico\/#breadcrumb\",\"itemListElement\":[{\"@type\":\"ListItem\",\"position\":1,\"name\":\"Portada\",\"item\":\"https:\/\/diarioabcdemichoacan.com.mx\/lasnoticias\/\"},{\"@type\":\"ListItem\",\"position\":2,\"name\":\"Uruapan, Culiac\u00e1n y Ciudad Obreg\u00f3n, las ciudades con mayor percepci\u00f3n ciudadana de inseguridad,en M\u00e9xico.\"}]},{\"@type\":\"WebSite\",\"@id\":\"https:\/\/diarioabcdemichoacan.com.mx\/lasnoticias\/#website\",\"url\":\"https:\/\/diarioabcdemichoacan.com.mx\/lasnoticias\/\",\"name\":\"Diario ABC de Michoac\u00e1n\",\"description\":\"Las noticias al momento\",\"potentialAction\":[{\"@type\":\"SearchAction\",\"target\":{\"@type\":\"EntryPoint\",\"urlTemplate\":\"https:\/\/diarioabcdemichoacan.com.mx\/lasnoticias\/?s={search_term_string}\"},\"query-input\":{\"@type\":\"PropertyValueSpecification\",\"valueRequired\":true,\"valueName\":\"search_term_string\"}}],\"inLanguage\":\"es\"},{\"@type\":\"Person\",\"@id\":\"https:\/\/diarioabcdemichoacan.com.mx\/lasnoticias\/#\/schema\/person\/19ae376040f6cbc489682ebdd8524852\",\"name\":\"AR\",\"image\":{\"@type\":\"ImageObject\",\"inLanguage\":\"es\",\"@id\":\"https:\/\/diarioabcdemichoacan.com.mx\/lasnoticias\/#\/schema\/person\/image\/\",\"url\":\"https:\/\/secure.gravatar.com\/avatar\/44eca2ff970262234e20e1e082872af0?s=96&d=mm&r=g\",\"contentUrl\":\"https:\/\/secure.gravatar.com\/avatar\/44eca2ff970262234e20e1e082872af0?s=96&d=mm&r=g\",\"caption\":\"AR\"},\"url\":\"https:\/\/diarioabcdemichoacan.com.mx\/lasnoticias\/author\/adrian\/\"}]}<\/script>\n<!-- \/ Yoast SEO plugin. -->","yoast_head_json":{"title":"Uruapan, Culiac\u00e1n y Ciudad Obreg\u00f3n, las ciudades con mayor percepci\u00f3n ciudadana de inseguridad,en M\u00e9xico. - Diario ABC de Michoac\u00e1n","robots":{"index":"index","follow":"follow","max-snippet":"max-snippet:-1","max-image-preview":"max-image-preview:large","max-video-preview":"max-video-preview:-1"},"canonical":"https:\/\/diarioabcdemichoacan.com.mx\/lasnoticias\/uruapan-culiacan-y-ciudad-obregon-las-ciudades-con-mayor-percepcion-ciudadana-de-inseguridaden-mexico\/","og_locale":"es_ES","og_type":"article","og_title":"Uruapan, Culiac\u00e1n y Ciudad Obreg\u00f3n, las ciudades con mayor percepci\u00f3n ciudadana de inseguridad,en M\u00e9xico. - Diario ABC de Michoac\u00e1n","og_description":"Por Roberto Mestizo Ch\u00e1vez Uruapan, Mich.- Esta ciudad se mantiene como la de mayor percepci\u00f3n ciudadana de inseguridad, a nivel nacional, de acuerdo con los datos m\u00e1s recientes de la Encuesta Nacional de Seguridad P\u00fablica Urbana (ENSU). Dichos resultados indican que el\u00a063.8% de los adultos\u00a0considera que vivir en su ciudad es riesgoso. Esta cifra revela [&hellip;]","og_url":"https:\/\/diarioabcdemichoacan.com.mx\/lasnoticias\/uruapan-culiacan-y-ciudad-obregon-las-ciudades-con-mayor-percepcion-ciudadana-de-inseguridaden-mexico\/","og_site_name":"Diario ABC de Michoac\u00e1n","article_published_time":"2026-03-12T22:35:38+00:00","og_image":[{"width":1600,"height":922,"url":"https:\/\/diarioabcdemichoacan.com.mx\/lasnoticias\/wp-content\/uploads\/2026\/03\/WhatsApp-Image-2026-03-11-at-6.58.16-PM.jpeg","type":"image\/jpeg"}],"author":"AR","twitter_card":"summary_large_image","twitter_misc":{"Escrito por":"AR","Tiempo de lectura":"2 minutos"},"schema":{"@context":"https:\/\/schema.org","@graph":[{"@type":"WebPage","@id":"https:\/\/diarioabcdemichoacan.com.mx\/lasnoticias\/uruapan-culiacan-y-ciudad-obregon-las-ciudades-con-mayor-percepcion-ciudadana-de-inseguridaden-mexico\/","url":"https:\/\/diarioabcdemichoacan.com.mx\/lasnoticias\/uruapan-culiacan-y-ciudad-obregon-las-ciudades-con-mayor-percepcion-ciudadana-de-inseguridaden-mexico\/","name":"Uruapan, Culiac\u00e1n y Ciudad Obreg\u00f3n, las ciudades con mayor percepci\u00f3n ciudadana de inseguridad,en M\u00e9xico. - Diario ABC de Michoac\u00e1n","isPartOf":{"@id":"https:\/\/diarioabcdemichoacan.com.mx\/lasnoticias\/#website"},"primaryImageOfPage":{"@id":"https:\/\/diarioabcdemichoacan.com.mx\/lasnoticias\/uruapan-culiacan-y-ciudad-obregon-las-ciudades-con-mayor-percepcion-ciudadana-de-inseguridaden-mexico\/#primaryimage"},"image":{"@id":"https:\/\/diarioabcdemichoacan.com.mx\/lasnoticias\/uruapan-culiacan-y-ciudad-obregon-las-ciudades-con-mayor-percepcion-ciudadana-de-inseguridaden-mexico\/#primaryimage"},"thumbnailUrl":"https:\/\/diarioabcdemichoacan.com.mx\/lasnoticias\/wp-content\/uploads\/2026\/03\/WhatsApp-Image-2026-03-11-at-6.58.16-PM.jpeg","datePublished":"2026-03-12T22:35:38+00:00","dateModified":"2026-03-12T22:35:38+00:00","author":{"@id":"https:\/\/diarioabcdemichoacan.com.mx\/lasnoticias\/#\/schema\/person\/19ae376040f6cbc489682ebdd8524852"},"breadcrumb":{"@id":"https:\/\/diarioabcdemichoacan.com.mx\/lasnoticias\/uruapan-culiacan-y-ciudad-obregon-las-ciudades-con-mayor-percepcion-ciudadana-de-inseguridaden-mexico\/#breadcrumb"},"inLanguage":"es","potentialAction":[{"@type":"ReadAction","target":["https:\/\/diarioabcdemichoacan.com.mx\/lasnoticias\/uruapan-culiacan-y-ciudad-obregon-las-ciudades-con-mayor-percepcion-ciudadana-de-inseguridaden-mexico\/"]}]},{"@type":"ImageObject","inLanguage":"es","@id":"https:\/\/diarioabcdemichoacan.com.mx\/lasnoticias\/uruapan-culiacan-y-ciudad-obregon-las-ciudades-con-mayor-percepcion-ciudadana-de-inseguridaden-mexico\/#primaryimage","url":"https:\/\/diarioabcdemichoacan.com.mx\/lasnoticias\/wp-content\/uploads\/2026\/03\/WhatsApp-Image-2026-03-11-at-6.58.16-PM.jpeg","contentUrl":"https:\/\/diarioabcdemichoacan.com.mx\/lasnoticias\/wp-content\/uploads\/2026\/03\/WhatsApp-Image-2026-03-11-at-6.58.16-PM.jpeg","width":1600,"height":922},{"@type":"BreadcrumbList","@id":"https:\/\/diarioabcdemichoacan.com.mx\/lasnoticias\/uruapan-culiacan-y-ciudad-obregon-las-ciudades-con-mayor-percepcion-ciudadana-de-inseguridaden-mexico\/#breadcrumb","itemListElement":[{"@type":"ListItem","position":1,"name":"Portada","item":"https:\/\/diarioabcdemichoacan.com.mx\/lasnoticias\/"},{"@type":"ListItem","position":2,"name":"Uruapan, Culiac\u00e1n y Ciudad Obreg\u00f3n, las ciudades con mayor percepci\u00f3n ciudadana de inseguridad,en M\u00e9xico."}]},{"@type":"WebSite","@id":"https:\/\/diarioabcdemichoacan.com.mx\/lasnoticias\/#website","url":"https:\/\/diarioabcdemichoacan.com.mx\/lasnoticias\/","name":"Diario ABC de Michoac\u00e1n","description":"Las noticias al momento","potentialAction":[{"@type":"SearchAction","target":{"@type":"EntryPoint","urlTemplate":"https:\/\/diarioabcdemichoacan.com.mx\/lasnoticias\/?s={search_term_string}"},"query-input":{"@type":"PropertyValueSpecification","valueRequired":true,"valueName":"search_term_string"}}],"inLanguage":"es"},{"@type":"Person","@id":"https:\/\/diarioabcdemichoacan.com.mx\/lasnoticias\/#\/schema\/person\/19ae376040f6cbc489682ebdd8524852","name":"AR","image":{"@type":"ImageObject","inLanguage":"es","@id":"https:\/\/diarioabcdemichoacan.com.mx\/lasnoticias\/#\/schema\/person\/image\/","url":"https:\/\/secure.gravatar.com\/avatar\/44eca2ff970262234e20e1e082872af0?s=96&d=mm&r=g","contentUrl":"https:\/\/secure.gravatar.com\/avatar\/44eca2ff970262234e20e1e082872af0?s=96&d=mm&r=g","caption":"AR"},"url":"https:\/\/diarioabcdemichoacan.com.mx\/lasnoticias\/author\/adrian\/"}]}},"_links":{"self":[{"href":"https:\/\/diarioabcdemichoacan.com.mx\/lasnoticias\/wp-json\/wp\/v2\/posts\/77201","targetHints":{"allow":["GET"]}}],"collection":[{"href":"https:\/\/diarioabcdemichoacan.com.mx\/lasnoticias\/wp-json\/wp\/v2\/posts"}],"about":[{"href":"https:\/\/diarioabcdemichoacan.com.mx\/lasnoticias\/wp-json\/wp\/v2\/types\/post"}],"author":[{"embeddable":true,"href":"https:\/\/diarioabcdemichoacan.com.mx\/lasnoticias\/wp-json\/wp\/v2\/users\/9"}],"replies":[{"embeddable":true,"href":"https:\/\/diarioabcdemichoacan.com.mx\/lasnoticias\/wp-json\/wp\/v2\/comments?post=77201"}],"version-history":[{"count":1,"href":"https:\/\/diarioabcdemichoacan.com.mx\/lasnoticias\/wp-json\/wp\/v2\/posts\/77201\/revisions"}],"predecessor-version":[{"id":77203,"href":"https:\/\/diarioabcdemichoacan.com.mx\/lasnoticias\/wp-json\/wp\/v2\/posts\/77201\/revisions\/77203"}],"wp:featuredmedia":[{"embeddable":true,"href":"https:\/\/diarioabcdemichoacan.com.mx\/lasnoticias\/wp-json\/wp\/v2\/media\/77202"}],"wp:attachment":[{"href":"https:\/\/diarioabcdemichoacan.com.mx\/lasnoticias\/wp-json\/wp\/v2\/media?parent=77201"}],"wp:term":[{"taxonomy":"category","embeddable":true,"href":"https:\/\/diarioabcdemichoacan.com.mx\/lasnoticias\/wp-json\/wp\/v2\/categories?post=77201"},{"taxonomy":"post_tag","embeddable":true,"href":"https:\/\/diarioabcdemichoacan.com.mx\/lasnoticias\/wp-json\/wp\/v2\/tags?post=77201"}],"curies":[{"name":"wp","href":"https:\/\/api.w.org\/{rel}","templated":true}]}}